{"id":40701,"date":"2020-03-08T23:47:20","date_gmt":"2020-03-09T04:47:20","guid":{"rendered":"https:\/\/www.dev.nitu.mx\/?p=40701"},"modified":"2020-03-10T02:00:28","modified_gmt":"2020-03-10T07:00:28","slug":"coronavirus-causa-afectaciones-en-turismo-en-caribe-mexicano","status":"publish","type":"post","link":"https:\/\/nitu.mx\/index.php\/2020\/03\/08\/coronavirus-causa-afectaciones-en-turismo-en-caribe-mexicano\/","title":{"rendered":"Coronavirus causa afectaciones en turismo en Caribe Mexicano"},"content":{"rendered":"<p>El buen comienzo de a\u00f1o que se registr\u00f3 por la afluencia tur\u00edstica en Canc\u00fan, registra un ligero \u201cfren\u00f3n\u201d en recientes semanas por la epidemia del coronavirus, sobre todo desde que se empezaron a reportar casos en Europa, manifest\u00f3 el empresario restaurantero Manuel Garc\u00eda Jurado.<\/p>\n<p>El empresario dijo que hasta hace 15 d\u00edas se ten\u00eda un aceptable movimiento tur\u00edstico en Canc\u00fan pero que el tema del Covid-19 o coronavirus, hizo que bajara el movimiento en 10%, que esperan recuperar pronto.<\/p>\n<p>\u201cEst\u00e1bamos empezando bien el a\u00f1o, mejor incluso que el 2019, lamentablemente hay muchas cosas, como la desinformaci\u00f3n. En Estados Unidos, por ejemplo, las cifras de muertos por influenza son mucho mayores, pero surge lo del coronavirus y se ponen a temblar\u201d, expres\u00f3.<\/p>\n<p>Garc\u00eda Jurado tambi\u00e9n coment\u00f3 que a pesar de la crisis sanitaria, hay mucho optimismo de que esta alerta no llegue a generar crisis, que espera se supere esta situaci\u00f3n, que se frene el brote, se encuentren los medicamentos y se normalice la vida en el mundo. \u201cTenemos a favor que el calor mata el virus, y en febrero tuvimos temperaturas altas, as\u00ed es que esperamos que se pueda superar pronto todo esto\u201d, a\u00f1adi\u00f3. (<a title=\"Caribe Mexicano continua recibiendo turistas pese a COVID-19\" href=\"https:\/\/www.dev.nitu.mx\/index.php\/2020\/03\/01\/caribe-mexicano-continua-recibiendo-turistas-pese-a-covid-19\/\" rel=\"bookmark\">Caribe Mexicano continua recibiendo turistas pese a COVID-19<\/a>).<\/p>\n<p>Agreg\u00f3 que otro punto a favor, y que esperan permita mayor movimiento y afluencia de turistas, tiene que ver con la informaci\u00f3n positiva de que este a\u00f1o ser\u00e1 mucho menor el recale de sargazo a las costas de Quintana Roo.\u00a0\u201cTenemos el primer barco sargacero, el a\u00f1o pasado este tema nos hizo mucho da\u00f1o, este no\u201d (Diario Yucat\u00e1n)<\/p>\n","protected":false},"excerpt":{"rendered":"<p>El buen comienzo de a\u00f1o que se registr\u00f3 por la afluencia tur\u00edstica en Canc\u00fan, registra un ligero \u201cfren\u00f3n\u201d en recientes semanas por la epidemia del coronavirus, sobre todo desde que se empezaron a reportar casos en Europa, manifest\u00f3 el empresario restaurantero Manuel Garc\u00eda Jurado. El empresario dijo que hasta hace 15 d\u00edas se ten\u00eda un [&hellip;]<\/p>\n","protected":false},"author":17,"featured_media":6350,"comment_status":"open","ping_status":"open","sticky":false,"template":"","format":"standard","meta":{"footnotes":""},"categories":[18475,6],"tags":[18162,43,18595,19006],"yoast_head":"<!-- This site is optimized with the Yoast SEO plugin v22.2 - https:\/\/yoast.com\/wordpress\/plugins\/seo\/ -->\n<title>Coronavirus causa afectaciones en turismo en Caribe Mexicano - Nitu - Noticias de la Industria Turistica<\/title>\n<meta name=\"robots\" content=\"index, follow, max-snippet:-1, max-image-preview:large, max-video-preview:-1\" \/>\n<link rel=\"canonical\" href=\"https:\/\/nitu.mx\/index.php\/2020\/03\/08\/coronavirus-causa-afectaciones-en-turismo-en-caribe-mexicano\/\" \/>\n<meta name=\"twitter:card\" content=\"summary_large_image\" \/>\n<meta name=\"twitter:title\" content=\"Coronavirus causa afectaciones en turismo en Caribe Mexicano - Nitu - Noticias de la Industria Turistica\" \/>\n<meta name=\"twitter:description\" content=\"El buen comienzo de a\u00f1o que se registr\u00f3 por la afluencia tur\u00edstica en Canc\u00fan, registra un ligero \u201cfren\u00f3n\u201d en recientes semanas por la epidemia del coronavirus, sobre todo desde que se empezaron a reportar casos en Europa, manifest\u00f3 el empresario restaurantero Manuel Garc\u00eda Jurado. El empresario dijo que hasta hace 15 d\u00edas se ten\u00eda un [&hellip;]\" \/>\n<meta name=\"twitter:image\" content=\"https:\/\/nitu.mx\/wp-content\/uploads\/2017\/01\/Caribe-Mexicano.jpg\" \/>\n<meta name=\"twitter:creator\" content=\"@NITUmx\" \/>\n<meta name=\"twitter:site\" content=\"@Arturo_Medina_G\" \/>\n<meta name=\"twitter:label1\" content=\"Escrito por\" \/>\n\t<meta name=\"twitter:data1\" content=\"Redacci\u00f3n\" \/>\n\t<meta name=\"twitter:label2\" content=\"Tiempo de lectura\" \/>\n\t<meta name=\"twitter:data2\" content=\"1 minuto\" \/>\n<script type=\"application\/ld+json\" class=\"yoast-schema-graph\">{\"@context\":\"https:\/\/schema.org\",\"@graph\":[{\"@type\":\"Article\",\"@id\":\"https:\/\/nitu.mx\/index.php\/2020\/03\/08\/coronavirus-causa-afectaciones-en-turismo-en-caribe-mexicano\/#article\",\"isPartOf\":{\"@id\":\"https:\/\/nitu.mx\/index.php\/2020\/03\/08\/coronavirus-causa-afectaciones-en-turismo-en-caribe-mexicano\/\"},\"author\":{\"name\":\"Redacci\u00f3n\",\"@id\":\"https:\/\/nitu.mx\/#\/schema\/person\/4a28fe9bd65924f7c90623773daf1b0b\"},\"headline\":\"Coronavirus causa afectaciones en turismo en Caribe Mexicano\",\"datePublished\":\"2020-03-09T04:47:20+00:00\",\"dateModified\":\"2020-03-10T07:00:28+00:00\",\"mainEntityOfPage\":{\"@id\":\"https:\/\/nitu.mx\/index.php\/2020\/03\/08\/coronavirus-causa-afectaciones-en-turismo-en-caribe-mexicano\/\"},\"wordCount\":286,\"commentCount\":0,\"publisher\":{\"@id\":\"https:\/\/nitu.mx\/#\/schema\/person\/ae7a53426417292d3dd07b45a33e01bc\"},\"image\":{\"@id\":\"https:\/\/nitu.mx\/index.php\/2020\/03\/08\/coronavirus-causa-afectaciones-en-turismo-en-caribe-mexicano\/#primaryimage\"},\"thumbnailUrl\":\"https:\/\/nitu.mx\/wp-content\/uploads\/2017\/01\/Caribe-Mexicano.jpg\",\"keywords\":[\"Afluencia tur\u00edstica\",\"Canc\u00fan\",\"Coronavirus\",\"Garc\u00eda Jurado\"],\"articleSection\":[\"Caribe Mexicano\",\"M\u00e9xico\"],\"inLanguage\":\"es-MX\",\"potentialAction\":[{\"@type\":\"CommentAction\",\"name\":\"Comment\",\"target\":[\"https:\/\/nitu.mx\/index.php\/2020\/03\/08\/coronavirus-causa-afectaciones-en-turismo-en-caribe-mexicano\/#respond\"]}]},{\"@type\":\"WebPage\",\"@id\":\"https:\/\/nitu.mx\/index.php\/2020\/03\/08\/coronavirus-causa-afectaciones-en-turismo-en-caribe-mexicano\/\",\"url\":\"https:\/\/nitu.mx\/index.php\/2020\/03\/08\/coronavirus-causa-afectaciones-en-turismo-en-caribe-mexicano\/\",\"name\":\"Coronavirus causa afectaciones en turismo en Caribe Mexicano - Nitu - Noticias de la Industria Turistica\",\"isPartOf\":{\"@id\":\"https:\/\/nitu.mx\/#website\"},\"primaryImageOfPage\":{\"@id\":\"https:\/\/nitu.mx\/index.php\/2020\/03\/08\/coronavirus-causa-afectaciones-en-turismo-en-caribe-mexicano\/#primaryimage\"},\"image\":{\"@id\":\"https:\/\/nitu.mx\/index.php\/2020\/03\/08\/coronavirus-causa-afectaciones-en-turismo-en-caribe-mexicano\/#primaryimage\"},\"thumbnailUrl\":\"https:\/\/nitu.mx\/wp-content\/uploads\/2017\/01\/Caribe-Mexicano.jpg\",\"datePublished\":\"2020-03-09T04:47:20+00:00\",\"dateModified\":\"2020-03-10T07:00:28+00:00\",\"breadcrumb\":{\"@id\":\"https:\/\/nitu.mx\/index.php\/2020\/03\/08\/coronavirus-causa-afectaciones-en-turismo-en-caribe-mexicano\/#breadcrumb\"},\"inLanguage\":\"es-MX\",\"potentialAction\":[{\"@type\":\"ReadAction\",\"target\":[\"https:\/\/nitu.mx\/index.php\/2020\/03\/08\/coronavirus-causa-afectaciones-en-turismo-en-caribe-mexicano\/\"]}]},{\"@type\":\"ImageObject\",\"inLanguage\":\"es-MX\",\"@id\":\"https:\/\/nitu.mx\/index.php\/2020\/03\/08\/coronavirus-causa-afectaciones-en-turismo-en-caribe-mexicano\/#primaryimage\",\"url\":\"https:\/\/nitu.mx\/wp-content\/uploads\/2017\/01\/Caribe-Mexicano.jpg\",\"contentUrl\":\"https:\/\/nitu.mx\/wp-content\/uploads\/2017\/01\/Caribe-Mexicano.jpg\",\"width\":850,\"height\":480,\"caption\":\"Caribe Mexicano\"},{\"@type\":\"BreadcrumbList\",\"@id\":\"https:\/\/nitu.mx\/index.php\/2020\/03\/08\/coronavirus-causa-afectaciones-en-turismo-en-caribe-mexicano\/#breadcrumb\",\"itemListElement\":[{\"@type\":\"ListItem\",\"position\":1,\"name\":\"Inicio\",\"item\":\"https:\/\/nitu.mx\/\"},{\"@type\":\"ListItem\",\"position\":2,\"name\":\"Coronavirus causa afectaciones en turismo en Caribe Mexicano\"}]},{\"@type\":\"WebSite\",\"@id\":\"https:\/\/nitu.mx\/#website\",\"url\":\"https:\/\/nitu.mx\/\",\"name\":\"Nitu - Noticias de la Industria Turistica\",\"description\":\"Noticias de la Industria Turistica\",\"publisher\":{\"@id\":\"https:\/\/nitu.mx\/#\/schema\/person\/ae7a53426417292d3dd07b45a33e01bc\"},\"alternateName\":\"Noticias de la Industria Turistica\",\"potentialAction\":[{\"@type\":\"SearchAction\",\"target\":{\"@type\":\"EntryPoint\",\"urlTemplate\":\"https:\/\/nitu.mx\/?s={search_term_string}\"},\"query-input\":\"required name=search_term_string\"}],\"inLanguage\":\"es-MX\"},{\"@type\":[\"Person\",\"Organization\"],\"@id\":\"https:\/\/nitu.mx\/#\/schema\/person\/ae7a53426417292d3dd07b45a33e01bc\",\"name\":\"Arturo Medina\",\"image\":{\"@type\":\"ImageObject\",\"inLanguage\":\"es-MX\",\"@id\":\"https:\/\/nitu.mx\/#\/schema\/person\/image\/\",\"url\":\"https:\/\/nitu.mx\/wp-content\/uploads\/2024\/04\/4A315622-1904-4D5C-B022-878CDC840E04-90x90-1.jpeg\",\"contentUrl\":\"https:\/\/nitu.mx\/wp-content\/uploads\/2024\/04\/4A315622-1904-4D5C-B022-878CDC840E04-90x90-1.jpeg\",\"width\":90,\"height\":90,\"caption\":\"Arturo Medina\"},\"logo\":{\"@id\":\"https:\/\/nitu.mx\/#\/schema\/person\/image\/\"},\"description\":\"Director NITU.mx, Egresado de la Escuela de Periodismo Carlos Septi\u00e9n Garc\u00eda. Periodista y analista especializado en turismo desde hace 35 a\u00f1os, radicado en Canc\u00fan Q.Roo. arturo@nitu.mx\",\"sameAs\":[\"https:\/\/nitu.mx\",\"https:\/\/www.facebook.com\/NITUmx\/\",\"medinacancun\",\"https:\/\/twitter.com\/@Arturo_Medina_G\"]},{\"@type\":\"Person\",\"@id\":\"https:\/\/nitu.mx\/#\/schema\/person\/4a28fe9bd65924f7c90623773daf1b0b\",\"name\":\"Redacci\u00f3n\",\"image\":{\"@type\":\"ImageObject\",\"inLanguage\":\"es-MX\",\"@id\":\"https:\/\/nitu.mx\/#\/schema\/person\/image\/\",\"url\":\"https:\/\/secure.gravatar.com\/avatar\/5dd011c8ccfc5cd7e4c81e42252aab38?s=96&d=mm&r=g\",\"contentUrl\":\"https:\/\/secure.gravatar.com\/avatar\/5dd011c8ccfc5cd7e4c81e42252aab38?s=96&d=mm&r=g\",\"caption\":\"Redacci\u00f3n\"},\"url\":\"https:\/\/nitu.mx\/index.php\/author\/redaccion\/\"}]}<\/script>\n<!-- \/ Yoast SEO plugin. -->","yoast_head_json":{"title":"Coronavirus causa afectaciones en turismo en Caribe Mexicano - Nitu - Noticias de la Industria Turistica","robots":{"index":"index","follow":"follow","max-snippet":"max-snippet:-1","max-image-preview":"max-image-preview:large","max-video-preview":"max-video-preview:-1"},"canonical":"https:\/\/nitu.mx\/index.php\/2020\/03\/08\/coronavirus-causa-afectaciones-en-turismo-en-caribe-mexicano\/","twitter_card":"summary_large_image","twitter_title":"Coronavirus causa afectaciones en turismo en Caribe Mexicano - Nitu - Noticias de la Industria Turistica","twitter_description":"El buen comienzo de a\u00f1o que se registr\u00f3 por la afluencia tur\u00edstica en Canc\u00fan, registra un ligero \u201cfren\u00f3n\u201d en recientes semanas por la epidemia del coronavirus, sobre todo desde que se empezaron a reportar casos en Europa, manifest\u00f3 el empresario restaurantero Manuel Garc\u00eda Jurado. El empresario dijo que hasta hace 15 d\u00edas se ten\u00eda un [&hellip;]","twitter_image":"https:\/\/nitu.mx\/wp-content\/uploads\/2017\/01\/Caribe-Mexicano.jpg","twitter_creator":"@NITUmx","twitter_site":"@Arturo_Medina_G","twitter_misc":{"Escrito por":"Redacci\u00f3n","Tiempo de lectura":"1 minuto"},"schema":{"@context":"https:\/\/schema.org","@graph":[{"@type":"Article","@id":"https:\/\/nitu.mx\/index.php\/2020\/03\/08\/coronavirus-causa-afectaciones-en-turismo-en-caribe-mexicano\/#article","isPartOf":{"@id":"https:\/\/nitu.mx\/index.php\/2020\/03\/08\/coronavirus-causa-afectaciones-en-turismo-en-caribe-mexicano\/"},"author":{"name":"Redacci\u00f3n","@id":"https:\/\/nitu.mx\/#\/schema\/person\/4a28fe9bd65924f7c90623773daf1b0b"},"headline":"Coronavirus causa afectaciones en turismo en Caribe Mexicano","datePublished":"2020-03-09T04:47:20+00:00","dateModified":"2020-03-10T07:00:28+00:00","mainEntityOfPage":{"@id":"https:\/\/nitu.mx\/index.php\/2020\/03\/08\/coronavirus-causa-afectaciones-en-turismo-en-caribe-mexicano\/"},"wordCount":286,"commentCount":0,"publisher":{"@id":"https:\/\/nitu.mx\/#\/schema\/person\/ae7a53426417292d3dd07b45a33e01bc"},"image":{"@id":"https:\/\/nitu.mx\/index.php\/2020\/03\/08\/coronavirus-causa-afectaciones-en-turismo-en-caribe-mexicano\/#primaryimage"},"thumbnailUrl":"https:\/\/nitu.mx\/wp-content\/uploads\/2017\/01\/Caribe-Mexicano.jpg","keywords":["Afluencia tur\u00edstica","Canc\u00fan","Coronavirus","Garc\u00eda Jurado"],"articleSection":["Caribe Mexicano","M\u00e9xico"],"inLanguage":"es-MX","potentialAction":[{"@type":"CommentAction","name":"Comment","target":["https:\/\/nitu.mx\/index.php\/2020\/03\/08\/coronavirus-causa-afectaciones-en-turismo-en-caribe-mexicano\/#respond"]}]},{"@type":"WebPage","@id":"https:\/\/nitu.mx\/index.php\/2020\/03\/08\/coronavirus-causa-afectaciones-en-turismo-en-caribe-mexicano\/","url":"https:\/\/nitu.mx\/index.php\/2020\/03\/08\/coronavirus-causa-afectaciones-en-turismo-en-caribe-mexicano\/","name":"Coronavirus causa afectaciones en turismo en Caribe Mexicano - Nitu - Noticias de la Industria Turistica","isPartOf":{"@id":"https:\/\/nitu.mx\/#website"},"primaryImageOfPage":{"@id":"https:\/\/nitu.mx\/index.php\/2020\/03\/08\/coronavirus-causa-afectaciones-en-turismo-en-caribe-mexicano\/#primaryimage"},"image":{"@id":"https:\/\/nitu.mx\/index.php\/2020\/03\/08\/coronavirus-causa-afectaciones-en-turismo-en-caribe-mexicano\/#primaryimage"},"thumbnailUrl":"https:\/\/nitu.mx\/wp-content\/uploads\/2017\/01\/Caribe-Mexicano.jpg","datePublished":"2020-03-09T04:47:20+00:00","dateModified":"2020-03-10T07:00:28+00:00","breadcrumb":{"@id":"https:\/\/nitu.mx\/index.php\/2020\/03\/08\/coronavirus-causa-afectaciones-en-turismo-en-caribe-mexicano\/#breadcrumb"},"inLanguage":"es-MX","potentialAction":[{"@type":"ReadAction","target":["https:\/\/nitu.mx\/index.php\/2020\/03\/08\/coronavirus-causa-afectaciones-en-turismo-en-caribe-mexicano\/"]}]},{"@type":"ImageObject","inLanguage":"es-MX","@id":"https:\/\/nitu.mx\/index.php\/2020\/03\/08\/coronavirus-causa-afectaciones-en-turismo-en-caribe-mexicano\/#primaryimage","url":"https:\/\/nitu.mx\/wp-content\/uploads\/2017\/01\/Caribe-Mexicano.jpg","contentUrl":"https:\/\/nitu.mx\/wp-content\/uploads\/2017\/01\/Caribe-Mexicano.jpg","width":850,"height":480,"caption":"Caribe Mexicano"},{"@type":"BreadcrumbList","@id":"https:\/\/nitu.mx\/index.php\/2020\/03\/08\/coronavirus-causa-afectaciones-en-turismo-en-caribe-mexicano\/#breadcrumb","itemListElement":[{"@type":"ListItem","position":1,"name":"Inicio","item":"https:\/\/nitu.mx\/"},{"@type":"ListItem","position":2,"name":"Coronavirus causa afectaciones en turismo en Caribe Mexicano"}]},{"@type":"WebSite","@id":"https:\/\/nitu.mx\/#website","url":"https:\/\/nitu.mx\/","name":"Nitu - Noticias de la Industria Turistica","description":"Noticias de la Industria Turistica","publisher":{"@id":"https:\/\/nitu.mx\/#\/schema\/person\/ae7a53426417292d3dd07b45a33e01bc"},"alternateName":"Noticias de la Industria Turistica","potentialAction":[{"@type":"SearchAction","target":{"@type":"EntryPoint","urlTemplate":"https:\/\/nitu.mx\/?s={search_term_string}"},"query-input":"required name=search_term_string"}],"inLanguage":"es-MX"},{"@type":["Person","Organization"],"@id":"https:\/\/nitu.mx\/#\/schema\/person\/ae7a53426417292d3dd07b45a33e01bc","name":"Arturo Medina","image":{"@type":"ImageObject","inLanguage":"es-MX","@id":"https:\/\/nitu.mx\/#\/schema\/person\/image\/","url":"https:\/\/nitu.mx\/wp-content\/uploads\/2024\/04\/4A315622-1904-4D5C-B022-878CDC840E04-90x90-1.jpeg","contentUrl":"https:\/\/nitu.mx\/wp-content\/uploads\/2024\/04\/4A315622-1904-4D5C-B022-878CDC840E04-90x90-1.jpeg","width":90,"height":90,"caption":"Arturo Medina"},"logo":{"@id":"https:\/\/nitu.mx\/#\/schema\/person\/image\/"},"description":"Director NITU.mx, Egresado de la Escuela de Periodismo Carlos Septi\u00e9n Garc\u00eda. Periodista y analista especializado en turismo desde hace 35 a\u00f1os, radicado en Canc\u00fan Q.Roo. arturo@nitu.mx","sameAs":["https:\/\/nitu.mx","https:\/\/www.facebook.com\/NITUmx\/","medinacancun","https:\/\/twitter.com\/@Arturo_Medina_G"]},{"@type":"Person","@id":"https:\/\/nitu.mx\/#\/schema\/person\/4a28fe9bd65924f7c90623773daf1b0b","name":"Redacci\u00f3n","image":{"@type":"ImageObject","inLanguage":"es-MX","@id":"https:\/\/nitu.mx\/#\/schema\/person\/image\/","url":"https:\/\/secure.gravatar.com\/avatar\/5dd011c8ccfc5cd7e4c81e42252aab38?s=96&d=mm&r=g","contentUrl":"https:\/\/secure.gravatar.com\/avatar\/5dd011c8ccfc5cd7e4c81e42252aab38?s=96&d=mm&r=g","caption":"Redacci\u00f3n"},"url":"https:\/\/nitu.mx\/index.php\/author\/redaccion\/"}]}},"views":204,"_links":{"self":[{"href":"https:\/\/nitu.mx\/index.php\/wp-json\/wp\/v2\/posts\/40701"}],"collection":[{"href":"https:\/\/nitu.mx\/index.php\/wp-json\/wp\/v2\/posts"}],"about":[{"href":"https:\/\/nitu.mx\/index.php\/wp-json\/wp\/v2\/types\/post"}],"author":[{"embeddable":true,"href":"https:\/\/nitu.mx\/index.php\/wp-json\/wp\/v2\/users\/17"}],"replies":[{"embeddable":true,"href":"https:\/\/nitu.mx\/index.php\/wp-json\/wp\/v2\/comments?post=40701"}],"version-history":[{"count":2,"href":"https:\/\/nitu.mx\/index.php\/wp-json\/wp\/v2\/posts\/40701\/revisions"}],"predecessor-version":[{"id":40719,"href":"https:\/\/nitu.mx\/index.php\/wp-json\/wp\/v2\/posts\/40701\/revisions\/40719"}],"wp:featuredmedia":[{"embeddable":true,"href":"https:\/\/nitu.mx\/index.php\/wp-json\/wp\/v2\/media\/6350"}],"wp:attachment":[{"href":"https:\/\/nitu.mx\/index.php\/wp-json\/wp\/v2\/media?parent=40701"}],"wp:term":[{"taxonomy":"category","embeddable":true,"href":"https:\/\/nitu.mx\/index.php\/wp-json\/wp\/v2\/categories?post=40701"},{"taxonomy":"post_tag","embeddable":true,"href":"https:\/\/nitu.mx\/index.php\/wp-json\/wp\/v2\/tags?post=40701"}],"curies":[{"name":"wp","href":"https:\/\/api.w.org\/{rel}","templated":true}]}}