{"id":40631,"date":"2020-03-05T01:21:45","date_gmt":"2020-03-05T06:21:45","guid":{"rendered":"https:\/\/www.dev.nitu.mx\/?p=40631"},"modified":"2020-03-05T01:24:24","modified_gmt":"2020-03-05T06:24:24","slug":"skal-international-mexico-tendra-presencia-por-primera-vez-en-el-tianguis-turistico","status":"publish","type":"post","link":"https:\/\/nitu.mx\/index.php\/2020\/03\/05\/skal-international-mexico-tendra-presencia-por-primera-vez-en-el-tianguis-turistico\/","title":{"rendered":"Skal International M\u00e9xico tendr\u00e1 presencia por primera vez en el Tianguis Tur\u00edstico"},"content":{"rendered":"<p>Sk\u00e5l International M\u00e9xico, tendr\u00e1 por primera vez presencia en el Tianguis tur\u00edstico de M\u00e9xico edici\u00f3n 2020, que realizar\u00e1 del 22 al 25 de marzo en M\u00e9rida, Yucat\u00e1n, se\u00f1al\u00f3 Jane Garc\u00eda, vicepresidenta del organismo de negocios tur\u00edsticos.<\/p>\n<p>Asimismo reci\u00e9n tom\u00f3 posesi\u00f3n un nuevo Consejo Directivo que dirige este 2020, conformado por: Enrique Flores Altamirano Presidente Nacional, Jane A. Garc\u00eda Primera Vicepresidente, Ang\u00e9lica Ang\u00f3n Segunda Vicepresidente, Gustavo Bolio Secretario, Ra\u00fal Chi Tesorero, Juan Ignacio Steta Consejero International e Isidro Martinez Presidente Nacional en 2019.<\/p>\n<p>En entrevista con <em><strong>NITU.mx<\/strong>\u00a0<\/em>Jane Garc\u00eda, se\u00f1al\u00f3 que ocupar la vicepresidencia es un gran honor y responsabilidad, ya que Sk\u00e5l International es la agrupaci\u00f3n m\u00e1s grande a nivel mundial que une los profesionales del turismo, promoviendo los negocios y la amistad desde 1934.<\/p>\n<p>Resalt\u00f3 que el objetivo principal del club es realizar networking y que sus miembros interact\u00faen afianzando negocios, que en esta \u00e9poca es muy importante de mantener ante el panorama actual.<\/p>\n<p>\u201cEs la agrupaci\u00f3n m\u00e1s grande de turismo a nivel mundial;\u00a0 M\u00e9xico ocupa el sitio n\u00famero 4 al tener \u00a023 clubes, con m\u00e1s de 925 socios, algunos son secretarios de turismo, algunos son propietarios de hoteles, aerol\u00edneas, entre otros.<\/p>\n<p>Destac\u00f3 que se re\u00fanen en una comida o cena, durante la cual intercambian informaci\u00f3n relevante del sector tur\u00edstico, ya que la agrupaci\u00f3n tiene una silla en la Asociaci\u00f3n Mundial de Turismo (OMS), esto porque el organismo defiende y apoya las buenas pr\u00e1cticas en el turismo, como evitar la explotaci\u00f3n sexual de ni\u00f1os, ni\u00f1as, y adolescentes, por ejemplo. (<a title=\"ACOTUR y Skal Internacional Isla Mujeres y Puerto Morelos firman convenio\" href=\"https:\/\/www.dev.nitu.mx\/index.php\/2019\/04\/01\/acotur-y-skal-internacional-isla-mujeres-y-puerto-morelos-firman-convenio\/\" rel=\"bookmark\">ACOTUR y Skal Internacional Isla Mujeres y Puerto Morelos firman convenio<\/a>).<\/p>\n<p>A nivel internacional, siempre cuentan con stands en las ferias tur\u00edsticas m\u00e1s importantes como: Londres, FITUR, ITB BERLIN, al final de cuentas los miembros pueden hacer negocios entre amigos, porque para poder ingresar se debe ser directivo, o socio de la empresa tur\u00edstica, tener varios a\u00f1os en el sector, entre otros requisitos.<\/p>\n<p>Record\u00f3 que el primer Club se fund\u00f3 en Par\u00eds en 1932 como resultado de un viaje de exploraci\u00f3n a Escandinavia. La idea de buena voluntad y compa\u00f1erismo internacional creci\u00f3 y en 1934 se form\u00f3 la \u201cAssociation Internationales des Sk\u00e5l Clubs\u201d.<\/p>\n<p>En la actualidad, Sk\u00e5l International tiene aproximadamente 15,053 miembros, 365 Clubes en m\u00e1s de 101 pa\u00edses. La mayor\u00eda de las actividades suceden a nivel local, y a trav\u00e9s de los Comit\u00e9s Nacionales bajo el paraguas de Sk\u00e5l International, cuya sede es la Secretar\u00eda General situada enTorremolinos, Espa\u00f1a.<\/p>\n","protected":false},"excerpt":{"rendered":"<p>Sk\u00e5l International M\u00e9xico, tendr\u00e1 por primera vez presencia en el Tianguis tur\u00edstico de M\u00e9xico edici\u00f3n 2020, que realizar\u00e1 del 22 al 25 de marzo en M\u00e9rida, Yucat\u00e1n, se\u00f1al\u00f3 Jane Garc\u00eda, vicepresidenta del organismo de negocios tur\u00edsticos. Asimismo reci\u00e9n tom\u00f3 posesi\u00f3n un nuevo Consejo Directivo que dirige este 2020, conformado por: Enrique Flores Altamirano Presidente Nacional, [&hellip;]<\/p>\n","protected":false},"author":17,"featured_media":40650,"comment_status":"open","ping_status":"open","sticky":false,"template":"","format":"standard","meta":{"footnotes":""},"categories":[5,6],"tags":[18997,18999,6039,18998],"yoast_head":"<!-- This site is optimized with the Yoast SEO plugin v22.2 - https:\/\/yoast.com\/wordpress\/plugins\/seo\/ -->\n<title>Skal International M\u00e9xico tendr\u00e1 presencia por primera vez en el Tianguis Tur\u00edstico - Nitu - Noticias de la Industria Turistica<\/title>\n<meta name=\"robots\" content=\"index, follow, max-snippet:-1, max-image-preview:large, max-video-preview:-1\" \/>\n<link rel=\"canonical\" href=\"https:\/\/nitu.mx\/index.php\/2020\/03\/05\/skal-international-mexico-tendra-presencia-por-primera-vez-en-el-tianguis-turistico\/\" \/>\n<meta name=\"twitter:card\" content=\"summary_large_image\" \/>\n<meta name=\"twitter:title\" content=\"Skal International M\u00e9xico tendr\u00e1 presencia por primera vez en el Tianguis Tur\u00edstico - Nitu - Noticias de la Industria Turistica\" \/>\n<meta name=\"twitter:description\" content=\"Sk\u00e5l International M\u00e9xico, tendr\u00e1 por primera vez presencia en el Tianguis tur\u00edstico de M\u00e9xico edici\u00f3n 2020, que realizar\u00e1 del 22 al 25 de marzo en M\u00e9rida, Yucat\u00e1n, se\u00f1al\u00f3 Jane Garc\u00eda, vicepresidenta del organismo de negocios tur\u00edsticos. Asimismo reci\u00e9n tom\u00f3 posesi\u00f3n un nuevo Consejo Directivo que dirige este 2020, conformado por: Enrique Flores Altamirano Presidente Nacional, [&hellip;]\" \/>\n<meta name=\"twitter:image\" content=\"https:\/\/nitu.mx\/wp-content\/uploads\/2020\/03\/skal.jpg\" \/>\n<meta name=\"twitter:creator\" content=\"@NITUmx\" \/>\n<meta name=\"twitter:site\" content=\"@Arturo_Medina_G\" \/>\n<meta name=\"twitter:label1\" content=\"Escrito por\" \/>\n\t<meta name=\"twitter:data1\" content=\"Redacci\u00f3n\" \/>\n\t<meta name=\"twitter:label2\" content=\"Tiempo de lectura\" \/>\n\t<meta name=\"twitter:data2\" content=\"2 minutos\" \/>\n<script type=\"application\/ld+json\" class=\"yoast-schema-graph\">{\"@context\":\"https:\/\/schema.org\",\"@graph\":[{\"@type\":\"Article\",\"@id\":\"https:\/\/nitu.mx\/index.php\/2020\/03\/05\/skal-international-mexico-tendra-presencia-por-primera-vez-en-el-tianguis-turistico\/#article\",\"isPartOf\":{\"@id\":\"https:\/\/nitu.mx\/index.php\/2020\/03\/05\/skal-international-mexico-tendra-presencia-por-primera-vez-en-el-tianguis-turistico\/\"},\"author\":{\"name\":\"Redacci\u00f3n\",\"@id\":\"https:\/\/nitu.mx\/#\/schema\/person\/4a28fe9bd65924f7c90623773daf1b0b\"},\"headline\":\"Skal International M\u00e9xico tendr\u00e1 presencia por primera vez en el Tianguis Tur\u00edstico\",\"datePublished\":\"2020-03-05T06:21:45+00:00\",\"dateModified\":\"2020-03-05T06:24:24+00:00\",\"mainEntityOfPage\":{\"@id\":\"https:\/\/nitu.mx\/index.php\/2020\/03\/05\/skal-international-mexico-tendra-presencia-por-primera-vez-en-el-tianguis-turistico\/\"},\"wordCount\":455,\"commentCount\":0,\"publisher\":{\"@id\":\"https:\/\/nitu.mx\/#\/schema\/person\/ae7a53426417292d3dd07b45a33e01bc\"},\"image\":{\"@id\":\"https:\/\/nitu.mx\/index.php\/2020\/03\/05\/skal-international-mexico-tendra-presencia-por-primera-vez-en-el-tianguis-turistico\/#primaryimage\"},\"thumbnailUrl\":\"https:\/\/nitu.mx\/wp-content\/uploads\/2020\/03\/skal.jpg\",\"keywords\":[\"Club Skal\",\"Enrique Flores Altamirano\",\"Jane Garc\u00eda\",\"Sk\u00e5l International M\u00e9xico\"],\"articleSection\":[\"Destinos\",\"M\u00e9xico\"],\"inLanguage\":\"es-MX\",\"potentialAction\":[{\"@type\":\"CommentAction\",\"name\":\"Comment\",\"target\":[\"https:\/\/nitu.mx\/index.php\/2020\/03\/05\/skal-international-mexico-tendra-presencia-por-primera-vez-en-el-tianguis-turistico\/#respond\"]}]},{\"@type\":\"WebPage\",\"@id\":\"https:\/\/nitu.mx\/index.php\/2020\/03\/05\/skal-international-mexico-tendra-presencia-por-primera-vez-en-el-tianguis-turistico\/\",\"url\":\"https:\/\/nitu.mx\/index.php\/2020\/03\/05\/skal-international-mexico-tendra-presencia-por-primera-vez-en-el-tianguis-turistico\/\",\"name\":\"Skal International M\u00e9xico tendr\u00e1 presencia por primera vez en el Tianguis Tur\u00edstico - Nitu - Noticias de la Industria Turistica\",\"isPartOf\":{\"@id\":\"https:\/\/nitu.mx\/#website\"},\"primaryImageOfPage\":{\"@id\":\"https:\/\/nitu.mx\/index.php\/2020\/03\/05\/skal-international-mexico-tendra-presencia-por-primera-vez-en-el-tianguis-turistico\/#primaryimage\"},\"image\":{\"@id\":\"https:\/\/nitu.mx\/index.php\/2020\/03\/05\/skal-international-mexico-tendra-presencia-por-primera-vez-en-el-tianguis-turistico\/#primaryimage\"},\"thumbnailUrl\":\"https:\/\/nitu.mx\/wp-content\/uploads\/2020\/03\/skal.jpg\",\"datePublished\":\"2020-03-05T06:21:45+00:00\",\"dateModified\":\"2020-03-05T06:24:24+00:00\",\"breadcrumb\":{\"@id\":\"https:\/\/nitu.mx\/index.php\/2020\/03\/05\/skal-international-mexico-tendra-presencia-por-primera-vez-en-el-tianguis-turistico\/#breadcrumb\"},\"inLanguage\":\"es-MX\",\"potentialAction\":[{\"@type\":\"ReadAction\",\"target\":[\"https:\/\/nitu.mx\/index.php\/2020\/03\/05\/skal-international-mexico-tendra-presencia-por-primera-vez-en-el-tianguis-turistico\/\"]}]},{\"@type\":\"ImageObject\",\"inLanguage\":\"es-MX\",\"@id\":\"https:\/\/nitu.mx\/index.php\/2020\/03\/05\/skal-international-mexico-tendra-presencia-por-primera-vez-en-el-tianguis-turistico\/#primaryimage\",\"url\":\"https:\/\/nitu.mx\/wp-content\/uploads\/2020\/03\/skal.jpg\",\"contentUrl\":\"https:\/\/nitu.mx\/wp-content\/uploads\/2020\/03\/skal.jpg\",\"width\":850,\"height\":480,\"caption\":\"skal\"},{\"@type\":\"BreadcrumbList\",\"@id\":\"https:\/\/nitu.mx\/index.php\/2020\/03\/05\/skal-international-mexico-tendra-presencia-por-primera-vez-en-el-tianguis-turistico\/#breadcrumb\",\"itemListElement\":[{\"@type\":\"ListItem\",\"position\":1,\"name\":\"Inicio\",\"item\":\"https:\/\/nitu.mx\/\"},{\"@type\":\"ListItem\",\"position\":2,\"name\":\"Skal International M\u00e9xico tendr\u00e1 presencia por primera vez en el Tianguis Tur\u00edstico\"}]},{\"@type\":\"WebSite\",\"@id\":\"https:\/\/nitu.mx\/#website\",\"url\":\"https:\/\/nitu.mx\/\",\"name\":\"Nitu - Noticias de la Industria Turistica\",\"description\":\"Noticias de la Industria Turistica\",\"publisher\":{\"@id\":\"https:\/\/nitu.mx\/#\/schema\/person\/ae7a53426417292d3dd07b45a33e01bc\"},\"alternateName\":\"Noticias de la Industria Turistica\",\"potentialAction\":[{\"@type\":\"SearchAction\",\"target\":{\"@type\":\"EntryPoint\",\"urlTemplate\":\"https:\/\/nitu.mx\/?s={search_term_string}\"},\"query-input\":\"required name=search_term_string\"}],\"inLanguage\":\"es-MX\"},{\"@type\":[\"Person\",\"Organization\"],\"@id\":\"https:\/\/nitu.mx\/#\/schema\/person\/ae7a53426417292d3dd07b45a33e01bc\",\"name\":\"Arturo Medina\",\"image\":{\"@type\":\"ImageObject\",\"inLanguage\":\"es-MX\",\"@id\":\"https:\/\/nitu.mx\/#\/schema\/person\/image\/\",\"url\":\"https:\/\/nitu.mx\/wp-content\/uploads\/2024\/04\/4A315622-1904-4D5C-B022-878CDC840E04-90x90-1.jpeg\",\"contentUrl\":\"https:\/\/nitu.mx\/wp-content\/uploads\/2024\/04\/4A315622-1904-4D5C-B022-878CDC840E04-90x90-1.jpeg\",\"width\":90,\"height\":90,\"caption\":\"Arturo Medina\"},\"logo\":{\"@id\":\"https:\/\/nitu.mx\/#\/schema\/person\/image\/\"},\"description\":\"Director NITU.mx, Egresado de la Escuela de Periodismo Carlos Septi\u00e9n Garc\u00eda. Periodista y analista especializado en turismo desde hace 35 a\u00f1os, radicado en Canc\u00fan Q.Roo. arturo@nitu.mx\",\"sameAs\":[\"https:\/\/nitu.mx\",\"https:\/\/www.facebook.com\/NITUmx\/\",\"medinacancun\",\"https:\/\/twitter.com\/@Arturo_Medina_G\"]},{\"@type\":\"Person\",\"@id\":\"https:\/\/nitu.mx\/#\/schema\/person\/4a28fe9bd65924f7c90623773daf1b0b\",\"name\":\"Redacci\u00f3n\",\"image\":{\"@type\":\"ImageObject\",\"inLanguage\":\"es-MX\",\"@id\":\"https:\/\/nitu.mx\/#\/schema\/person\/image\/\",\"url\":\"https:\/\/secure.gravatar.com\/avatar\/5dd011c8ccfc5cd7e4c81e42252aab38?s=96&d=mm&r=g\",\"contentUrl\":\"https:\/\/secure.gravatar.com\/avatar\/5dd011c8ccfc5cd7e4c81e42252aab38?s=96&d=mm&r=g\",\"caption\":\"Redacci\u00f3n\"},\"url\":\"https:\/\/nitu.mx\/index.php\/author\/redaccion\/\"}]}<\/script>\n<!-- \/ Yoast SEO plugin. -->","yoast_head_json":{"title":"Skal International M\u00e9xico tendr\u00e1 presencia por primera vez en el Tianguis Tur\u00edstico - Nitu - Noticias de la Industria Turistica","robots":{"index":"index","follow":"follow","max-snippet":"max-snippet:-1","max-image-preview":"max-image-preview:large","max-video-preview":"max-video-preview:-1"},"canonical":"https:\/\/nitu.mx\/index.php\/2020\/03\/05\/skal-international-mexico-tendra-presencia-por-primera-vez-en-el-tianguis-turistico\/","twitter_card":"summary_large_image","twitter_title":"Skal International M\u00e9xico tendr\u00e1 presencia por primera vez en el Tianguis Tur\u00edstico - Nitu - Noticias de la Industria Turistica","twitter_description":"Sk\u00e5l International M\u00e9xico, tendr\u00e1 por primera vez presencia en el Tianguis tur\u00edstico de M\u00e9xico edici\u00f3n 2020, que realizar\u00e1 del 22 al 25 de marzo en M\u00e9rida, Yucat\u00e1n, se\u00f1al\u00f3 Jane Garc\u00eda, vicepresidenta del organismo de negocios tur\u00edsticos. Asimismo reci\u00e9n tom\u00f3 posesi\u00f3n un nuevo Consejo Directivo que dirige este 2020, conformado por: Enrique Flores Altamirano Presidente Nacional, [&hellip;]","twitter_image":"https:\/\/nitu.mx\/wp-content\/uploads\/2020\/03\/skal.jpg","twitter_creator":"@NITUmx","twitter_site":"@Arturo_Medina_G","twitter_misc":{"Escrito por":"Redacci\u00f3n","Tiempo de lectura":"2 minutos"},"schema":{"@context":"https:\/\/schema.org","@graph":[{"@type":"Article","@id":"https:\/\/nitu.mx\/index.php\/2020\/03\/05\/skal-international-mexico-tendra-presencia-por-primera-vez-en-el-tianguis-turistico\/#article","isPartOf":{"@id":"https:\/\/nitu.mx\/index.php\/2020\/03\/05\/skal-international-mexico-tendra-presencia-por-primera-vez-en-el-tianguis-turistico\/"},"author":{"name":"Redacci\u00f3n","@id":"https:\/\/nitu.mx\/#\/schema\/person\/4a28fe9bd65924f7c90623773daf1b0b"},"headline":"Skal International M\u00e9xico tendr\u00e1 presencia por primera vez en el Tianguis Tur\u00edstico","datePublished":"2020-03-05T06:21:45+00:00","dateModified":"2020-03-05T06:24:24+00:00","mainEntityOfPage":{"@id":"https:\/\/nitu.mx\/index.php\/2020\/03\/05\/skal-international-mexico-tendra-presencia-por-primera-vez-en-el-tianguis-turistico\/"},"wordCount":455,"commentCount":0,"publisher":{"@id":"https:\/\/nitu.mx\/#\/schema\/person\/ae7a53426417292d3dd07b45a33e01bc"},"image":{"@id":"https:\/\/nitu.mx\/index.php\/2020\/03\/05\/skal-international-mexico-tendra-presencia-por-primera-vez-en-el-tianguis-turistico\/#primaryimage"},"thumbnailUrl":"https:\/\/nitu.mx\/wp-content\/uploads\/2020\/03\/skal.jpg","keywords":["Club Skal","Enrique Flores Altamirano","Jane Garc\u00eda","Sk\u00e5l International M\u00e9xico"],"articleSection":["Destinos","M\u00e9xico"],"inLanguage":"es-MX","potentialAction":[{"@type":"CommentAction","name":"Comment","target":["https:\/\/nitu.mx\/index.php\/2020\/03\/05\/skal-international-mexico-tendra-presencia-por-primera-vez-en-el-tianguis-turistico\/#respond"]}]},{"@type":"WebPage","@id":"https:\/\/nitu.mx\/index.php\/2020\/03\/05\/skal-international-mexico-tendra-presencia-por-primera-vez-en-el-tianguis-turistico\/","url":"https:\/\/nitu.mx\/index.php\/2020\/03\/05\/skal-international-mexico-tendra-presencia-por-primera-vez-en-el-tianguis-turistico\/","name":"Skal International M\u00e9xico tendr\u00e1 presencia por primera vez en el Tianguis Tur\u00edstico - Nitu - Noticias de la Industria Turistica","isPartOf":{"@id":"https:\/\/nitu.mx\/#website"},"primaryImageOfPage":{"@id":"https:\/\/nitu.mx\/index.php\/2020\/03\/05\/skal-international-mexico-tendra-presencia-por-primera-vez-en-el-tianguis-turistico\/#primaryimage"},"image":{"@id":"https:\/\/nitu.mx\/index.php\/2020\/03\/05\/skal-international-mexico-tendra-presencia-por-primera-vez-en-el-tianguis-turistico\/#primaryimage"},"thumbnailUrl":"https:\/\/nitu.mx\/wp-content\/uploads\/2020\/03\/skal.jpg","datePublished":"2020-03-05T06:21:45+00:00","dateModified":"2020-03-05T06:24:24+00:00","breadcrumb":{"@id":"https:\/\/nitu.mx\/index.php\/2020\/03\/05\/skal-international-mexico-tendra-presencia-por-primera-vez-en-el-tianguis-turistico\/#breadcrumb"},"inLanguage":"es-MX","potentialAction":[{"@type":"ReadAction","target":["https:\/\/nitu.mx\/index.php\/2020\/03\/05\/skal-international-mexico-tendra-presencia-por-primera-vez-en-el-tianguis-turistico\/"]}]},{"@type":"ImageObject","inLanguage":"es-MX","@id":"https:\/\/nitu.mx\/index.php\/2020\/03\/05\/skal-international-mexico-tendra-presencia-por-primera-vez-en-el-tianguis-turistico\/#primaryimage","url":"https:\/\/nitu.mx\/wp-content\/uploads\/2020\/03\/skal.jpg","contentUrl":"https:\/\/nitu.mx\/wp-content\/uploads\/2020\/03\/skal.jpg","width":850,"height":480,"caption":"skal"},{"@type":"BreadcrumbList","@id":"https:\/\/nitu.mx\/index.php\/2020\/03\/05\/skal-international-mexico-tendra-presencia-por-primera-vez-en-el-tianguis-turistico\/#breadcrumb","itemListElement":[{"@type":"ListItem","position":1,"name":"Inicio","item":"https:\/\/nitu.mx\/"},{"@type":"ListItem","position":2,"name":"Skal International M\u00e9xico tendr\u00e1 presencia por primera vez en el Tianguis Tur\u00edstico"}]},{"@type":"WebSite","@id":"https:\/\/nitu.mx\/#website","url":"https:\/\/nitu.mx\/","name":"Nitu - Noticias de la Industria Turistica","description":"Noticias de la Industria Turistica","publisher":{"@id":"https:\/\/nitu.mx\/#\/schema\/person\/ae7a53426417292d3dd07b45a33e01bc"},"alternateName":"Noticias de la Industria Turistica","potentialAction":[{"@type":"SearchAction","target":{"@type":"EntryPoint","urlTemplate":"https:\/\/nitu.mx\/?s={search_term_string}"},"query-input":"required name=search_term_string"}],"inLanguage":"es-MX"},{"@type":["Person","Organization"],"@id":"https:\/\/nitu.mx\/#\/schema\/person\/ae7a53426417292d3dd07b45a33e01bc","name":"Arturo Medina","image":{"@type":"ImageObject","inLanguage":"es-MX","@id":"https:\/\/nitu.mx\/#\/schema\/person\/image\/","url":"https:\/\/nitu.mx\/wp-content\/uploads\/2024\/04\/4A315622-1904-4D5C-B022-878CDC840E04-90x90-1.jpeg","contentUrl":"https:\/\/nitu.mx\/wp-content\/uploads\/2024\/04\/4A315622-1904-4D5C-B022-878CDC840E04-90x90-1.jpeg","width":90,"height":90,"caption":"Arturo Medina"},"logo":{"@id":"https:\/\/nitu.mx\/#\/schema\/person\/image\/"},"description":"Director NITU.mx, Egresado de la Escuela de Periodismo Carlos Septi\u00e9n Garc\u00eda. Periodista y analista especializado en turismo desde hace 35 a\u00f1os, radicado en Canc\u00fan Q.Roo. arturo@nitu.mx","sameAs":["https:\/\/nitu.mx","https:\/\/www.facebook.com\/NITUmx\/","medinacancun","https:\/\/twitter.com\/@Arturo_Medina_G"]},{"@type":"Person","@id":"https:\/\/nitu.mx\/#\/schema\/person\/4a28fe9bd65924f7c90623773daf1b0b","name":"Redacci\u00f3n","image":{"@type":"ImageObject","inLanguage":"es-MX","@id":"https:\/\/nitu.mx\/#\/schema\/person\/image\/","url":"https:\/\/secure.gravatar.com\/avatar\/5dd011c8ccfc5cd7e4c81e42252aab38?s=96&d=mm&r=g","contentUrl":"https:\/\/secure.gravatar.com\/avatar\/5dd011c8ccfc5cd7e4c81e42252aab38?s=96&d=mm&r=g","caption":"Redacci\u00f3n"},"url":"https:\/\/nitu.mx\/index.php\/author\/redaccion\/"}]}},"views":239,"_links":{"self":[{"href":"https:\/\/nitu.mx\/index.php\/wp-json\/wp\/v2\/posts\/40631"}],"collection":[{"href":"https:\/\/nitu.mx\/index.php\/wp-json\/wp\/v2\/posts"}],"about":[{"href":"https:\/\/nitu.mx\/index.php\/wp-json\/wp\/v2\/types\/post"}],"author":[{"embeddable":true,"href":"https:\/\/nitu.mx\/index.php\/wp-json\/wp\/v2\/users\/17"}],"replies":[{"embeddable":true,"href":"https:\/\/nitu.mx\/index.php\/wp-json\/wp\/v2\/comments?post=40631"}],"version-history":[{"count":3,"href":"https:\/\/nitu.mx\/index.php\/wp-json\/wp\/v2\/posts\/40631\/revisions"}],"predecessor-version":[{"id":40652,"href":"https:\/\/nitu.mx\/index.php\/wp-json\/wp\/v2\/posts\/40631\/revisions\/40652"}],"wp:featuredmedia":[{"embeddable":true,"href":"https:\/\/nitu.mx\/index.php\/wp-json\/wp\/v2\/media\/40650"}],"wp:attachment":[{"href":"https:\/\/nitu.mx\/index.php\/wp-json\/wp\/v2\/media?parent=40631"}],"wp:term":[{"taxonomy":"category","embeddable":true,"href":"https:\/\/nitu.mx\/index.php\/wp-json\/wp\/v2\/categories?post=40631"},{"taxonomy":"post_tag","embeddable":true,"href":"https:\/\/nitu.mx\/index.php\/wp-json\/wp\/v2\/tags?post=40631"}],"curies":[{"name":"wp","href":"https:\/\/api.w.org\/{rel}","templated":true}]}}