{"id":40592,"date":"2020-03-04T01:02:24","date_gmt":"2020-03-04T06:02:24","guid":{"rendered":"https:\/\/www.dev.nitu.mx\/?p=40592"},"modified":"2020-03-04T01:38:11","modified_gmt":"2020-03-04T06:38:11","slug":"turismo-no-debe-caer-y-se-esta-trabajando-para-que-no-suceda-expo-mayoristas","status":"publish","type":"post","link":"https:\/\/nitu.mx\/index.php\/2020\/03\/04\/turismo-no-debe-caer-y-se-esta-trabajando-para-que-no-suceda-expo-mayoristas\/","title":{"rendered":"Turismo no debe caer y se est\u00e1 trabajando para que no suceda: Expo Mayoristas"},"content":{"rendered":"<p>Al aceptar que son tiempos complicados para la industria tur\u00edstica, Antonio Taverna, presidente de Expo Mayoristas, enfatiz\u00f3 que lo \u00fanico que queda es trabajar en lo que pueden controlar para evitar que el turismo caiga, trabajando de cerca con los agentes de viajes.<\/p>\n<p>As\u00ed lo coment\u00f3 Taverna para <em><strong>NITU.mx,<\/strong><\/em> durante la caravana de las Ferias Tur\u00edsticas Primavera Verano 2020 que realiz\u00f3 Expo Mayoristas en Ciudad de M\u00e9xico. \u201cLa industria de turismo no debe caer, como generador de empleo y divisas es importante no solo para el pa\u00eds sino para el mundo, ya vamos a que uno de cada cinco empleos sea de turismo. Hacemos lo que nos corresponde en M\u00e9xico\u201d, coment\u00f3.<\/p>\n<p>Otra preocupaci\u00f3n en la que se concentra Expo Mayoristas es en hacer que los agentes de viajes no cierren. \u201cNosotros atendemos a los clientes que ellos mandan, tenemos que ayudarles en la medida de las posibilidades a darles todos los elementos para que cuando llegue un cliente, se concrete la venta\u201d, destaca Antonio Taverna.<\/p>\n<p>Aunque el arranque del a\u00f1o fue positivo para los socios de Expo Mayoristas, su presidente afirma que en febrero se estanc\u00f3, principalmente por el brote del coronavirus, lo que trajo cancelaciones y un freno para las reservaciones.<\/p>\n<p>Taverna hace un llamado para estar bien informados de la situaci\u00f3n y darle la dimensi\u00f3n adecuada, pues de acuerdo con las cifras oficiales, la tasa de mortalidad es muy baja. \u201cS\u00ed hay que seguir las recomendaciones pero no debemos caer en p\u00e1nico\u201d. (<a title=\"Cancelan ITB de Berlin por amenaza de coronavirus\" href=\"https:\/\/www.dev.nitu.mx\/index.php\/2020\/02\/28\/cancelan-itb-de-berlin-por-amenaza-de-coronavirus\/\" rel=\"bookmark\">Cancelan ITB de Berlin por amenaza de coronavirus<\/a>).<\/p>\n<p>Ah\u00ed es donde radica la importancia de acercarse a los socios de Expo Mayoristas, quienes apoyan la labor de ventas de las agencias de viajes con la informaci\u00f3n precisa que pueden dar a sus clientes.<\/p>\n<p>Las Ferias Tur\u00edsticas Primavera Verano 2020 ya visitaron la ciudad de M\u00e9rida y CDMX, y seguir\u00e1n por Puebla, Le\u00f3n, Guadalajara, Monterrey y Quer\u00e9taro, en donde estiman reunir a m\u00e1s de dos mil agentes de viajes, para darles capacitaci\u00f3n sobre los destinos, productos y servicios que pueden ofrecer a sus viajeros.<\/p>\n","protected":false},"excerpt":{"rendered":"<p>Al aceptar que son tiempos complicados para la industria tur\u00edstica, Antonio Taverna, presidente de Expo Mayoristas, enfatiz\u00f3 que lo \u00fanico que queda es trabajar en lo que pueden controlar para evitar que el turismo caiga, trabajando de cerca con los agentes de viajes. As\u00ed lo coment\u00f3 Taverna para NITU.mx, durante la caravana de las Ferias [&hellip;]<\/p>\n","protected":false},"author":18,"featured_media":40600,"comment_status":"open","ping_status":"open","sticky":false,"template":"","format":"standard","meta":{"footnotes":""},"categories":[3],"tags":[18990,18595,15893,16183,18991],"yoast_head":"<!-- This site is optimized with the Yoast SEO plugin v22.2 - https:\/\/yoast.com\/wordpress\/plugins\/seo\/ -->\n<title>Turismo no debe caer y se est\u00e1 trabajando para que no suceda: Expo Mayoristas - Nitu - Noticias de la Industria Turistica<\/title>\n<meta name=\"robots\" content=\"index, follow, max-snippet:-1, max-image-preview:large, max-video-preview:-1\" \/>\n<link rel=\"canonical\" href=\"https:\/\/nitu.mx\/index.php\/2020\/03\/04\/turismo-no-debe-caer-y-se-esta-trabajando-para-que-no-suceda-expo-mayoristas\/\" \/>\n<meta name=\"twitter:card\" content=\"summary_large_image\" \/>\n<meta name=\"twitter:title\" content=\"Turismo no debe caer y se est\u00e1 trabajando para que no suceda: Expo Mayoristas - Nitu - Noticias de la Industria Turistica\" \/>\n<meta name=\"twitter:description\" content=\"Al aceptar que son tiempos complicados para la industria tur\u00edstica, Antonio Taverna, presidente de Expo Mayoristas, enfatiz\u00f3 que lo \u00fanico que queda es trabajar en lo que pueden controlar para evitar que el turismo caiga, trabajando de cerca con los agentes de viajes. As\u00ed lo coment\u00f3 Taverna para NITU.mx, durante la caravana de las Ferias [&hellip;]\" \/>\n<meta name=\"twitter:image\" content=\"https:\/\/nitu.mx\/wp-content\/uploads\/2020\/03\/Expomayoristas-2020.jpg\" \/>\n<meta name=\"twitter:creator\" content=\"@NITUmx\" \/>\n<meta name=\"twitter:site\" content=\"@Arturo_Medina_G\" \/>\n<meta name=\"twitter:label1\" content=\"Escrito por\" \/>\n\t<meta name=\"twitter:data1\" content=\"Guadalupe Sixto\" \/>\n\t<meta name=\"twitter:label2\" content=\"Tiempo de lectura\" \/>\n\t<meta name=\"twitter:data2\" content=\"2 minutos\" \/>\n<script type=\"application\/ld+json\" class=\"yoast-schema-graph\">{\"@context\":\"https:\/\/schema.org\",\"@graph\":[{\"@type\":\"Article\",\"@id\":\"https:\/\/nitu.mx\/index.php\/2020\/03\/04\/turismo-no-debe-caer-y-se-esta-trabajando-para-que-no-suceda-expo-mayoristas\/#article\",\"isPartOf\":{\"@id\":\"https:\/\/nitu.mx\/index.php\/2020\/03\/04\/turismo-no-debe-caer-y-se-esta-trabajando-para-que-no-suceda-expo-mayoristas\/\"},\"author\":{\"name\":\"Guadalupe Sixto\",\"@id\":\"https:\/\/nitu.mx\/#\/schema\/person\/3df3082b5e46037e3f13614d28ee0b77\"},\"headline\":\"Turismo no debe caer y se est\u00e1 trabajando para que no suceda: Expo Mayoristas\",\"datePublished\":\"2020-03-04T06:02:24+00:00\",\"dateModified\":\"2020-03-04T06:38:11+00:00\",\"mainEntityOfPage\":{\"@id\":\"https:\/\/nitu.mx\/index.php\/2020\/03\/04\/turismo-no-debe-caer-y-se-esta-trabajando-para-que-no-suceda-expo-mayoristas\/\"},\"wordCount\":368,\"commentCount\":0,\"publisher\":{\"@id\":\"https:\/\/nitu.mx\/#\/schema\/person\/ae7a53426417292d3dd07b45a33e01bc\"},\"image\":{\"@id\":\"https:\/\/nitu.mx\/index.php\/2020\/03\/04\/turismo-no-debe-caer-y-se-esta-trabajando-para-que-no-suceda-expo-mayoristas\/#primaryimage\"},\"thumbnailUrl\":\"https:\/\/nitu.mx\/wp-content\/uploads\/2020\/03\/Expomayoristas-2020.jpg\",\"keywords\":[\"Antonio Taverna\",\"Coronavirus\",\"Expo Mayoristas\",\"ferias tur\u00edsticas\",\"Viajes Fama\"],\"articleSection\":[\"Agencias de Viajes\"],\"inLanguage\":\"es-MX\",\"potentialAction\":[{\"@type\":\"CommentAction\",\"name\":\"Comment\",\"target\":[\"https:\/\/nitu.mx\/index.php\/2020\/03\/04\/turismo-no-debe-caer-y-se-esta-trabajando-para-que-no-suceda-expo-mayoristas\/#respond\"]}]},{\"@type\":\"WebPage\",\"@id\":\"https:\/\/nitu.mx\/index.php\/2020\/03\/04\/turismo-no-debe-caer-y-se-esta-trabajando-para-que-no-suceda-expo-mayoristas\/\",\"url\":\"https:\/\/nitu.mx\/index.php\/2020\/03\/04\/turismo-no-debe-caer-y-se-esta-trabajando-para-que-no-suceda-expo-mayoristas\/\",\"name\":\"Turismo no debe caer y se est\u00e1 trabajando para que no suceda: Expo Mayoristas - Nitu - Noticias de la Industria Turistica\",\"isPartOf\":{\"@id\":\"https:\/\/nitu.mx\/#website\"},\"primaryImageOfPage\":{\"@id\":\"https:\/\/nitu.mx\/index.php\/2020\/03\/04\/turismo-no-debe-caer-y-se-esta-trabajando-para-que-no-suceda-expo-mayoristas\/#primaryimage\"},\"image\":{\"@id\":\"https:\/\/nitu.mx\/index.php\/2020\/03\/04\/turismo-no-debe-caer-y-se-esta-trabajando-para-que-no-suceda-expo-mayoristas\/#primaryimage\"},\"thumbnailUrl\":\"https:\/\/nitu.mx\/wp-content\/uploads\/2020\/03\/Expomayoristas-2020.jpg\",\"datePublished\":\"2020-03-04T06:02:24+00:00\",\"dateModified\":\"2020-03-04T06:38:11+00:00\",\"breadcrumb\":{\"@id\":\"https:\/\/nitu.mx\/index.php\/2020\/03\/04\/turismo-no-debe-caer-y-se-esta-trabajando-para-que-no-suceda-expo-mayoristas\/#breadcrumb\"},\"inLanguage\":\"es-MX\",\"potentialAction\":[{\"@type\":\"ReadAction\",\"target\":[\"https:\/\/nitu.mx\/index.php\/2020\/03\/04\/turismo-no-debe-caer-y-se-esta-trabajando-para-que-no-suceda-expo-mayoristas\/\"]}]},{\"@type\":\"ImageObject\",\"inLanguage\":\"es-MX\",\"@id\":\"https:\/\/nitu.mx\/index.php\/2020\/03\/04\/turismo-no-debe-caer-y-se-esta-trabajando-para-que-no-suceda-expo-mayoristas\/#primaryimage\",\"url\":\"https:\/\/nitu.mx\/wp-content\/uploads\/2020\/03\/Expomayoristas-2020.jpg\",\"contentUrl\":\"https:\/\/nitu.mx\/wp-content\/uploads\/2020\/03\/Expomayoristas-2020.jpg\",\"width\":850,\"height\":480,\"caption\":\"Expomayoristas 2020\"},{\"@type\":\"BreadcrumbList\",\"@id\":\"https:\/\/nitu.mx\/index.php\/2020\/03\/04\/turismo-no-debe-caer-y-se-esta-trabajando-para-que-no-suceda-expo-mayoristas\/#breadcrumb\",\"itemListElement\":[{\"@type\":\"ListItem\",\"position\":1,\"name\":\"Inicio\",\"item\":\"https:\/\/nitu.mx\/\"},{\"@type\":\"ListItem\",\"position\":2,\"name\":\"Turismo no debe caer y se est\u00e1 trabajando para que no suceda: Expo Mayoristas\"}]},{\"@type\":\"WebSite\",\"@id\":\"https:\/\/nitu.mx\/#website\",\"url\":\"https:\/\/nitu.mx\/\",\"name\":\"Nitu - Noticias de la Industria Turistica\",\"description\":\"Noticias de la Industria Turistica\",\"publisher\":{\"@id\":\"https:\/\/nitu.mx\/#\/schema\/person\/ae7a53426417292d3dd07b45a33e01bc\"},\"alternateName\":\"Noticias de la Industria Turistica\",\"potentialAction\":[{\"@type\":\"SearchAction\",\"target\":{\"@type\":\"EntryPoint\",\"urlTemplate\":\"https:\/\/nitu.mx\/?s={search_term_string}\"},\"query-input\":\"required name=search_term_string\"}],\"inLanguage\":\"es-MX\"},{\"@type\":[\"Person\",\"Organization\"],\"@id\":\"https:\/\/nitu.mx\/#\/schema\/person\/ae7a53426417292d3dd07b45a33e01bc\",\"name\":\"Arturo Medina\",\"image\":{\"@type\":\"ImageObject\",\"inLanguage\":\"es-MX\",\"@id\":\"https:\/\/nitu.mx\/#\/schema\/person\/image\/\",\"url\":\"https:\/\/nitu.mx\/wp-content\/uploads\/2024\/04\/4A315622-1904-4D5C-B022-878CDC840E04-90x90-1.jpeg\",\"contentUrl\":\"https:\/\/nitu.mx\/wp-content\/uploads\/2024\/04\/4A315622-1904-4D5C-B022-878CDC840E04-90x90-1.jpeg\",\"width\":90,\"height\":90,\"caption\":\"Arturo Medina\"},\"logo\":{\"@id\":\"https:\/\/nitu.mx\/#\/schema\/person\/image\/\"},\"description\":\"Director NITU.mx, Egresado de la Escuela de Periodismo Carlos Septi\u00e9n Garc\u00eda. Periodista y analista especializado en turismo desde hace 35 a\u00f1os, radicado en Canc\u00fan Q.Roo. arturo@nitu.mx\",\"sameAs\":[\"https:\/\/nitu.mx\",\"https:\/\/www.facebook.com\/NITUmx\/\",\"medinacancun\",\"https:\/\/twitter.com\/@Arturo_Medina_G\"]},{\"@type\":\"Person\",\"@id\":\"https:\/\/nitu.mx\/#\/schema\/person\/3df3082b5e46037e3f13614d28ee0b77\",\"name\":\"Guadalupe Sixto\",\"image\":{\"@type\":\"ImageObject\",\"inLanguage\":\"es-MX\",\"@id\":\"https:\/\/nitu.mx\/#\/schema\/person\/image\/\",\"url\":\"https:\/\/secure.gravatar.com\/avatar\/13914e1b0e1919e91f9539de4dc584c4?s=96&d=mm&r=g\",\"contentUrl\":\"https:\/\/secure.gravatar.com\/avatar\/13914e1b0e1919e91f9539de4dc584c4?s=96&d=mm&r=g\",\"caption\":\"Guadalupe Sixto\"},\"url\":\"https:\/\/nitu.mx\/index.php\/author\/gsixto\/\"}]}<\/script>\n<!-- \/ Yoast SEO plugin. -->","yoast_head_json":{"title":"Turismo no debe caer y se est\u00e1 trabajando para que no suceda: Expo Mayoristas - Nitu - Noticias de la Industria Turistica","robots":{"index":"index","follow":"follow","max-snippet":"max-snippet:-1","max-image-preview":"max-image-preview:large","max-video-preview":"max-video-preview:-1"},"canonical":"https:\/\/nitu.mx\/index.php\/2020\/03\/04\/turismo-no-debe-caer-y-se-esta-trabajando-para-que-no-suceda-expo-mayoristas\/","twitter_card":"summary_large_image","twitter_title":"Turismo no debe caer y se est\u00e1 trabajando para que no suceda: Expo Mayoristas - Nitu - Noticias de la Industria Turistica","twitter_description":"Al aceptar que son tiempos complicados para la industria tur\u00edstica, Antonio Taverna, presidente de Expo Mayoristas, enfatiz\u00f3 que lo \u00fanico que queda es trabajar en lo que pueden controlar para evitar que el turismo caiga, trabajando de cerca con los agentes de viajes. As\u00ed lo coment\u00f3 Taverna para NITU.mx, durante la caravana de las Ferias [&hellip;]","twitter_image":"https:\/\/nitu.mx\/wp-content\/uploads\/2020\/03\/Expomayoristas-2020.jpg","twitter_creator":"@NITUmx","twitter_site":"@Arturo_Medina_G","twitter_misc":{"Escrito por":"Guadalupe Sixto","Tiempo de lectura":"2 minutos"},"schema":{"@context":"https:\/\/schema.org","@graph":[{"@type":"Article","@id":"https:\/\/nitu.mx\/index.php\/2020\/03\/04\/turismo-no-debe-caer-y-se-esta-trabajando-para-que-no-suceda-expo-mayoristas\/#article","isPartOf":{"@id":"https:\/\/nitu.mx\/index.php\/2020\/03\/04\/turismo-no-debe-caer-y-se-esta-trabajando-para-que-no-suceda-expo-mayoristas\/"},"author":{"name":"Guadalupe Sixto","@id":"https:\/\/nitu.mx\/#\/schema\/person\/3df3082b5e46037e3f13614d28ee0b77"},"headline":"Turismo no debe caer y se est\u00e1 trabajando para que no suceda: Expo Mayoristas","datePublished":"2020-03-04T06:02:24+00:00","dateModified":"2020-03-04T06:38:11+00:00","mainEntityOfPage":{"@id":"https:\/\/nitu.mx\/index.php\/2020\/03\/04\/turismo-no-debe-caer-y-se-esta-trabajando-para-que-no-suceda-expo-mayoristas\/"},"wordCount":368,"commentCount":0,"publisher":{"@id":"https:\/\/nitu.mx\/#\/schema\/person\/ae7a53426417292d3dd07b45a33e01bc"},"image":{"@id":"https:\/\/nitu.mx\/index.php\/2020\/03\/04\/turismo-no-debe-caer-y-se-esta-trabajando-para-que-no-suceda-expo-mayoristas\/#primaryimage"},"thumbnailUrl":"https:\/\/nitu.mx\/wp-content\/uploads\/2020\/03\/Expomayoristas-2020.jpg","keywords":["Antonio Taverna","Coronavirus","Expo Mayoristas","ferias tur\u00edsticas","Viajes Fama"],"articleSection":["Agencias de Viajes"],"inLanguage":"es-MX","potentialAction":[{"@type":"CommentAction","name":"Comment","target":["https:\/\/nitu.mx\/index.php\/2020\/03\/04\/turismo-no-debe-caer-y-se-esta-trabajando-para-que-no-suceda-expo-mayoristas\/#respond"]}]},{"@type":"WebPage","@id":"https:\/\/nitu.mx\/index.php\/2020\/03\/04\/turismo-no-debe-caer-y-se-esta-trabajando-para-que-no-suceda-expo-mayoristas\/","url":"https:\/\/nitu.mx\/index.php\/2020\/03\/04\/turismo-no-debe-caer-y-se-esta-trabajando-para-que-no-suceda-expo-mayoristas\/","name":"Turismo no debe caer y se est\u00e1 trabajando para que no suceda: Expo Mayoristas - Nitu - Noticias de la Industria Turistica","isPartOf":{"@id":"https:\/\/nitu.mx\/#website"},"primaryImageOfPage":{"@id":"https:\/\/nitu.mx\/index.php\/2020\/03\/04\/turismo-no-debe-caer-y-se-esta-trabajando-para-que-no-suceda-expo-mayoristas\/#primaryimage"},"image":{"@id":"https:\/\/nitu.mx\/index.php\/2020\/03\/04\/turismo-no-debe-caer-y-se-esta-trabajando-para-que-no-suceda-expo-mayoristas\/#primaryimage"},"thumbnailUrl":"https:\/\/nitu.mx\/wp-content\/uploads\/2020\/03\/Expomayoristas-2020.jpg","datePublished":"2020-03-04T06:02:24+00:00","dateModified":"2020-03-04T06:38:11+00:00","breadcrumb":{"@id":"https:\/\/nitu.mx\/index.php\/2020\/03\/04\/turismo-no-debe-caer-y-se-esta-trabajando-para-que-no-suceda-expo-mayoristas\/#breadcrumb"},"inLanguage":"es-MX","potentialAction":[{"@type":"ReadAction","target":["https:\/\/nitu.mx\/index.php\/2020\/03\/04\/turismo-no-debe-caer-y-se-esta-trabajando-para-que-no-suceda-expo-mayoristas\/"]}]},{"@type":"ImageObject","inLanguage":"es-MX","@id":"https:\/\/nitu.mx\/index.php\/2020\/03\/04\/turismo-no-debe-caer-y-se-esta-trabajando-para-que-no-suceda-expo-mayoristas\/#primaryimage","url":"https:\/\/nitu.mx\/wp-content\/uploads\/2020\/03\/Expomayoristas-2020.jpg","contentUrl":"https:\/\/nitu.mx\/wp-content\/uploads\/2020\/03\/Expomayoristas-2020.jpg","width":850,"height":480,"caption":"Expomayoristas 2020"},{"@type":"BreadcrumbList","@id":"https:\/\/nitu.mx\/index.php\/2020\/03\/04\/turismo-no-debe-caer-y-se-esta-trabajando-para-que-no-suceda-expo-mayoristas\/#breadcrumb","itemListElement":[{"@type":"ListItem","position":1,"name":"Inicio","item":"https:\/\/nitu.mx\/"},{"@type":"ListItem","position":2,"name":"Turismo no debe caer y se est\u00e1 trabajando para que no suceda: Expo Mayoristas"}]},{"@type":"WebSite","@id":"https:\/\/nitu.mx\/#website","url":"https:\/\/nitu.mx\/","name":"Nitu - Noticias de la Industria Turistica","description":"Noticias de la Industria Turistica","publisher":{"@id":"https:\/\/nitu.mx\/#\/schema\/person\/ae7a53426417292d3dd07b45a33e01bc"},"alternateName":"Noticias de la Industria Turistica","potentialAction":[{"@type":"SearchAction","target":{"@type":"EntryPoint","urlTemplate":"https:\/\/nitu.mx\/?s={search_term_string}"},"query-input":"required name=search_term_string"}],"inLanguage":"es-MX"},{"@type":["Person","Organization"],"@id":"https:\/\/nitu.mx\/#\/schema\/person\/ae7a53426417292d3dd07b45a33e01bc","name":"Arturo Medina","image":{"@type":"ImageObject","inLanguage":"es-MX","@id":"https:\/\/nitu.mx\/#\/schema\/person\/image\/","url":"https:\/\/nitu.mx\/wp-content\/uploads\/2024\/04\/4A315622-1904-4D5C-B022-878CDC840E04-90x90-1.jpeg","contentUrl":"https:\/\/nitu.mx\/wp-content\/uploads\/2024\/04\/4A315622-1904-4D5C-B022-878CDC840E04-90x90-1.jpeg","width":90,"height":90,"caption":"Arturo Medina"},"logo":{"@id":"https:\/\/nitu.mx\/#\/schema\/person\/image\/"},"description":"Director NITU.mx, Egresado de la Escuela de Periodismo Carlos Septi\u00e9n Garc\u00eda. Periodista y analista especializado en turismo desde hace 35 a\u00f1os, radicado en Canc\u00fan Q.Roo. arturo@nitu.mx","sameAs":["https:\/\/nitu.mx","https:\/\/www.facebook.com\/NITUmx\/","medinacancun","https:\/\/twitter.com\/@Arturo_Medina_G"]},{"@type":"Person","@id":"https:\/\/nitu.mx\/#\/schema\/person\/3df3082b5e46037e3f13614d28ee0b77","name":"Guadalupe Sixto","image":{"@type":"ImageObject","inLanguage":"es-MX","@id":"https:\/\/nitu.mx\/#\/schema\/person\/image\/","url":"https:\/\/secure.gravatar.com\/avatar\/13914e1b0e1919e91f9539de4dc584c4?s=96&d=mm&r=g","contentUrl":"https:\/\/secure.gravatar.com\/avatar\/13914e1b0e1919e91f9539de4dc584c4?s=96&d=mm&r=g","caption":"Guadalupe Sixto"},"url":"https:\/\/nitu.mx\/index.php\/author\/gsixto\/"}]}},"views":273,"_links":{"self":[{"href":"https:\/\/nitu.mx\/index.php\/wp-json\/wp\/v2\/posts\/40592"}],"collection":[{"href":"https:\/\/nitu.mx\/index.php\/wp-json\/wp\/v2\/posts"}],"about":[{"href":"https:\/\/nitu.mx\/index.php\/wp-json\/wp\/v2\/types\/post"}],"author":[{"embeddable":true,"href":"https:\/\/nitu.mx\/index.php\/wp-json\/wp\/v2\/users\/18"}],"replies":[{"embeddable":true,"href":"https:\/\/nitu.mx\/index.php\/wp-json\/wp\/v2\/comments?post=40592"}],"version-history":[{"count":3,"href":"https:\/\/nitu.mx\/index.php\/wp-json\/wp\/v2\/posts\/40592\/revisions"}],"predecessor-version":[{"id":40603,"href":"https:\/\/nitu.mx\/index.php\/wp-json\/wp\/v2\/posts\/40592\/revisions\/40603"}],"wp:featuredmedia":[{"embeddable":true,"href":"https:\/\/nitu.mx\/index.php\/wp-json\/wp\/v2\/media\/40600"}],"wp:attachment":[{"href":"https:\/\/nitu.mx\/index.php\/wp-json\/wp\/v2\/media?parent=40592"}],"wp:term":[{"taxonomy":"category","embeddable":true,"href":"https:\/\/nitu.mx\/index.php\/wp-json\/wp\/v2\/categories?post=40592"},{"taxonomy":"post_tag","embeddable":true,"href":"https:\/\/nitu.mx\/index.php\/wp-json\/wp\/v2\/tags?post=40592"}],"curies":[{"name":"wp","href":"https:\/\/api.w.org\/{rel}","templated":true}]}}