{"id":40536,"date":"2020-03-02T08:01:43","date_gmt":"2020-03-02T13:01:43","guid":{"rendered":"https:\/\/www.dev.nitu.mx\/?p=40536"},"modified":"2020-03-02T08:01:43","modified_gmt":"2020-03-02T13:01:43","slug":"cuenta-aeropuerto-de-cancun-con-equipo-para-filtros-federacion-no-lo-ha-solicitado","status":"publish","type":"post","link":"https:\/\/nitu.mx\/index.php\/2020\/03\/02\/cuenta-aeropuerto-de-cancun-con-equipo-para-filtros-federacion-no-lo-ha-solicitado\/","title":{"rendered":"Cuenta Aeropuerto de Cancun con equipo para filtros; federaci\u00f3n no lo ha solicitado"},"content":{"rendered":"<p>Desde los hechos de 2009 cuando la llamada &#8220;fiebre porcina&#8221; AH1N1 se hizo presente en M\u00e9xico,\u00a0 ASUR cuenta en el aeropuerto de Canc\u00fan con los equipos especiales para hacer la medici\u00f3n de la temperatura de los pasajeros en su transito de llegada y salida, sin embargo los filtros no se han activado debido a que la autoridad federal no la ha solicitado.<\/p>\n<p>De hecho seg\u00fan se pudo enterar nitu.mx se cuenta con un par de equipos nuevos para cuando se solicite, una vez que entr\u00f3 en operaci\u00f3n la terminal cuatro, que no exist\u00eda cuando se dio la crisis sanitaria de 2009.<\/p>\n<p>En conferencia de prensa y ante pregunta expresa, el sub secretario de salud, habl\u00f3 de la ausencia de controles en los aeropuertos, Hugo L\u00f3pez-Gatell Ram\u00edrez insisti\u00f3 en que no se busca hacer contenci\u00f3n territorial del virus y mencion\u00f3 que China se aplic\u00f3 un mecanismo en ese sentido durante las primeras semanas, pero la OMS entre sus recomendaciones menciona medidas de contenci\u00f3n apropiadas para la situaci\u00f3n sin afectar el comercio y transito de personas. \u201cEl pa\u00eds usa las medidas de mitigaci\u00f3n apropiadas a la situaci\u00f3n\u201d, cuidando de no vulnerar la econom\u00eda, indic\u00f3.<\/p>\n","protected":false},"excerpt":{"rendered":"<p>Desde los hechos de 2009 cuando la llamada &#8220;fiebre porcina&#8221; AH1N1 se hizo presente en M\u00e9xico,\u00a0 ASUR cuenta en el aeropuerto de Canc\u00fan con los equipos especiales para hacer la medici\u00f3n de la temperatura de los pasajeros en su transito de llegada y salida, sin embargo los filtros no se han activado debido a que [&hellip;]<\/p>\n","protected":false},"author":2,"featured_media":40537,"comment_status":"open","ping_status":"open","sticky":false,"template":"","format":"standard","meta":{"footnotes":""},"categories":[5],"tags":[200,18969,18970],"yoast_head":"<!-- This site is optimized with the Yoast SEO plugin v22.2 - https:\/\/yoast.com\/wordpress\/plugins\/seo\/ -->\n<title>Cuenta Aeropuerto de Cancun con equipo para filtros; federaci\u00f3n no lo ha solicitado - Nitu - Noticias de la Industria Turistica<\/title>\n<meta name=\"robots\" content=\"index, follow, max-snippet:-1, max-image-preview:large, max-video-preview:-1\" \/>\n<link rel=\"canonical\" href=\"https:\/\/nitu.mx\/index.php\/2020\/03\/02\/cuenta-aeropuerto-de-cancun-con-equipo-para-filtros-federacion-no-lo-ha-solicitado\/\" \/>\n<meta name=\"twitter:card\" content=\"summary_large_image\" \/>\n<meta name=\"twitter:title\" content=\"Cuenta Aeropuerto de Cancun con equipo para filtros; federaci\u00f3n no lo ha solicitado - Nitu - Noticias de la Industria Turistica\" \/>\n<meta name=\"twitter:description\" content=\"Desde los hechos de 2009 cuando la llamada &#8220;fiebre porcina&#8221; AH1N1 se hizo presente en M\u00e9xico,\u00a0 ASUR cuenta en el aeropuerto de Canc\u00fan con los equipos especiales para hacer la medici\u00f3n de la temperatura de los pasajeros en su transito de llegada y salida, sin embargo los filtros no se han activado debido a que [&hellip;]\" \/>\n<meta name=\"twitter:image\" content=\"https:\/\/nitu.mx\/wp-content\/uploads\/2020\/03\/corona.jpg\" \/>\n<meta name=\"twitter:creator\" content=\"@Arturo_Medina_G\" \/>\n<meta name=\"twitter:site\" content=\"@Arturo_Medina_G\" \/>\n<meta name=\"twitter:label1\" content=\"Escrito por\" \/>\n\t<meta name=\"twitter:data1\" content=\"Arturo Medina\" \/>\n\t<meta name=\"twitter:label2\" content=\"Tiempo de lectura\" \/>\n\t<meta name=\"twitter:data2\" content=\"1 minuto\" \/>\n<script type=\"application\/ld+json\" class=\"yoast-schema-graph\">{\"@context\":\"https:\/\/schema.org\",\"@graph\":[{\"@type\":\"Article\",\"@id\":\"https:\/\/nitu.mx\/index.php\/2020\/03\/02\/cuenta-aeropuerto-de-cancun-con-equipo-para-filtros-federacion-no-lo-ha-solicitado\/#article\",\"isPartOf\":{\"@id\":\"https:\/\/nitu.mx\/index.php\/2020\/03\/02\/cuenta-aeropuerto-de-cancun-con-equipo-para-filtros-federacion-no-lo-ha-solicitado\/\"},\"author\":{\"name\":\"Arturo Medina\",\"@id\":\"https:\/\/nitu.mx\/#\/schema\/person\/ae7a53426417292d3dd07b45a33e01bc\"},\"headline\":\"Cuenta Aeropuerto de Cancun con equipo para filtros; federaci\u00f3n no lo ha solicitado\",\"datePublished\":\"2020-03-02T13:01:43+00:00\",\"dateModified\":\"2020-03-02T13:01:43+00:00\",\"mainEntityOfPage\":{\"@id\":\"https:\/\/nitu.mx\/index.php\/2020\/03\/02\/cuenta-aeropuerto-de-cancun-con-equipo-para-filtros-federacion-no-lo-ha-solicitado\/\"},\"wordCount\":221,\"commentCount\":0,\"publisher\":{\"@id\":\"https:\/\/nitu.mx\/#\/schema\/person\/ae7a53426417292d3dd07b45a33e01bc\"},\"image\":{\"@id\":\"https:\/\/nitu.mx\/index.php\/2020\/03\/02\/cuenta-aeropuerto-de-cancun-con-equipo-para-filtros-federacion-no-lo-ha-solicitado\/#primaryimage\"},\"thumbnailUrl\":\"https:\/\/nitu.mx\/wp-content\/uploads\/2020\/03\/corona.jpg\",\"keywords\":[\"Aeropuerto Internacional de Canc\u00fan (AIC)\",\"Cancu\u00fan\",\"Hugo L\u00f3pez Gatell\"],\"articleSection\":[\"Destinos\"],\"inLanguage\":\"es-MX\",\"potentialAction\":[{\"@type\":\"CommentAction\",\"name\":\"Comment\",\"target\":[\"https:\/\/nitu.mx\/index.php\/2020\/03\/02\/cuenta-aeropuerto-de-cancun-con-equipo-para-filtros-federacion-no-lo-ha-solicitado\/#respond\"]}]},{\"@type\":\"WebPage\",\"@id\":\"https:\/\/nitu.mx\/index.php\/2020\/03\/02\/cuenta-aeropuerto-de-cancun-con-equipo-para-filtros-federacion-no-lo-ha-solicitado\/\",\"url\":\"https:\/\/nitu.mx\/index.php\/2020\/03\/02\/cuenta-aeropuerto-de-cancun-con-equipo-para-filtros-federacion-no-lo-ha-solicitado\/\",\"name\":\"Cuenta Aeropuerto de Cancun con equipo para filtros; federaci\u00f3n no lo ha solicitado - Nitu - Noticias de la Industria Turistica\",\"isPartOf\":{\"@id\":\"https:\/\/nitu.mx\/#website\"},\"primaryImageOfPage\":{\"@id\":\"https:\/\/nitu.mx\/index.php\/2020\/03\/02\/cuenta-aeropuerto-de-cancun-con-equipo-para-filtros-federacion-no-lo-ha-solicitado\/#primaryimage\"},\"image\":{\"@id\":\"https:\/\/nitu.mx\/index.php\/2020\/03\/02\/cuenta-aeropuerto-de-cancun-con-equipo-para-filtros-federacion-no-lo-ha-solicitado\/#primaryimage\"},\"thumbnailUrl\":\"https:\/\/nitu.mx\/wp-content\/uploads\/2020\/03\/corona.jpg\",\"datePublished\":\"2020-03-02T13:01:43+00:00\",\"dateModified\":\"2020-03-02T13:01:43+00:00\",\"breadcrumb\":{\"@id\":\"https:\/\/nitu.mx\/index.php\/2020\/03\/02\/cuenta-aeropuerto-de-cancun-con-equipo-para-filtros-federacion-no-lo-ha-solicitado\/#breadcrumb\"},\"inLanguage\":\"es-MX\",\"potentialAction\":[{\"@type\":\"ReadAction\",\"target\":[\"https:\/\/nitu.mx\/index.php\/2020\/03\/02\/cuenta-aeropuerto-de-cancun-con-equipo-para-filtros-federacion-no-lo-ha-solicitado\/\"]}]},{\"@type\":\"ImageObject\",\"inLanguage\":\"es-MX\",\"@id\":\"https:\/\/nitu.mx\/index.php\/2020\/03\/02\/cuenta-aeropuerto-de-cancun-con-equipo-para-filtros-federacion-no-lo-ha-solicitado\/#primaryimage\",\"url\":\"https:\/\/nitu.mx\/wp-content\/uploads\/2020\/03\/corona.jpg\",\"contentUrl\":\"https:\/\/nitu.mx\/wp-content\/uploads\/2020\/03\/corona.jpg\",\"width\":1200,\"height\":675},{\"@type\":\"BreadcrumbList\",\"@id\":\"https:\/\/nitu.mx\/index.php\/2020\/03\/02\/cuenta-aeropuerto-de-cancun-con-equipo-para-filtros-federacion-no-lo-ha-solicitado\/#breadcrumb\",\"itemListElement\":[{\"@type\":\"ListItem\",\"position\":1,\"name\":\"Inicio\",\"item\":\"https:\/\/nitu.mx\/\"},{\"@type\":\"ListItem\",\"position\":2,\"name\":\"Cuenta Aeropuerto de Cancun con equipo para filtros; federaci\u00f3n no lo ha solicitado\"}]},{\"@type\":\"WebSite\",\"@id\":\"https:\/\/nitu.mx\/#website\",\"url\":\"https:\/\/nitu.mx\/\",\"name\":\"Nitu - Noticias de la Industria Turistica\",\"description\":\"Noticias de la Industria Turistica\",\"publisher\":{\"@id\":\"https:\/\/nitu.mx\/#\/schema\/person\/ae7a53426417292d3dd07b45a33e01bc\"},\"alternateName\":\"Noticias de la Industria Turistica\",\"potentialAction\":[{\"@type\":\"SearchAction\",\"target\":{\"@type\":\"EntryPoint\",\"urlTemplate\":\"https:\/\/nitu.mx\/?s={search_term_string}\"},\"query-input\":\"required name=search_term_string\"}],\"inLanguage\":\"es-MX\"},{\"@type\":[\"Person\",\"Organization\"],\"@id\":\"https:\/\/nitu.mx\/#\/schema\/person\/ae7a53426417292d3dd07b45a33e01bc\",\"name\":\"Arturo Medina\",\"image\":{\"@type\":\"ImageObject\",\"inLanguage\":\"es-MX\",\"@id\":\"https:\/\/nitu.mx\/#\/schema\/person\/image\/\",\"url\":\"https:\/\/nitu.mx\/wp-content\/uploads\/2024\/04\/4A315622-1904-4D5C-B022-878CDC840E04-90x90-1.jpeg\",\"contentUrl\":\"https:\/\/nitu.mx\/wp-content\/uploads\/2024\/04\/4A315622-1904-4D5C-B022-878CDC840E04-90x90-1.jpeg\",\"width\":90,\"height\":90,\"caption\":\"Arturo Medina\"},\"logo\":{\"@id\":\"https:\/\/nitu.mx\/#\/schema\/person\/image\/\"},\"description\":\"Director NITU.mx, Egresado de la Escuela de Periodismo Carlos Septi\u00e9n Garc\u00eda. Periodista y analista especializado en turismo desde hace 35 a\u00f1os, radicado en Canc\u00fan Q.Roo. arturo@nitu.mx\",\"sameAs\":[\"https:\/\/nitu.mx\",\"https:\/\/www.facebook.com\/NITUmx\/\",\"medinacancun\",\"https:\/\/twitter.com\/@Arturo_Medina_G\"],\"url\":\"https:\/\/nitu.mx\/index.php\/author\/arturo-medina\/\"}]}<\/script>\n<!-- \/ Yoast SEO plugin. -->","yoast_head_json":{"title":"Cuenta Aeropuerto de Cancun con equipo para filtros; federaci\u00f3n no lo ha solicitado - Nitu - Noticias de la Industria Turistica","robots":{"index":"index","follow":"follow","max-snippet":"max-snippet:-1","max-image-preview":"max-image-preview:large","max-video-preview":"max-video-preview:-1"},"canonical":"https:\/\/nitu.mx\/index.php\/2020\/03\/02\/cuenta-aeropuerto-de-cancun-con-equipo-para-filtros-federacion-no-lo-ha-solicitado\/","twitter_card":"summary_large_image","twitter_title":"Cuenta Aeropuerto de Cancun con equipo para filtros; federaci\u00f3n no lo ha solicitado - Nitu - Noticias de la Industria Turistica","twitter_description":"Desde los hechos de 2009 cuando la llamada &#8220;fiebre porcina&#8221; AH1N1 se hizo presente en M\u00e9xico,\u00a0 ASUR cuenta en el aeropuerto de Canc\u00fan con los equipos especiales para hacer la medici\u00f3n de la temperatura de los pasajeros en su transito de llegada y salida, sin embargo los filtros no se han activado debido a que [&hellip;]","twitter_image":"https:\/\/nitu.mx\/wp-content\/uploads\/2020\/03\/corona.jpg","twitter_creator":"@Arturo_Medina_G","twitter_site":"@Arturo_Medina_G","twitter_misc":{"Escrito por":"Arturo Medina","Tiempo de lectura":"1 minuto"},"schema":{"@context":"https:\/\/schema.org","@graph":[{"@type":"Article","@id":"https:\/\/nitu.mx\/index.php\/2020\/03\/02\/cuenta-aeropuerto-de-cancun-con-equipo-para-filtros-federacion-no-lo-ha-solicitado\/#article","isPartOf":{"@id":"https:\/\/nitu.mx\/index.php\/2020\/03\/02\/cuenta-aeropuerto-de-cancun-con-equipo-para-filtros-federacion-no-lo-ha-solicitado\/"},"author":{"name":"Arturo Medina","@id":"https:\/\/nitu.mx\/#\/schema\/person\/ae7a53426417292d3dd07b45a33e01bc"},"headline":"Cuenta Aeropuerto de Cancun con equipo para filtros; federaci\u00f3n no lo ha solicitado","datePublished":"2020-03-02T13:01:43+00:00","dateModified":"2020-03-02T13:01:43+00:00","mainEntityOfPage":{"@id":"https:\/\/nitu.mx\/index.php\/2020\/03\/02\/cuenta-aeropuerto-de-cancun-con-equipo-para-filtros-federacion-no-lo-ha-solicitado\/"},"wordCount":221,"commentCount":0,"publisher":{"@id":"https:\/\/nitu.mx\/#\/schema\/person\/ae7a53426417292d3dd07b45a33e01bc"},"image":{"@id":"https:\/\/nitu.mx\/index.php\/2020\/03\/02\/cuenta-aeropuerto-de-cancun-con-equipo-para-filtros-federacion-no-lo-ha-solicitado\/#primaryimage"},"thumbnailUrl":"https:\/\/nitu.mx\/wp-content\/uploads\/2020\/03\/corona.jpg","keywords":["Aeropuerto Internacional de Canc\u00fan (AIC)","Cancu\u00fan","Hugo L\u00f3pez Gatell"],"articleSection":["Destinos"],"inLanguage":"es-MX","potentialAction":[{"@type":"CommentAction","name":"Comment","target":["https:\/\/nitu.mx\/index.php\/2020\/03\/02\/cuenta-aeropuerto-de-cancun-con-equipo-para-filtros-federacion-no-lo-ha-solicitado\/#respond"]}]},{"@type":"WebPage","@id":"https:\/\/nitu.mx\/index.php\/2020\/03\/02\/cuenta-aeropuerto-de-cancun-con-equipo-para-filtros-federacion-no-lo-ha-solicitado\/","url":"https:\/\/nitu.mx\/index.php\/2020\/03\/02\/cuenta-aeropuerto-de-cancun-con-equipo-para-filtros-federacion-no-lo-ha-solicitado\/","name":"Cuenta Aeropuerto de Cancun con equipo para filtros; federaci\u00f3n no lo ha solicitado - Nitu - Noticias de la Industria Turistica","isPartOf":{"@id":"https:\/\/nitu.mx\/#website"},"primaryImageOfPage":{"@id":"https:\/\/nitu.mx\/index.php\/2020\/03\/02\/cuenta-aeropuerto-de-cancun-con-equipo-para-filtros-federacion-no-lo-ha-solicitado\/#primaryimage"},"image":{"@id":"https:\/\/nitu.mx\/index.php\/2020\/03\/02\/cuenta-aeropuerto-de-cancun-con-equipo-para-filtros-federacion-no-lo-ha-solicitado\/#primaryimage"},"thumbnailUrl":"https:\/\/nitu.mx\/wp-content\/uploads\/2020\/03\/corona.jpg","datePublished":"2020-03-02T13:01:43+00:00","dateModified":"2020-03-02T13:01:43+00:00","breadcrumb":{"@id":"https:\/\/nitu.mx\/index.php\/2020\/03\/02\/cuenta-aeropuerto-de-cancun-con-equipo-para-filtros-federacion-no-lo-ha-solicitado\/#breadcrumb"},"inLanguage":"es-MX","potentialAction":[{"@type":"ReadAction","target":["https:\/\/nitu.mx\/index.php\/2020\/03\/02\/cuenta-aeropuerto-de-cancun-con-equipo-para-filtros-federacion-no-lo-ha-solicitado\/"]}]},{"@type":"ImageObject","inLanguage":"es-MX","@id":"https:\/\/nitu.mx\/index.php\/2020\/03\/02\/cuenta-aeropuerto-de-cancun-con-equipo-para-filtros-federacion-no-lo-ha-solicitado\/#primaryimage","url":"https:\/\/nitu.mx\/wp-content\/uploads\/2020\/03\/corona.jpg","contentUrl":"https:\/\/nitu.mx\/wp-content\/uploads\/2020\/03\/corona.jpg","width":1200,"height":675},{"@type":"BreadcrumbList","@id":"https:\/\/nitu.mx\/index.php\/2020\/03\/02\/cuenta-aeropuerto-de-cancun-con-equipo-para-filtros-federacion-no-lo-ha-solicitado\/#breadcrumb","itemListElement":[{"@type":"ListItem","position":1,"name":"Inicio","item":"https:\/\/nitu.mx\/"},{"@type":"ListItem","position":2,"name":"Cuenta Aeropuerto de Cancun con equipo para filtros; federaci\u00f3n no lo ha solicitado"}]},{"@type":"WebSite","@id":"https:\/\/nitu.mx\/#website","url":"https:\/\/nitu.mx\/","name":"Nitu - Noticias de la Industria Turistica","description":"Noticias de la Industria Turistica","publisher":{"@id":"https:\/\/nitu.mx\/#\/schema\/person\/ae7a53426417292d3dd07b45a33e01bc"},"alternateName":"Noticias de la Industria Turistica","potentialAction":[{"@type":"SearchAction","target":{"@type":"EntryPoint","urlTemplate":"https:\/\/nitu.mx\/?s={search_term_string}"},"query-input":"required name=search_term_string"}],"inLanguage":"es-MX"},{"@type":["Person","Organization"],"@id":"https:\/\/nitu.mx\/#\/schema\/person\/ae7a53426417292d3dd07b45a33e01bc","name":"Arturo Medina","image":{"@type":"ImageObject","inLanguage":"es-MX","@id":"https:\/\/nitu.mx\/#\/schema\/person\/image\/","url":"https:\/\/nitu.mx\/wp-content\/uploads\/2024\/04\/4A315622-1904-4D5C-B022-878CDC840E04-90x90-1.jpeg","contentUrl":"https:\/\/nitu.mx\/wp-content\/uploads\/2024\/04\/4A315622-1904-4D5C-B022-878CDC840E04-90x90-1.jpeg","width":90,"height":90,"caption":"Arturo Medina"},"logo":{"@id":"https:\/\/nitu.mx\/#\/schema\/person\/image\/"},"description":"Director NITU.mx, Egresado de la Escuela de Periodismo Carlos Septi\u00e9n Garc\u00eda. Periodista y analista especializado en turismo desde hace 35 a\u00f1os, radicado en Canc\u00fan Q.Roo. arturo@nitu.mx","sameAs":["https:\/\/nitu.mx","https:\/\/www.facebook.com\/NITUmx\/","medinacancun","https:\/\/twitter.com\/@Arturo_Medina_G"],"url":"https:\/\/nitu.mx\/index.php\/author\/arturo-medina\/"}]}},"views":249,"_links":{"self":[{"href":"https:\/\/nitu.mx\/index.php\/wp-json\/wp\/v2\/posts\/40536"}],"collection":[{"href":"https:\/\/nitu.mx\/index.php\/wp-json\/wp\/v2\/posts"}],"about":[{"href":"https:\/\/nitu.mx\/index.php\/wp-json\/wp\/v2\/types\/post"}],"author":[{"embeddable":true,"href":"https:\/\/nitu.mx\/index.php\/wp-json\/wp\/v2\/users\/2"}],"replies":[{"embeddable":true,"href":"https:\/\/nitu.mx\/index.php\/wp-json\/wp\/v2\/comments?post=40536"}],"version-history":[{"count":1,"href":"https:\/\/nitu.mx\/index.php\/wp-json\/wp\/v2\/posts\/40536\/revisions"}],"predecessor-version":[{"id":40538,"href":"https:\/\/nitu.mx\/index.php\/wp-json\/wp\/v2\/posts\/40536\/revisions\/40538"}],"wp:featuredmedia":[{"embeddable":true,"href":"https:\/\/nitu.mx\/index.php\/wp-json\/wp\/v2\/media\/40537"}],"wp:attachment":[{"href":"https:\/\/nitu.mx\/index.php\/wp-json\/wp\/v2\/media?parent=40536"}],"wp:term":[{"taxonomy":"category","embeddable":true,"href":"https:\/\/nitu.mx\/index.php\/wp-json\/wp\/v2\/categories?post=40536"},{"taxonomy":"post_tag","embeddable":true,"href":"https:\/\/nitu.mx\/index.php\/wp-json\/wp\/v2\/tags?post=40536"}],"curies":[{"name":"wp","href":"https:\/\/api.w.org\/{rel}","templated":true}]}}