{"id":40406,"date":"2020-02-27T01:18:43","date_gmt":"2020-02-27T06:18:43","guid":{"rendered":"https:\/\/www.dev.nitu.mx\/?p=40406"},"modified":"2020-02-27T01:57:48","modified_gmt":"2020-02-27T06:57:48","slug":"tras-recomendacion-de-la-oms-cancun-eleva-estatus-de-alerta-sanitaria-a-fase-3","status":"publish","type":"post","link":"https:\/\/nitu.mx\/index.php\/2020\/02\/27\/tras-recomendacion-de-la-oms-cancun-eleva-estatus-de-alerta-sanitaria-a-fase-3\/","title":{"rendered":"Tras recomendaci\u00f3n de la OMS Canc\u00fan eleva estatus de alerta sanitaria a Fase 3"},"content":{"rendered":"<p>Tras la \u201crecomendaci\u00f3n\u201d de la Organizaci\u00f3n Mundial de la Salud (OMS) de prepararse para una \u201cpotencial pandemia\u201d por coronavirus COVID-19, el Aeropuerto Internacional de Canc\u00fan elev\u00f3 su estatus de alerta sanitaria a Fase 3, seg\u00fan el Plan de Contingencia Sanitaria de la OMS, report\u00f3 el coordinador de Sanidad Internacional, Javier Su\u00e1rez Estrada.<\/p>\n<p>\u201cLa Fase 3 aplica cuando ya el brote bajo vigilancia est\u00e1 presente en varios pa\u00edses y ya hay decesos fuera del foco de infecci\u00f3n primaria. Las fases 4 y 5 es cuando el virus ya est\u00e1 en todo el mundo. Ya pas\u00f3 la Fase 1, que es cuando una enfermedad enciende las alertas, pero es local, y la 2 es cuando crece en forma exponencial y ya hay muertos\u201d, explic\u00f3.<\/p>\n<p>El funcionario dijo que luego de la reuni\u00f3n matutina del Comit\u00e9 de Seguridad Aeroportuaria del coso a\u00e9reo de Benito Ju\u00e1rez, decidieron pasar al siguiente nivel de seguridad, que tambi\u00e9n coordina la Organizaci\u00f3n Internacional de Aviaci\u00f3n Civil (OACI, por sus siglas en ingl\u00e9s), sobre todo porque el Aeropuerto Internacional de Canc\u00fan tiene frecuencia desde Italia, donde ya hay al menos seis muertos por el COVID-19.<\/p>\n<p>Su\u00e1rez Estrada se\u00f1al\u00f3 que para declarar la pandemia hay varios requisitos, entre otros, que haya transmisi\u00f3n entre humanos, que se desarrolle en diferentes pa\u00edses, o que haya muertes en varias naciones.<\/p>\n<p>El galeno detall\u00f3 que el plazo para decretar cada fase puede variar significativamente, desde meses hasta d\u00e9cadas, adem\u00e1s de que no todas las pandemias avanzan a la fase m\u00e1xima, que es la sexta, y en algunas ocasiones incluso pueden revertirse si el virus se debilita espont\u00e1neamente.<\/p>\n<p>Su\u00e1rez Estrada cit\u00f3 que todos los casos preocupan porque el de Canc\u00fan tiene la mayor conexi\u00f3n internacional \u2013es el segundo aeropuerto en importancia del pa\u00eds, pero el primero en vuelos internacionales\u2013, por lo que se decidi\u00f3 pasar al siguiente nivel de seguridad.<\/p>\n<p>Improcedente<\/p>\n<p>De hecho, asegur\u00f3 que el vuelo procedente de Mil\u00e1n es al \u00fanico al que se abocar\u00e1n porque \u201cva a ser imposible monitorear todos los que llegan de Estados Unidos\u201d por falta de personal, como se denunci\u00f3 en enero pasado.<\/p>\n<p>Record\u00f3 que en 2003 el aeropuerto de Canc\u00fan particip\u00f3 en un simulacro debido al SARS (Severe Acute Respiratory Syndrome o S\u00edndrome Respiratorio Agudo Grave), que caus\u00f3 774 muertos.<\/p>\n<p>En ese sentido, dijo que los term\u00f3metros de contacto y las termoc\u00e1maras de detecci\u00f3n que se instalaron en las salas de llegadas y salidas del coso a\u00e9reo en 2009 los proporcion\u00f3 la Secretar\u00eda de Comunicaciones y Transportes (SCT) porque fue la que implement\u00f3 el operativo. (<a title=\"Falso que crucero de MSC Cruises trae paciente con Coronavirus: Sedetur y Sesa\" href=\"https:\/\/www.dev.nitu.mx\/index.php\/2020\/02\/26\/falso-que-crucero-de-msc-cruises-trae-paciente-con-coronavirus-sedetur-y-sesa\/\" rel=\"bookmark\">Falso que crucero de MSC Cruises trae paciente con Coronavirus: Sedetur y Sesa<\/a>).<\/p>\n<p>\u201cHasta ahora usar esos aparatos aqu\u00ed ser\u00eda ocioso; adem\u00e1s, el control tendr\u00e1 que ser en los pasajeros de salida, no en llegadas, que fue el problema con el AH1N1, cuando cuid\u00e1bamos que no salieran enfermos, no que no entraran; incluso fueron dos o tres filtros, se aplicaron cuestionarios y se usaron los term\u00f3metros de contacto\u201d, record\u00f3.<\/p>\n<p>\u201cPero ser\u00eda improcedente por la cantidad de pasajeros en un vuelo transcontinental, pese a que como Sanidad Internacional tenemos un term\u00f3metro de esos en cada una de las cuatro terminales en funciones actualmente en el aeropuerto de Canc\u00fan\u201d, dijo.<\/p>\n<p>Sostuvo que ser\u00eda un dilema si se presentara alg\u00fan caso debido a que, primero, tendr\u00eda que revisarse a cada uno de los viajeros \u2013y hablamos de cientos\u2013; segundo, podr\u00eda contagiar a otras personas si por la cantidad de viajeros, en una desatenci\u00f3n, no se desinfecta el term\u00f3metro de contacto. (La Jornada Maya)<\/p>\n","protected":false},"excerpt":{"rendered":"<p>Tras la \u201crecomendaci\u00f3n\u201d de la Organizaci\u00f3n Mundial de la Salud (OMS) de prepararse para una \u201cpotencial pandemia\u201d por coronavirus COVID-19, el Aeropuerto Internacional de Canc\u00fan elev\u00f3 su estatus de alerta sanitaria a Fase 3, seg\u00fan el Plan de Contingencia Sanitaria de la OMS, report\u00f3 el coordinador de Sanidad Internacional, Javier Su\u00e1rez Estrada. \u201cLa Fase 3 [&hellip;]<\/p>\n","protected":false},"author":17,"featured_media":17324,"comment_status":"open","ping_status":"open","sticky":false,"template":"","format":"standard","meta":{"footnotes":""},"categories":[18475,6],"tags":[18946,43,18595,18947,15384],"yoast_head":"<!-- This site is optimized with the Yoast SEO plugin v22.2 - https:\/\/yoast.com\/wordpress\/plugins\/seo\/ -->\n<title>Tras recomendaci\u00f3n de la OMS Canc\u00fan eleva estatus de alerta sanitaria a Fase 3 - Nitu - Noticias de la Industria Turistica<\/title>\n<meta name=\"robots\" content=\"index, follow, max-snippet:-1, max-image-preview:large, max-video-preview:-1\" \/>\n<link rel=\"canonical\" href=\"https:\/\/nitu.mx\/index.php\/2020\/02\/27\/tras-recomendacion-de-la-oms-cancun-eleva-estatus-de-alerta-sanitaria-a-fase-3\/\" \/>\n<meta name=\"twitter:card\" content=\"summary_large_image\" \/>\n<meta name=\"twitter:title\" content=\"Tras recomendaci\u00f3n de la OMS Canc\u00fan eleva estatus de alerta sanitaria a Fase 3 - Nitu - Noticias de la Industria Turistica\" \/>\n<meta name=\"twitter:description\" content=\"Tras la \u201crecomendaci\u00f3n\u201d de la Organizaci\u00f3n Mundial de la Salud (OMS) de prepararse para una \u201cpotencial pandemia\u201d por coronavirus COVID-19, el Aeropuerto Internacional de Canc\u00fan elev\u00f3 su estatus de alerta sanitaria a Fase 3, seg\u00fan el Plan de Contingencia Sanitaria de la OMS, report\u00f3 el coordinador de Sanidad Internacional, Javier Su\u00e1rez Estrada. \u201cLa Fase 3 [&hellip;]\" \/>\n<meta name=\"twitter:image\" content=\"https:\/\/nitu.mx\/wp-content\/uploads\/2018\/02\/aeropuerto-cancun-amav.jpg\" \/>\n<meta name=\"twitter:creator\" content=\"@NITUmx\" \/>\n<meta name=\"twitter:site\" content=\"@Arturo_Medina_G\" \/>\n<meta name=\"twitter:label1\" content=\"Escrito por\" \/>\n\t<meta name=\"twitter:data1\" content=\"Redacci\u00f3n\" \/>\n\t<meta name=\"twitter:label2\" content=\"Tiempo de lectura\" \/>\n\t<meta name=\"twitter:data2\" content=\"3 minutos\" \/>\n<script type=\"application\/ld+json\" class=\"yoast-schema-graph\">{\"@context\":\"https:\/\/schema.org\",\"@graph\":[{\"@type\":\"Article\",\"@id\":\"https:\/\/nitu.mx\/index.php\/2020\/02\/27\/tras-recomendacion-de-la-oms-cancun-eleva-estatus-de-alerta-sanitaria-a-fase-3\/#article\",\"isPartOf\":{\"@id\":\"https:\/\/nitu.mx\/index.php\/2020\/02\/27\/tras-recomendacion-de-la-oms-cancun-eleva-estatus-de-alerta-sanitaria-a-fase-3\/\"},\"author\":{\"name\":\"Redacci\u00f3n\",\"@id\":\"https:\/\/nitu.mx\/#\/schema\/person\/4a28fe9bd65924f7c90623773daf1b0b\"},\"headline\":\"Tras recomendaci\u00f3n de la OMS Canc\u00fan eleva estatus de alerta sanitaria a Fase 3\",\"datePublished\":\"2020-02-27T06:18:43+00:00\",\"dateModified\":\"2020-02-27T06:57:48+00:00\",\"mainEntityOfPage\":{\"@id\":\"https:\/\/nitu.mx\/index.php\/2020\/02\/27\/tras-recomendacion-de-la-oms-cancun-eleva-estatus-de-alerta-sanitaria-a-fase-3\/\"},\"wordCount\":634,\"commentCount\":0,\"publisher\":{\"@id\":\"https:\/\/nitu.mx\/#\/schema\/person\/ae7a53426417292d3dd07b45a33e01bc\"},\"image\":{\"@id\":\"https:\/\/nitu.mx\/index.php\/2020\/02\/27\/tras-recomendacion-de-la-oms-cancun-eleva-estatus-de-alerta-sanitaria-a-fase-3\/#primaryimage\"},\"thumbnailUrl\":\"https:\/\/nitu.mx\/wp-content\/uploads\/2018\/02\/aeropuerto-cancun-amav.jpg\",\"keywords\":[\"Alerta sanitaria\",\"Canc\u00fan\",\"Coronavirus\",\"Javier Su\u00e1rez Estrada\",\"OMS\"],\"articleSection\":[\"Caribe Mexicano\",\"M\u00e9xico\"],\"inLanguage\":\"es-MX\",\"potentialAction\":[{\"@type\":\"CommentAction\",\"name\":\"Comment\",\"target\":[\"https:\/\/nitu.mx\/index.php\/2020\/02\/27\/tras-recomendacion-de-la-oms-cancun-eleva-estatus-de-alerta-sanitaria-a-fase-3\/#respond\"]}]},{\"@type\":\"WebPage\",\"@id\":\"https:\/\/nitu.mx\/index.php\/2020\/02\/27\/tras-recomendacion-de-la-oms-cancun-eleva-estatus-de-alerta-sanitaria-a-fase-3\/\",\"url\":\"https:\/\/nitu.mx\/index.php\/2020\/02\/27\/tras-recomendacion-de-la-oms-cancun-eleva-estatus-de-alerta-sanitaria-a-fase-3\/\",\"name\":\"Tras recomendaci\u00f3n de la OMS Canc\u00fan eleva estatus de alerta sanitaria a Fase 3 - Nitu - Noticias de la Industria Turistica\",\"isPartOf\":{\"@id\":\"https:\/\/nitu.mx\/#website\"},\"primaryImageOfPage\":{\"@id\":\"https:\/\/nitu.mx\/index.php\/2020\/02\/27\/tras-recomendacion-de-la-oms-cancun-eleva-estatus-de-alerta-sanitaria-a-fase-3\/#primaryimage\"},\"image\":{\"@id\":\"https:\/\/nitu.mx\/index.php\/2020\/02\/27\/tras-recomendacion-de-la-oms-cancun-eleva-estatus-de-alerta-sanitaria-a-fase-3\/#primaryimage\"},\"thumbnailUrl\":\"https:\/\/nitu.mx\/wp-content\/uploads\/2018\/02\/aeropuerto-cancun-amav.jpg\",\"datePublished\":\"2020-02-27T06:18:43+00:00\",\"dateModified\":\"2020-02-27T06:57:48+00:00\",\"breadcrumb\":{\"@id\":\"https:\/\/nitu.mx\/index.php\/2020\/02\/27\/tras-recomendacion-de-la-oms-cancun-eleva-estatus-de-alerta-sanitaria-a-fase-3\/#breadcrumb\"},\"inLanguage\":\"es-MX\",\"potentialAction\":[{\"@type\":\"ReadAction\",\"target\":[\"https:\/\/nitu.mx\/index.php\/2020\/02\/27\/tras-recomendacion-de-la-oms-cancun-eleva-estatus-de-alerta-sanitaria-a-fase-3\/\"]}]},{\"@type\":\"ImageObject\",\"inLanguage\":\"es-MX\",\"@id\":\"https:\/\/nitu.mx\/index.php\/2020\/02\/27\/tras-recomendacion-de-la-oms-cancun-eleva-estatus-de-alerta-sanitaria-a-fase-3\/#primaryimage\",\"url\":\"https:\/\/nitu.mx\/wp-content\/uploads\/2018\/02\/aeropuerto-cancun-amav.jpg\",\"contentUrl\":\"https:\/\/nitu.mx\/wp-content\/uploads\/2018\/02\/aeropuerto-cancun-amav.jpg\",\"width\":850,\"height\":480,\"caption\":\"aeropuerto cancun amav profeco\"},{\"@type\":\"BreadcrumbList\",\"@id\":\"https:\/\/nitu.mx\/index.php\/2020\/02\/27\/tras-recomendacion-de-la-oms-cancun-eleva-estatus-de-alerta-sanitaria-a-fase-3\/#breadcrumb\",\"itemListElement\":[{\"@type\":\"ListItem\",\"position\":1,\"name\":\"Inicio\",\"item\":\"https:\/\/nitu.mx\/\"},{\"@type\":\"ListItem\",\"position\":2,\"name\":\"Tras recomendaci\u00f3n de la OMS Canc\u00fan eleva estatus de alerta sanitaria a Fase 3\"}]},{\"@type\":\"WebSite\",\"@id\":\"https:\/\/nitu.mx\/#website\",\"url\":\"https:\/\/nitu.mx\/\",\"name\":\"Nitu - Noticias de la Industria Turistica\",\"description\":\"Noticias de la Industria Turistica\",\"publisher\":{\"@id\":\"https:\/\/nitu.mx\/#\/schema\/person\/ae7a53426417292d3dd07b45a33e01bc\"},\"alternateName\":\"Noticias de la Industria Turistica\",\"potentialAction\":[{\"@type\":\"SearchAction\",\"target\":{\"@type\":\"EntryPoint\",\"urlTemplate\":\"https:\/\/nitu.mx\/?s={search_term_string}\"},\"query-input\":\"required name=search_term_string\"}],\"inLanguage\":\"es-MX\"},{\"@type\":[\"Person\",\"Organization\"],\"@id\":\"https:\/\/nitu.mx\/#\/schema\/person\/ae7a53426417292d3dd07b45a33e01bc\",\"name\":\"Arturo Medina\",\"image\":{\"@type\":\"ImageObject\",\"inLanguage\":\"es-MX\",\"@id\":\"https:\/\/nitu.mx\/#\/schema\/person\/image\/\",\"url\":\"https:\/\/nitu.mx\/wp-content\/uploads\/2024\/04\/4A315622-1904-4D5C-B022-878CDC840E04-90x90-1.jpeg\",\"contentUrl\":\"https:\/\/nitu.mx\/wp-content\/uploads\/2024\/04\/4A315622-1904-4D5C-B022-878CDC840E04-90x90-1.jpeg\",\"width\":90,\"height\":90,\"caption\":\"Arturo Medina\"},\"logo\":{\"@id\":\"https:\/\/nitu.mx\/#\/schema\/person\/image\/\"},\"description\":\"Director NITU.mx, Egresado de la Escuela de Periodismo Carlos Septi\u00e9n Garc\u00eda. Periodista y analista especializado en turismo desde hace 35 a\u00f1os, radicado en Canc\u00fan Q.Roo. arturo@nitu.mx\",\"sameAs\":[\"https:\/\/nitu.mx\",\"https:\/\/www.facebook.com\/NITUmx\/\",\"medinacancun\",\"https:\/\/twitter.com\/@Arturo_Medina_G\"]},{\"@type\":\"Person\",\"@id\":\"https:\/\/nitu.mx\/#\/schema\/person\/4a28fe9bd65924f7c90623773daf1b0b\",\"name\":\"Redacci\u00f3n\",\"image\":{\"@type\":\"ImageObject\",\"inLanguage\":\"es-MX\",\"@id\":\"https:\/\/nitu.mx\/#\/schema\/person\/image\/\",\"url\":\"https:\/\/secure.gravatar.com\/avatar\/5dd011c8ccfc5cd7e4c81e42252aab38?s=96&d=mm&r=g\",\"contentUrl\":\"https:\/\/secure.gravatar.com\/avatar\/5dd011c8ccfc5cd7e4c81e42252aab38?s=96&d=mm&r=g\",\"caption\":\"Redacci\u00f3n\"},\"url\":\"https:\/\/nitu.mx\/index.php\/author\/redaccion\/\"}]}<\/script>\n<!-- \/ Yoast SEO plugin. -->","yoast_head_json":{"title":"Tras recomendaci\u00f3n de la OMS Canc\u00fan eleva estatus de alerta sanitaria a Fase 3 - Nitu - Noticias de la Industria Turistica","robots":{"index":"index","follow":"follow","max-snippet":"max-snippet:-1","max-image-preview":"max-image-preview:large","max-video-preview":"max-video-preview:-1"},"canonical":"https:\/\/nitu.mx\/index.php\/2020\/02\/27\/tras-recomendacion-de-la-oms-cancun-eleva-estatus-de-alerta-sanitaria-a-fase-3\/","twitter_card":"summary_large_image","twitter_title":"Tras recomendaci\u00f3n de la OMS Canc\u00fan eleva estatus de alerta sanitaria a Fase 3 - Nitu - Noticias de la Industria Turistica","twitter_description":"Tras la \u201crecomendaci\u00f3n\u201d de la Organizaci\u00f3n Mundial de la Salud (OMS) de prepararse para una \u201cpotencial pandemia\u201d por coronavirus COVID-19, el Aeropuerto Internacional de Canc\u00fan elev\u00f3 su estatus de alerta sanitaria a Fase 3, seg\u00fan el Plan de Contingencia Sanitaria de la OMS, report\u00f3 el coordinador de Sanidad Internacional, Javier Su\u00e1rez Estrada. \u201cLa Fase 3 [&hellip;]","twitter_image":"https:\/\/nitu.mx\/wp-content\/uploads\/2018\/02\/aeropuerto-cancun-amav.jpg","twitter_creator":"@NITUmx","twitter_site":"@Arturo_Medina_G","twitter_misc":{"Escrito por":"Redacci\u00f3n","Tiempo de lectura":"3 minutos"},"schema":{"@context":"https:\/\/schema.org","@graph":[{"@type":"Article","@id":"https:\/\/nitu.mx\/index.php\/2020\/02\/27\/tras-recomendacion-de-la-oms-cancun-eleva-estatus-de-alerta-sanitaria-a-fase-3\/#article","isPartOf":{"@id":"https:\/\/nitu.mx\/index.php\/2020\/02\/27\/tras-recomendacion-de-la-oms-cancun-eleva-estatus-de-alerta-sanitaria-a-fase-3\/"},"author":{"name":"Redacci\u00f3n","@id":"https:\/\/nitu.mx\/#\/schema\/person\/4a28fe9bd65924f7c90623773daf1b0b"},"headline":"Tras recomendaci\u00f3n de la OMS Canc\u00fan eleva estatus de alerta sanitaria a Fase 3","datePublished":"2020-02-27T06:18:43+00:00","dateModified":"2020-02-27T06:57:48+00:00","mainEntityOfPage":{"@id":"https:\/\/nitu.mx\/index.php\/2020\/02\/27\/tras-recomendacion-de-la-oms-cancun-eleva-estatus-de-alerta-sanitaria-a-fase-3\/"},"wordCount":634,"commentCount":0,"publisher":{"@id":"https:\/\/nitu.mx\/#\/schema\/person\/ae7a53426417292d3dd07b45a33e01bc"},"image":{"@id":"https:\/\/nitu.mx\/index.php\/2020\/02\/27\/tras-recomendacion-de-la-oms-cancun-eleva-estatus-de-alerta-sanitaria-a-fase-3\/#primaryimage"},"thumbnailUrl":"https:\/\/nitu.mx\/wp-content\/uploads\/2018\/02\/aeropuerto-cancun-amav.jpg","keywords":["Alerta sanitaria","Canc\u00fan","Coronavirus","Javier Su\u00e1rez Estrada","OMS"],"articleSection":["Caribe Mexicano","M\u00e9xico"],"inLanguage":"es-MX","potentialAction":[{"@type":"CommentAction","name":"Comment","target":["https:\/\/nitu.mx\/index.php\/2020\/02\/27\/tras-recomendacion-de-la-oms-cancun-eleva-estatus-de-alerta-sanitaria-a-fase-3\/#respond"]}]},{"@type":"WebPage","@id":"https:\/\/nitu.mx\/index.php\/2020\/02\/27\/tras-recomendacion-de-la-oms-cancun-eleva-estatus-de-alerta-sanitaria-a-fase-3\/","url":"https:\/\/nitu.mx\/index.php\/2020\/02\/27\/tras-recomendacion-de-la-oms-cancun-eleva-estatus-de-alerta-sanitaria-a-fase-3\/","name":"Tras recomendaci\u00f3n de la OMS Canc\u00fan eleva estatus de alerta sanitaria a Fase 3 - Nitu - Noticias de la Industria Turistica","isPartOf":{"@id":"https:\/\/nitu.mx\/#website"},"primaryImageOfPage":{"@id":"https:\/\/nitu.mx\/index.php\/2020\/02\/27\/tras-recomendacion-de-la-oms-cancun-eleva-estatus-de-alerta-sanitaria-a-fase-3\/#primaryimage"},"image":{"@id":"https:\/\/nitu.mx\/index.php\/2020\/02\/27\/tras-recomendacion-de-la-oms-cancun-eleva-estatus-de-alerta-sanitaria-a-fase-3\/#primaryimage"},"thumbnailUrl":"https:\/\/nitu.mx\/wp-content\/uploads\/2018\/02\/aeropuerto-cancun-amav.jpg","datePublished":"2020-02-27T06:18:43+00:00","dateModified":"2020-02-27T06:57:48+00:00","breadcrumb":{"@id":"https:\/\/nitu.mx\/index.php\/2020\/02\/27\/tras-recomendacion-de-la-oms-cancun-eleva-estatus-de-alerta-sanitaria-a-fase-3\/#breadcrumb"},"inLanguage":"es-MX","potentialAction":[{"@type":"ReadAction","target":["https:\/\/nitu.mx\/index.php\/2020\/02\/27\/tras-recomendacion-de-la-oms-cancun-eleva-estatus-de-alerta-sanitaria-a-fase-3\/"]}]},{"@type":"ImageObject","inLanguage":"es-MX","@id":"https:\/\/nitu.mx\/index.php\/2020\/02\/27\/tras-recomendacion-de-la-oms-cancun-eleva-estatus-de-alerta-sanitaria-a-fase-3\/#primaryimage","url":"https:\/\/nitu.mx\/wp-content\/uploads\/2018\/02\/aeropuerto-cancun-amav.jpg","contentUrl":"https:\/\/nitu.mx\/wp-content\/uploads\/2018\/02\/aeropuerto-cancun-amav.jpg","width":850,"height":480,"caption":"aeropuerto cancun amav profeco"},{"@type":"BreadcrumbList","@id":"https:\/\/nitu.mx\/index.php\/2020\/02\/27\/tras-recomendacion-de-la-oms-cancun-eleva-estatus-de-alerta-sanitaria-a-fase-3\/#breadcrumb","itemListElement":[{"@type":"ListItem","position":1,"name":"Inicio","item":"https:\/\/nitu.mx\/"},{"@type":"ListItem","position":2,"name":"Tras recomendaci\u00f3n de la OMS Canc\u00fan eleva estatus de alerta sanitaria a Fase 3"}]},{"@type":"WebSite","@id":"https:\/\/nitu.mx\/#website","url":"https:\/\/nitu.mx\/","name":"Nitu - Noticias de la Industria Turistica","description":"Noticias de la Industria Turistica","publisher":{"@id":"https:\/\/nitu.mx\/#\/schema\/person\/ae7a53426417292d3dd07b45a33e01bc"},"alternateName":"Noticias de la Industria Turistica","potentialAction":[{"@type":"SearchAction","target":{"@type":"EntryPoint","urlTemplate":"https:\/\/nitu.mx\/?s={search_term_string}"},"query-input":"required name=search_term_string"}],"inLanguage":"es-MX"},{"@type":["Person","Organization"],"@id":"https:\/\/nitu.mx\/#\/schema\/person\/ae7a53426417292d3dd07b45a33e01bc","name":"Arturo Medina","image":{"@type":"ImageObject","inLanguage":"es-MX","@id":"https:\/\/nitu.mx\/#\/schema\/person\/image\/","url":"https:\/\/nitu.mx\/wp-content\/uploads\/2024\/04\/4A315622-1904-4D5C-B022-878CDC840E04-90x90-1.jpeg","contentUrl":"https:\/\/nitu.mx\/wp-content\/uploads\/2024\/04\/4A315622-1904-4D5C-B022-878CDC840E04-90x90-1.jpeg","width":90,"height":90,"caption":"Arturo Medina"},"logo":{"@id":"https:\/\/nitu.mx\/#\/schema\/person\/image\/"},"description":"Director NITU.mx, Egresado de la Escuela de Periodismo Carlos Septi\u00e9n Garc\u00eda. Periodista y analista especializado en turismo desde hace 35 a\u00f1os, radicado en Canc\u00fan Q.Roo. arturo@nitu.mx","sameAs":["https:\/\/nitu.mx","https:\/\/www.facebook.com\/NITUmx\/","medinacancun","https:\/\/twitter.com\/@Arturo_Medina_G"]},{"@type":"Person","@id":"https:\/\/nitu.mx\/#\/schema\/person\/4a28fe9bd65924f7c90623773daf1b0b","name":"Redacci\u00f3n","image":{"@type":"ImageObject","inLanguage":"es-MX","@id":"https:\/\/nitu.mx\/#\/schema\/person\/image\/","url":"https:\/\/secure.gravatar.com\/avatar\/5dd011c8ccfc5cd7e4c81e42252aab38?s=96&d=mm&r=g","contentUrl":"https:\/\/secure.gravatar.com\/avatar\/5dd011c8ccfc5cd7e4c81e42252aab38?s=96&d=mm&r=g","caption":"Redacci\u00f3n"},"url":"https:\/\/nitu.mx\/index.php\/author\/redaccion\/"}]}},"views":375,"_links":{"self":[{"href":"https:\/\/nitu.mx\/index.php\/wp-json\/wp\/v2\/posts\/40406"}],"collection":[{"href":"https:\/\/nitu.mx\/index.php\/wp-json\/wp\/v2\/posts"}],"about":[{"href":"https:\/\/nitu.mx\/index.php\/wp-json\/wp\/v2\/types\/post"}],"author":[{"embeddable":true,"href":"https:\/\/nitu.mx\/index.php\/wp-json\/wp\/v2\/users\/17"}],"replies":[{"embeddable":true,"href":"https:\/\/nitu.mx\/index.php\/wp-json\/wp\/v2\/comments?post=40406"}],"version-history":[{"count":2,"href":"https:\/\/nitu.mx\/index.php\/wp-json\/wp\/v2\/posts\/40406\/revisions"}],"predecessor-version":[{"id":40416,"href":"https:\/\/nitu.mx\/index.php\/wp-json\/wp\/v2\/posts\/40406\/revisions\/40416"}],"wp:featuredmedia":[{"embeddable":true,"href":"https:\/\/nitu.mx\/index.php\/wp-json\/wp\/v2\/media\/17324"}],"wp:attachment":[{"href":"https:\/\/nitu.mx\/index.php\/wp-json\/wp\/v2\/media?parent=40406"}],"wp:term":[{"taxonomy":"category","embeddable":true,"href":"https:\/\/nitu.mx\/index.php\/wp-json\/wp\/v2\/categories?post=40406"},{"taxonomy":"post_tag","embeddable":true,"href":"https:\/\/nitu.mx\/index.php\/wp-json\/wp\/v2\/tags?post=40406"}],"curies":[{"name":"wp","href":"https:\/\/api.w.org\/{rel}","templated":true}]}}