{"id":40323,"date":"2020-02-25T01:10:18","date_gmt":"2020-02-25T06:10:18","guid":{"rendered":"https:\/\/www.dev.nitu.mx\/?p=40323"},"modified":"2020-02-25T01:42:34","modified_gmt":"2020-02-25T06:42:34","slug":"llevara-puerto-morelos-sus-sabores-colores-y-aventura-a-la-vitrina-turistica-anato-2020","status":"publish","type":"post","link":"https:\/\/nitu.mx\/index.php\/2020\/02\/25\/llevara-puerto-morelos-sus-sabores-colores-y-aventura-a-la-vitrina-turistica-anato-2020\/","title":{"rendered":"Llevar\u00e1 Puerto Morelos sus sabores, colores y aventura a la vitrina tur\u00edstica ANATO 2020"},"content":{"rendered":"<p>La Vitrina Tur\u00edstica ANATO se ha convertido en la principal feria para promover a Puerto Morelos en Am\u00e9rica Latina, por eso, en la edici\u00f3n de este 2020, llevaremos un amplio cat\u00e1logo de atractivos para cautivar a los viajeros que aman los sabores, los olores y los colores, pero sobre todo la aventura en contacto con la naturaleza, coment\u00f3 la alcaldesa Laura Fern\u00e1ndez Pi\u00f1a.<\/p>\n<p>La ANATO, que se llevar\u00e1 a cabo del 26 al 28 de febrero en Bogot\u00e1, Colombia, es considerada una de las principales ferias del turismo internacional en Latinoam\u00e9rica, con la presencia de mayoristas y tour operadores de la regi\u00f3n y otras partes del mundo. En esta edici\u00f3n participar\u00e1n 36 pa\u00edses, incluido M\u00e9xico, y poco m\u00e1s de 39 mil personas.<\/p>\n<p>\u201cColombia y Sudam\u00e9rica en general representan un mercado potencial para el Caribe Mexicano, con mayor presencia de vacacionistas de la regi\u00f3n cada a\u00f1o, de ah\u00ed la relevancia de seguir acudiendo a este evento para mostrar lo que Puerto Morelos puede ofrecer como destino tur\u00edstico\u201d, coment\u00f3 la Presidenta Municipal.<\/p>\n<p>Fern\u00e1ndez Pi\u00f1a explic\u00f3 que Puerto Morelos es olor y sabor con su vasta gastronom\u00eda capaz de enamorar a los m\u00e1s exigentes paladares en su amplia variedad de restaurantes; es color con su blanca arena, el azul turquesa del mar Caribe y el verde de su exuberante selva de la Ruta de los Cenotes y sus manglares. (<a title=\"Reafirma Puerto Morelos su posicionamiento como destino gastron\u00f3mico y deportivo\" href=\"https:\/\/www.dev.nitu.mx\/index.php\/2020\/02\/24\/reafirma-puerto-morelos-su-posicionamiento-como-destino-gastronomico-y-deportivo\/\" rel=\"bookmark\">Reafirma Puerto Morelos su posicionamiento como destino gastron\u00f3mico y deportivo<\/a>).<\/p>\n<p>\u201cSomos el principal destino de aventura de M\u00e9xico, reconocimiento que obtuvimos el a\u00f1o pasado durante los World Travel Awards y que nos ha abierto las puertas a nuevos mercados. Nuestra Ruta de los Cenotes y sus m\u00e1s de 20 parques ecotur\u00edsticos son un im\u00e1n para quienes gustan de tener un contacto directo con la naturaleza\u201d, coment\u00f3.<\/p>\n<p>Por su parte, H\u00e9ctor Tamayo S\u00e1nchez, Secretario Municipal de Desarrollo Econ\u00f3mico y Turismo del Municipio, destac\u00f3 que el participar en las principales ferias tur\u00edsticas del mundo, permite a Puerto Morelos potenciarse como destino, al poder ofrecer su riqueza natural, cultural, gastron\u00f3mica e hist\u00f3rica.<\/p>\n<p>\u201cEn Colombia trabajaremos de la mano con agencias de viajes, mayoristas y tour operadores de la regi\u00f3n para presentar nuestra oferta tur\u00edstica. Contamos con m\u00e1s de 7,000 cuartos de hotel y estamos ubicados en una posici\u00f3n estrat\u00e9gica en Quintana Roo, a solo 15 minutos del aeropuerto internacional de Canc\u00fan, que nos ayudan en esta labor de venta de cara a las pr\u00f3ximas temporadas vacacionales de este 2020\u201d, indic\u00f3 el funcionario, quien representar\u00e1 a Puerto Morelos en la ANATO.<\/p>\n","protected":false},"excerpt":{"rendered":"<p>La Vitrina Tur\u00edstica ANATO se ha convertido en la principal feria para promover a Puerto Morelos en Am\u00e9rica Latina, por eso, en la edici\u00f3n de este 2020, llevaremos un amplio cat\u00e1logo de atractivos para cautivar a los viajeros que aman los sabores, los olores y los colores, pero sobre todo la aventura en contacto con [&hellip;]<\/p>\n","protected":false},"author":17,"featured_media":40338,"comment_status":"open","ping_status":"open","sticky":false,"template":"","format":"standard","meta":{"footnotes":""},"categories":[5,374],"tags":[83,18927,18928,18929,260,249],"yoast_head":"<!-- This site is optimized with the Yoast SEO plugin v22.2 - https:\/\/yoast.com\/wordpress\/plugins\/seo\/ -->\n<title>Llevar\u00e1 Puerto Morelos sus sabores, colores y aventura a la vitrina tur\u00edstica ANATO 2020 - Nitu - Noticias de la Industria Turistica<\/title>\n<meta name=\"robots\" content=\"index, follow, max-snippet:-1, max-image-preview:large, max-video-preview:-1\" \/>\n<link rel=\"canonical\" href=\"https:\/\/nitu.mx\/index.php\/2020\/02\/25\/llevara-puerto-morelos-sus-sabores-colores-y-aventura-a-la-vitrina-turistica-anato-2020\/\" \/>\n<meta name=\"twitter:card\" content=\"summary_large_image\" \/>\n<meta name=\"twitter:title\" content=\"Llevar\u00e1 Puerto Morelos sus sabores, colores y aventura a la vitrina tur\u00edstica ANATO 2020 - Nitu - Noticias de la Industria Turistica\" \/>\n<meta name=\"twitter:description\" content=\"La Vitrina Tur\u00edstica ANATO se ha convertido en la principal feria para promover a Puerto Morelos en Am\u00e9rica Latina, por eso, en la edici\u00f3n de este 2020, llevaremos un amplio cat\u00e1logo de atractivos para cautivar a los viajeros que aman los sabores, los olores y los colores, pero sobre todo la aventura en contacto con [&hellip;]\" \/>\n<meta name=\"twitter:image\" content=\"https:\/\/nitu.mx\/wp-content\/uploads\/2020\/02\/Puerto-Morelos.jpg\" \/>\n<meta name=\"twitter:creator\" content=\"@NITUmx\" \/>\n<meta name=\"twitter:site\" content=\"@Arturo_Medina_G\" \/>\n<meta name=\"twitter:label1\" content=\"Escrito por\" \/>\n\t<meta name=\"twitter:data1\" content=\"Redacci\u00f3n\" \/>\n\t<meta name=\"twitter:label2\" content=\"Tiempo de lectura\" \/>\n\t<meta name=\"twitter:data2\" content=\"2 minutos\" \/>\n<script type=\"application\/ld+json\" class=\"yoast-schema-graph\">{\"@context\":\"https:\/\/schema.org\",\"@graph\":[{\"@type\":\"Article\",\"@id\":\"https:\/\/nitu.mx\/index.php\/2020\/02\/25\/llevara-puerto-morelos-sus-sabores-colores-y-aventura-a-la-vitrina-turistica-anato-2020\/#article\",\"isPartOf\":{\"@id\":\"https:\/\/nitu.mx\/index.php\/2020\/02\/25\/llevara-puerto-morelos-sus-sabores-colores-y-aventura-a-la-vitrina-turistica-anato-2020\/\"},\"author\":{\"name\":\"Redacci\u00f3n\",\"@id\":\"https:\/\/nitu.mx\/#\/schema\/person\/4a28fe9bd65924f7c90623773daf1b0b\"},\"headline\":\"Llevar\u00e1 Puerto Morelos sus sabores, colores y aventura a la vitrina tur\u00edstica ANATO 2020\",\"datePublished\":\"2020-02-25T06:10:18+00:00\",\"dateModified\":\"2020-02-25T06:42:34+00:00\",\"mainEntityOfPage\":{\"@id\":\"https:\/\/nitu.mx\/index.php\/2020\/02\/25\/llevara-puerto-morelos-sus-sabores-colores-y-aventura-a-la-vitrina-turistica-anato-2020\/\"},\"wordCount\":458,\"commentCount\":0,\"publisher\":{\"@id\":\"https:\/\/nitu.mx\/#\/schema\/person\/ae7a53426417292d3dd07b45a33e01bc\"},\"image\":{\"@id\":\"https:\/\/nitu.mx\/index.php\/2020\/02\/25\/llevara-puerto-morelos-sus-sabores-colores-y-aventura-a-la-vitrina-turistica-anato-2020\/#primaryimage\"},\"thumbnailUrl\":\"https:\/\/nitu.mx\/wp-content\/uploads\/2020\/02\/Puerto-Morelos.jpg\",\"keywords\":[\"Caribe mexicano\",\"Estado de Quintana Roo en Am\u00e9rica Latina\",\"Laura Fern\u00e1ndez Pi\u00f1a. Colombia\",\"Presidenta Municipal de Puerto Morelos. Puerto Morelos\",\"Quintana Roo\",\"Sudam\u00e9rica\"],\"articleSection\":[\"Destinos\",\"Internacional\"],\"inLanguage\":\"es-MX\",\"potentialAction\":[{\"@type\":\"CommentAction\",\"name\":\"Comment\",\"target\":[\"https:\/\/nitu.mx\/index.php\/2020\/02\/25\/llevara-puerto-morelos-sus-sabores-colores-y-aventura-a-la-vitrina-turistica-anato-2020\/#respond\"]}]},{\"@type\":\"WebPage\",\"@id\":\"https:\/\/nitu.mx\/index.php\/2020\/02\/25\/llevara-puerto-morelos-sus-sabores-colores-y-aventura-a-la-vitrina-turistica-anato-2020\/\",\"url\":\"https:\/\/nitu.mx\/index.php\/2020\/02\/25\/llevara-puerto-morelos-sus-sabores-colores-y-aventura-a-la-vitrina-turistica-anato-2020\/\",\"name\":\"Llevar\u00e1 Puerto Morelos sus sabores, colores y aventura a la vitrina tur\u00edstica ANATO 2020 - Nitu - Noticias de la Industria Turistica\",\"isPartOf\":{\"@id\":\"https:\/\/nitu.mx\/#website\"},\"primaryImageOfPage\":{\"@id\":\"https:\/\/nitu.mx\/index.php\/2020\/02\/25\/llevara-puerto-morelos-sus-sabores-colores-y-aventura-a-la-vitrina-turistica-anato-2020\/#primaryimage\"},\"image\":{\"@id\":\"https:\/\/nitu.mx\/index.php\/2020\/02\/25\/llevara-puerto-morelos-sus-sabores-colores-y-aventura-a-la-vitrina-turistica-anato-2020\/#primaryimage\"},\"thumbnailUrl\":\"https:\/\/nitu.mx\/wp-content\/uploads\/2020\/02\/Puerto-Morelos.jpg\",\"datePublished\":\"2020-02-25T06:10:18+00:00\",\"dateModified\":\"2020-02-25T06:42:34+00:00\",\"breadcrumb\":{\"@id\":\"https:\/\/nitu.mx\/index.php\/2020\/02\/25\/llevara-puerto-morelos-sus-sabores-colores-y-aventura-a-la-vitrina-turistica-anato-2020\/#breadcrumb\"},\"inLanguage\":\"es-MX\",\"potentialAction\":[{\"@type\":\"ReadAction\",\"target\":[\"https:\/\/nitu.mx\/index.php\/2020\/02\/25\/llevara-puerto-morelos-sus-sabores-colores-y-aventura-a-la-vitrina-turistica-anato-2020\/\"]}]},{\"@type\":\"ImageObject\",\"inLanguage\":\"es-MX\",\"@id\":\"https:\/\/nitu.mx\/index.php\/2020\/02\/25\/llevara-puerto-morelos-sus-sabores-colores-y-aventura-a-la-vitrina-turistica-anato-2020\/#primaryimage\",\"url\":\"https:\/\/nitu.mx\/wp-content\/uploads\/2020\/02\/Puerto-Morelos.jpg\",\"contentUrl\":\"https:\/\/nitu.mx\/wp-content\/uploads\/2020\/02\/Puerto-Morelos.jpg\",\"width\":850,\"height\":480,\"caption\":\"Puerto Morelos\"},{\"@type\":\"BreadcrumbList\",\"@id\":\"https:\/\/nitu.mx\/index.php\/2020\/02\/25\/llevara-puerto-morelos-sus-sabores-colores-y-aventura-a-la-vitrina-turistica-anato-2020\/#breadcrumb\",\"itemListElement\":[{\"@type\":\"ListItem\",\"position\":1,\"name\":\"Inicio\",\"item\":\"https:\/\/nitu.mx\/\"},{\"@type\":\"ListItem\",\"position\":2,\"name\":\"Llevar\u00e1 Puerto Morelos sus sabores, colores y aventura a la vitrina tur\u00edstica ANATO 2020\"}]},{\"@type\":\"WebSite\",\"@id\":\"https:\/\/nitu.mx\/#website\",\"url\":\"https:\/\/nitu.mx\/\",\"name\":\"Nitu - Noticias de la Industria Turistica\",\"description\":\"Noticias de la Industria Turistica\",\"publisher\":{\"@id\":\"https:\/\/nitu.mx\/#\/schema\/person\/ae7a53426417292d3dd07b45a33e01bc\"},\"alternateName\":\"Noticias de la Industria Turistica\",\"potentialAction\":[{\"@type\":\"SearchAction\",\"target\":{\"@type\":\"EntryPoint\",\"urlTemplate\":\"https:\/\/nitu.mx\/?s={search_term_string}\"},\"query-input\":\"required name=search_term_string\"}],\"inLanguage\":\"es-MX\"},{\"@type\":[\"Person\",\"Organization\"],\"@id\":\"https:\/\/nitu.mx\/#\/schema\/person\/ae7a53426417292d3dd07b45a33e01bc\",\"name\":\"Arturo Medina\",\"image\":{\"@type\":\"ImageObject\",\"inLanguage\":\"es-MX\",\"@id\":\"https:\/\/nitu.mx\/#\/schema\/person\/image\/\",\"url\":\"https:\/\/nitu.mx\/wp-content\/uploads\/2024\/04\/4A315622-1904-4D5C-B022-878CDC840E04-90x90-1.jpeg\",\"contentUrl\":\"https:\/\/nitu.mx\/wp-content\/uploads\/2024\/04\/4A315622-1904-4D5C-B022-878CDC840E04-90x90-1.jpeg\",\"width\":90,\"height\":90,\"caption\":\"Arturo Medina\"},\"logo\":{\"@id\":\"https:\/\/nitu.mx\/#\/schema\/person\/image\/\"},\"description\":\"Director NITU.mx, Egresado de la Escuela de Periodismo Carlos Septi\u00e9n Garc\u00eda. Periodista y analista especializado en turismo desde hace 35 a\u00f1os, radicado en Canc\u00fan Q.Roo. arturo@nitu.mx\",\"sameAs\":[\"https:\/\/nitu.mx\",\"https:\/\/www.facebook.com\/NITUmx\/\",\"medinacancun\",\"https:\/\/twitter.com\/@Arturo_Medina_G\"]},{\"@type\":\"Person\",\"@id\":\"https:\/\/nitu.mx\/#\/schema\/person\/4a28fe9bd65924f7c90623773daf1b0b\",\"name\":\"Redacci\u00f3n\",\"image\":{\"@type\":\"ImageObject\",\"inLanguage\":\"es-MX\",\"@id\":\"https:\/\/nitu.mx\/#\/schema\/person\/image\/\",\"url\":\"https:\/\/secure.gravatar.com\/avatar\/5dd011c8ccfc5cd7e4c81e42252aab38?s=96&d=mm&r=g\",\"contentUrl\":\"https:\/\/secure.gravatar.com\/avatar\/5dd011c8ccfc5cd7e4c81e42252aab38?s=96&d=mm&r=g\",\"caption\":\"Redacci\u00f3n\"},\"url\":\"https:\/\/nitu.mx\/index.php\/author\/redaccion\/\"}]}<\/script>\n<!-- \/ Yoast SEO plugin. -->","yoast_head_json":{"title":"Llevar\u00e1 Puerto Morelos sus sabores, colores y aventura a la vitrina tur\u00edstica ANATO 2020 - Nitu - Noticias de la Industria Turistica","robots":{"index":"index","follow":"follow","max-snippet":"max-snippet:-1","max-image-preview":"max-image-preview:large","max-video-preview":"max-video-preview:-1"},"canonical":"https:\/\/nitu.mx\/index.php\/2020\/02\/25\/llevara-puerto-morelos-sus-sabores-colores-y-aventura-a-la-vitrina-turistica-anato-2020\/","twitter_card":"summary_large_image","twitter_title":"Llevar\u00e1 Puerto Morelos sus sabores, colores y aventura a la vitrina tur\u00edstica ANATO 2020 - Nitu - Noticias de la Industria Turistica","twitter_description":"La Vitrina Tur\u00edstica ANATO se ha convertido en la principal feria para promover a Puerto Morelos en Am\u00e9rica Latina, por eso, en la edici\u00f3n de este 2020, llevaremos un amplio cat\u00e1logo de atractivos para cautivar a los viajeros que aman los sabores, los olores y los colores, pero sobre todo la aventura en contacto con [&hellip;]","twitter_image":"https:\/\/nitu.mx\/wp-content\/uploads\/2020\/02\/Puerto-Morelos.jpg","twitter_creator":"@NITUmx","twitter_site":"@Arturo_Medina_G","twitter_misc":{"Escrito por":"Redacci\u00f3n","Tiempo de lectura":"2 minutos"},"schema":{"@context":"https:\/\/schema.org","@graph":[{"@type":"Article","@id":"https:\/\/nitu.mx\/index.php\/2020\/02\/25\/llevara-puerto-morelos-sus-sabores-colores-y-aventura-a-la-vitrina-turistica-anato-2020\/#article","isPartOf":{"@id":"https:\/\/nitu.mx\/index.php\/2020\/02\/25\/llevara-puerto-morelos-sus-sabores-colores-y-aventura-a-la-vitrina-turistica-anato-2020\/"},"author":{"name":"Redacci\u00f3n","@id":"https:\/\/nitu.mx\/#\/schema\/person\/4a28fe9bd65924f7c90623773daf1b0b"},"headline":"Llevar\u00e1 Puerto Morelos sus sabores, colores y aventura a la vitrina tur\u00edstica ANATO 2020","datePublished":"2020-02-25T06:10:18+00:00","dateModified":"2020-02-25T06:42:34+00:00","mainEntityOfPage":{"@id":"https:\/\/nitu.mx\/index.php\/2020\/02\/25\/llevara-puerto-morelos-sus-sabores-colores-y-aventura-a-la-vitrina-turistica-anato-2020\/"},"wordCount":458,"commentCount":0,"publisher":{"@id":"https:\/\/nitu.mx\/#\/schema\/person\/ae7a53426417292d3dd07b45a33e01bc"},"image":{"@id":"https:\/\/nitu.mx\/index.php\/2020\/02\/25\/llevara-puerto-morelos-sus-sabores-colores-y-aventura-a-la-vitrina-turistica-anato-2020\/#primaryimage"},"thumbnailUrl":"https:\/\/nitu.mx\/wp-content\/uploads\/2020\/02\/Puerto-Morelos.jpg","keywords":["Caribe mexicano","Estado de Quintana Roo en Am\u00e9rica Latina","Laura Fern\u00e1ndez Pi\u00f1a. Colombia","Presidenta Municipal de Puerto Morelos. Puerto Morelos","Quintana Roo","Sudam\u00e9rica"],"articleSection":["Destinos","Internacional"],"inLanguage":"es-MX","potentialAction":[{"@type":"CommentAction","name":"Comment","target":["https:\/\/nitu.mx\/index.php\/2020\/02\/25\/llevara-puerto-morelos-sus-sabores-colores-y-aventura-a-la-vitrina-turistica-anato-2020\/#respond"]}]},{"@type":"WebPage","@id":"https:\/\/nitu.mx\/index.php\/2020\/02\/25\/llevara-puerto-morelos-sus-sabores-colores-y-aventura-a-la-vitrina-turistica-anato-2020\/","url":"https:\/\/nitu.mx\/index.php\/2020\/02\/25\/llevara-puerto-morelos-sus-sabores-colores-y-aventura-a-la-vitrina-turistica-anato-2020\/","name":"Llevar\u00e1 Puerto Morelos sus sabores, colores y aventura a la vitrina tur\u00edstica ANATO 2020 - Nitu - Noticias de la Industria Turistica","isPartOf":{"@id":"https:\/\/nitu.mx\/#website"},"primaryImageOfPage":{"@id":"https:\/\/nitu.mx\/index.php\/2020\/02\/25\/llevara-puerto-morelos-sus-sabores-colores-y-aventura-a-la-vitrina-turistica-anato-2020\/#primaryimage"},"image":{"@id":"https:\/\/nitu.mx\/index.php\/2020\/02\/25\/llevara-puerto-morelos-sus-sabores-colores-y-aventura-a-la-vitrina-turistica-anato-2020\/#primaryimage"},"thumbnailUrl":"https:\/\/nitu.mx\/wp-content\/uploads\/2020\/02\/Puerto-Morelos.jpg","datePublished":"2020-02-25T06:10:18+00:00","dateModified":"2020-02-25T06:42:34+00:00","breadcrumb":{"@id":"https:\/\/nitu.mx\/index.php\/2020\/02\/25\/llevara-puerto-morelos-sus-sabores-colores-y-aventura-a-la-vitrina-turistica-anato-2020\/#breadcrumb"},"inLanguage":"es-MX","potentialAction":[{"@type":"ReadAction","target":["https:\/\/nitu.mx\/index.php\/2020\/02\/25\/llevara-puerto-morelos-sus-sabores-colores-y-aventura-a-la-vitrina-turistica-anato-2020\/"]}]},{"@type":"ImageObject","inLanguage":"es-MX","@id":"https:\/\/nitu.mx\/index.php\/2020\/02\/25\/llevara-puerto-morelos-sus-sabores-colores-y-aventura-a-la-vitrina-turistica-anato-2020\/#primaryimage","url":"https:\/\/nitu.mx\/wp-content\/uploads\/2020\/02\/Puerto-Morelos.jpg","contentUrl":"https:\/\/nitu.mx\/wp-content\/uploads\/2020\/02\/Puerto-Morelos.jpg","width":850,"height":480,"caption":"Puerto Morelos"},{"@type":"BreadcrumbList","@id":"https:\/\/nitu.mx\/index.php\/2020\/02\/25\/llevara-puerto-morelos-sus-sabores-colores-y-aventura-a-la-vitrina-turistica-anato-2020\/#breadcrumb","itemListElement":[{"@type":"ListItem","position":1,"name":"Inicio","item":"https:\/\/nitu.mx\/"},{"@type":"ListItem","position":2,"name":"Llevar\u00e1 Puerto Morelos sus sabores, colores y aventura a la vitrina tur\u00edstica ANATO 2020"}]},{"@type":"WebSite","@id":"https:\/\/nitu.mx\/#website","url":"https:\/\/nitu.mx\/","name":"Nitu - Noticias de la Industria Turistica","description":"Noticias de la Industria Turistica","publisher":{"@id":"https:\/\/nitu.mx\/#\/schema\/person\/ae7a53426417292d3dd07b45a33e01bc"},"alternateName":"Noticias de la Industria Turistica","potentialAction":[{"@type":"SearchAction","target":{"@type":"EntryPoint","urlTemplate":"https:\/\/nitu.mx\/?s={search_term_string}"},"query-input":"required name=search_term_string"}],"inLanguage":"es-MX"},{"@type":["Person","Organization"],"@id":"https:\/\/nitu.mx\/#\/schema\/person\/ae7a53426417292d3dd07b45a33e01bc","name":"Arturo Medina","image":{"@type":"ImageObject","inLanguage":"es-MX","@id":"https:\/\/nitu.mx\/#\/schema\/person\/image\/","url":"https:\/\/nitu.mx\/wp-content\/uploads\/2024\/04\/4A315622-1904-4D5C-B022-878CDC840E04-90x90-1.jpeg","contentUrl":"https:\/\/nitu.mx\/wp-content\/uploads\/2024\/04\/4A315622-1904-4D5C-B022-878CDC840E04-90x90-1.jpeg","width":90,"height":90,"caption":"Arturo Medina"},"logo":{"@id":"https:\/\/nitu.mx\/#\/schema\/person\/image\/"},"description":"Director NITU.mx, Egresado de la Escuela de Periodismo Carlos Septi\u00e9n Garc\u00eda. Periodista y analista especializado en turismo desde hace 35 a\u00f1os, radicado en Canc\u00fan Q.Roo. arturo@nitu.mx","sameAs":["https:\/\/nitu.mx","https:\/\/www.facebook.com\/NITUmx\/","medinacancun","https:\/\/twitter.com\/@Arturo_Medina_G"]},{"@type":"Person","@id":"https:\/\/nitu.mx\/#\/schema\/person\/4a28fe9bd65924f7c90623773daf1b0b","name":"Redacci\u00f3n","image":{"@type":"ImageObject","inLanguage":"es-MX","@id":"https:\/\/nitu.mx\/#\/schema\/person\/image\/","url":"https:\/\/secure.gravatar.com\/avatar\/5dd011c8ccfc5cd7e4c81e42252aab38?s=96&d=mm&r=g","contentUrl":"https:\/\/secure.gravatar.com\/avatar\/5dd011c8ccfc5cd7e4c81e42252aab38?s=96&d=mm&r=g","caption":"Redacci\u00f3n"},"url":"https:\/\/nitu.mx\/index.php\/author\/redaccion\/"}]}},"views":261,"_links":{"self":[{"href":"https:\/\/nitu.mx\/index.php\/wp-json\/wp\/v2\/posts\/40323"}],"collection":[{"href":"https:\/\/nitu.mx\/index.php\/wp-json\/wp\/v2\/posts"}],"about":[{"href":"https:\/\/nitu.mx\/index.php\/wp-json\/wp\/v2\/types\/post"}],"author":[{"embeddable":true,"href":"https:\/\/nitu.mx\/index.php\/wp-json\/wp\/v2\/users\/17"}],"replies":[{"embeddable":true,"href":"https:\/\/nitu.mx\/index.php\/wp-json\/wp\/v2\/comments?post=40323"}],"version-history":[{"count":2,"href":"https:\/\/nitu.mx\/index.php\/wp-json\/wp\/v2\/posts\/40323\/revisions"}],"predecessor-version":[{"id":40339,"href":"https:\/\/nitu.mx\/index.php\/wp-json\/wp\/v2\/posts\/40323\/revisions\/40339"}],"wp:featuredmedia":[{"embeddable":true,"href":"https:\/\/nitu.mx\/index.php\/wp-json\/wp\/v2\/media\/40338"}],"wp:attachment":[{"href":"https:\/\/nitu.mx\/index.php\/wp-json\/wp\/v2\/media?parent=40323"}],"wp:term":[{"taxonomy":"category","embeddable":true,"href":"https:\/\/nitu.mx\/index.php\/wp-json\/wp\/v2\/categories?post=40323"},{"taxonomy":"post_tag","embeddable":true,"href":"https:\/\/nitu.mx\/index.php\/wp-json\/wp\/v2\/tags?post=40323"}],"curies":[{"name":"wp","href":"https:\/\/api.w.org\/{rel}","templated":true}]}}