{"id":4028,"date":"2016-11-16T00:33:28","date_gmt":"2016-11-16T05:33:28","guid":{"rendered":"http:\/\/www.dev.nitu.mx\/?p=4028"},"modified":"2016-11-16T01:09:19","modified_gmt":"2016-11-16T06:09:19","slug":"nace-grupo-hotelero-prisma-mas-6-mil-cuartos","status":"publish","type":"post","link":"https:\/\/nitu.mx\/index.php\/2016\/11\/16\/nace-grupo-hotelero-prisma-mas-6-mil-cuartos\/","title":{"rendered":"Nace Grupo Hotelero Prisma con m\u00e1s de 6 mil cuartos"},"content":{"rendered":"<p>Con 42 propiedades y cerca de 6 mil 726 habitaciones nace el Grupo Hotelero Prisma, con un modelo de negocios completamente diferente a lo acostumbrado.<\/p>\n<p>Dentro de las m\u00e1s de 40 propiedades dijo en entrevista Rafael de la Mora CEO de Grupo Hotelero Prisma, lo que antes era el Grupo Hotelero Fibra Inn, cuentan con hoteles de importantes cadenas americanas como: Marriott, Starwood, IHG, Hilton y Wyndham, lo cual trae grandes beneficios para el inversionista que quiere participar, ya que en un mundo globalizado, el hu\u00e9sped lo que esta busca es un servicio estandarizado, busca encontrase con el mismo producto, con las mismas caracter\u00edsticas, \u201cEl mismo est\u00e1ndar de calidad pero con el linaje y cultura de servicio de Prisma avalado por m\u00e1s de siete d\u00e9cadas&#8221;, mencion\u00f3 De la Mora que ellos trajeron a M\u00e9xico la marca Double Tree y Hampton para M\u00e9xico.<\/p>\n<p>Detall\u00f3 que para los inversionistas, que quieran incursionar en el negocio de la hoteler\u00eda, Prisma les esta dando como principal activo su aprendizaje, ya que cuentan con una experiencia de 20 a\u00f1os trabajando con marcas extranjeras , \u201clas principales a nivel mundial\u201d, pues asever\u00f3 que ninguna cadena hotelera ofrece ese servicio y ese nivel de experiencia. El directivo se\u00f1al\u00f3 que en Grupo Prisma tambi\u00e9n cuentan con una propuesta de valor muy interesante para los colaboradores, pues aquellos que quieran capacitarse pueden conocer los est\u00e1ndares de las principales cadenas internacionales.<\/p>\n<p>Destac\u00f3 que otra ventaja del Grupo es que ellos no tienen que invertir en tecnolog\u00eda, pues todas las herramientas se las dan las diferentes marcas, dijo por ejemplo que IHG con la cual mantienen 14 propiedades invirti\u00f3 500 millones de d\u00f3lares en tecnolog\u00eda, con lo cual lograron que sus hu\u00e9spedes pudieran realizar su check in desde tu smartphone. \u201cLas nuevas tendencias d e mercado que se dan gracias a la tecnolog\u00eda, desafortunadamente es muy dif\u00edcil de tenerlas en las cadenas hoteleras mexicanas.<\/p>\n<p>De la Mora destac\u00f3 que Grupo Prisma naci\u00f3 por la necesidad de Fibra Inn de crear una Fibra Hotelera, y por cuestiones estrat\u00e9gicas as\u00ed Grupo Prisma se dedicar\u00e1 exclusivamente a la operaci\u00f3n de los inmuebles, y la otra a continuar con sus inversiones. \u201cAl estar separados como Grupo Hotelero Prisma podemos operar hoteles de terceros, as\u00ed como tambi\u00e9n Fibra Inn va a llegar a tener hoteles operados por otras cadenas\u201d.<\/p>\n<p>Asimismo se\u00f1al\u00f3 que su meta es crecer en Latinoam\u00e9rica, por lo cual se encuentran en el proceso de hacer un levantamiento de hoteles independientes, pues los que tienen una o dos propiedades requerir\u00e1n ayuda.<\/p>\n<p>Por \u00faltimo destac\u00f3 que Fibra Inn va a seguir invirtiendo en su cadena, por el momento ya tienen firmado un contrato de inversi\u00f3n hotelera, para operar un hotel JW Marriott en MTY.<\/p>\n","protected":false},"excerpt":{"rendered":"<p>Con 42 propiedades y cerca de 6 mil 726 habitaciones nace el Grupo Hotelero Prisma, con un modelo de negocios completamente diferente a lo acostumbrado. Dentro de las m\u00e1s de 40 propiedades dijo en entrevista Rafael de la Mora CEO de Grupo Hotelero Prisma, lo que antes era el Grupo Hotelero Fibra Inn, cuentan con [&hellip;]<\/p>\n","protected":false},"author":17,"featured_media":4034,"comment_status":"open","ping_status":"open","sticky":false,"template":"","format":"standard","meta":{"footnotes":""},"categories":[2,6],"tags":[1750,1747,1752,1748,1751,1749],"yoast_head":"<!-- This site is optimized with the Yoast SEO plugin v22.2 - https:\/\/yoast.com\/wordpress\/plugins\/seo\/ -->\n<title>Nace Grupo Hotelero Prisma con m\u00e1s de 6 mil cuartos - Nitu - Noticias de la Industria Turistica<\/title>\n<meta name=\"robots\" content=\"index, follow, max-snippet:-1, max-image-preview:large, max-video-preview:-1\" \/>\n<link rel=\"canonical\" href=\"https:\/\/nitu.mx\/index.php\/2016\/11\/16\/nace-grupo-hotelero-prisma-mas-6-mil-cuartos\/\" \/>\n<meta name=\"twitter:card\" content=\"summary_large_image\" \/>\n<meta name=\"twitter:title\" content=\"Nace Grupo Hotelero Prisma con m\u00e1s de 6 mil cuartos - Nitu - Noticias de la Industria Turistica\" \/>\n<meta name=\"twitter:description\" content=\"Con 42 propiedades y cerca de 6 mil 726 habitaciones nace el Grupo Hotelero Prisma, con un modelo de negocios completamente diferente a lo acostumbrado. Dentro de las m\u00e1s de 40 propiedades dijo en entrevista Rafael de la Mora CEO de Grupo Hotelero Prisma, lo que antes era el Grupo Hotelero Fibra Inn, cuentan con [&hellip;]\" \/>\n<meta name=\"twitter:image\" content=\"https:\/\/nitu.mx\/wp-content\/uploads\/2016\/11\/grupo-hotelero-prisma.png\" \/>\n<meta name=\"twitter:creator\" content=\"@NITUmx\" \/>\n<meta name=\"twitter:site\" content=\"@Arturo_Medina_G\" \/>\n<meta name=\"twitter:label1\" content=\"Escrito por\" \/>\n\t<meta name=\"twitter:data1\" content=\"Redacci\u00f3n\" \/>\n\t<meta name=\"twitter:label2\" content=\"Tiempo de lectura\" \/>\n\t<meta name=\"twitter:data2\" content=\"2 minutos\" \/>\n<script type=\"application\/ld+json\" class=\"yoast-schema-graph\">{\"@context\":\"https:\/\/schema.org\",\"@graph\":[{\"@type\":\"Article\",\"@id\":\"https:\/\/nitu.mx\/index.php\/2016\/11\/16\/nace-grupo-hotelero-prisma-mas-6-mil-cuartos\/#article\",\"isPartOf\":{\"@id\":\"https:\/\/nitu.mx\/index.php\/2016\/11\/16\/nace-grupo-hotelero-prisma-mas-6-mil-cuartos\/\"},\"author\":{\"name\":\"Redacci\u00f3n\",\"@id\":\"https:\/\/nitu.mx\/#\/schema\/person\/4a28fe9bd65924f7c90623773daf1b0b\"},\"headline\":\"Nace Grupo Hotelero Prisma con m\u00e1s de 6 mil cuartos\",\"datePublished\":\"2016-11-16T05:33:28+00:00\",\"dateModified\":\"2016-11-16T06:09:19+00:00\",\"mainEntityOfPage\":{\"@id\":\"https:\/\/nitu.mx\/index.php\/2016\/11\/16\/nace-grupo-hotelero-prisma-mas-6-mil-cuartos\/\"},\"wordCount\":477,\"commentCount\":0,\"publisher\":{\"@id\":\"https:\/\/nitu.mx\/#\/schema\/person\/ae7a53426417292d3dd07b45a33e01bc\"},\"image\":{\"@id\":\"https:\/\/nitu.mx\/index.php\/2016\/11\/16\/nace-grupo-hotelero-prisma-mas-6-mil-cuartos\/#primaryimage\"},\"thumbnailUrl\":\"https:\/\/nitu.mx\/wp-content\/uploads\/2016\/11\/grupo-hotelero-prisma.png\",\"keywords\":[\"Double Tree\",\"Fibra Inn\",\"Grupo Hotelero Prisma\",\"Grupo Prisma\",\"Hampton Inn\",\"Rafael de la Mora\"],\"articleSection\":[\"Hoteles\",\"M\u00e9xico\"],\"inLanguage\":\"es-MX\",\"potentialAction\":[{\"@type\":\"CommentAction\",\"name\":\"Comment\",\"target\":[\"https:\/\/nitu.mx\/index.php\/2016\/11\/16\/nace-grupo-hotelero-prisma-mas-6-mil-cuartos\/#respond\"]}]},{\"@type\":\"WebPage\",\"@id\":\"https:\/\/nitu.mx\/index.php\/2016\/11\/16\/nace-grupo-hotelero-prisma-mas-6-mil-cuartos\/\",\"url\":\"https:\/\/nitu.mx\/index.php\/2016\/11\/16\/nace-grupo-hotelero-prisma-mas-6-mil-cuartos\/\",\"name\":\"Nace Grupo Hotelero Prisma con m\u00e1s de 6 mil cuartos - Nitu - Noticias de la Industria Turistica\",\"isPartOf\":{\"@id\":\"https:\/\/nitu.mx\/#website\"},\"primaryImageOfPage\":{\"@id\":\"https:\/\/nitu.mx\/index.php\/2016\/11\/16\/nace-grupo-hotelero-prisma-mas-6-mil-cuartos\/#primaryimage\"},\"image\":{\"@id\":\"https:\/\/nitu.mx\/index.php\/2016\/11\/16\/nace-grupo-hotelero-prisma-mas-6-mil-cuartos\/#primaryimage\"},\"thumbnailUrl\":\"https:\/\/nitu.mx\/wp-content\/uploads\/2016\/11\/grupo-hotelero-prisma.png\",\"datePublished\":\"2016-11-16T05:33:28+00:00\",\"dateModified\":\"2016-11-16T06:09:19+00:00\",\"breadcrumb\":{\"@id\":\"https:\/\/nitu.mx\/index.php\/2016\/11\/16\/nace-grupo-hotelero-prisma-mas-6-mil-cuartos\/#breadcrumb\"},\"inLanguage\":\"es-MX\",\"potentialAction\":[{\"@type\":\"ReadAction\",\"target\":[\"https:\/\/nitu.mx\/index.php\/2016\/11\/16\/nace-grupo-hotelero-prisma-mas-6-mil-cuartos\/\"]}]},{\"@type\":\"ImageObject\",\"inLanguage\":\"es-MX\",\"@id\":\"https:\/\/nitu.mx\/index.php\/2016\/11\/16\/nace-grupo-hotelero-prisma-mas-6-mil-cuartos\/#primaryimage\",\"url\":\"https:\/\/nitu.mx\/wp-content\/uploads\/2016\/11\/grupo-hotelero-prisma.png\",\"contentUrl\":\"https:\/\/nitu.mx\/wp-content\/uploads\/2016\/11\/grupo-hotelero-prisma.png\",\"width\":843,\"height\":567,\"caption\":\"grupo hotelero prisma\"},{\"@type\":\"BreadcrumbList\",\"@id\":\"https:\/\/nitu.mx\/index.php\/2016\/11\/16\/nace-grupo-hotelero-prisma-mas-6-mil-cuartos\/#breadcrumb\",\"itemListElement\":[{\"@type\":\"ListItem\",\"position\":1,\"name\":\"Inicio\",\"item\":\"https:\/\/nitu.mx\/\"},{\"@type\":\"ListItem\",\"position\":2,\"name\":\"Nace Grupo Hotelero Prisma con m\u00e1s de 6 mil cuartos\"}]},{\"@type\":\"WebSite\",\"@id\":\"https:\/\/nitu.mx\/#website\",\"url\":\"https:\/\/nitu.mx\/\",\"name\":\"Nitu - Noticias de la Industria Turistica\",\"description\":\"Noticias de la Industria Turistica\",\"publisher\":{\"@id\":\"https:\/\/nitu.mx\/#\/schema\/person\/ae7a53426417292d3dd07b45a33e01bc\"},\"alternateName\":\"Noticias de la Industria Turistica\",\"potentialAction\":[{\"@type\":\"SearchAction\",\"target\":{\"@type\":\"EntryPoint\",\"urlTemplate\":\"https:\/\/nitu.mx\/?s={search_term_string}\"},\"query-input\":\"required name=search_term_string\"}],\"inLanguage\":\"es-MX\"},{\"@type\":[\"Person\",\"Organization\"],\"@id\":\"https:\/\/nitu.mx\/#\/schema\/person\/ae7a53426417292d3dd07b45a33e01bc\",\"name\":\"Arturo Medina\",\"image\":{\"@type\":\"ImageObject\",\"inLanguage\":\"es-MX\",\"@id\":\"https:\/\/nitu.mx\/#\/schema\/person\/image\/\",\"url\":\"https:\/\/nitu.mx\/wp-content\/uploads\/2024\/04\/4A315622-1904-4D5C-B022-878CDC840E04-90x90-1.jpeg\",\"contentUrl\":\"https:\/\/nitu.mx\/wp-content\/uploads\/2024\/04\/4A315622-1904-4D5C-B022-878CDC840E04-90x90-1.jpeg\",\"width\":90,\"height\":90,\"caption\":\"Arturo Medina\"},\"logo\":{\"@id\":\"https:\/\/nitu.mx\/#\/schema\/person\/image\/\"},\"description\":\"Director NITU.mx, Egresado de la Escuela de Periodismo Carlos Septi\u00e9n Garc\u00eda. Periodista y analista especializado en turismo desde hace 35 a\u00f1os, radicado en Canc\u00fan Q.Roo. arturo@nitu.mx\",\"sameAs\":[\"https:\/\/nitu.mx\",\"https:\/\/www.facebook.com\/NITUmx\/\",\"medinacancun\",\"https:\/\/twitter.com\/@Arturo_Medina_G\"]},{\"@type\":\"Person\",\"@id\":\"https:\/\/nitu.mx\/#\/schema\/person\/4a28fe9bd65924f7c90623773daf1b0b\",\"name\":\"Redacci\u00f3n\",\"image\":{\"@type\":\"ImageObject\",\"inLanguage\":\"es-MX\",\"@id\":\"https:\/\/nitu.mx\/#\/schema\/person\/image\/\",\"url\":\"https:\/\/secure.gravatar.com\/avatar\/5dd011c8ccfc5cd7e4c81e42252aab38?s=96&d=mm&r=g\",\"contentUrl\":\"https:\/\/secure.gravatar.com\/avatar\/5dd011c8ccfc5cd7e4c81e42252aab38?s=96&d=mm&r=g\",\"caption\":\"Redacci\u00f3n\"},\"url\":\"https:\/\/nitu.mx\/index.php\/author\/redaccion\/\"}]}<\/script>\n<!-- \/ Yoast SEO plugin. -->","yoast_head_json":{"title":"Nace Grupo Hotelero Prisma con m\u00e1s de 6 mil cuartos - Nitu - Noticias de la Industria Turistica","robots":{"index":"index","follow":"follow","max-snippet":"max-snippet:-1","max-image-preview":"max-image-preview:large","max-video-preview":"max-video-preview:-1"},"canonical":"https:\/\/nitu.mx\/index.php\/2016\/11\/16\/nace-grupo-hotelero-prisma-mas-6-mil-cuartos\/","twitter_card":"summary_large_image","twitter_title":"Nace Grupo Hotelero Prisma con m\u00e1s de 6 mil cuartos - Nitu - Noticias de la Industria Turistica","twitter_description":"Con 42 propiedades y cerca de 6 mil 726 habitaciones nace el Grupo Hotelero Prisma, con un modelo de negocios completamente diferente a lo acostumbrado. Dentro de las m\u00e1s de 40 propiedades dijo en entrevista Rafael de la Mora CEO de Grupo Hotelero Prisma, lo que antes era el Grupo Hotelero Fibra Inn, cuentan con [&hellip;]","twitter_image":"https:\/\/nitu.mx\/wp-content\/uploads\/2016\/11\/grupo-hotelero-prisma.png","twitter_creator":"@NITUmx","twitter_site":"@Arturo_Medina_G","twitter_misc":{"Escrito por":"Redacci\u00f3n","Tiempo de lectura":"2 minutos"},"schema":{"@context":"https:\/\/schema.org","@graph":[{"@type":"Article","@id":"https:\/\/nitu.mx\/index.php\/2016\/11\/16\/nace-grupo-hotelero-prisma-mas-6-mil-cuartos\/#article","isPartOf":{"@id":"https:\/\/nitu.mx\/index.php\/2016\/11\/16\/nace-grupo-hotelero-prisma-mas-6-mil-cuartos\/"},"author":{"name":"Redacci\u00f3n","@id":"https:\/\/nitu.mx\/#\/schema\/person\/4a28fe9bd65924f7c90623773daf1b0b"},"headline":"Nace Grupo Hotelero Prisma con m\u00e1s de 6 mil cuartos","datePublished":"2016-11-16T05:33:28+00:00","dateModified":"2016-11-16T06:09:19+00:00","mainEntityOfPage":{"@id":"https:\/\/nitu.mx\/index.php\/2016\/11\/16\/nace-grupo-hotelero-prisma-mas-6-mil-cuartos\/"},"wordCount":477,"commentCount":0,"publisher":{"@id":"https:\/\/nitu.mx\/#\/schema\/person\/ae7a53426417292d3dd07b45a33e01bc"},"image":{"@id":"https:\/\/nitu.mx\/index.php\/2016\/11\/16\/nace-grupo-hotelero-prisma-mas-6-mil-cuartos\/#primaryimage"},"thumbnailUrl":"https:\/\/nitu.mx\/wp-content\/uploads\/2016\/11\/grupo-hotelero-prisma.png","keywords":["Double Tree","Fibra Inn","Grupo Hotelero Prisma","Grupo Prisma","Hampton Inn","Rafael de la Mora"],"articleSection":["Hoteles","M\u00e9xico"],"inLanguage":"es-MX","potentialAction":[{"@type":"CommentAction","name":"Comment","target":["https:\/\/nitu.mx\/index.php\/2016\/11\/16\/nace-grupo-hotelero-prisma-mas-6-mil-cuartos\/#respond"]}]},{"@type":"WebPage","@id":"https:\/\/nitu.mx\/index.php\/2016\/11\/16\/nace-grupo-hotelero-prisma-mas-6-mil-cuartos\/","url":"https:\/\/nitu.mx\/index.php\/2016\/11\/16\/nace-grupo-hotelero-prisma-mas-6-mil-cuartos\/","name":"Nace Grupo Hotelero Prisma con m\u00e1s de 6 mil cuartos - Nitu - Noticias de la Industria Turistica","isPartOf":{"@id":"https:\/\/nitu.mx\/#website"},"primaryImageOfPage":{"@id":"https:\/\/nitu.mx\/index.php\/2016\/11\/16\/nace-grupo-hotelero-prisma-mas-6-mil-cuartos\/#primaryimage"},"image":{"@id":"https:\/\/nitu.mx\/index.php\/2016\/11\/16\/nace-grupo-hotelero-prisma-mas-6-mil-cuartos\/#primaryimage"},"thumbnailUrl":"https:\/\/nitu.mx\/wp-content\/uploads\/2016\/11\/grupo-hotelero-prisma.png","datePublished":"2016-11-16T05:33:28+00:00","dateModified":"2016-11-16T06:09:19+00:00","breadcrumb":{"@id":"https:\/\/nitu.mx\/index.php\/2016\/11\/16\/nace-grupo-hotelero-prisma-mas-6-mil-cuartos\/#breadcrumb"},"inLanguage":"es-MX","potentialAction":[{"@type":"ReadAction","target":["https:\/\/nitu.mx\/index.php\/2016\/11\/16\/nace-grupo-hotelero-prisma-mas-6-mil-cuartos\/"]}]},{"@type":"ImageObject","inLanguage":"es-MX","@id":"https:\/\/nitu.mx\/index.php\/2016\/11\/16\/nace-grupo-hotelero-prisma-mas-6-mil-cuartos\/#primaryimage","url":"https:\/\/nitu.mx\/wp-content\/uploads\/2016\/11\/grupo-hotelero-prisma.png","contentUrl":"https:\/\/nitu.mx\/wp-content\/uploads\/2016\/11\/grupo-hotelero-prisma.png","width":843,"height":567,"caption":"grupo hotelero prisma"},{"@type":"BreadcrumbList","@id":"https:\/\/nitu.mx\/index.php\/2016\/11\/16\/nace-grupo-hotelero-prisma-mas-6-mil-cuartos\/#breadcrumb","itemListElement":[{"@type":"ListItem","position":1,"name":"Inicio","item":"https:\/\/nitu.mx\/"},{"@type":"ListItem","position":2,"name":"Nace Grupo Hotelero Prisma con m\u00e1s de 6 mil cuartos"}]},{"@type":"WebSite","@id":"https:\/\/nitu.mx\/#website","url":"https:\/\/nitu.mx\/","name":"Nitu - Noticias de la Industria Turistica","description":"Noticias de la Industria Turistica","publisher":{"@id":"https:\/\/nitu.mx\/#\/schema\/person\/ae7a53426417292d3dd07b45a33e01bc"},"alternateName":"Noticias de la Industria Turistica","potentialAction":[{"@type":"SearchAction","target":{"@type":"EntryPoint","urlTemplate":"https:\/\/nitu.mx\/?s={search_term_string}"},"query-input":"required name=search_term_string"}],"inLanguage":"es-MX"},{"@type":["Person","Organization"],"@id":"https:\/\/nitu.mx\/#\/schema\/person\/ae7a53426417292d3dd07b45a33e01bc","name":"Arturo Medina","image":{"@type":"ImageObject","inLanguage":"es-MX","@id":"https:\/\/nitu.mx\/#\/schema\/person\/image\/","url":"https:\/\/nitu.mx\/wp-content\/uploads\/2024\/04\/4A315622-1904-4D5C-B022-878CDC840E04-90x90-1.jpeg","contentUrl":"https:\/\/nitu.mx\/wp-content\/uploads\/2024\/04\/4A315622-1904-4D5C-B022-878CDC840E04-90x90-1.jpeg","width":90,"height":90,"caption":"Arturo Medina"},"logo":{"@id":"https:\/\/nitu.mx\/#\/schema\/person\/image\/"},"description":"Director NITU.mx, Egresado de la Escuela de Periodismo Carlos Septi\u00e9n Garc\u00eda. Periodista y analista especializado en turismo desde hace 35 a\u00f1os, radicado en Canc\u00fan Q.Roo. arturo@nitu.mx","sameAs":["https:\/\/nitu.mx","https:\/\/www.facebook.com\/NITUmx\/","medinacancun","https:\/\/twitter.com\/@Arturo_Medina_G"]},{"@type":"Person","@id":"https:\/\/nitu.mx\/#\/schema\/person\/4a28fe9bd65924f7c90623773daf1b0b","name":"Redacci\u00f3n","image":{"@type":"ImageObject","inLanguage":"es-MX","@id":"https:\/\/nitu.mx\/#\/schema\/person\/image\/","url":"https:\/\/secure.gravatar.com\/avatar\/5dd011c8ccfc5cd7e4c81e42252aab38?s=96&d=mm&r=g","contentUrl":"https:\/\/secure.gravatar.com\/avatar\/5dd011c8ccfc5cd7e4c81e42252aab38?s=96&d=mm&r=g","caption":"Redacci\u00f3n"},"url":"https:\/\/nitu.mx\/index.php\/author\/redaccion\/"}]}},"views":491,"_links":{"self":[{"href":"https:\/\/nitu.mx\/index.php\/wp-json\/wp\/v2\/posts\/4028"}],"collection":[{"href":"https:\/\/nitu.mx\/index.php\/wp-json\/wp\/v2\/posts"}],"about":[{"href":"https:\/\/nitu.mx\/index.php\/wp-json\/wp\/v2\/types\/post"}],"author":[{"embeddable":true,"href":"https:\/\/nitu.mx\/index.php\/wp-json\/wp\/v2\/users\/17"}],"replies":[{"embeddable":true,"href":"https:\/\/nitu.mx\/index.php\/wp-json\/wp\/v2\/comments?post=4028"}],"version-history":[{"count":6,"href":"https:\/\/nitu.mx\/index.php\/wp-json\/wp\/v2\/posts\/4028\/revisions"}],"predecessor-version":[{"id":4035,"href":"https:\/\/nitu.mx\/index.php\/wp-json\/wp\/v2\/posts\/4028\/revisions\/4035"}],"wp:featuredmedia":[{"embeddable":true,"href":"https:\/\/nitu.mx\/index.php\/wp-json\/wp\/v2\/media\/4034"}],"wp:attachment":[{"href":"https:\/\/nitu.mx\/index.php\/wp-json\/wp\/v2\/media?parent=4028"}],"wp:term":[{"taxonomy":"category","embeddable":true,"href":"https:\/\/nitu.mx\/index.php\/wp-json\/wp\/v2\/categories?post=4028"},{"taxonomy":"post_tag","embeddable":true,"href":"https:\/\/nitu.mx\/index.php\/wp-json\/wp\/v2\/tags?post=4028"}],"curies":[{"name":"wp","href":"https:\/\/api.w.org\/{rel}","templated":true}]}}