{"id":40224,"date":"2020-02-20T01:09:05","date_gmt":"2020-02-20T06:09:05","guid":{"rendered":"https:\/\/www.dev.nitu.mx\/?p=40224"},"modified":"2020-02-20T01:40:05","modified_gmt":"2020-02-20T06:40:05","slug":"rina-de-transportistas-deja-mala-imagen-a-turistas-extranjeros","status":"publish","type":"post","link":"https:\/\/nitu.mx\/index.php\/2020\/02\/20\/rina-de-transportistas-deja-mala-imagen-a-turistas-extranjeros\/","title":{"rendered":"Ri\u00f1a de transportistas deja mala imagen a turistas extranjeros"},"content":{"rendered":"<p>El Grupo Aeroportuario del Sureste (Asur) y ahora la Guardia Nacional \u201cse lanzan la bolita\u201d en la disputa que mantienen los transportistas por los pasajeros que llegan al Aeropuerto Internacional de Canc\u00fan, sobre todo los extranjeros, denunci\u00f3 Sergio Gonz\u00e1lez Rubiera, presidente local de la Asociaci\u00f3n Mexicana de Agencias de Viajes (AMAV), cap\u00edtulo Canc\u00fan quien lament\u00f3 la ri\u00f1a de dos presuntos vendedores afuera de la Terminal 3 de llegadas internacionales.<\/p>\n<p>El fin de semana la videograbaci\u00f3n de una pelea entre supuestos vendedores se \u201cviraliz\u00f3\u201d en redes sociales, lo que el dirigente lament\u00f3 porque \u201ces la primera impresi\u00f3n que se lleva el turista y es algo vergonzoso\u201d; sin embargo, asegur\u00f3 que la afectaci\u00f3n en la venta y arribo de viajeros \u201ces m\u00ednima\u201d debido a que la mayor\u00eda de los visitantes son atendidos por los socios afiliados a la AMAV.<\/p>\n<p>El titular de la AMAV indic\u00f3 que es \u201cel tema de siempre, el de los \u2018piratas\u2019, un poco debido al gran \u00e9xito de Canc\u00fan y 12 millones de turistas que pasan por el aeropuerto, lo que ha hecho que todo mundo quiera \u2018una parte del pastel\u2019 y, aunque eso no justifica en nada lo que est\u00e1 pasando, ha provocado que se generen ese tipo de ventas clandestinas\u201d.<\/p>\n<p>A\u00f1adi\u00f3 que el fen\u00f3meno se repite en las playas, donde hay m\u00f3dulos clandestinos de venta de tours, delito del que el gobierno ha sido omiso y se avientan la pelotita: la Polic\u00eda Municipal dice que corresponde a la (hoy extinta) Federal, corporaci\u00f3n que dice tener pocos elementos: \u201cHay puestos en la calle que tambi\u00e9n venden excursiones y tiempos compartidos chafas\u201d.<\/p>\n<p>\u201cEn el caso del aeropuerto llama mucho la atenci\u00f3n porque es el punto de llegada y la primera imagen que damos a los turistas. Es lamentable que hasta hoy ni Asur ni la Polic\u00eda Federal (hoy extinta, relevada por la Guardia Nacional) hayan podido hacer algo porque entre ellos se avientan la pelotita. Asur dice que no les compete, que es problema de la Federal porque ya est\u00e1n en la banqueta\u201d. (<a title=\"Servicio de transporte mar\u00edtimo en Tajamar gran opci\u00f3n: Gonz\u00e1lez Rubiera\" href=\"https:\/\/www.dev.nitu.mx\/index.php\/2016\/10\/09\/tribunal-otorga-a-cemda-suspension-definitiva-que-imposibilita-desarrollo-de-hotel-riu\/\" rel=\"bookmark\">Servicio de transporte mar\u00edtimo en Tajamar gran opci\u00f3n: Gonz\u00e1lez Rubiera<\/a>).<\/p>\n<p>\u201cEs lamentable que ni los elementos policiacos ni Asur hagan algo en un tema que causa una imagen que es una verg\u00fcenza en la llegada internacional. Espero que lo resuelvan por el bien del destino; hacemos un llamado nuevamente a la autoridad federal y a Asur para que resuelvan el asunto de los \u2018piratas\u2019 en el aeropuerto. Es un problema compartido\u201d entre ambas instancias.<\/p>\n<p>Sin embargo, Sergio Rubiera asegur\u00f3 que \u201cen el negocio (de la transportaci\u00f3n tur\u00edstica) afecta muy poquito\u201d debido a que las agencias asociadas a la AMAV \u201ctienen control casi total de los turistas. No se nos escapa casi ninguno porque hay buena se\u00f1alizaci\u00f3n, porque la operaci\u00f3n est\u00e1 muy bien controlada y la fuga es m\u00ednima\u201d. (NotiCaribe)<\/p>\n","protected":false},"excerpt":{"rendered":"<p>El Grupo Aeroportuario del Sureste (Asur) y ahora la Guardia Nacional \u201cse lanzan la bolita\u201d en la disputa que mantienen los transportistas por los pasajeros que llegan al Aeropuerto Internacional de Canc\u00fan, sobre todo los extranjeros, denunci\u00f3 Sergio Gonz\u00e1lez Rubiera, presidente local de la Asociaci\u00f3n Mexicana de Agencias de Viajes (AMAV), cap\u00edtulo Canc\u00fan quien lament\u00f3 [&hellip;]<\/p>\n","protected":false},"author":17,"featured_media":15514,"comment_status":"open","ping_status":"open","sticky":false,"template":"","format":"standard","meta":{"footnotes":""},"categories":[29,5],"tags":[2001,849,43,18899,18898,18900],"yoast_head":"<!-- This site is optimized with the Yoast SEO plugin v22.2 - https:\/\/yoast.com\/wordpress\/plugins\/seo\/ -->\n<title>Ri\u00f1a de transportistas deja mala imagen a turistas extranjeros - Nitu - Noticias de la Industria Turistica<\/title>\n<meta name=\"robots\" content=\"index, follow, max-snippet:-1, max-image-preview:large, max-video-preview:-1\" \/>\n<link rel=\"canonical\" href=\"https:\/\/nitu.mx\/index.php\/2020\/02\/20\/rina-de-transportistas-deja-mala-imagen-a-turistas-extranjeros\/\" \/>\n<meta name=\"twitter:card\" content=\"summary_large_image\" \/>\n<meta name=\"twitter:title\" content=\"Ri\u00f1a de transportistas deja mala imagen a turistas extranjeros - Nitu - Noticias de la Industria Turistica\" \/>\n<meta name=\"twitter:description\" content=\"El Grupo Aeroportuario del Sureste (Asur) y ahora la Guardia Nacional \u201cse lanzan la bolita\u201d en la disputa que mantienen los transportistas por los pasajeros que llegan al Aeropuerto Internacional de Canc\u00fan, sobre todo los extranjeros, denunci\u00f3 Sergio Gonz\u00e1lez Rubiera, presidente local de la Asociaci\u00f3n Mexicana de Agencias de Viajes (AMAV), cap\u00edtulo Canc\u00fan quien lament\u00f3 [&hellip;]\" \/>\n<meta name=\"twitter:image\" content=\"https:\/\/nitu.mx\/wp-content\/uploads\/2017\/12\/asur-cancun.jpg\" \/>\n<meta name=\"twitter:creator\" content=\"@NITUmx\" \/>\n<meta name=\"twitter:site\" content=\"@Arturo_Medina_G\" \/>\n<meta name=\"twitter:label1\" content=\"Escrito por\" \/>\n\t<meta name=\"twitter:data1\" content=\"Redacci\u00f3n\" \/>\n\t<meta name=\"twitter:label2\" content=\"Tiempo de lectura\" \/>\n\t<meta name=\"twitter:data2\" content=\"2 minutos\" \/>\n<script type=\"application\/ld+json\" class=\"yoast-schema-graph\">{\"@context\":\"https:\/\/schema.org\",\"@graph\":[{\"@type\":\"Article\",\"@id\":\"https:\/\/nitu.mx\/index.php\/2020\/02\/20\/rina-de-transportistas-deja-mala-imagen-a-turistas-extranjeros\/#article\",\"isPartOf\":{\"@id\":\"https:\/\/nitu.mx\/index.php\/2020\/02\/20\/rina-de-transportistas-deja-mala-imagen-a-turistas-extranjeros\/\"},\"author\":{\"name\":\"Redacci\u00f3n\",\"@id\":\"https:\/\/nitu.mx\/#\/schema\/person\/4a28fe9bd65924f7c90623773daf1b0b\"},\"headline\":\"Ri\u00f1a de transportistas deja mala imagen a turistas extranjeros\",\"datePublished\":\"2020-02-20T06:09:05+00:00\",\"dateModified\":\"2020-02-20T06:40:05+00:00\",\"mainEntityOfPage\":{\"@id\":\"https:\/\/nitu.mx\/index.php\/2020\/02\/20\/rina-de-transportistas-deja-mala-imagen-a-turistas-extranjeros\/\"},\"wordCount\":503,\"commentCount\":0,\"publisher\":{\"@id\":\"https:\/\/nitu.mx\/#\/schema\/person\/ae7a53426417292d3dd07b45a33e01bc\"},\"image\":{\"@id\":\"https:\/\/nitu.mx\/index.php\/2020\/02\/20\/rina-de-transportistas-deja-mala-imagen-a-turistas-extranjeros\/#primaryimage\"},\"thumbnailUrl\":\"https:\/\/nitu.mx\/wp-content\/uploads\/2017\/12\/asur-cancun.jpg\",\"keywords\":[\"aeropuerto\",\"AMAV\",\"Canc\u00fan\",\"Gonz\u00e1lez Rubiera\",\"transportistas Asur\",\"ventas clandestinas\"],\"articleSection\":[\"Aerol\u00edneas\",\"Destinos\"],\"inLanguage\":\"es-MX\",\"potentialAction\":[{\"@type\":\"CommentAction\",\"name\":\"Comment\",\"target\":[\"https:\/\/nitu.mx\/index.php\/2020\/02\/20\/rina-de-transportistas-deja-mala-imagen-a-turistas-extranjeros\/#respond\"]}]},{\"@type\":\"WebPage\",\"@id\":\"https:\/\/nitu.mx\/index.php\/2020\/02\/20\/rina-de-transportistas-deja-mala-imagen-a-turistas-extranjeros\/\",\"url\":\"https:\/\/nitu.mx\/index.php\/2020\/02\/20\/rina-de-transportistas-deja-mala-imagen-a-turistas-extranjeros\/\",\"name\":\"Ri\u00f1a de transportistas deja mala imagen a turistas extranjeros - Nitu - Noticias de la Industria Turistica\",\"isPartOf\":{\"@id\":\"https:\/\/nitu.mx\/#website\"},\"primaryImageOfPage\":{\"@id\":\"https:\/\/nitu.mx\/index.php\/2020\/02\/20\/rina-de-transportistas-deja-mala-imagen-a-turistas-extranjeros\/#primaryimage\"},\"image\":{\"@id\":\"https:\/\/nitu.mx\/index.php\/2020\/02\/20\/rina-de-transportistas-deja-mala-imagen-a-turistas-extranjeros\/#primaryimage\"},\"thumbnailUrl\":\"https:\/\/nitu.mx\/wp-content\/uploads\/2017\/12\/asur-cancun.jpg\",\"datePublished\":\"2020-02-20T06:09:05+00:00\",\"dateModified\":\"2020-02-20T06:40:05+00:00\",\"breadcrumb\":{\"@id\":\"https:\/\/nitu.mx\/index.php\/2020\/02\/20\/rina-de-transportistas-deja-mala-imagen-a-turistas-extranjeros\/#breadcrumb\"},\"inLanguage\":\"es-MX\",\"potentialAction\":[{\"@type\":\"ReadAction\",\"target\":[\"https:\/\/nitu.mx\/index.php\/2020\/02\/20\/rina-de-transportistas-deja-mala-imagen-a-turistas-extranjeros\/\"]}]},{\"@type\":\"ImageObject\",\"inLanguage\":\"es-MX\",\"@id\":\"https:\/\/nitu.mx\/index.php\/2020\/02\/20\/rina-de-transportistas-deja-mala-imagen-a-turistas-extranjeros\/#primaryimage\",\"url\":\"https:\/\/nitu.mx\/wp-content\/uploads\/2017\/12\/asur-cancun.jpg\",\"contentUrl\":\"https:\/\/nitu.mx\/wp-content\/uploads\/2017\/12\/asur-cancun.jpg\",\"width\":850,\"height\":480,\"caption\":\"asur cancun\"},{\"@type\":\"BreadcrumbList\",\"@id\":\"https:\/\/nitu.mx\/index.php\/2020\/02\/20\/rina-de-transportistas-deja-mala-imagen-a-turistas-extranjeros\/#breadcrumb\",\"itemListElement\":[{\"@type\":\"ListItem\",\"position\":1,\"name\":\"Inicio\",\"item\":\"https:\/\/nitu.mx\/\"},{\"@type\":\"ListItem\",\"position\":2,\"name\":\"Ri\u00f1a de transportistas deja mala imagen a turistas extranjeros\"}]},{\"@type\":\"WebSite\",\"@id\":\"https:\/\/nitu.mx\/#website\",\"url\":\"https:\/\/nitu.mx\/\",\"name\":\"Nitu - Noticias de la Industria Turistica\",\"description\":\"Noticias de la Industria Turistica\",\"publisher\":{\"@id\":\"https:\/\/nitu.mx\/#\/schema\/person\/ae7a53426417292d3dd07b45a33e01bc\"},\"alternateName\":\"Noticias de la Industria Turistica\",\"potentialAction\":[{\"@type\":\"SearchAction\",\"target\":{\"@type\":\"EntryPoint\",\"urlTemplate\":\"https:\/\/nitu.mx\/?s={search_term_string}\"},\"query-input\":\"required name=search_term_string\"}],\"inLanguage\":\"es-MX\"},{\"@type\":[\"Person\",\"Organization\"],\"@id\":\"https:\/\/nitu.mx\/#\/schema\/person\/ae7a53426417292d3dd07b45a33e01bc\",\"name\":\"Arturo Medina\",\"image\":{\"@type\":\"ImageObject\",\"inLanguage\":\"es-MX\",\"@id\":\"https:\/\/nitu.mx\/#\/schema\/person\/image\/\",\"url\":\"https:\/\/nitu.mx\/wp-content\/uploads\/2024\/04\/4A315622-1904-4D5C-B022-878CDC840E04-90x90-1.jpeg\",\"contentUrl\":\"https:\/\/nitu.mx\/wp-content\/uploads\/2024\/04\/4A315622-1904-4D5C-B022-878CDC840E04-90x90-1.jpeg\",\"width\":90,\"height\":90,\"caption\":\"Arturo Medina\"},\"logo\":{\"@id\":\"https:\/\/nitu.mx\/#\/schema\/person\/image\/\"},\"description\":\"Director NITU.mx, Egresado de la Escuela de Periodismo Carlos Septi\u00e9n Garc\u00eda. Periodista y analista especializado en turismo desde hace 35 a\u00f1os, radicado en Canc\u00fan Q.Roo. arturo@nitu.mx\",\"sameAs\":[\"https:\/\/nitu.mx\",\"https:\/\/www.facebook.com\/NITUmx\/\",\"medinacancun\",\"https:\/\/twitter.com\/@Arturo_Medina_G\"]},{\"@type\":\"Person\",\"@id\":\"https:\/\/nitu.mx\/#\/schema\/person\/4a28fe9bd65924f7c90623773daf1b0b\",\"name\":\"Redacci\u00f3n\",\"image\":{\"@type\":\"ImageObject\",\"inLanguage\":\"es-MX\",\"@id\":\"https:\/\/nitu.mx\/#\/schema\/person\/image\/\",\"url\":\"https:\/\/secure.gravatar.com\/avatar\/5dd011c8ccfc5cd7e4c81e42252aab38?s=96&d=mm&r=g\",\"contentUrl\":\"https:\/\/secure.gravatar.com\/avatar\/5dd011c8ccfc5cd7e4c81e42252aab38?s=96&d=mm&r=g\",\"caption\":\"Redacci\u00f3n\"},\"url\":\"https:\/\/nitu.mx\/index.php\/author\/redaccion\/\"}]}<\/script>\n<!-- \/ Yoast SEO plugin. -->","yoast_head_json":{"title":"Ri\u00f1a de transportistas deja mala imagen a turistas extranjeros - Nitu - Noticias de la Industria Turistica","robots":{"index":"index","follow":"follow","max-snippet":"max-snippet:-1","max-image-preview":"max-image-preview:large","max-video-preview":"max-video-preview:-1"},"canonical":"https:\/\/nitu.mx\/index.php\/2020\/02\/20\/rina-de-transportistas-deja-mala-imagen-a-turistas-extranjeros\/","twitter_card":"summary_large_image","twitter_title":"Ri\u00f1a de transportistas deja mala imagen a turistas extranjeros - Nitu - Noticias de la Industria Turistica","twitter_description":"El Grupo Aeroportuario del Sureste (Asur) y ahora la Guardia Nacional \u201cse lanzan la bolita\u201d en la disputa que mantienen los transportistas por los pasajeros que llegan al Aeropuerto Internacional de Canc\u00fan, sobre todo los extranjeros, denunci\u00f3 Sergio Gonz\u00e1lez Rubiera, presidente local de la Asociaci\u00f3n Mexicana de Agencias de Viajes (AMAV), cap\u00edtulo Canc\u00fan quien lament\u00f3 [&hellip;]","twitter_image":"https:\/\/nitu.mx\/wp-content\/uploads\/2017\/12\/asur-cancun.jpg","twitter_creator":"@NITUmx","twitter_site":"@Arturo_Medina_G","twitter_misc":{"Escrito por":"Redacci\u00f3n","Tiempo de lectura":"2 minutos"},"schema":{"@context":"https:\/\/schema.org","@graph":[{"@type":"Article","@id":"https:\/\/nitu.mx\/index.php\/2020\/02\/20\/rina-de-transportistas-deja-mala-imagen-a-turistas-extranjeros\/#article","isPartOf":{"@id":"https:\/\/nitu.mx\/index.php\/2020\/02\/20\/rina-de-transportistas-deja-mala-imagen-a-turistas-extranjeros\/"},"author":{"name":"Redacci\u00f3n","@id":"https:\/\/nitu.mx\/#\/schema\/person\/4a28fe9bd65924f7c90623773daf1b0b"},"headline":"Ri\u00f1a de transportistas deja mala imagen a turistas extranjeros","datePublished":"2020-02-20T06:09:05+00:00","dateModified":"2020-02-20T06:40:05+00:00","mainEntityOfPage":{"@id":"https:\/\/nitu.mx\/index.php\/2020\/02\/20\/rina-de-transportistas-deja-mala-imagen-a-turistas-extranjeros\/"},"wordCount":503,"commentCount":0,"publisher":{"@id":"https:\/\/nitu.mx\/#\/schema\/person\/ae7a53426417292d3dd07b45a33e01bc"},"image":{"@id":"https:\/\/nitu.mx\/index.php\/2020\/02\/20\/rina-de-transportistas-deja-mala-imagen-a-turistas-extranjeros\/#primaryimage"},"thumbnailUrl":"https:\/\/nitu.mx\/wp-content\/uploads\/2017\/12\/asur-cancun.jpg","keywords":["aeropuerto","AMAV","Canc\u00fan","Gonz\u00e1lez Rubiera","transportistas Asur","ventas clandestinas"],"articleSection":["Aerol\u00edneas","Destinos"],"inLanguage":"es-MX","potentialAction":[{"@type":"CommentAction","name":"Comment","target":["https:\/\/nitu.mx\/index.php\/2020\/02\/20\/rina-de-transportistas-deja-mala-imagen-a-turistas-extranjeros\/#respond"]}]},{"@type":"WebPage","@id":"https:\/\/nitu.mx\/index.php\/2020\/02\/20\/rina-de-transportistas-deja-mala-imagen-a-turistas-extranjeros\/","url":"https:\/\/nitu.mx\/index.php\/2020\/02\/20\/rina-de-transportistas-deja-mala-imagen-a-turistas-extranjeros\/","name":"Ri\u00f1a de transportistas deja mala imagen a turistas extranjeros - Nitu - Noticias de la Industria Turistica","isPartOf":{"@id":"https:\/\/nitu.mx\/#website"},"primaryImageOfPage":{"@id":"https:\/\/nitu.mx\/index.php\/2020\/02\/20\/rina-de-transportistas-deja-mala-imagen-a-turistas-extranjeros\/#primaryimage"},"image":{"@id":"https:\/\/nitu.mx\/index.php\/2020\/02\/20\/rina-de-transportistas-deja-mala-imagen-a-turistas-extranjeros\/#primaryimage"},"thumbnailUrl":"https:\/\/nitu.mx\/wp-content\/uploads\/2017\/12\/asur-cancun.jpg","datePublished":"2020-02-20T06:09:05+00:00","dateModified":"2020-02-20T06:40:05+00:00","breadcrumb":{"@id":"https:\/\/nitu.mx\/index.php\/2020\/02\/20\/rina-de-transportistas-deja-mala-imagen-a-turistas-extranjeros\/#breadcrumb"},"inLanguage":"es-MX","potentialAction":[{"@type":"ReadAction","target":["https:\/\/nitu.mx\/index.php\/2020\/02\/20\/rina-de-transportistas-deja-mala-imagen-a-turistas-extranjeros\/"]}]},{"@type":"ImageObject","inLanguage":"es-MX","@id":"https:\/\/nitu.mx\/index.php\/2020\/02\/20\/rina-de-transportistas-deja-mala-imagen-a-turistas-extranjeros\/#primaryimage","url":"https:\/\/nitu.mx\/wp-content\/uploads\/2017\/12\/asur-cancun.jpg","contentUrl":"https:\/\/nitu.mx\/wp-content\/uploads\/2017\/12\/asur-cancun.jpg","width":850,"height":480,"caption":"asur cancun"},{"@type":"BreadcrumbList","@id":"https:\/\/nitu.mx\/index.php\/2020\/02\/20\/rina-de-transportistas-deja-mala-imagen-a-turistas-extranjeros\/#breadcrumb","itemListElement":[{"@type":"ListItem","position":1,"name":"Inicio","item":"https:\/\/nitu.mx\/"},{"@type":"ListItem","position":2,"name":"Ri\u00f1a de transportistas deja mala imagen a turistas extranjeros"}]},{"@type":"WebSite","@id":"https:\/\/nitu.mx\/#website","url":"https:\/\/nitu.mx\/","name":"Nitu - Noticias de la Industria Turistica","description":"Noticias de la Industria Turistica","publisher":{"@id":"https:\/\/nitu.mx\/#\/schema\/person\/ae7a53426417292d3dd07b45a33e01bc"},"alternateName":"Noticias de la Industria Turistica","potentialAction":[{"@type":"SearchAction","target":{"@type":"EntryPoint","urlTemplate":"https:\/\/nitu.mx\/?s={search_term_string}"},"query-input":"required name=search_term_string"}],"inLanguage":"es-MX"},{"@type":["Person","Organization"],"@id":"https:\/\/nitu.mx\/#\/schema\/person\/ae7a53426417292d3dd07b45a33e01bc","name":"Arturo Medina","image":{"@type":"ImageObject","inLanguage":"es-MX","@id":"https:\/\/nitu.mx\/#\/schema\/person\/image\/","url":"https:\/\/nitu.mx\/wp-content\/uploads\/2024\/04\/4A315622-1904-4D5C-B022-878CDC840E04-90x90-1.jpeg","contentUrl":"https:\/\/nitu.mx\/wp-content\/uploads\/2024\/04\/4A315622-1904-4D5C-B022-878CDC840E04-90x90-1.jpeg","width":90,"height":90,"caption":"Arturo Medina"},"logo":{"@id":"https:\/\/nitu.mx\/#\/schema\/person\/image\/"},"description":"Director NITU.mx, Egresado de la Escuela de Periodismo Carlos Septi\u00e9n Garc\u00eda. Periodista y analista especializado en turismo desde hace 35 a\u00f1os, radicado en Canc\u00fan Q.Roo. arturo@nitu.mx","sameAs":["https:\/\/nitu.mx","https:\/\/www.facebook.com\/NITUmx\/","medinacancun","https:\/\/twitter.com\/@Arturo_Medina_G"]},{"@type":"Person","@id":"https:\/\/nitu.mx\/#\/schema\/person\/4a28fe9bd65924f7c90623773daf1b0b","name":"Redacci\u00f3n","image":{"@type":"ImageObject","inLanguage":"es-MX","@id":"https:\/\/nitu.mx\/#\/schema\/person\/image\/","url":"https:\/\/secure.gravatar.com\/avatar\/5dd011c8ccfc5cd7e4c81e42252aab38?s=96&d=mm&r=g","contentUrl":"https:\/\/secure.gravatar.com\/avatar\/5dd011c8ccfc5cd7e4c81e42252aab38?s=96&d=mm&r=g","caption":"Redacci\u00f3n"},"url":"https:\/\/nitu.mx\/index.php\/author\/redaccion\/"}]}},"views":251,"_links":{"self":[{"href":"https:\/\/nitu.mx\/index.php\/wp-json\/wp\/v2\/posts\/40224"}],"collection":[{"href":"https:\/\/nitu.mx\/index.php\/wp-json\/wp\/v2\/posts"}],"about":[{"href":"https:\/\/nitu.mx\/index.php\/wp-json\/wp\/v2\/types\/post"}],"author":[{"embeddable":true,"href":"https:\/\/nitu.mx\/index.php\/wp-json\/wp\/v2\/users\/17"}],"replies":[{"embeddable":true,"href":"https:\/\/nitu.mx\/index.php\/wp-json\/wp\/v2\/comments?post=40224"}],"version-history":[{"count":2,"href":"https:\/\/nitu.mx\/index.php\/wp-json\/wp\/v2\/posts\/40224\/revisions"}],"predecessor-version":[{"id":40237,"href":"https:\/\/nitu.mx\/index.php\/wp-json\/wp\/v2\/posts\/40224\/revisions\/40237"}],"wp:featuredmedia":[{"embeddable":true,"href":"https:\/\/nitu.mx\/index.php\/wp-json\/wp\/v2\/media\/15514"}],"wp:attachment":[{"href":"https:\/\/nitu.mx\/index.php\/wp-json\/wp\/v2\/media?parent=40224"}],"wp:term":[{"taxonomy":"category","embeddable":true,"href":"https:\/\/nitu.mx\/index.php\/wp-json\/wp\/v2\/categories?post=40224"},{"taxonomy":"post_tag","embeddable":true,"href":"https:\/\/nitu.mx\/index.php\/wp-json\/wp\/v2\/tags?post=40224"}],"curies":[{"name":"wp","href":"https:\/\/api.w.org\/{rel}","templated":true}]}}