{"id":40117,"date":"2020-02-17T01:33:30","date_gmt":"2020-02-17T06:33:30","guid":{"rendered":"https:\/\/www.dev.nitu.mx\/?p=40117"},"modified":"2020-02-17T01:51:22","modified_gmt":"2020-02-17T06:51:22","slug":"eleva-interjet-134-por-ciento-su-numero-de-pasajeros-transportados-hacia-sudamerica","status":"publish","type":"post","link":"https:\/\/nitu.mx\/index.php\/2020\/02\/17\/eleva-interjet-134-por-ciento-su-numero-de-pasajeros-transportados-hacia-sudamerica\/","title":{"rendered":"Eleva Interjet 134 por ciento su n\u00famero de pasajeros transportados hacia Sudam\u00e9rica"},"content":{"rendered":"<p>Interjet, la aerol\u00ednea mexicana de mayor crecimiento en pasajeros transportados en el extranjero, registr\u00f3 un acentuado incremento de 134 por ciento en el n\u00famero de viajeros atendidos desde y hacia los destinos que opera en Sudam\u00e9rica durante el mes de enero, periodo en el que brind\u00f3 servicio a 106 mil 237 pasajeros en las rutas que van a Colombia, Ecuador y Per\u00fa.<\/p>\n<p>Durante este mismo mes, en las rutas que conectan a Colombia, la aerol\u00ednea transport\u00f3 a 64 mil 262 pasajeros, es decir, 113 por ciento m\u00e1s que en enero de 2019. Adem\u00e1s, report\u00f3 un nivel de ocupaci\u00f3n total de 89 por ciento.<\/p>\n<p>Actualmente, la l\u00ednea a\u00e9rea con m\u00e1s de 14 a\u00f1os de operaci\u00f3n, brinda servicio en Bogot\u00e1, Medell\u00edn y Cartagena con rutas que conectan con la Ciudad de M\u00e9xico y Canc\u00fan.<\/p>\n<p>En lo que respecta al mercado peruano, Interjet ha crecido 70 por ciento en el n\u00famero total de viajeros transportados desde y hacia Lima durante enero, esto en comparaci\u00f3n al mismo mes del a\u00f1o anterior, ya que atendi\u00f3 a m\u00e1s de 26 mil 100 pasajeros. Cabe destacar que a lo largo de este mes, la operaci\u00f3n de sus rutas Ciudad de M\u00e9xico-Lima y Canc\u00fan-Lima, sumaron 90 por ciento en su factor de ocupaci\u00f3n total. (<a title=\"Interjet suscribe acuerdo interlineal bilateral con Jet Blue\" href=\"https:\/\/www.dev.nitu.mx\/index.php\/2020\/01\/31\/interjet-suscribe-acuerdo-interlineal-bilateral-con-jet-blue\/\" rel=\"bookmark\">Interjet suscribe acuerdo interlineal bilateral con Jet Blue<\/a>).<\/p>\n<p>En las recientes rutas inauguradas por Interjet en Ecuador durante el cuarto trimestre de 2019, en las que ofrece conectividad a los destinos Quito y Guayaquil con la capital mexicana y Canc\u00fan, brind\u00f3 servicio a m\u00e1s de 15 mil 870 pasajeros durante enero. Adem\u00e1s, registr\u00f3 un factor de ocupaci\u00f3n total en sus vuelos de m\u00e1s del 60 por ciento.<\/p>\n<p>Interjet fortalece su estrategia de expansi\u00f3n de operaciones en el extranjero. En 2019 atendi\u00f3 a m\u00e1s de 4.7 millones de viajeros internacionales. Esto represent\u00f3 un aumento de 27 ciento con relaci\u00f3n al a\u00f1o anterior.<\/p>\n","protected":false},"excerpt":{"rendered":"<p>Interjet, la aerol\u00ednea mexicana de mayor crecimiento en pasajeros transportados en el extranjero, registr\u00f3 un acentuado incremento de 134 por ciento en el n\u00famero de viajeros atendidos desde y hacia los destinos que opera en Sudam\u00e9rica durante el mes de enero, periodo en el que brind\u00f3 servicio a 106 mil 237 pasajeros en las rutas [&hellip;]<\/p>\n","protected":false},"author":17,"featured_media":28706,"comment_status":"open","ping_status":"open","sticky":false,"template":"","format":"standard","meta":{"footnotes":""},"categories":[29,5],"tags":[125,16681,18858,249],"yoast_head":"<!-- This site is optimized with the Yoast SEO plugin v22.2 - https:\/\/yoast.com\/wordpress\/plugins\/seo\/ -->\n<title>Eleva Interjet 134 por ciento su n\u00famero de pasajeros transportados hacia Sudam\u00e9rica - Nitu - Noticias de la Industria Turistica<\/title>\n<meta name=\"robots\" content=\"index, follow, max-snippet:-1, max-image-preview:large, max-video-preview:-1\" \/>\n<link rel=\"canonical\" href=\"https:\/\/nitu.mx\/index.php\/2020\/02\/17\/eleva-interjet-134-por-ciento-su-numero-de-pasajeros-transportados-hacia-sudamerica\/\" \/>\n<meta name=\"twitter:card\" content=\"summary_large_image\" \/>\n<meta name=\"twitter:title\" content=\"Eleva Interjet 134 por ciento su n\u00famero de pasajeros transportados hacia Sudam\u00e9rica - Nitu - Noticias de la Industria Turistica\" \/>\n<meta name=\"twitter:description\" content=\"Interjet, la aerol\u00ednea mexicana de mayor crecimiento en pasajeros transportados en el extranjero, registr\u00f3 un acentuado incremento de 134 por ciento en el n\u00famero de viajeros atendidos desde y hacia los destinos que opera en Sudam\u00e9rica durante el mes de enero, periodo en el que brind\u00f3 servicio a 106 mil 237 pasajeros en las rutas [&hellip;]\" \/>\n<meta name=\"twitter:image\" content=\"https:\/\/nitu.mx\/wp-content\/uploads\/2019\/01\/Interjet-Air-Canada.jpg\" \/>\n<meta name=\"twitter:creator\" content=\"@NITUmx\" \/>\n<meta name=\"twitter:site\" content=\"@Arturo_Medina_G\" \/>\n<meta name=\"twitter:label1\" content=\"Escrito por\" \/>\n\t<meta name=\"twitter:data1\" content=\"Redacci\u00f3n\" \/>\n\t<meta name=\"twitter:label2\" content=\"Tiempo de lectura\" \/>\n\t<meta name=\"twitter:data2\" content=\"2 minutos\" \/>\n<script type=\"application\/ld+json\" class=\"yoast-schema-graph\">{\"@context\":\"https:\/\/schema.org\",\"@graph\":[{\"@type\":\"Article\",\"@id\":\"https:\/\/nitu.mx\/index.php\/2020\/02\/17\/eleva-interjet-134-por-ciento-su-numero-de-pasajeros-transportados-hacia-sudamerica\/#article\",\"isPartOf\":{\"@id\":\"https:\/\/nitu.mx\/index.php\/2020\/02\/17\/eleva-interjet-134-por-ciento-su-numero-de-pasajeros-transportados-hacia-sudamerica\/\"},\"author\":{\"name\":\"Redacci\u00f3n\",\"@id\":\"https:\/\/nitu.mx\/#\/schema\/person\/4a28fe9bd65924f7c90623773daf1b0b\"},\"headline\":\"Eleva Interjet 134 por ciento su n\u00famero de pasajeros transportados hacia Sudam\u00e9rica\",\"datePublished\":\"2020-02-17T06:33:30+00:00\",\"dateModified\":\"2020-02-17T06:51:22+00:00\",\"mainEntityOfPage\":{\"@id\":\"https:\/\/nitu.mx\/index.php\/2020\/02\/17\/eleva-interjet-134-por-ciento-su-numero-de-pasajeros-transportados-hacia-sudamerica\/\"},\"wordCount\":332,\"commentCount\":0,\"publisher\":{\"@id\":\"https:\/\/nitu.mx\/#\/schema\/person\/ae7a53426417292d3dd07b45a33e01bc\"},\"image\":{\"@id\":\"https:\/\/nitu.mx\/index.php\/2020\/02\/17\/eleva-interjet-134-por-ciento-su-numero-de-pasajeros-transportados-hacia-sudamerica\/#primaryimage\"},\"thumbnailUrl\":\"https:\/\/nitu.mx\/wp-content\/uploads\/2019\/01\/Interjet-Air-Canada.jpg\",\"keywords\":[\"Ciudad de M\u00e9xico\",\"la aerol\u00ednea\",\"rutas a Colombia\",\"Sudam\u00e9rica\"],\"articleSection\":[\"Aerol\u00edneas\",\"Destinos\"],\"inLanguage\":\"es-MX\",\"potentialAction\":[{\"@type\":\"CommentAction\",\"name\":\"Comment\",\"target\":[\"https:\/\/nitu.mx\/index.php\/2020\/02\/17\/eleva-interjet-134-por-ciento-su-numero-de-pasajeros-transportados-hacia-sudamerica\/#respond\"]}]},{\"@type\":\"WebPage\",\"@id\":\"https:\/\/nitu.mx\/index.php\/2020\/02\/17\/eleva-interjet-134-por-ciento-su-numero-de-pasajeros-transportados-hacia-sudamerica\/\",\"url\":\"https:\/\/nitu.mx\/index.php\/2020\/02\/17\/eleva-interjet-134-por-ciento-su-numero-de-pasajeros-transportados-hacia-sudamerica\/\",\"name\":\"Eleva Interjet 134 por ciento su n\u00famero de pasajeros transportados hacia Sudam\u00e9rica - Nitu - Noticias de la Industria Turistica\",\"isPartOf\":{\"@id\":\"https:\/\/nitu.mx\/#website\"},\"primaryImageOfPage\":{\"@id\":\"https:\/\/nitu.mx\/index.php\/2020\/02\/17\/eleva-interjet-134-por-ciento-su-numero-de-pasajeros-transportados-hacia-sudamerica\/#primaryimage\"},\"image\":{\"@id\":\"https:\/\/nitu.mx\/index.php\/2020\/02\/17\/eleva-interjet-134-por-ciento-su-numero-de-pasajeros-transportados-hacia-sudamerica\/#primaryimage\"},\"thumbnailUrl\":\"https:\/\/nitu.mx\/wp-content\/uploads\/2019\/01\/Interjet-Air-Canada.jpg\",\"datePublished\":\"2020-02-17T06:33:30+00:00\",\"dateModified\":\"2020-02-17T06:51:22+00:00\",\"breadcrumb\":{\"@id\":\"https:\/\/nitu.mx\/index.php\/2020\/02\/17\/eleva-interjet-134-por-ciento-su-numero-de-pasajeros-transportados-hacia-sudamerica\/#breadcrumb\"},\"inLanguage\":\"es-MX\",\"potentialAction\":[{\"@type\":\"ReadAction\",\"target\":[\"https:\/\/nitu.mx\/index.php\/2020\/02\/17\/eleva-interjet-134-por-ciento-su-numero-de-pasajeros-transportados-hacia-sudamerica\/\"]}]},{\"@type\":\"ImageObject\",\"inLanguage\":\"es-MX\",\"@id\":\"https:\/\/nitu.mx\/index.php\/2020\/02\/17\/eleva-interjet-134-por-ciento-su-numero-de-pasajeros-transportados-hacia-sudamerica\/#primaryimage\",\"url\":\"https:\/\/nitu.mx\/wp-content\/uploads\/2019\/01\/Interjet-Air-Canada.jpg\",\"contentUrl\":\"https:\/\/nitu.mx\/wp-content\/uploads\/2019\/01\/Interjet-Air-Canada.jpg\",\"width\":850,\"height\":480,\"caption\":\"Interjet Air Canada Outlet Quiero Viajar\"},{\"@type\":\"BreadcrumbList\",\"@id\":\"https:\/\/nitu.mx\/index.php\/2020\/02\/17\/eleva-interjet-134-por-ciento-su-numero-de-pasajeros-transportados-hacia-sudamerica\/#breadcrumb\",\"itemListElement\":[{\"@type\":\"ListItem\",\"position\":1,\"name\":\"Inicio\",\"item\":\"https:\/\/nitu.mx\/\"},{\"@type\":\"ListItem\",\"position\":2,\"name\":\"Eleva Interjet 134 por ciento su n\u00famero de pasajeros transportados hacia Sudam\u00e9rica\"}]},{\"@type\":\"WebSite\",\"@id\":\"https:\/\/nitu.mx\/#website\",\"url\":\"https:\/\/nitu.mx\/\",\"name\":\"Nitu - Noticias de la Industria Turistica\",\"description\":\"Noticias de la Industria Turistica\",\"publisher\":{\"@id\":\"https:\/\/nitu.mx\/#\/schema\/person\/ae7a53426417292d3dd07b45a33e01bc\"},\"alternateName\":\"Noticias de la Industria Turistica\",\"potentialAction\":[{\"@type\":\"SearchAction\",\"target\":{\"@type\":\"EntryPoint\",\"urlTemplate\":\"https:\/\/nitu.mx\/?s={search_term_string}\"},\"query-input\":\"required name=search_term_string\"}],\"inLanguage\":\"es-MX\"},{\"@type\":[\"Person\",\"Organization\"],\"@id\":\"https:\/\/nitu.mx\/#\/schema\/person\/ae7a53426417292d3dd07b45a33e01bc\",\"name\":\"Arturo Medina\",\"image\":{\"@type\":\"ImageObject\",\"inLanguage\":\"es-MX\",\"@id\":\"https:\/\/nitu.mx\/#\/schema\/person\/image\/\",\"url\":\"https:\/\/nitu.mx\/wp-content\/uploads\/2024\/04\/4A315622-1904-4D5C-B022-878CDC840E04-90x90-1.jpeg\",\"contentUrl\":\"https:\/\/nitu.mx\/wp-content\/uploads\/2024\/04\/4A315622-1904-4D5C-B022-878CDC840E04-90x90-1.jpeg\",\"width\":90,\"height\":90,\"caption\":\"Arturo Medina\"},\"logo\":{\"@id\":\"https:\/\/nitu.mx\/#\/schema\/person\/image\/\"},\"description\":\"Director NITU.mx, Egresado de la Escuela de Periodismo Carlos Septi\u00e9n Garc\u00eda. Periodista y analista especializado en turismo desde hace 35 a\u00f1os, radicado en Canc\u00fan Q.Roo. arturo@nitu.mx\",\"sameAs\":[\"https:\/\/nitu.mx\",\"https:\/\/www.facebook.com\/NITUmx\/\",\"medinacancun\",\"https:\/\/twitter.com\/@Arturo_Medina_G\"]},{\"@type\":\"Person\",\"@id\":\"https:\/\/nitu.mx\/#\/schema\/person\/4a28fe9bd65924f7c90623773daf1b0b\",\"name\":\"Redacci\u00f3n\",\"image\":{\"@type\":\"ImageObject\",\"inLanguage\":\"es-MX\",\"@id\":\"https:\/\/nitu.mx\/#\/schema\/person\/image\/\",\"url\":\"https:\/\/secure.gravatar.com\/avatar\/5dd011c8ccfc5cd7e4c81e42252aab38?s=96&d=mm&r=g\",\"contentUrl\":\"https:\/\/secure.gravatar.com\/avatar\/5dd011c8ccfc5cd7e4c81e42252aab38?s=96&d=mm&r=g\",\"caption\":\"Redacci\u00f3n\"},\"url\":\"https:\/\/nitu.mx\/index.php\/author\/redaccion\/\"}]}<\/script>\n<!-- \/ Yoast SEO plugin. -->","yoast_head_json":{"title":"Eleva Interjet 134 por ciento su n\u00famero de pasajeros transportados hacia Sudam\u00e9rica - Nitu - Noticias de la Industria Turistica","robots":{"index":"index","follow":"follow","max-snippet":"max-snippet:-1","max-image-preview":"max-image-preview:large","max-video-preview":"max-video-preview:-1"},"canonical":"https:\/\/nitu.mx\/index.php\/2020\/02\/17\/eleva-interjet-134-por-ciento-su-numero-de-pasajeros-transportados-hacia-sudamerica\/","twitter_card":"summary_large_image","twitter_title":"Eleva Interjet 134 por ciento su n\u00famero de pasajeros transportados hacia Sudam\u00e9rica - Nitu - Noticias de la Industria Turistica","twitter_description":"Interjet, la aerol\u00ednea mexicana de mayor crecimiento en pasajeros transportados en el extranjero, registr\u00f3 un acentuado incremento de 134 por ciento en el n\u00famero de viajeros atendidos desde y hacia los destinos que opera en Sudam\u00e9rica durante el mes de enero, periodo en el que brind\u00f3 servicio a 106 mil 237 pasajeros en las rutas [&hellip;]","twitter_image":"https:\/\/nitu.mx\/wp-content\/uploads\/2019\/01\/Interjet-Air-Canada.jpg","twitter_creator":"@NITUmx","twitter_site":"@Arturo_Medina_G","twitter_misc":{"Escrito por":"Redacci\u00f3n","Tiempo de lectura":"2 minutos"},"schema":{"@context":"https:\/\/schema.org","@graph":[{"@type":"Article","@id":"https:\/\/nitu.mx\/index.php\/2020\/02\/17\/eleva-interjet-134-por-ciento-su-numero-de-pasajeros-transportados-hacia-sudamerica\/#article","isPartOf":{"@id":"https:\/\/nitu.mx\/index.php\/2020\/02\/17\/eleva-interjet-134-por-ciento-su-numero-de-pasajeros-transportados-hacia-sudamerica\/"},"author":{"name":"Redacci\u00f3n","@id":"https:\/\/nitu.mx\/#\/schema\/person\/4a28fe9bd65924f7c90623773daf1b0b"},"headline":"Eleva Interjet 134 por ciento su n\u00famero de pasajeros transportados hacia Sudam\u00e9rica","datePublished":"2020-02-17T06:33:30+00:00","dateModified":"2020-02-17T06:51:22+00:00","mainEntityOfPage":{"@id":"https:\/\/nitu.mx\/index.php\/2020\/02\/17\/eleva-interjet-134-por-ciento-su-numero-de-pasajeros-transportados-hacia-sudamerica\/"},"wordCount":332,"commentCount":0,"publisher":{"@id":"https:\/\/nitu.mx\/#\/schema\/person\/ae7a53426417292d3dd07b45a33e01bc"},"image":{"@id":"https:\/\/nitu.mx\/index.php\/2020\/02\/17\/eleva-interjet-134-por-ciento-su-numero-de-pasajeros-transportados-hacia-sudamerica\/#primaryimage"},"thumbnailUrl":"https:\/\/nitu.mx\/wp-content\/uploads\/2019\/01\/Interjet-Air-Canada.jpg","keywords":["Ciudad de M\u00e9xico","la aerol\u00ednea","rutas a Colombia","Sudam\u00e9rica"],"articleSection":["Aerol\u00edneas","Destinos"],"inLanguage":"es-MX","potentialAction":[{"@type":"CommentAction","name":"Comment","target":["https:\/\/nitu.mx\/index.php\/2020\/02\/17\/eleva-interjet-134-por-ciento-su-numero-de-pasajeros-transportados-hacia-sudamerica\/#respond"]}]},{"@type":"WebPage","@id":"https:\/\/nitu.mx\/index.php\/2020\/02\/17\/eleva-interjet-134-por-ciento-su-numero-de-pasajeros-transportados-hacia-sudamerica\/","url":"https:\/\/nitu.mx\/index.php\/2020\/02\/17\/eleva-interjet-134-por-ciento-su-numero-de-pasajeros-transportados-hacia-sudamerica\/","name":"Eleva Interjet 134 por ciento su n\u00famero de pasajeros transportados hacia Sudam\u00e9rica - Nitu - Noticias de la Industria Turistica","isPartOf":{"@id":"https:\/\/nitu.mx\/#website"},"primaryImageOfPage":{"@id":"https:\/\/nitu.mx\/index.php\/2020\/02\/17\/eleva-interjet-134-por-ciento-su-numero-de-pasajeros-transportados-hacia-sudamerica\/#primaryimage"},"image":{"@id":"https:\/\/nitu.mx\/index.php\/2020\/02\/17\/eleva-interjet-134-por-ciento-su-numero-de-pasajeros-transportados-hacia-sudamerica\/#primaryimage"},"thumbnailUrl":"https:\/\/nitu.mx\/wp-content\/uploads\/2019\/01\/Interjet-Air-Canada.jpg","datePublished":"2020-02-17T06:33:30+00:00","dateModified":"2020-02-17T06:51:22+00:00","breadcrumb":{"@id":"https:\/\/nitu.mx\/index.php\/2020\/02\/17\/eleva-interjet-134-por-ciento-su-numero-de-pasajeros-transportados-hacia-sudamerica\/#breadcrumb"},"inLanguage":"es-MX","potentialAction":[{"@type":"ReadAction","target":["https:\/\/nitu.mx\/index.php\/2020\/02\/17\/eleva-interjet-134-por-ciento-su-numero-de-pasajeros-transportados-hacia-sudamerica\/"]}]},{"@type":"ImageObject","inLanguage":"es-MX","@id":"https:\/\/nitu.mx\/index.php\/2020\/02\/17\/eleva-interjet-134-por-ciento-su-numero-de-pasajeros-transportados-hacia-sudamerica\/#primaryimage","url":"https:\/\/nitu.mx\/wp-content\/uploads\/2019\/01\/Interjet-Air-Canada.jpg","contentUrl":"https:\/\/nitu.mx\/wp-content\/uploads\/2019\/01\/Interjet-Air-Canada.jpg","width":850,"height":480,"caption":"Interjet Air Canada Outlet Quiero Viajar"},{"@type":"BreadcrumbList","@id":"https:\/\/nitu.mx\/index.php\/2020\/02\/17\/eleva-interjet-134-por-ciento-su-numero-de-pasajeros-transportados-hacia-sudamerica\/#breadcrumb","itemListElement":[{"@type":"ListItem","position":1,"name":"Inicio","item":"https:\/\/nitu.mx\/"},{"@type":"ListItem","position":2,"name":"Eleva Interjet 134 por ciento su n\u00famero de pasajeros transportados hacia Sudam\u00e9rica"}]},{"@type":"WebSite","@id":"https:\/\/nitu.mx\/#website","url":"https:\/\/nitu.mx\/","name":"Nitu - Noticias de la Industria Turistica","description":"Noticias de la Industria Turistica","publisher":{"@id":"https:\/\/nitu.mx\/#\/schema\/person\/ae7a53426417292d3dd07b45a33e01bc"},"alternateName":"Noticias de la Industria Turistica","potentialAction":[{"@type":"SearchAction","target":{"@type":"EntryPoint","urlTemplate":"https:\/\/nitu.mx\/?s={search_term_string}"},"query-input":"required name=search_term_string"}],"inLanguage":"es-MX"},{"@type":["Person","Organization"],"@id":"https:\/\/nitu.mx\/#\/schema\/person\/ae7a53426417292d3dd07b45a33e01bc","name":"Arturo Medina","image":{"@type":"ImageObject","inLanguage":"es-MX","@id":"https:\/\/nitu.mx\/#\/schema\/person\/image\/","url":"https:\/\/nitu.mx\/wp-content\/uploads\/2024\/04\/4A315622-1904-4D5C-B022-878CDC840E04-90x90-1.jpeg","contentUrl":"https:\/\/nitu.mx\/wp-content\/uploads\/2024\/04\/4A315622-1904-4D5C-B022-878CDC840E04-90x90-1.jpeg","width":90,"height":90,"caption":"Arturo Medina"},"logo":{"@id":"https:\/\/nitu.mx\/#\/schema\/person\/image\/"},"description":"Director NITU.mx, Egresado de la Escuela de Periodismo Carlos Septi\u00e9n Garc\u00eda. Periodista y analista especializado en turismo desde hace 35 a\u00f1os, radicado en Canc\u00fan Q.Roo. arturo@nitu.mx","sameAs":["https:\/\/nitu.mx","https:\/\/www.facebook.com\/NITUmx\/","medinacancun","https:\/\/twitter.com\/@Arturo_Medina_G"]},{"@type":"Person","@id":"https:\/\/nitu.mx\/#\/schema\/person\/4a28fe9bd65924f7c90623773daf1b0b","name":"Redacci\u00f3n","image":{"@type":"ImageObject","inLanguage":"es-MX","@id":"https:\/\/nitu.mx\/#\/schema\/person\/image\/","url":"https:\/\/secure.gravatar.com\/avatar\/5dd011c8ccfc5cd7e4c81e42252aab38?s=96&d=mm&r=g","contentUrl":"https:\/\/secure.gravatar.com\/avatar\/5dd011c8ccfc5cd7e4c81e42252aab38?s=96&d=mm&r=g","caption":"Redacci\u00f3n"},"url":"https:\/\/nitu.mx\/index.php\/author\/redaccion\/"}]}},"views":204,"_links":{"self":[{"href":"https:\/\/nitu.mx\/index.php\/wp-json\/wp\/v2\/posts\/40117"}],"collection":[{"href":"https:\/\/nitu.mx\/index.php\/wp-json\/wp\/v2\/posts"}],"about":[{"href":"https:\/\/nitu.mx\/index.php\/wp-json\/wp\/v2\/types\/post"}],"author":[{"embeddable":true,"href":"https:\/\/nitu.mx\/index.php\/wp-json\/wp\/v2\/users\/17"}],"replies":[{"embeddable":true,"href":"https:\/\/nitu.mx\/index.php\/wp-json\/wp\/v2\/comments?post=40117"}],"version-history":[{"count":2,"href":"https:\/\/nitu.mx\/index.php\/wp-json\/wp\/v2\/posts\/40117\/revisions"}],"predecessor-version":[{"id":40141,"href":"https:\/\/nitu.mx\/index.php\/wp-json\/wp\/v2\/posts\/40117\/revisions\/40141"}],"wp:featuredmedia":[{"embeddable":true,"href":"https:\/\/nitu.mx\/index.php\/wp-json\/wp\/v2\/media\/28706"}],"wp:attachment":[{"href":"https:\/\/nitu.mx\/index.php\/wp-json\/wp\/v2\/media?parent=40117"}],"wp:term":[{"taxonomy":"category","embeddable":true,"href":"https:\/\/nitu.mx\/index.php\/wp-json\/wp\/v2\/categories?post=40117"},{"taxonomy":"post_tag","embeddable":true,"href":"https:\/\/nitu.mx\/index.php\/wp-json\/wp\/v2\/tags?post=40117"}],"curies":[{"name":"wp","href":"https:\/\/api.w.org\/{rel}","templated":true}]}}