{"id":40067,"date":"2020-02-14T01:29:01","date_gmt":"2020-02-14T06:29:01","guid":{"rendered":"https:\/\/www.dev.nitu.mx\/?p=40067"},"modified":"2020-02-14T02:07:40","modified_gmt":"2020-02-14T07:07:40","slug":"viva-aerobus-anuncia-nuevas-rutas-de-monterrey-a-orlando-y-san-antonio","status":"publish","type":"post","link":"https:\/\/nitu.mx\/index.php\/2020\/02\/14\/viva-aerobus-anuncia-nuevas-rutas-de-monterrey-a-orlando-y-san-antonio\/","title":{"rendered":"Viva Aerobus anuncia nuevas rutas de Monterrey a Orlando y San Antonio"},"content":{"rendered":"<p style=\"font-weight: 400;\">La aerol\u00ednea de ultra bajo costo de M\u00e9xico, contin\u00faa ampliando su servicios desde su principal hub, con nuevas rutas desde Monterrey a Orlando y San Antonio, la primera iniciar\u00e1\u00a0operaciones el 20 de junio\u00a0con un vuelo a la semana los d\u00edas s\u00e1bados, a partir del 15 de julio, se incrementar\u00e1 una frecuencia adicional los mi\u00e9rcoles con tarifas desde 99 d\u00f3lares en viaje sencillo. El vuelo a San Antonio comenzar\u00e1 el 26 de junio con 2 frecuencias los lunes y viernes, con tarifas desde 149 d\u00f3lares viaje sencillo.<\/p>\n<p style=\"font-weight: 400;\">Con estos nuevos vuelos, Viva Aerobus alcanza un total de 6 rutas a Estados Unidos desde Monterrey, donde ya vuela a\u00a0Chicago (temporada), Houston, Las Vegas y Los \u00c1ngeles. Con ello, Viva reafirma su compromiso con la conectividad de una de sus bases operativas m\u00e1s importantes con un total de\u00a037 operaciones.<\/p>\n<p style=\"font-weight: 400;\">Viva Aerobus opera 19 rutas desde Estados Unidos con las que atiende las necesidades de cada vez m\u00e1s viajeros internacionales, tan solo en 2019 Viva registr\u00f3 un aumento del 56% en el n\u00famero de pasajeros desde y hacia Estados Unidos\u00a0en 2019 en comparaci\u00f3n con 2018, con m\u00e1s de medio mill\u00f3n de clientes.<\/p>\n<p style=\"font-weight: 400;\">El servicio de vuelos en conexi\u00f3n v\u00eda\u00a0Monterrey inici\u00f3 en octubre del 2018, lo que le permiti\u00f3 a Viva\u00a0ampliar de manera exponencial la red de rutas de Viva.<\/p>\n<p style=\"font-weight: 400;\">El a\u00f1o pasado la aerol\u00ednea inaugur\u00f3 6 nuevas rutas desde y hacia Monterrey\u00a0actualmente opera, en promedio, 2 mil vuelos mensuales desde y hacia esta ciudad.<\/p>\n<p style=\"font-weight: 400;\">Como resultado de esta amplia oferta caracterizada por sus precios bajos, la aerol\u00ednea logr\u00f3 un crecimiento del 18% en el n\u00famero de pasajeros desde y hacia la capital de Nuevo Le\u00f3n en 2019 en comparaci\u00f3n con 2018 al sumar m\u00e1s de 4.2 millones de clientes. (<a title=\"Viva Aerobus cerr\u00f3 2019 con el mayor crecimiento anual de su historia\" href=\"https:\/\/www.dev.nitu.mx\/index.php\/2020\/01\/10\/viva-aerobus-cerro-2019-con-el-mayor-crecimiento-anual-de-su-historia\/\" rel=\"bookmark\">Viva Aerobus cerr\u00f3 2019 con el mayor crecimiento anual de su historia<\/a>).<\/p>\n<p style=\"font-weight: 400;\">&#8220;Seguiremos ampliando nuestra oferta, respaldados por la flota m\u00e1s joven de M\u00e9xico y los mejores precios. Con este anuncio, ya ofrecemos un total de 123 rutas, 22 de ellas internacionales&#8221;, afirm\u00f3 Juan Carlos Zuazua, director general de Viva Aerobus.<\/p>\n","protected":false},"excerpt":{"rendered":"<p>La aerol\u00ednea de ultra bajo costo de M\u00e9xico, contin\u00faa ampliando su servicios desde su principal hub, con nuevas rutas desde Monterrey a Orlando y San Antonio, la primera iniciar\u00e1\u00a0operaciones el 20 de junio\u00a0con un vuelo a la semana los d\u00edas s\u00e1bados, a partir del 15 de julio, se incrementar\u00e1 una frecuencia adicional los mi\u00e9rcoles con [&hellip;]<\/p>\n","protected":false},"author":17,"featured_media":28322,"comment_status":"open","ping_status":"open","sticky":false,"template":"","format":"standard","meta":{"footnotes":""},"categories":[29],"tags":[295,2102],"yoast_head":"<!-- This site is optimized with the Yoast SEO plugin v22.2 - https:\/\/yoast.com\/wordpress\/plugins\/seo\/ -->\n<title>Viva Aerobus anuncia nuevas rutas de Monterrey a Orlando y San Antonio - Nitu - Noticias de la Industria Turistica<\/title>\n<meta name=\"robots\" content=\"index, follow, max-snippet:-1, max-image-preview:large, max-video-preview:-1\" \/>\n<link rel=\"canonical\" href=\"https:\/\/nitu.mx\/index.php\/2020\/02\/14\/viva-aerobus-anuncia-nuevas-rutas-de-monterrey-a-orlando-y-san-antonio\/\" \/>\n<meta name=\"twitter:card\" content=\"summary_large_image\" \/>\n<meta name=\"twitter:title\" content=\"Viva Aerobus anuncia nuevas rutas de Monterrey a Orlando y San Antonio - Nitu - Noticias de la Industria Turistica\" \/>\n<meta name=\"twitter:description\" content=\"La aerol\u00ednea de ultra bajo costo de M\u00e9xico, contin\u00faa ampliando su servicios desde su principal hub, con nuevas rutas desde Monterrey a Orlando y San Antonio, la primera iniciar\u00e1\u00a0operaciones el 20 de junio\u00a0con un vuelo a la semana los d\u00edas s\u00e1bados, a partir del 15 de julio, se incrementar\u00e1 una frecuencia adicional los mi\u00e9rcoles con [&hellip;]\" \/>\n<meta name=\"twitter:image\" content=\"https:\/\/nitu.mx\/wp-content\/uploads\/2019\/01\/Viva-Aerobus-Puebla.jpg\" \/>\n<meta name=\"twitter:creator\" content=\"@NITUmx\" \/>\n<meta name=\"twitter:site\" content=\"@Arturo_Medina_G\" \/>\n<meta name=\"twitter:label1\" content=\"Escrito por\" \/>\n\t<meta name=\"twitter:data1\" content=\"Redacci\u00f3n\" \/>\n\t<meta name=\"twitter:label2\" content=\"Tiempo de lectura\" \/>\n\t<meta name=\"twitter:data2\" content=\"2 minutos\" \/>\n<script type=\"application\/ld+json\" class=\"yoast-schema-graph\">{\"@context\":\"https:\/\/schema.org\",\"@graph\":[{\"@type\":\"Article\",\"@id\":\"https:\/\/nitu.mx\/index.php\/2020\/02\/14\/viva-aerobus-anuncia-nuevas-rutas-de-monterrey-a-orlando-y-san-antonio\/#article\",\"isPartOf\":{\"@id\":\"https:\/\/nitu.mx\/index.php\/2020\/02\/14\/viva-aerobus-anuncia-nuevas-rutas-de-monterrey-a-orlando-y-san-antonio\/\"},\"author\":{\"name\":\"Redacci\u00f3n\",\"@id\":\"https:\/\/nitu.mx\/#\/schema\/person\/4a28fe9bd65924f7c90623773daf1b0b\"},\"headline\":\"Viva Aerobus anuncia nuevas rutas de Monterrey a Orlando y San Antonio\",\"datePublished\":\"2020-02-14T06:29:01+00:00\",\"dateModified\":\"2020-02-14T07:07:40+00:00\",\"mainEntityOfPage\":{\"@id\":\"https:\/\/nitu.mx\/index.php\/2020\/02\/14\/viva-aerobus-anuncia-nuevas-rutas-de-monterrey-a-orlando-y-san-antonio\/\"},\"wordCount\":358,\"commentCount\":0,\"publisher\":{\"@id\":\"https:\/\/nitu.mx\/#\/schema\/person\/ae7a53426417292d3dd07b45a33e01bc\"},\"image\":{\"@id\":\"https:\/\/nitu.mx\/index.php\/2020\/02\/14\/viva-aerobus-anuncia-nuevas-rutas-de-monterrey-a-orlando-y-san-antonio\/#primaryimage\"},\"thumbnailUrl\":\"https:\/\/nitu.mx\/wp-content\/uploads\/2019\/01\/Viva-Aerobus-Puebla.jpg\",\"keywords\":[\"Juan Carlos Zuazua\",\"Viva Aerobus\"],\"articleSection\":[\"Aerol\u00edneas\"],\"inLanguage\":\"es-MX\",\"potentialAction\":[{\"@type\":\"CommentAction\",\"name\":\"Comment\",\"target\":[\"https:\/\/nitu.mx\/index.php\/2020\/02\/14\/viva-aerobus-anuncia-nuevas-rutas-de-monterrey-a-orlando-y-san-antonio\/#respond\"]}]},{\"@type\":\"WebPage\",\"@id\":\"https:\/\/nitu.mx\/index.php\/2020\/02\/14\/viva-aerobus-anuncia-nuevas-rutas-de-monterrey-a-orlando-y-san-antonio\/\",\"url\":\"https:\/\/nitu.mx\/index.php\/2020\/02\/14\/viva-aerobus-anuncia-nuevas-rutas-de-monterrey-a-orlando-y-san-antonio\/\",\"name\":\"Viva Aerobus anuncia nuevas rutas de Monterrey a Orlando y San Antonio - Nitu - Noticias de la Industria Turistica\",\"isPartOf\":{\"@id\":\"https:\/\/nitu.mx\/#website\"},\"primaryImageOfPage\":{\"@id\":\"https:\/\/nitu.mx\/index.php\/2020\/02\/14\/viva-aerobus-anuncia-nuevas-rutas-de-monterrey-a-orlando-y-san-antonio\/#primaryimage\"},\"image\":{\"@id\":\"https:\/\/nitu.mx\/index.php\/2020\/02\/14\/viva-aerobus-anuncia-nuevas-rutas-de-monterrey-a-orlando-y-san-antonio\/#primaryimage\"},\"thumbnailUrl\":\"https:\/\/nitu.mx\/wp-content\/uploads\/2019\/01\/Viva-Aerobus-Puebla.jpg\",\"datePublished\":\"2020-02-14T06:29:01+00:00\",\"dateModified\":\"2020-02-14T07:07:40+00:00\",\"breadcrumb\":{\"@id\":\"https:\/\/nitu.mx\/index.php\/2020\/02\/14\/viva-aerobus-anuncia-nuevas-rutas-de-monterrey-a-orlando-y-san-antonio\/#breadcrumb\"},\"inLanguage\":\"es-MX\",\"potentialAction\":[{\"@type\":\"ReadAction\",\"target\":[\"https:\/\/nitu.mx\/index.php\/2020\/02\/14\/viva-aerobus-anuncia-nuevas-rutas-de-monterrey-a-orlando-y-san-antonio\/\"]}]},{\"@type\":\"ImageObject\",\"inLanguage\":\"es-MX\",\"@id\":\"https:\/\/nitu.mx\/index.php\/2020\/02\/14\/viva-aerobus-anuncia-nuevas-rutas-de-monterrey-a-orlando-y-san-antonio\/#primaryimage\",\"url\":\"https:\/\/nitu.mx\/wp-content\/uploads\/2019\/01\/Viva-Aerobus-Puebla.jpg\",\"contentUrl\":\"https:\/\/nitu.mx\/wp-content\/uploads\/2019\/01\/Viva-Aerobus-Puebla.jpg\",\"width\":850,\"height\":480,\"caption\":\"Viva Aerobus Puebla\"},{\"@type\":\"BreadcrumbList\",\"@id\":\"https:\/\/nitu.mx\/index.php\/2020\/02\/14\/viva-aerobus-anuncia-nuevas-rutas-de-monterrey-a-orlando-y-san-antonio\/#breadcrumb\",\"itemListElement\":[{\"@type\":\"ListItem\",\"position\":1,\"name\":\"Inicio\",\"item\":\"https:\/\/nitu.mx\/\"},{\"@type\":\"ListItem\",\"position\":2,\"name\":\"Viva Aerobus anuncia nuevas rutas de Monterrey a Orlando y San Antonio\"}]},{\"@type\":\"WebSite\",\"@id\":\"https:\/\/nitu.mx\/#website\",\"url\":\"https:\/\/nitu.mx\/\",\"name\":\"Nitu - Noticias de la Industria Turistica\",\"description\":\"Noticias de la Industria Turistica\",\"publisher\":{\"@id\":\"https:\/\/nitu.mx\/#\/schema\/person\/ae7a53426417292d3dd07b45a33e01bc\"},\"alternateName\":\"Noticias de la Industria Turistica\",\"potentialAction\":[{\"@type\":\"SearchAction\",\"target\":{\"@type\":\"EntryPoint\",\"urlTemplate\":\"https:\/\/nitu.mx\/?s={search_term_string}\"},\"query-input\":\"required name=search_term_string\"}],\"inLanguage\":\"es-MX\"},{\"@type\":[\"Person\",\"Organization\"],\"@id\":\"https:\/\/nitu.mx\/#\/schema\/person\/ae7a53426417292d3dd07b45a33e01bc\",\"name\":\"Arturo Medina\",\"image\":{\"@type\":\"ImageObject\",\"inLanguage\":\"es-MX\",\"@id\":\"https:\/\/nitu.mx\/#\/schema\/person\/image\/\",\"url\":\"https:\/\/nitu.mx\/wp-content\/uploads\/2024\/04\/4A315622-1904-4D5C-B022-878CDC840E04-90x90-1.jpeg\",\"contentUrl\":\"https:\/\/nitu.mx\/wp-content\/uploads\/2024\/04\/4A315622-1904-4D5C-B022-878CDC840E04-90x90-1.jpeg\",\"width\":90,\"height\":90,\"caption\":\"Arturo Medina\"},\"logo\":{\"@id\":\"https:\/\/nitu.mx\/#\/schema\/person\/image\/\"},\"description\":\"Director NITU.mx, Egresado de la Escuela de Periodismo Carlos Septi\u00e9n Garc\u00eda. Periodista y analista especializado en turismo desde hace 35 a\u00f1os, radicado en Canc\u00fan Q.Roo. arturo@nitu.mx\",\"sameAs\":[\"https:\/\/nitu.mx\",\"https:\/\/www.facebook.com\/NITUmx\/\",\"medinacancun\",\"https:\/\/twitter.com\/@Arturo_Medina_G\"]},{\"@type\":\"Person\",\"@id\":\"https:\/\/nitu.mx\/#\/schema\/person\/4a28fe9bd65924f7c90623773daf1b0b\",\"name\":\"Redacci\u00f3n\",\"image\":{\"@type\":\"ImageObject\",\"inLanguage\":\"es-MX\",\"@id\":\"https:\/\/nitu.mx\/#\/schema\/person\/image\/\",\"url\":\"https:\/\/secure.gravatar.com\/avatar\/5dd011c8ccfc5cd7e4c81e42252aab38?s=96&d=mm&r=g\",\"contentUrl\":\"https:\/\/secure.gravatar.com\/avatar\/5dd011c8ccfc5cd7e4c81e42252aab38?s=96&d=mm&r=g\",\"caption\":\"Redacci\u00f3n\"},\"url\":\"https:\/\/nitu.mx\/index.php\/author\/redaccion\/\"}]}<\/script>\n<!-- \/ Yoast SEO plugin. -->","yoast_head_json":{"title":"Viva Aerobus anuncia nuevas rutas de Monterrey a Orlando y San Antonio - Nitu - Noticias de la Industria Turistica","robots":{"index":"index","follow":"follow","max-snippet":"max-snippet:-1","max-image-preview":"max-image-preview:large","max-video-preview":"max-video-preview:-1"},"canonical":"https:\/\/nitu.mx\/index.php\/2020\/02\/14\/viva-aerobus-anuncia-nuevas-rutas-de-monterrey-a-orlando-y-san-antonio\/","twitter_card":"summary_large_image","twitter_title":"Viva Aerobus anuncia nuevas rutas de Monterrey a Orlando y San Antonio - Nitu - Noticias de la Industria Turistica","twitter_description":"La aerol\u00ednea de ultra bajo costo de M\u00e9xico, contin\u00faa ampliando su servicios desde su principal hub, con nuevas rutas desde Monterrey a Orlando y San Antonio, la primera iniciar\u00e1\u00a0operaciones el 20 de junio\u00a0con un vuelo a la semana los d\u00edas s\u00e1bados, a partir del 15 de julio, se incrementar\u00e1 una frecuencia adicional los mi\u00e9rcoles con [&hellip;]","twitter_image":"https:\/\/nitu.mx\/wp-content\/uploads\/2019\/01\/Viva-Aerobus-Puebla.jpg","twitter_creator":"@NITUmx","twitter_site":"@Arturo_Medina_G","twitter_misc":{"Escrito por":"Redacci\u00f3n","Tiempo de lectura":"2 minutos"},"schema":{"@context":"https:\/\/schema.org","@graph":[{"@type":"Article","@id":"https:\/\/nitu.mx\/index.php\/2020\/02\/14\/viva-aerobus-anuncia-nuevas-rutas-de-monterrey-a-orlando-y-san-antonio\/#article","isPartOf":{"@id":"https:\/\/nitu.mx\/index.php\/2020\/02\/14\/viva-aerobus-anuncia-nuevas-rutas-de-monterrey-a-orlando-y-san-antonio\/"},"author":{"name":"Redacci\u00f3n","@id":"https:\/\/nitu.mx\/#\/schema\/person\/4a28fe9bd65924f7c90623773daf1b0b"},"headline":"Viva Aerobus anuncia nuevas rutas de Monterrey a Orlando y San Antonio","datePublished":"2020-02-14T06:29:01+00:00","dateModified":"2020-02-14T07:07:40+00:00","mainEntityOfPage":{"@id":"https:\/\/nitu.mx\/index.php\/2020\/02\/14\/viva-aerobus-anuncia-nuevas-rutas-de-monterrey-a-orlando-y-san-antonio\/"},"wordCount":358,"commentCount":0,"publisher":{"@id":"https:\/\/nitu.mx\/#\/schema\/person\/ae7a53426417292d3dd07b45a33e01bc"},"image":{"@id":"https:\/\/nitu.mx\/index.php\/2020\/02\/14\/viva-aerobus-anuncia-nuevas-rutas-de-monterrey-a-orlando-y-san-antonio\/#primaryimage"},"thumbnailUrl":"https:\/\/nitu.mx\/wp-content\/uploads\/2019\/01\/Viva-Aerobus-Puebla.jpg","keywords":["Juan Carlos Zuazua","Viva Aerobus"],"articleSection":["Aerol\u00edneas"],"inLanguage":"es-MX","potentialAction":[{"@type":"CommentAction","name":"Comment","target":["https:\/\/nitu.mx\/index.php\/2020\/02\/14\/viva-aerobus-anuncia-nuevas-rutas-de-monterrey-a-orlando-y-san-antonio\/#respond"]}]},{"@type":"WebPage","@id":"https:\/\/nitu.mx\/index.php\/2020\/02\/14\/viva-aerobus-anuncia-nuevas-rutas-de-monterrey-a-orlando-y-san-antonio\/","url":"https:\/\/nitu.mx\/index.php\/2020\/02\/14\/viva-aerobus-anuncia-nuevas-rutas-de-monterrey-a-orlando-y-san-antonio\/","name":"Viva Aerobus anuncia nuevas rutas de Monterrey a Orlando y San Antonio - Nitu - Noticias de la Industria Turistica","isPartOf":{"@id":"https:\/\/nitu.mx\/#website"},"primaryImageOfPage":{"@id":"https:\/\/nitu.mx\/index.php\/2020\/02\/14\/viva-aerobus-anuncia-nuevas-rutas-de-monterrey-a-orlando-y-san-antonio\/#primaryimage"},"image":{"@id":"https:\/\/nitu.mx\/index.php\/2020\/02\/14\/viva-aerobus-anuncia-nuevas-rutas-de-monterrey-a-orlando-y-san-antonio\/#primaryimage"},"thumbnailUrl":"https:\/\/nitu.mx\/wp-content\/uploads\/2019\/01\/Viva-Aerobus-Puebla.jpg","datePublished":"2020-02-14T06:29:01+00:00","dateModified":"2020-02-14T07:07:40+00:00","breadcrumb":{"@id":"https:\/\/nitu.mx\/index.php\/2020\/02\/14\/viva-aerobus-anuncia-nuevas-rutas-de-monterrey-a-orlando-y-san-antonio\/#breadcrumb"},"inLanguage":"es-MX","potentialAction":[{"@type":"ReadAction","target":["https:\/\/nitu.mx\/index.php\/2020\/02\/14\/viva-aerobus-anuncia-nuevas-rutas-de-monterrey-a-orlando-y-san-antonio\/"]}]},{"@type":"ImageObject","inLanguage":"es-MX","@id":"https:\/\/nitu.mx\/index.php\/2020\/02\/14\/viva-aerobus-anuncia-nuevas-rutas-de-monterrey-a-orlando-y-san-antonio\/#primaryimage","url":"https:\/\/nitu.mx\/wp-content\/uploads\/2019\/01\/Viva-Aerobus-Puebla.jpg","contentUrl":"https:\/\/nitu.mx\/wp-content\/uploads\/2019\/01\/Viva-Aerobus-Puebla.jpg","width":850,"height":480,"caption":"Viva Aerobus Puebla"},{"@type":"BreadcrumbList","@id":"https:\/\/nitu.mx\/index.php\/2020\/02\/14\/viva-aerobus-anuncia-nuevas-rutas-de-monterrey-a-orlando-y-san-antonio\/#breadcrumb","itemListElement":[{"@type":"ListItem","position":1,"name":"Inicio","item":"https:\/\/nitu.mx\/"},{"@type":"ListItem","position":2,"name":"Viva Aerobus anuncia nuevas rutas de Monterrey a Orlando y San Antonio"}]},{"@type":"WebSite","@id":"https:\/\/nitu.mx\/#website","url":"https:\/\/nitu.mx\/","name":"Nitu - Noticias de la Industria Turistica","description":"Noticias de la Industria Turistica","publisher":{"@id":"https:\/\/nitu.mx\/#\/schema\/person\/ae7a53426417292d3dd07b45a33e01bc"},"alternateName":"Noticias de la Industria Turistica","potentialAction":[{"@type":"SearchAction","target":{"@type":"EntryPoint","urlTemplate":"https:\/\/nitu.mx\/?s={search_term_string}"},"query-input":"required name=search_term_string"}],"inLanguage":"es-MX"},{"@type":["Person","Organization"],"@id":"https:\/\/nitu.mx\/#\/schema\/person\/ae7a53426417292d3dd07b45a33e01bc","name":"Arturo Medina","image":{"@type":"ImageObject","inLanguage":"es-MX","@id":"https:\/\/nitu.mx\/#\/schema\/person\/image\/","url":"https:\/\/nitu.mx\/wp-content\/uploads\/2024\/04\/4A315622-1904-4D5C-B022-878CDC840E04-90x90-1.jpeg","contentUrl":"https:\/\/nitu.mx\/wp-content\/uploads\/2024\/04\/4A315622-1904-4D5C-B022-878CDC840E04-90x90-1.jpeg","width":90,"height":90,"caption":"Arturo Medina"},"logo":{"@id":"https:\/\/nitu.mx\/#\/schema\/person\/image\/"},"description":"Director NITU.mx, Egresado de la Escuela de Periodismo Carlos Septi\u00e9n Garc\u00eda. Periodista y analista especializado en turismo desde hace 35 a\u00f1os, radicado en Canc\u00fan Q.Roo. arturo@nitu.mx","sameAs":["https:\/\/nitu.mx","https:\/\/www.facebook.com\/NITUmx\/","medinacancun","https:\/\/twitter.com\/@Arturo_Medina_G"]},{"@type":"Person","@id":"https:\/\/nitu.mx\/#\/schema\/person\/4a28fe9bd65924f7c90623773daf1b0b","name":"Redacci\u00f3n","image":{"@type":"ImageObject","inLanguage":"es-MX","@id":"https:\/\/nitu.mx\/#\/schema\/person\/image\/","url":"https:\/\/secure.gravatar.com\/avatar\/5dd011c8ccfc5cd7e4c81e42252aab38?s=96&d=mm&r=g","contentUrl":"https:\/\/secure.gravatar.com\/avatar\/5dd011c8ccfc5cd7e4c81e42252aab38?s=96&d=mm&r=g","caption":"Redacci\u00f3n"},"url":"https:\/\/nitu.mx\/index.php\/author\/redaccion\/"}]}},"views":233,"_links":{"self":[{"href":"https:\/\/nitu.mx\/index.php\/wp-json\/wp\/v2\/posts\/40067"}],"collection":[{"href":"https:\/\/nitu.mx\/index.php\/wp-json\/wp\/v2\/posts"}],"about":[{"href":"https:\/\/nitu.mx\/index.php\/wp-json\/wp\/v2\/types\/post"}],"author":[{"embeddable":true,"href":"https:\/\/nitu.mx\/index.php\/wp-json\/wp\/v2\/users\/17"}],"replies":[{"embeddable":true,"href":"https:\/\/nitu.mx\/index.php\/wp-json\/wp\/v2\/comments?post=40067"}],"version-history":[{"count":2,"href":"https:\/\/nitu.mx\/index.php\/wp-json\/wp\/v2\/posts\/40067\/revisions"}],"predecessor-version":[{"id":40091,"href":"https:\/\/nitu.mx\/index.php\/wp-json\/wp\/v2\/posts\/40067\/revisions\/40091"}],"wp:featuredmedia":[{"embeddable":true,"href":"https:\/\/nitu.mx\/index.php\/wp-json\/wp\/v2\/media\/28322"}],"wp:attachment":[{"href":"https:\/\/nitu.mx\/index.php\/wp-json\/wp\/v2\/media?parent=40067"}],"wp:term":[{"taxonomy":"category","embeddable":true,"href":"https:\/\/nitu.mx\/index.php\/wp-json\/wp\/v2\/categories?post=40067"},{"taxonomy":"post_tag","embeddable":true,"href":"https:\/\/nitu.mx\/index.php\/wp-json\/wp\/v2\/tags?post=40067"}],"curies":[{"name":"wp","href":"https:\/\/api.w.org\/{rel}","templated":true}]}}