{"id":39996,"date":"2020-02-11T23:52:56","date_gmt":"2020-02-12T04:52:56","guid":{"rendered":"https:\/\/www.dev.nitu.mx\/?p=39996"},"modified":"2020-02-12T01:05:28","modified_gmt":"2020-02-12T06:05:28","slug":"omt-inaugurara-la-conferencia-sobre-turismo-y-la-industria-audiovisual-en-riviera-maya","status":"publish","type":"post","link":"https:\/\/nitu.mx\/index.php\/2020\/02\/11\/omt-inaugurara-la-conferencia-sobre-turismo-y-la-industria-audiovisual-en-riviera-maya\/","title":{"rendered":"OMT inaugurar\u00e1 la Conferencia sobre Turismo y la Industria Audiovisual, en Riviera Maya"},"content":{"rendered":"<p>La Organizaci\u00f3n Mundial del Turismo (OMT) inaugurar\u00e1 el pr\u00f3ximo 1ro de mayo la Conferencia sobre Turismo y la Industria Audiovisual, en Riviera Maya, M\u00e9xico.<\/p>\n<p>El evento que se desarrollara durante dos d\u00edas responder\u00e1 interrogantes como \u00bfQu\u00e9 puede aprender el turismo del conocimiento, las propuestas y aportaciones de los m\u00e1s relevantes representantes del sector audiovisual de Iberoam\u00e9rica? \u00bfC\u00f3mo estructurar las conclusiones y recomendaciones de este \u00e1mbito para impulsar el desarrollo sostenible mediante el turismo?.<\/p>\n<p>Desarrollada por la OMT, en colaboraci\u00f3n con sus miembros afiliados EGEDA (Entidad de Gesti\u00f3n de Derechos de los Productores Audiovisuales), el Consejo de Promoci\u00f3n Tur\u00edstica de Quintana Roo y el Grupo XCaret y con el apoyo del Grupo Barcel\u00f3 Hotel &amp; Resorts.<\/p>\n<p>La Conferencia se integrar\u00e1 en una amplia agenda de eventos alrededor de la Gala de los Premios Platino 2020, que se celebrar\u00e1 bajo el concepto \u201c17 Premios- 17 Objetivos de Desarrollo Sostenible\u201d y reunir\u00e1 a destacados representantes de todo el sector de la industria audiovisual de Iberoam\u00e9rica, incluyendo a productores, directores, actores, profesionales, entre otros. (<a title=\"Turismo Naranja destaca en la Riviera Maya\" href=\"https:\/\/www.dev.nitu.mx\/index.php\/2020\/01\/28\/turismo-naranja-destaca-en-la-riviera-maya\/\" rel=\"bookmark\">Turismo Naranja destaca en la Riviera Maya<\/a>).<\/p>\n<p>Se enfocar\u00e1 en las distintas vertientes de la relaci\u00f3n entre el turismo, el cine\/industria audiovisual y la promoci\u00f3n de los Objetivos de Desarrollo Sostenible (ODS). Ponencias y debates sobre el turismo cultural, el impacto ben\u00e9fico del cine en la promoci\u00f3n tur\u00edstica, como fortalecer la competitividad de un destino y c\u00f3mo promover e incorporar los ODS en las pel\u00edculas, marcar\u00e1n los contenidos espec\u00edficos.<\/p>\n<p>Por la naturaleza de este enfoque que mediante narrativas creativas da literalmente visibilidad a los ODS, la Conferencia se inscribe en la recientemente iniciada D\u00e9cada para la Acci\u00f3n para los ODS, que marca la cuenta regresiva hacia el cumplimiento de la Agenda 2030 y los 17 Objetivos Globales que de ella se derivan.<\/p>\n<p>Tendiendo puentes<\/p>\n<p>La conferencia ser\u00e1 dirigida a las entidades p\u00fablicas y privadas vinculadas a los sectores turismo e industria audiovisual, respectivamente (desde productores, directores, actores y dem\u00e1s profesionales del cine, hasta Organizaciones de Gesti\u00f3n de Destinos (DMOs), Administraciones Nacionales de Turismo (ANT), Ministerios de Turismo, y Miembros Afiliados de la OMT, entre otros).<\/p>\n<p>El evento facilitar\u00e1 el encuentro entre los destinos tur\u00edstico y las empresas m\u00e1s importantes productoras de cine y series, televisiones p\u00fablicas y privadas, agentes de ventas, distribuidores y exhibidores de m\u00e1s de 30 pa\u00edses, con el objetivo com\u00fan de promover el turismo de cine a trav\u00e9s de la apertura de un \u00e1rea especial de mercado para impulsar la promoci\u00f3n y oferta de producciones y servicios relativos al audiovisual, el turismo y la educaci\u00f3n. (Caribbean News Digital)<\/p>\n","protected":false},"excerpt":{"rendered":"<p>La Organizaci\u00f3n Mundial del Turismo (OMT) inaugurar\u00e1 el pr\u00f3ximo 1ro de mayo la Conferencia sobre Turismo y la Industria Audiovisual, en Riviera Maya, M\u00e9xico. El evento que se desarrollara durante dos d\u00edas responder\u00e1 interrogantes como \u00bfQu\u00e9 puede aprender el turismo del conocimiento, las propuestas y aportaciones de los m\u00e1s relevantes representantes del sector audiovisual de [&hellip;]<\/p>\n","protected":false},"author":17,"featured_media":27976,"comment_status":"open","ping_status":"open","sticky":false,"template":"","format":"standard","meta":{"footnotes":""},"categories":[5,12],"tags":[18803,1960,80,18804],"yoast_head":"<!-- This site is optimized with the Yoast SEO plugin v22.2 - https:\/\/yoast.com\/wordpress\/plugins\/seo\/ -->\n<title>OMT inaugurar\u00e1 la Conferencia sobre Turismo y la Industria Audiovisual, en Riviera Maya - Nitu - Noticias de la Industria Turistica<\/title>\n<meta name=\"robots\" content=\"index, follow, max-snippet:-1, max-image-preview:large, max-video-preview:-1\" \/>\n<link rel=\"canonical\" href=\"https:\/\/nitu.mx\/index.php\/2020\/02\/11\/omt-inaugurara-la-conferencia-sobre-turismo-y-la-industria-audiovisual-en-riviera-maya\/\" \/>\n<meta name=\"twitter:card\" content=\"summary_large_image\" \/>\n<meta name=\"twitter:title\" content=\"OMT inaugurar\u00e1 la Conferencia sobre Turismo y la Industria Audiovisual, en Riviera Maya - Nitu - Noticias de la Industria Turistica\" \/>\n<meta name=\"twitter:description\" content=\"La Organizaci\u00f3n Mundial del Turismo (OMT) inaugurar\u00e1 el pr\u00f3ximo 1ro de mayo la Conferencia sobre Turismo y la Industria Audiovisual, en Riviera Maya, M\u00e9xico. El evento que se desarrollara durante dos d\u00edas responder\u00e1 interrogantes como \u00bfQu\u00e9 puede aprender el turismo del conocimiento, las propuestas y aportaciones de los m\u00e1s relevantes representantes del sector audiovisual de [&hellip;]\" \/>\n<meta name=\"twitter:image\" content=\"https:\/\/nitu.mx\/wp-content\/uploads\/2019\/01\/Riviera-maya-ok-1.jpg\" \/>\n<meta name=\"twitter:creator\" content=\"@NITUmx\" \/>\n<meta name=\"twitter:site\" content=\"@Arturo_Medina_G\" \/>\n<meta name=\"twitter:label1\" content=\"Escrito por\" \/>\n\t<meta name=\"twitter:data1\" content=\"Redacci\u00f3n\" \/>\n\t<meta name=\"twitter:label2\" content=\"Tiempo de lectura\" \/>\n\t<meta name=\"twitter:data2\" content=\"2 minutos\" \/>\n<script type=\"application\/ld+json\" class=\"yoast-schema-graph\">{\"@context\":\"https:\/\/schema.org\",\"@graph\":[{\"@type\":\"Article\",\"@id\":\"https:\/\/nitu.mx\/index.php\/2020\/02\/11\/omt-inaugurara-la-conferencia-sobre-turismo-y-la-industria-audiovisual-en-riviera-maya\/#article\",\"isPartOf\":{\"@id\":\"https:\/\/nitu.mx\/index.php\/2020\/02\/11\/omt-inaugurara-la-conferencia-sobre-turismo-y-la-industria-audiovisual-en-riviera-maya\/\"},\"author\":{\"name\":\"Redacci\u00f3n\",\"@id\":\"https:\/\/nitu.mx\/#\/schema\/person\/4a28fe9bd65924f7c90623773daf1b0b\"},\"headline\":\"OMT inaugurar\u00e1 la Conferencia sobre Turismo y la Industria Audiovisual, en Riviera Maya\",\"datePublished\":\"2020-02-12T04:52:56+00:00\",\"dateModified\":\"2020-02-12T06:05:28+00:00\",\"mainEntityOfPage\":{\"@id\":\"https:\/\/nitu.mx\/index.php\/2020\/02\/11\/omt-inaugurara-la-conferencia-sobre-turismo-y-la-industria-audiovisual-en-riviera-maya\/\"},\"wordCount\":464,\"commentCount\":0,\"publisher\":{\"@id\":\"https:\/\/nitu.mx\/#\/schema\/person\/ae7a53426417292d3dd07b45a33e01bc\"},\"image\":{\"@id\":\"https:\/\/nitu.mx\/index.php\/2020\/02\/11\/omt-inaugurara-la-conferencia-sobre-turismo-y-la-industria-audiovisual-en-riviera-maya\/#primaryimage\"},\"thumbnailUrl\":\"https:\/\/nitu.mx\/wp-content\/uploads\/2019\/01\/Riviera-maya-ok-1.jpg\",\"keywords\":[\"Conferencia\",\"OMT\",\"Riviera Maya\",\"Turismo e Industria Audiovisual\"],\"articleSection\":[\"Destinos\",\"Marketing\"],\"inLanguage\":\"es-MX\",\"potentialAction\":[{\"@type\":\"CommentAction\",\"name\":\"Comment\",\"target\":[\"https:\/\/nitu.mx\/index.php\/2020\/02\/11\/omt-inaugurara-la-conferencia-sobre-turismo-y-la-industria-audiovisual-en-riviera-maya\/#respond\"]}]},{\"@type\":\"WebPage\",\"@id\":\"https:\/\/nitu.mx\/index.php\/2020\/02\/11\/omt-inaugurara-la-conferencia-sobre-turismo-y-la-industria-audiovisual-en-riviera-maya\/\",\"url\":\"https:\/\/nitu.mx\/index.php\/2020\/02\/11\/omt-inaugurara-la-conferencia-sobre-turismo-y-la-industria-audiovisual-en-riviera-maya\/\",\"name\":\"OMT inaugurar\u00e1 la Conferencia sobre Turismo y la Industria Audiovisual, en Riviera Maya - Nitu - Noticias de la Industria Turistica\",\"isPartOf\":{\"@id\":\"https:\/\/nitu.mx\/#website\"},\"primaryImageOfPage\":{\"@id\":\"https:\/\/nitu.mx\/index.php\/2020\/02\/11\/omt-inaugurara-la-conferencia-sobre-turismo-y-la-industria-audiovisual-en-riviera-maya\/#primaryimage\"},\"image\":{\"@id\":\"https:\/\/nitu.mx\/index.php\/2020\/02\/11\/omt-inaugurara-la-conferencia-sobre-turismo-y-la-industria-audiovisual-en-riviera-maya\/#primaryimage\"},\"thumbnailUrl\":\"https:\/\/nitu.mx\/wp-content\/uploads\/2019\/01\/Riviera-maya-ok-1.jpg\",\"datePublished\":\"2020-02-12T04:52:56+00:00\",\"dateModified\":\"2020-02-12T06:05:28+00:00\",\"breadcrumb\":{\"@id\":\"https:\/\/nitu.mx\/index.php\/2020\/02\/11\/omt-inaugurara-la-conferencia-sobre-turismo-y-la-industria-audiovisual-en-riviera-maya\/#breadcrumb\"},\"inLanguage\":\"es-MX\",\"potentialAction\":[{\"@type\":\"ReadAction\",\"target\":[\"https:\/\/nitu.mx\/index.php\/2020\/02\/11\/omt-inaugurara-la-conferencia-sobre-turismo-y-la-industria-audiovisual-en-riviera-maya\/\"]}]},{\"@type\":\"ImageObject\",\"inLanguage\":\"es-MX\",\"@id\":\"https:\/\/nitu.mx\/index.php\/2020\/02\/11\/omt-inaugurara-la-conferencia-sobre-turismo-y-la-industria-audiovisual-en-riviera-maya\/#primaryimage\",\"url\":\"https:\/\/nitu.mx\/wp-content\/uploads\/2019\/01\/Riviera-maya-ok-1.jpg\",\"contentUrl\":\"https:\/\/nitu.mx\/wp-content\/uploads\/2019\/01\/Riviera-maya-ok-1.jpg\",\"width\":850,\"height\":480,\"caption\":\"riviera maya tarifas Quintana Roo caribe mexicano\"},{\"@type\":\"BreadcrumbList\",\"@id\":\"https:\/\/nitu.mx\/index.php\/2020\/02\/11\/omt-inaugurara-la-conferencia-sobre-turismo-y-la-industria-audiovisual-en-riviera-maya\/#breadcrumb\",\"itemListElement\":[{\"@type\":\"ListItem\",\"position\":1,\"name\":\"Inicio\",\"item\":\"https:\/\/nitu.mx\/\"},{\"@type\":\"ListItem\",\"position\":2,\"name\":\"OMT inaugurar\u00e1 la Conferencia sobre Turismo y la Industria Audiovisual, en Riviera Maya\"}]},{\"@type\":\"WebSite\",\"@id\":\"https:\/\/nitu.mx\/#website\",\"url\":\"https:\/\/nitu.mx\/\",\"name\":\"Nitu - Noticias de la Industria Turistica\",\"description\":\"Noticias de la Industria Turistica\",\"publisher\":{\"@id\":\"https:\/\/nitu.mx\/#\/schema\/person\/ae7a53426417292d3dd07b45a33e01bc\"},\"alternateName\":\"Noticias de la Industria Turistica\",\"potentialAction\":[{\"@type\":\"SearchAction\",\"target\":{\"@type\":\"EntryPoint\",\"urlTemplate\":\"https:\/\/nitu.mx\/?s={search_term_string}\"},\"query-input\":\"required name=search_term_string\"}],\"inLanguage\":\"es-MX\"},{\"@type\":[\"Person\",\"Organization\"],\"@id\":\"https:\/\/nitu.mx\/#\/schema\/person\/ae7a53426417292d3dd07b45a33e01bc\",\"name\":\"Arturo Medina\",\"image\":{\"@type\":\"ImageObject\",\"inLanguage\":\"es-MX\",\"@id\":\"https:\/\/nitu.mx\/#\/schema\/person\/image\/\",\"url\":\"https:\/\/nitu.mx\/wp-content\/uploads\/2024\/04\/4A315622-1904-4D5C-B022-878CDC840E04-90x90-1.jpeg\",\"contentUrl\":\"https:\/\/nitu.mx\/wp-content\/uploads\/2024\/04\/4A315622-1904-4D5C-B022-878CDC840E04-90x90-1.jpeg\",\"width\":90,\"height\":90,\"caption\":\"Arturo Medina\"},\"logo\":{\"@id\":\"https:\/\/nitu.mx\/#\/schema\/person\/image\/\"},\"description\":\"Director NITU.mx, Egresado de la Escuela de Periodismo Carlos Septi\u00e9n Garc\u00eda. Periodista y analista especializado en turismo desde hace 35 a\u00f1os, radicado en Canc\u00fan Q.Roo. arturo@nitu.mx\",\"sameAs\":[\"https:\/\/nitu.mx\",\"https:\/\/www.facebook.com\/NITUmx\/\",\"medinacancun\",\"https:\/\/twitter.com\/@Arturo_Medina_G\"]},{\"@type\":\"Person\",\"@id\":\"https:\/\/nitu.mx\/#\/schema\/person\/4a28fe9bd65924f7c90623773daf1b0b\",\"name\":\"Redacci\u00f3n\",\"image\":{\"@type\":\"ImageObject\",\"inLanguage\":\"es-MX\",\"@id\":\"https:\/\/nitu.mx\/#\/schema\/person\/image\/\",\"url\":\"https:\/\/secure.gravatar.com\/avatar\/5dd011c8ccfc5cd7e4c81e42252aab38?s=96&d=mm&r=g\",\"contentUrl\":\"https:\/\/secure.gravatar.com\/avatar\/5dd011c8ccfc5cd7e4c81e42252aab38?s=96&d=mm&r=g\",\"caption\":\"Redacci\u00f3n\"},\"url\":\"https:\/\/nitu.mx\/index.php\/author\/redaccion\/\"}]}<\/script>\n<!-- \/ Yoast SEO plugin. -->","yoast_head_json":{"title":"OMT inaugurar\u00e1 la Conferencia sobre Turismo y la Industria Audiovisual, en Riviera Maya - Nitu - Noticias de la Industria Turistica","robots":{"index":"index","follow":"follow","max-snippet":"max-snippet:-1","max-image-preview":"max-image-preview:large","max-video-preview":"max-video-preview:-1"},"canonical":"https:\/\/nitu.mx\/index.php\/2020\/02\/11\/omt-inaugurara-la-conferencia-sobre-turismo-y-la-industria-audiovisual-en-riviera-maya\/","twitter_card":"summary_large_image","twitter_title":"OMT inaugurar\u00e1 la Conferencia sobre Turismo y la Industria Audiovisual, en Riviera Maya - Nitu - Noticias de la Industria Turistica","twitter_description":"La Organizaci\u00f3n Mundial del Turismo (OMT) inaugurar\u00e1 el pr\u00f3ximo 1ro de mayo la Conferencia sobre Turismo y la Industria Audiovisual, en Riviera Maya, M\u00e9xico. El evento que se desarrollara durante dos d\u00edas responder\u00e1 interrogantes como \u00bfQu\u00e9 puede aprender el turismo del conocimiento, las propuestas y aportaciones de los m\u00e1s relevantes representantes del sector audiovisual de [&hellip;]","twitter_image":"https:\/\/nitu.mx\/wp-content\/uploads\/2019\/01\/Riviera-maya-ok-1.jpg","twitter_creator":"@NITUmx","twitter_site":"@Arturo_Medina_G","twitter_misc":{"Escrito por":"Redacci\u00f3n","Tiempo de lectura":"2 minutos"},"schema":{"@context":"https:\/\/schema.org","@graph":[{"@type":"Article","@id":"https:\/\/nitu.mx\/index.php\/2020\/02\/11\/omt-inaugurara-la-conferencia-sobre-turismo-y-la-industria-audiovisual-en-riviera-maya\/#article","isPartOf":{"@id":"https:\/\/nitu.mx\/index.php\/2020\/02\/11\/omt-inaugurara-la-conferencia-sobre-turismo-y-la-industria-audiovisual-en-riviera-maya\/"},"author":{"name":"Redacci\u00f3n","@id":"https:\/\/nitu.mx\/#\/schema\/person\/4a28fe9bd65924f7c90623773daf1b0b"},"headline":"OMT inaugurar\u00e1 la Conferencia sobre Turismo y la Industria Audiovisual, en Riviera Maya","datePublished":"2020-02-12T04:52:56+00:00","dateModified":"2020-02-12T06:05:28+00:00","mainEntityOfPage":{"@id":"https:\/\/nitu.mx\/index.php\/2020\/02\/11\/omt-inaugurara-la-conferencia-sobre-turismo-y-la-industria-audiovisual-en-riviera-maya\/"},"wordCount":464,"commentCount":0,"publisher":{"@id":"https:\/\/nitu.mx\/#\/schema\/person\/ae7a53426417292d3dd07b45a33e01bc"},"image":{"@id":"https:\/\/nitu.mx\/index.php\/2020\/02\/11\/omt-inaugurara-la-conferencia-sobre-turismo-y-la-industria-audiovisual-en-riviera-maya\/#primaryimage"},"thumbnailUrl":"https:\/\/nitu.mx\/wp-content\/uploads\/2019\/01\/Riviera-maya-ok-1.jpg","keywords":["Conferencia","OMT","Riviera Maya","Turismo e Industria Audiovisual"],"articleSection":["Destinos","Marketing"],"inLanguage":"es-MX","potentialAction":[{"@type":"CommentAction","name":"Comment","target":["https:\/\/nitu.mx\/index.php\/2020\/02\/11\/omt-inaugurara-la-conferencia-sobre-turismo-y-la-industria-audiovisual-en-riviera-maya\/#respond"]}]},{"@type":"WebPage","@id":"https:\/\/nitu.mx\/index.php\/2020\/02\/11\/omt-inaugurara-la-conferencia-sobre-turismo-y-la-industria-audiovisual-en-riviera-maya\/","url":"https:\/\/nitu.mx\/index.php\/2020\/02\/11\/omt-inaugurara-la-conferencia-sobre-turismo-y-la-industria-audiovisual-en-riviera-maya\/","name":"OMT inaugurar\u00e1 la Conferencia sobre Turismo y la Industria Audiovisual, en Riviera Maya - Nitu - Noticias de la Industria Turistica","isPartOf":{"@id":"https:\/\/nitu.mx\/#website"},"primaryImageOfPage":{"@id":"https:\/\/nitu.mx\/index.php\/2020\/02\/11\/omt-inaugurara-la-conferencia-sobre-turismo-y-la-industria-audiovisual-en-riviera-maya\/#primaryimage"},"image":{"@id":"https:\/\/nitu.mx\/index.php\/2020\/02\/11\/omt-inaugurara-la-conferencia-sobre-turismo-y-la-industria-audiovisual-en-riviera-maya\/#primaryimage"},"thumbnailUrl":"https:\/\/nitu.mx\/wp-content\/uploads\/2019\/01\/Riviera-maya-ok-1.jpg","datePublished":"2020-02-12T04:52:56+00:00","dateModified":"2020-02-12T06:05:28+00:00","breadcrumb":{"@id":"https:\/\/nitu.mx\/index.php\/2020\/02\/11\/omt-inaugurara-la-conferencia-sobre-turismo-y-la-industria-audiovisual-en-riviera-maya\/#breadcrumb"},"inLanguage":"es-MX","potentialAction":[{"@type":"ReadAction","target":["https:\/\/nitu.mx\/index.php\/2020\/02\/11\/omt-inaugurara-la-conferencia-sobre-turismo-y-la-industria-audiovisual-en-riviera-maya\/"]}]},{"@type":"ImageObject","inLanguage":"es-MX","@id":"https:\/\/nitu.mx\/index.php\/2020\/02\/11\/omt-inaugurara-la-conferencia-sobre-turismo-y-la-industria-audiovisual-en-riviera-maya\/#primaryimage","url":"https:\/\/nitu.mx\/wp-content\/uploads\/2019\/01\/Riviera-maya-ok-1.jpg","contentUrl":"https:\/\/nitu.mx\/wp-content\/uploads\/2019\/01\/Riviera-maya-ok-1.jpg","width":850,"height":480,"caption":"riviera maya tarifas Quintana Roo caribe mexicano"},{"@type":"BreadcrumbList","@id":"https:\/\/nitu.mx\/index.php\/2020\/02\/11\/omt-inaugurara-la-conferencia-sobre-turismo-y-la-industria-audiovisual-en-riviera-maya\/#breadcrumb","itemListElement":[{"@type":"ListItem","position":1,"name":"Inicio","item":"https:\/\/nitu.mx\/"},{"@type":"ListItem","position":2,"name":"OMT inaugurar\u00e1 la Conferencia sobre Turismo y la Industria Audiovisual, en Riviera Maya"}]},{"@type":"WebSite","@id":"https:\/\/nitu.mx\/#website","url":"https:\/\/nitu.mx\/","name":"Nitu - Noticias de la Industria Turistica","description":"Noticias de la Industria Turistica","publisher":{"@id":"https:\/\/nitu.mx\/#\/schema\/person\/ae7a53426417292d3dd07b45a33e01bc"},"alternateName":"Noticias de la Industria Turistica","potentialAction":[{"@type":"SearchAction","target":{"@type":"EntryPoint","urlTemplate":"https:\/\/nitu.mx\/?s={search_term_string}"},"query-input":"required name=search_term_string"}],"inLanguage":"es-MX"},{"@type":["Person","Organization"],"@id":"https:\/\/nitu.mx\/#\/schema\/person\/ae7a53426417292d3dd07b45a33e01bc","name":"Arturo Medina","image":{"@type":"ImageObject","inLanguage":"es-MX","@id":"https:\/\/nitu.mx\/#\/schema\/person\/image\/","url":"https:\/\/nitu.mx\/wp-content\/uploads\/2024\/04\/4A315622-1904-4D5C-B022-878CDC840E04-90x90-1.jpeg","contentUrl":"https:\/\/nitu.mx\/wp-content\/uploads\/2024\/04\/4A315622-1904-4D5C-B022-878CDC840E04-90x90-1.jpeg","width":90,"height":90,"caption":"Arturo Medina"},"logo":{"@id":"https:\/\/nitu.mx\/#\/schema\/person\/image\/"},"description":"Director NITU.mx, Egresado de la Escuela de Periodismo Carlos Septi\u00e9n Garc\u00eda. Periodista y analista especializado en turismo desde hace 35 a\u00f1os, radicado en Canc\u00fan Q.Roo. arturo@nitu.mx","sameAs":["https:\/\/nitu.mx","https:\/\/www.facebook.com\/NITUmx\/","medinacancun","https:\/\/twitter.com\/@Arturo_Medina_G"]},{"@type":"Person","@id":"https:\/\/nitu.mx\/#\/schema\/person\/4a28fe9bd65924f7c90623773daf1b0b","name":"Redacci\u00f3n","image":{"@type":"ImageObject","inLanguage":"es-MX","@id":"https:\/\/nitu.mx\/#\/schema\/person\/image\/","url":"https:\/\/secure.gravatar.com\/avatar\/5dd011c8ccfc5cd7e4c81e42252aab38?s=96&d=mm&r=g","contentUrl":"https:\/\/secure.gravatar.com\/avatar\/5dd011c8ccfc5cd7e4c81e42252aab38?s=96&d=mm&r=g","caption":"Redacci\u00f3n"},"url":"https:\/\/nitu.mx\/index.php\/author\/redaccion\/"}]}},"views":275,"_links":{"self":[{"href":"https:\/\/nitu.mx\/index.php\/wp-json\/wp\/v2\/posts\/39996"}],"collection":[{"href":"https:\/\/nitu.mx\/index.php\/wp-json\/wp\/v2\/posts"}],"about":[{"href":"https:\/\/nitu.mx\/index.php\/wp-json\/wp\/v2\/types\/post"}],"author":[{"embeddable":true,"href":"https:\/\/nitu.mx\/index.php\/wp-json\/wp\/v2\/users\/17"}],"replies":[{"embeddable":true,"href":"https:\/\/nitu.mx\/index.php\/wp-json\/wp\/v2\/comments?post=39996"}],"version-history":[{"count":2,"href":"https:\/\/nitu.mx\/index.php\/wp-json\/wp\/v2\/posts\/39996\/revisions"}],"predecessor-version":[{"id":40008,"href":"https:\/\/nitu.mx\/index.php\/wp-json\/wp\/v2\/posts\/39996\/revisions\/40008"}],"wp:featuredmedia":[{"embeddable":true,"href":"https:\/\/nitu.mx\/index.php\/wp-json\/wp\/v2\/media\/27976"}],"wp:attachment":[{"href":"https:\/\/nitu.mx\/index.php\/wp-json\/wp\/v2\/media?parent=39996"}],"wp:term":[{"taxonomy":"category","embeddable":true,"href":"https:\/\/nitu.mx\/index.php\/wp-json\/wp\/v2\/categories?post=39996"},{"taxonomy":"post_tag","embeddable":true,"href":"https:\/\/nitu.mx\/index.php\/wp-json\/wp\/v2\/tags?post=39996"}],"curies":[{"name":"wp","href":"https:\/\/api.w.org\/{rel}","templated":true}]}}