{"id":39848,"date":"2020-02-07T13:26:11","date_gmt":"2020-02-07T18:26:11","guid":{"rendered":"https:\/\/www.dev.nitu.mx\/?p=39848"},"modified":"2020-02-08T14:58:02","modified_gmt":"2020-02-08T19:58:02","slug":"oficializan-hoteleros-de-cancun-apoyo-a-fines-de-semana-largo","status":"publish","type":"post","link":"https:\/\/nitu.mx\/index.php\/2020\/02\/07\/oficializan-hoteleros-de-cancun-apoyo-a-fines-de-semana-largo\/","title":{"rendered":"Oficializan hoteleros de Canc\u00fan apoyo a fines de semana largos"},"content":{"rendered":"<p>El sector hotelero de Canc\u00fan, Puerto Morelos el Isla Mujeres ha fijado su postura oficial de apoyo a los fines de semana largos, luego del debate que se ha suscitado tras el Comentario del presidente Andr\u00e9s Manuel L\u00f3pez Obrador, en el sentido de que habr\u00e1 que considerar modificarlos para dar m\u00e1s importancia a las fechas a festejar.<\/p>\n<p>Destaca en su comunicado que el turismo representa casi el 9% del PIB, con 3.8 millones de empleos en el pa\u00eds y requiere iniciativas para incentivar su potencial y no para frenarla y desacel\u00e9rarla.<\/p>\n<p>Aqu\u00ed el comunicado \u00edntegro.<\/p>\n<p><img decoding=\"async\" loading=\"lazy\" class=\"aligncenter wp-image-39849 size-full\" src=\"https:\/\/www.dev.nitu.mx\/wp-content\/uploads\/2020\/02\/61ABD4AA-BED3-4A74-AA32-8628D52B1F88.jpeg\" alt=\"\" width=\"750\" height=\"943\" srcset=\"https:\/\/nitu.mx\/wp-content\/uploads\/2020\/02\/61ABD4AA-BED3-4A74-AA32-8628D52B1F88.jpeg 750w, https:\/\/nitu.mx\/wp-content\/uploads\/2020\/02\/61ABD4AA-BED3-4A74-AA32-8628D52B1F88-239x300.jpeg 239w\" sizes=\"(max-width: 750px) 100vw, 750px\" \/><\/p>\n","protected":false},"excerpt":{"rendered":"<p>El sector hotelero de Canc\u00fan, Puerto Morelos el Isla Mujeres ha fijado su postura oficial de apoyo a los fines de semana largos, luego del debate que se ha suscitado tras el Comentario del presidente Andr\u00e9s Manuel L\u00f3pez Obrador, en el sentido de que habr\u00e1 que considerar modificarlos para dar m\u00e1s importancia a las fechas [&hellip;]<\/p>\n","protected":false},"author":2,"featured_media":33427,"comment_status":"open","ping_status":"open","sticky":false,"template":"","format":"standard","meta":{"footnotes":""},"categories":[2],"tags":[],"yoast_head":"<!-- This site is optimized with the Yoast SEO plugin v22.2 - https:\/\/yoast.com\/wordpress\/plugins\/seo\/ -->\n<title>Oficializan hoteleros de Canc\u00fan apoyo a fines de semana largos - Nitu - Noticias de la Industria Turistica<\/title>\n<meta name=\"robots\" content=\"index, follow, max-snippet:-1, max-image-preview:large, max-video-preview:-1\" \/>\n<link rel=\"canonical\" href=\"https:\/\/nitu.mx\/index.php\/2020\/02\/07\/oficializan-hoteleros-de-cancun-apoyo-a-fines-de-semana-largo\/\" \/>\n<meta name=\"twitter:card\" content=\"summary_large_image\" \/>\n<meta name=\"twitter:title\" content=\"Oficializan hoteleros de Canc\u00fan apoyo a fines de semana largos - Nitu - Noticias de la Industria Turistica\" \/>\n<meta name=\"twitter:description\" content=\"El sector hotelero de Canc\u00fan, Puerto Morelos el Isla Mujeres ha fijado su postura oficial de apoyo a los fines de semana largos, luego del debate que se ha suscitado tras el Comentario del presidente Andr\u00e9s Manuel L\u00f3pez Obrador, en el sentido de que habr\u00e1 que considerar modificarlos para dar m\u00e1s importancia a las fechas [&hellip;]\" \/>\n<meta name=\"twitter:image\" content=\"https:\/\/nitu.mx\/wp-content\/uploads\/2019\/07\/hoteleros-cancun.jpg\" \/>\n<meta name=\"twitter:creator\" content=\"@Arturo_Medina_G\" \/>\n<meta name=\"twitter:site\" content=\"@Arturo_Medina_G\" \/>\n<meta name=\"twitter:label1\" content=\"Escrito por\" \/>\n\t<meta name=\"twitter:data1\" content=\"Arturo Medina\" \/>\n<script type=\"application\/ld+json\" class=\"yoast-schema-graph\">{\"@context\":\"https:\/\/schema.org\",\"@graph\":[{\"@type\":\"Article\",\"@id\":\"https:\/\/nitu.mx\/index.php\/2020\/02\/07\/oficializan-hoteleros-de-cancun-apoyo-a-fines-de-semana-largo\/#article\",\"isPartOf\":{\"@id\":\"https:\/\/nitu.mx\/index.php\/2020\/02\/07\/oficializan-hoteleros-de-cancun-apoyo-a-fines-de-semana-largo\/\"},\"author\":{\"name\":\"Arturo Medina\",\"@id\":\"https:\/\/nitu.mx\/#\/schema\/person\/ae7a53426417292d3dd07b45a33e01bc\"},\"headline\":\"Oficializan hoteleros de Canc\u00fan apoyo a fines de semana largos\",\"datePublished\":\"2020-02-07T18:26:11+00:00\",\"dateModified\":\"2020-02-08T19:58:02+00:00\",\"mainEntityOfPage\":{\"@id\":\"https:\/\/nitu.mx\/index.php\/2020\/02\/07\/oficializan-hoteleros-de-cancun-apoyo-a-fines-de-semana-largo\/\"},\"wordCount\":110,\"commentCount\":0,\"publisher\":{\"@id\":\"https:\/\/nitu.mx\/#\/schema\/person\/ae7a53426417292d3dd07b45a33e01bc\"},\"image\":{\"@id\":\"https:\/\/nitu.mx\/index.php\/2020\/02\/07\/oficializan-hoteleros-de-cancun-apoyo-a-fines-de-semana-largo\/#primaryimage\"},\"thumbnailUrl\":\"https:\/\/nitu.mx\/wp-content\/uploads\/2019\/07\/hoteleros-cancun.jpg\",\"articleSection\":[\"Hoteles\"],\"inLanguage\":\"es-MX\",\"potentialAction\":[{\"@type\":\"CommentAction\",\"name\":\"Comment\",\"target\":[\"https:\/\/nitu.mx\/index.php\/2020\/02\/07\/oficializan-hoteleros-de-cancun-apoyo-a-fines-de-semana-largo\/#respond\"]}]},{\"@type\":\"WebPage\",\"@id\":\"https:\/\/nitu.mx\/index.php\/2020\/02\/07\/oficializan-hoteleros-de-cancun-apoyo-a-fines-de-semana-largo\/\",\"url\":\"https:\/\/nitu.mx\/index.php\/2020\/02\/07\/oficializan-hoteleros-de-cancun-apoyo-a-fines-de-semana-largo\/\",\"name\":\"Oficializan hoteleros de Canc\u00fan apoyo a fines de semana largos - Nitu - Noticias de la Industria Turistica\",\"isPartOf\":{\"@id\":\"https:\/\/nitu.mx\/#website\"},\"primaryImageOfPage\":{\"@id\":\"https:\/\/nitu.mx\/index.php\/2020\/02\/07\/oficializan-hoteleros-de-cancun-apoyo-a-fines-de-semana-largo\/#primaryimage\"},\"image\":{\"@id\":\"https:\/\/nitu.mx\/index.php\/2020\/02\/07\/oficializan-hoteleros-de-cancun-apoyo-a-fines-de-semana-largo\/#primaryimage\"},\"thumbnailUrl\":\"https:\/\/nitu.mx\/wp-content\/uploads\/2019\/07\/hoteleros-cancun.jpg\",\"datePublished\":\"2020-02-07T18:26:11+00:00\",\"dateModified\":\"2020-02-08T19:58:02+00:00\",\"breadcrumb\":{\"@id\":\"https:\/\/nitu.mx\/index.php\/2020\/02\/07\/oficializan-hoteleros-de-cancun-apoyo-a-fines-de-semana-largo\/#breadcrumb\"},\"inLanguage\":\"es-MX\",\"potentialAction\":[{\"@type\":\"ReadAction\",\"target\":[\"https:\/\/nitu.mx\/index.php\/2020\/02\/07\/oficializan-hoteleros-de-cancun-apoyo-a-fines-de-semana-largo\/\"]}]},{\"@type\":\"ImageObject\",\"inLanguage\":\"es-MX\",\"@id\":\"https:\/\/nitu.mx\/index.php\/2020\/02\/07\/oficializan-hoteleros-de-cancun-apoyo-a-fines-de-semana-largo\/#primaryimage\",\"url\":\"https:\/\/nitu.mx\/wp-content\/uploads\/2019\/07\/hoteleros-cancun.jpg\",\"contentUrl\":\"https:\/\/nitu.mx\/wp-content\/uploads\/2019\/07\/hoteleros-cancun.jpg\",\"width\":850,\"height\":480,\"caption\":\"CPTQ hoteleros cancun ordenamiento tur\u00edstico fibra \u00f3ptica Francisco L\u00f3pez Reyes turismo sustentable\"},{\"@type\":\"BreadcrumbList\",\"@id\":\"https:\/\/nitu.mx\/index.php\/2020\/02\/07\/oficializan-hoteleros-de-cancun-apoyo-a-fines-de-semana-largo\/#breadcrumb\",\"itemListElement\":[{\"@type\":\"ListItem\",\"position\":1,\"name\":\"Inicio\",\"item\":\"https:\/\/nitu.mx\/\"},{\"@type\":\"ListItem\",\"position\":2,\"name\":\"Oficializan hoteleros de Canc\u00fan apoyo a fines de semana largos\"}]},{\"@type\":\"WebSite\",\"@id\":\"https:\/\/nitu.mx\/#website\",\"url\":\"https:\/\/nitu.mx\/\",\"name\":\"Nitu - Noticias de la Industria Turistica\",\"description\":\"Noticias de la Industria Turistica\",\"publisher\":{\"@id\":\"https:\/\/nitu.mx\/#\/schema\/person\/ae7a53426417292d3dd07b45a33e01bc\"},\"alternateName\":\"Noticias de la Industria Turistica\",\"potentialAction\":[{\"@type\":\"SearchAction\",\"target\":{\"@type\":\"EntryPoint\",\"urlTemplate\":\"https:\/\/nitu.mx\/?s={search_term_string}\"},\"query-input\":\"required name=search_term_string\"}],\"inLanguage\":\"es-MX\"},{\"@type\":[\"Person\",\"Organization\"],\"@id\":\"https:\/\/nitu.mx\/#\/schema\/person\/ae7a53426417292d3dd07b45a33e01bc\",\"name\":\"Arturo Medina\",\"image\":{\"@type\":\"ImageObject\",\"inLanguage\":\"es-MX\",\"@id\":\"https:\/\/nitu.mx\/#\/schema\/person\/image\/\",\"url\":\"https:\/\/nitu.mx\/wp-content\/uploads\/2024\/04\/4A315622-1904-4D5C-B022-878CDC840E04-90x90-1.jpeg\",\"contentUrl\":\"https:\/\/nitu.mx\/wp-content\/uploads\/2024\/04\/4A315622-1904-4D5C-B022-878CDC840E04-90x90-1.jpeg\",\"width\":90,\"height\":90,\"caption\":\"Arturo Medina\"},\"logo\":{\"@id\":\"https:\/\/nitu.mx\/#\/schema\/person\/image\/\"},\"description\":\"Director NITU.mx, Egresado de la Escuela de Periodismo Carlos Septi\u00e9n Garc\u00eda. Periodista y analista especializado en turismo desde hace 35 a\u00f1os, radicado en Canc\u00fan Q.Roo. arturo@nitu.mx\",\"sameAs\":[\"https:\/\/nitu.mx\",\"https:\/\/www.facebook.com\/NITUmx\/\",\"medinacancun\",\"https:\/\/twitter.com\/@Arturo_Medina_G\"],\"url\":\"https:\/\/nitu.mx\/index.php\/author\/arturo-medina\/\"}]}<\/script>\n<!-- \/ Yoast SEO plugin. -->","yoast_head_json":{"title":"Oficializan hoteleros de Canc\u00fan apoyo a fines de semana largos - Nitu - Noticias de la Industria Turistica","robots":{"index":"index","follow":"follow","max-snippet":"max-snippet:-1","max-image-preview":"max-image-preview:large","max-video-preview":"max-video-preview:-1"},"canonical":"https:\/\/nitu.mx\/index.php\/2020\/02\/07\/oficializan-hoteleros-de-cancun-apoyo-a-fines-de-semana-largo\/","twitter_card":"summary_large_image","twitter_title":"Oficializan hoteleros de Canc\u00fan apoyo a fines de semana largos - Nitu - Noticias de la Industria Turistica","twitter_description":"El sector hotelero de Canc\u00fan, Puerto Morelos el Isla Mujeres ha fijado su postura oficial de apoyo a los fines de semana largos, luego del debate que se ha suscitado tras el Comentario del presidente Andr\u00e9s Manuel L\u00f3pez Obrador, en el sentido de que habr\u00e1 que considerar modificarlos para dar m\u00e1s importancia a las fechas [&hellip;]","twitter_image":"https:\/\/nitu.mx\/wp-content\/uploads\/2019\/07\/hoteleros-cancun.jpg","twitter_creator":"@Arturo_Medina_G","twitter_site":"@Arturo_Medina_G","twitter_misc":{"Escrito por":"Arturo Medina"},"schema":{"@context":"https:\/\/schema.org","@graph":[{"@type":"Article","@id":"https:\/\/nitu.mx\/index.php\/2020\/02\/07\/oficializan-hoteleros-de-cancun-apoyo-a-fines-de-semana-largo\/#article","isPartOf":{"@id":"https:\/\/nitu.mx\/index.php\/2020\/02\/07\/oficializan-hoteleros-de-cancun-apoyo-a-fines-de-semana-largo\/"},"author":{"name":"Arturo Medina","@id":"https:\/\/nitu.mx\/#\/schema\/person\/ae7a53426417292d3dd07b45a33e01bc"},"headline":"Oficializan hoteleros de Canc\u00fan apoyo a fines de semana largos","datePublished":"2020-02-07T18:26:11+00:00","dateModified":"2020-02-08T19:58:02+00:00","mainEntityOfPage":{"@id":"https:\/\/nitu.mx\/index.php\/2020\/02\/07\/oficializan-hoteleros-de-cancun-apoyo-a-fines-de-semana-largo\/"},"wordCount":110,"commentCount":0,"publisher":{"@id":"https:\/\/nitu.mx\/#\/schema\/person\/ae7a53426417292d3dd07b45a33e01bc"},"image":{"@id":"https:\/\/nitu.mx\/index.php\/2020\/02\/07\/oficializan-hoteleros-de-cancun-apoyo-a-fines-de-semana-largo\/#primaryimage"},"thumbnailUrl":"https:\/\/nitu.mx\/wp-content\/uploads\/2019\/07\/hoteleros-cancun.jpg","articleSection":["Hoteles"],"inLanguage":"es-MX","potentialAction":[{"@type":"CommentAction","name":"Comment","target":["https:\/\/nitu.mx\/index.php\/2020\/02\/07\/oficializan-hoteleros-de-cancun-apoyo-a-fines-de-semana-largo\/#respond"]}]},{"@type":"WebPage","@id":"https:\/\/nitu.mx\/index.php\/2020\/02\/07\/oficializan-hoteleros-de-cancun-apoyo-a-fines-de-semana-largo\/","url":"https:\/\/nitu.mx\/index.php\/2020\/02\/07\/oficializan-hoteleros-de-cancun-apoyo-a-fines-de-semana-largo\/","name":"Oficializan hoteleros de Canc\u00fan apoyo a fines de semana largos - Nitu - Noticias de la Industria Turistica","isPartOf":{"@id":"https:\/\/nitu.mx\/#website"},"primaryImageOfPage":{"@id":"https:\/\/nitu.mx\/index.php\/2020\/02\/07\/oficializan-hoteleros-de-cancun-apoyo-a-fines-de-semana-largo\/#primaryimage"},"image":{"@id":"https:\/\/nitu.mx\/index.php\/2020\/02\/07\/oficializan-hoteleros-de-cancun-apoyo-a-fines-de-semana-largo\/#primaryimage"},"thumbnailUrl":"https:\/\/nitu.mx\/wp-content\/uploads\/2019\/07\/hoteleros-cancun.jpg","datePublished":"2020-02-07T18:26:11+00:00","dateModified":"2020-02-08T19:58:02+00:00","breadcrumb":{"@id":"https:\/\/nitu.mx\/index.php\/2020\/02\/07\/oficializan-hoteleros-de-cancun-apoyo-a-fines-de-semana-largo\/#breadcrumb"},"inLanguage":"es-MX","potentialAction":[{"@type":"ReadAction","target":["https:\/\/nitu.mx\/index.php\/2020\/02\/07\/oficializan-hoteleros-de-cancun-apoyo-a-fines-de-semana-largo\/"]}]},{"@type":"ImageObject","inLanguage":"es-MX","@id":"https:\/\/nitu.mx\/index.php\/2020\/02\/07\/oficializan-hoteleros-de-cancun-apoyo-a-fines-de-semana-largo\/#primaryimage","url":"https:\/\/nitu.mx\/wp-content\/uploads\/2019\/07\/hoteleros-cancun.jpg","contentUrl":"https:\/\/nitu.mx\/wp-content\/uploads\/2019\/07\/hoteleros-cancun.jpg","width":850,"height":480,"caption":"CPTQ hoteleros cancun ordenamiento tur\u00edstico fibra \u00f3ptica Francisco L\u00f3pez Reyes turismo sustentable"},{"@type":"BreadcrumbList","@id":"https:\/\/nitu.mx\/index.php\/2020\/02\/07\/oficializan-hoteleros-de-cancun-apoyo-a-fines-de-semana-largo\/#breadcrumb","itemListElement":[{"@type":"ListItem","position":1,"name":"Inicio","item":"https:\/\/nitu.mx\/"},{"@type":"ListItem","position":2,"name":"Oficializan hoteleros de Canc\u00fan apoyo a fines de semana largos"}]},{"@type":"WebSite","@id":"https:\/\/nitu.mx\/#website","url":"https:\/\/nitu.mx\/","name":"Nitu - Noticias de la Industria Turistica","description":"Noticias de la Industria Turistica","publisher":{"@id":"https:\/\/nitu.mx\/#\/schema\/person\/ae7a53426417292d3dd07b45a33e01bc"},"alternateName":"Noticias de la Industria Turistica","potentialAction":[{"@type":"SearchAction","target":{"@type":"EntryPoint","urlTemplate":"https:\/\/nitu.mx\/?s={search_term_string}"},"query-input":"required name=search_term_string"}],"inLanguage":"es-MX"},{"@type":["Person","Organization"],"@id":"https:\/\/nitu.mx\/#\/schema\/person\/ae7a53426417292d3dd07b45a33e01bc","name":"Arturo Medina","image":{"@type":"ImageObject","inLanguage":"es-MX","@id":"https:\/\/nitu.mx\/#\/schema\/person\/image\/","url":"https:\/\/nitu.mx\/wp-content\/uploads\/2024\/04\/4A315622-1904-4D5C-B022-878CDC840E04-90x90-1.jpeg","contentUrl":"https:\/\/nitu.mx\/wp-content\/uploads\/2024\/04\/4A315622-1904-4D5C-B022-878CDC840E04-90x90-1.jpeg","width":90,"height":90,"caption":"Arturo Medina"},"logo":{"@id":"https:\/\/nitu.mx\/#\/schema\/person\/image\/"},"description":"Director NITU.mx, Egresado de la Escuela de Periodismo Carlos Septi\u00e9n Garc\u00eda. Periodista y analista especializado en turismo desde hace 35 a\u00f1os, radicado en Canc\u00fan Q.Roo. arturo@nitu.mx","sameAs":["https:\/\/nitu.mx","https:\/\/www.facebook.com\/NITUmx\/","medinacancun","https:\/\/twitter.com\/@Arturo_Medina_G"],"url":"https:\/\/nitu.mx\/index.php\/author\/arturo-medina\/"}]}},"views":223,"_links":{"self":[{"href":"https:\/\/nitu.mx\/index.php\/wp-json\/wp\/v2\/posts\/39848"}],"collection":[{"href":"https:\/\/nitu.mx\/index.php\/wp-json\/wp\/v2\/posts"}],"about":[{"href":"https:\/\/nitu.mx\/index.php\/wp-json\/wp\/v2\/types\/post"}],"author":[{"embeddable":true,"href":"https:\/\/nitu.mx\/index.php\/wp-json\/wp\/v2\/users\/2"}],"replies":[{"embeddable":true,"href":"https:\/\/nitu.mx\/index.php\/wp-json\/wp\/v2\/comments?post=39848"}],"version-history":[{"count":3,"href":"https:\/\/nitu.mx\/index.php\/wp-json\/wp\/v2\/posts\/39848\/revisions"}],"predecessor-version":[{"id":39852,"href":"https:\/\/nitu.mx\/index.php\/wp-json\/wp\/v2\/posts\/39848\/revisions\/39852"}],"wp:featuredmedia":[{"embeddable":true,"href":"https:\/\/nitu.mx\/index.php\/wp-json\/wp\/v2\/media\/33427"}],"wp:attachment":[{"href":"https:\/\/nitu.mx\/index.php\/wp-json\/wp\/v2\/media?parent=39848"}],"wp:term":[{"taxonomy":"category","embeddable":true,"href":"https:\/\/nitu.mx\/index.php\/wp-json\/wp\/v2\/categories?post=39848"},{"taxonomy":"post_tag","embeddable":true,"href":"https:\/\/nitu.mx\/index.php\/wp-json\/wp\/v2\/tags?post=39848"}],"curies":[{"name":"wp","href":"https:\/\/api.w.org\/{rel}","templated":true}]}}