{"id":3975,"date":"2016-11-15T00:47:07","date_gmt":"2016-11-15T05:47:07","guid":{"rendered":"http:\/\/www.dev.nitu.mx\/?p=3975"},"modified":"2016-11-15T01:16:16","modified_gmt":"2016-11-15T06:16:16","slug":"air-canada-a-la-conquista-de-europa","status":"publish","type":"post","link":"https:\/\/nitu.mx\/index.php\/2016\/11\/15\/air-canada-a-la-conquista-de-europa\/","title":{"rendered":"Air Canada a la conquista de Europa"},"content":{"rendered":"<p>La aerol\u00ednea que comanda en M\u00e9xico Luis Noriega, Air Canada, anunci\u00f3 que est\u00e1n listos para impulsar m\u00e1s sus vuelos internacionales al viejo continente desde el aeropuerto internacional de Vancouver (YVR), ya que a partir del pr\u00f3ximo verano, cubrir\u00e1n con un vuelo diario la ruta de temporada Vancouver-Frankfurt, y ofrecer\u00e1n tambi\u00e9n vuelos tres veces a la semana desde Vancouver a Londres (Gatwick).<\/p>\n<p>Los vuelos dar\u00e1n inicio el 01 de junio y el 08 de junio del pr\u00f3ximo a\u00f1o respectivamente.<\/p>\n<p>Noriega apunt\u00f3 que la incorporaci\u00f3n del vuelo a Frankfurt, una de las rutas m\u00e1s importantes de Europa, estar\u00e1 ofreciendo a los clientes una amplia gama de opciones y la facilidad de realizar conexiones a trav\u00e9s de Lufthansa, socio de Star Alliance, en viajes hacia el sur, centro y este de Europa, as\u00ed como \u00c1frica, el Oriente Medio y m\u00e1s.<\/p>\n<p>En tanto, se\u00f1al\u00f3 que con la adici\u00f3n de la ruta Londres Gatwick, Air Canada se convertir\u00e1 en la \u00fanica aerol\u00ednea con vuelos sin escalas entre el YVR y los dos aeropuertos m\u00e1s grandes de la regi\u00f3n metropolitana de Londres, durante el periodo del verano.<\/p>\n<p>\u201cAir Canada contar\u00e1 con cinco destinos europeos sin escalas desde el YVR, incluyendo los importantes centros Frankfurt y Londres Heathrow\u201d, dijo Noriega<\/p>\n<p>Asimismo, manifest\u00f3 que este 2016 ha sido un a\u00f1o realmente asombroso para la aerol\u00ednea y el YVR, y estas nuevas rutas hacia Frankfurt y Gatwick, expandir\u00e1n a\u00fan m\u00e1s el alcance de la aerol\u00ednea en los mercados europeos, proporcionando beneficios incre\u00edbles para sus pasajeros, socios y comunidades.<\/p>\n","protected":false},"excerpt":{"rendered":"<p>La aerol\u00ednea que comanda en M\u00e9xico Luis Noriega, Air Canada, anunci\u00f3 que est\u00e1n listos para impulsar m\u00e1s sus vuelos internacionales al viejo continente desde el aeropuerto internacional de Vancouver (YVR), ya que a partir del pr\u00f3ximo verano, cubrir\u00e1n con un vuelo diario la ruta de temporada Vancouver-Frankfurt, y ofrecer\u00e1n tambi\u00e9n vuelos tres veces a la [&hellip;]<\/p>\n","protected":false},"author":17,"featured_media":3986,"comment_status":"open","ping_status":"open","sticky":false,"template":"","format":"standard","meta":{"footnotes":""},"categories":[29,9],"tags":[1700,1702,1703,1701,1436],"yoast_head":"<!-- This site is optimized with the Yoast SEO plugin v22.2 - https:\/\/yoast.com\/wordpress\/plugins\/seo\/ -->\n<title>Air Canada a la conquista de Europa - Nitu - Noticias de la Industria Turistica<\/title>\n<meta name=\"description\" content=\"Air Canada, cubrir\u00e1n con un vuelo diario la ruta de Vancouver-Frankfurt, y ofrecer\u00e1n tambi\u00e9n vuelos tres veces a la semana a Londres (Gatwick).\" \/>\n<meta name=\"robots\" content=\"index, follow, max-snippet:-1, max-image-preview:large, max-video-preview:-1\" \/>\n<link rel=\"canonical\" href=\"https:\/\/nitu.mx\/index.php\/2016\/11\/15\/air-canada-a-la-conquista-de-europa\/\" \/>\n<meta name=\"twitter:card\" content=\"summary_large_image\" \/>\n<meta name=\"twitter:title\" content=\"Air Canada a la conquista de Europa - Nitu - Noticias de la Industria Turistica\" \/>\n<meta name=\"twitter:description\" content=\"Air Canada, cubrir\u00e1n con un vuelo diario la ruta de Vancouver-Frankfurt, y ofrecer\u00e1n tambi\u00e9n vuelos tres veces a la semana a Londres (Gatwick).\" \/>\n<meta name=\"twitter:image\" content=\"https:\/\/nitu.mx\/wp-content\/uploads\/2016\/11\/Air-Canada-europa.jpg\" \/>\n<meta name=\"twitter:creator\" content=\"@NITUmx\" \/>\n<meta name=\"twitter:site\" content=\"@Arturo_Medina_G\" \/>\n<meta name=\"twitter:label1\" content=\"Escrito por\" \/>\n\t<meta name=\"twitter:data1\" content=\"Redacci\u00f3n\" \/>\n\t<meta name=\"twitter:label2\" content=\"Tiempo de lectura\" \/>\n\t<meta name=\"twitter:data2\" content=\"1 minuto\" \/>\n<script type=\"application\/ld+json\" class=\"yoast-schema-graph\">{\"@context\":\"https:\/\/schema.org\",\"@graph\":[{\"@type\":\"Article\",\"@id\":\"https:\/\/nitu.mx\/index.php\/2016\/11\/15\/air-canada-a-la-conquista-de-europa\/#article\",\"isPartOf\":{\"@id\":\"https:\/\/nitu.mx\/index.php\/2016\/11\/15\/air-canada-a-la-conquista-de-europa\/\"},\"author\":{\"name\":\"Redacci\u00f3n\",\"@id\":\"https:\/\/nitu.mx\/#\/schema\/person\/4a28fe9bd65924f7c90623773daf1b0b\"},\"headline\":\"Air Canada a la conquista de Europa\",\"datePublished\":\"2016-11-15T05:47:07+00:00\",\"dateModified\":\"2016-11-15T06:16:16+00:00\",\"mainEntityOfPage\":{\"@id\":\"https:\/\/nitu.mx\/index.php\/2016\/11\/15\/air-canada-a-la-conquista-de-europa\/\"},\"wordCount\":280,\"commentCount\":0,\"publisher\":{\"@id\":\"https:\/\/nitu.mx\/#\/schema\/person\/ae7a53426417292d3dd07b45a33e01bc\"},\"image\":{\"@id\":\"https:\/\/nitu.mx\/index.php\/2016\/11\/15\/air-canada-a-la-conquista-de-europa\/#primaryimage\"},\"thumbnailUrl\":\"https:\/\/nitu.mx\/wp-content\/uploads\/2016\/11\/Air-Canada-europa.jpg\",\"keywords\":[\"Air Canada\",\"Frankfurt\",\"Londres Heathrow\",\"Luis Noriega\",\"Vancouver\"],\"articleSection\":[\"Aerol\u00edneas\",\"Europa\"],\"inLanguage\":\"es-MX\",\"potentialAction\":[{\"@type\":\"CommentAction\",\"name\":\"Comment\",\"target\":[\"https:\/\/nitu.mx\/index.php\/2016\/11\/15\/air-canada-a-la-conquista-de-europa\/#respond\"]}]},{\"@type\":\"WebPage\",\"@id\":\"https:\/\/nitu.mx\/index.php\/2016\/11\/15\/air-canada-a-la-conquista-de-europa\/\",\"url\":\"https:\/\/nitu.mx\/index.php\/2016\/11\/15\/air-canada-a-la-conquista-de-europa\/\",\"name\":\"Air Canada a la conquista de Europa - Nitu - Noticias de la Industria Turistica\",\"isPartOf\":{\"@id\":\"https:\/\/nitu.mx\/#website\"},\"primaryImageOfPage\":{\"@id\":\"https:\/\/nitu.mx\/index.php\/2016\/11\/15\/air-canada-a-la-conquista-de-europa\/#primaryimage\"},\"image\":{\"@id\":\"https:\/\/nitu.mx\/index.php\/2016\/11\/15\/air-canada-a-la-conquista-de-europa\/#primaryimage\"},\"thumbnailUrl\":\"https:\/\/nitu.mx\/wp-content\/uploads\/2016\/11\/Air-Canada-europa.jpg\",\"datePublished\":\"2016-11-15T05:47:07+00:00\",\"dateModified\":\"2016-11-15T06:16:16+00:00\",\"description\":\"Air Canada, cubrir\u00e1n con un vuelo diario la ruta de Vancouver-Frankfurt, y ofrecer\u00e1n tambi\u00e9n vuelos tres veces a la semana a Londres (Gatwick).\",\"breadcrumb\":{\"@id\":\"https:\/\/nitu.mx\/index.php\/2016\/11\/15\/air-canada-a-la-conquista-de-europa\/#breadcrumb\"},\"inLanguage\":\"es-MX\",\"potentialAction\":[{\"@type\":\"ReadAction\",\"target\":[\"https:\/\/nitu.mx\/index.php\/2016\/11\/15\/air-canada-a-la-conquista-de-europa\/\"]}]},{\"@type\":\"ImageObject\",\"inLanguage\":\"es-MX\",\"@id\":\"https:\/\/nitu.mx\/index.php\/2016\/11\/15\/air-canada-a-la-conquista-de-europa\/#primaryimage\",\"url\":\"https:\/\/nitu.mx\/wp-content\/uploads\/2016\/11\/Air-Canada-europa.jpg\",\"contentUrl\":\"https:\/\/nitu.mx\/wp-content\/uploads\/2016\/11\/Air-Canada-europa.jpg\",\"width\":1011,\"height\":629,\"caption\":\"air canada europa\"},{\"@type\":\"BreadcrumbList\",\"@id\":\"https:\/\/nitu.mx\/index.php\/2016\/11\/15\/air-canada-a-la-conquista-de-europa\/#breadcrumb\",\"itemListElement\":[{\"@type\":\"ListItem\",\"position\":1,\"name\":\"Inicio\",\"item\":\"https:\/\/nitu.mx\/\"},{\"@type\":\"ListItem\",\"position\":2,\"name\":\"Air Canada a la conquista de Europa\"}]},{\"@type\":\"WebSite\",\"@id\":\"https:\/\/nitu.mx\/#website\",\"url\":\"https:\/\/nitu.mx\/\",\"name\":\"Nitu - Noticias de la Industria Turistica\",\"description\":\"Noticias de la Industria Turistica\",\"publisher\":{\"@id\":\"https:\/\/nitu.mx\/#\/schema\/person\/ae7a53426417292d3dd07b45a33e01bc\"},\"alternateName\":\"Noticias de la Industria Turistica\",\"potentialAction\":[{\"@type\":\"SearchAction\",\"target\":{\"@type\":\"EntryPoint\",\"urlTemplate\":\"https:\/\/nitu.mx\/?s={search_term_string}\"},\"query-input\":\"required name=search_term_string\"}],\"inLanguage\":\"es-MX\"},{\"@type\":[\"Person\",\"Organization\"],\"@id\":\"https:\/\/nitu.mx\/#\/schema\/person\/ae7a53426417292d3dd07b45a33e01bc\",\"name\":\"Arturo Medina\",\"image\":{\"@type\":\"ImageObject\",\"inLanguage\":\"es-MX\",\"@id\":\"https:\/\/nitu.mx\/#\/schema\/person\/image\/\",\"url\":\"https:\/\/nitu.mx\/wp-content\/uploads\/2024\/04\/4A315622-1904-4D5C-B022-878CDC840E04-90x90-1.jpeg\",\"contentUrl\":\"https:\/\/nitu.mx\/wp-content\/uploads\/2024\/04\/4A315622-1904-4D5C-B022-878CDC840E04-90x90-1.jpeg\",\"width\":90,\"height\":90,\"caption\":\"Arturo Medina\"},\"logo\":{\"@id\":\"https:\/\/nitu.mx\/#\/schema\/person\/image\/\"},\"description\":\"Director NITU.mx, Egresado de la Escuela de Periodismo Carlos Septi\u00e9n Garc\u00eda. Periodista y analista especializado en turismo desde hace 35 a\u00f1os, radicado en Canc\u00fan Q.Roo. arturo@nitu.mx\",\"sameAs\":[\"https:\/\/nitu.mx\",\"https:\/\/www.facebook.com\/NITUmx\/\",\"medinacancun\",\"https:\/\/twitter.com\/@Arturo_Medina_G\"]},{\"@type\":\"Person\",\"@id\":\"https:\/\/nitu.mx\/#\/schema\/person\/4a28fe9bd65924f7c90623773daf1b0b\",\"name\":\"Redacci\u00f3n\",\"image\":{\"@type\":\"ImageObject\",\"inLanguage\":\"es-MX\",\"@id\":\"https:\/\/nitu.mx\/#\/schema\/person\/image\/\",\"url\":\"https:\/\/secure.gravatar.com\/avatar\/5dd011c8ccfc5cd7e4c81e42252aab38?s=96&d=mm&r=g\",\"contentUrl\":\"https:\/\/secure.gravatar.com\/avatar\/5dd011c8ccfc5cd7e4c81e42252aab38?s=96&d=mm&r=g\",\"caption\":\"Redacci\u00f3n\"},\"url\":\"https:\/\/nitu.mx\/index.php\/author\/redaccion\/\"}]}<\/script>\n<!-- \/ Yoast SEO plugin. -->","yoast_head_json":{"title":"Air Canada a la conquista de Europa - Nitu - Noticias de la Industria Turistica","description":"Air Canada, cubrir\u00e1n con un vuelo diario la ruta de Vancouver-Frankfurt, y ofrecer\u00e1n tambi\u00e9n vuelos tres veces a la semana a Londres (Gatwick).","robots":{"index":"index","follow":"follow","max-snippet":"max-snippet:-1","max-image-preview":"max-image-preview:large","max-video-preview":"max-video-preview:-1"},"canonical":"https:\/\/nitu.mx\/index.php\/2016\/11\/15\/air-canada-a-la-conquista-de-europa\/","twitter_card":"summary_large_image","twitter_title":"Air Canada a la conquista de Europa - Nitu - Noticias de la Industria Turistica","twitter_description":"Air Canada, cubrir\u00e1n con un vuelo diario la ruta de Vancouver-Frankfurt, y ofrecer\u00e1n tambi\u00e9n vuelos tres veces a la semana a Londres (Gatwick).","twitter_image":"https:\/\/nitu.mx\/wp-content\/uploads\/2016\/11\/Air-Canada-europa.jpg","twitter_creator":"@NITUmx","twitter_site":"@Arturo_Medina_G","twitter_misc":{"Escrito por":"Redacci\u00f3n","Tiempo de lectura":"1 minuto"},"schema":{"@context":"https:\/\/schema.org","@graph":[{"@type":"Article","@id":"https:\/\/nitu.mx\/index.php\/2016\/11\/15\/air-canada-a-la-conquista-de-europa\/#article","isPartOf":{"@id":"https:\/\/nitu.mx\/index.php\/2016\/11\/15\/air-canada-a-la-conquista-de-europa\/"},"author":{"name":"Redacci\u00f3n","@id":"https:\/\/nitu.mx\/#\/schema\/person\/4a28fe9bd65924f7c90623773daf1b0b"},"headline":"Air Canada a la conquista de Europa","datePublished":"2016-11-15T05:47:07+00:00","dateModified":"2016-11-15T06:16:16+00:00","mainEntityOfPage":{"@id":"https:\/\/nitu.mx\/index.php\/2016\/11\/15\/air-canada-a-la-conquista-de-europa\/"},"wordCount":280,"commentCount":0,"publisher":{"@id":"https:\/\/nitu.mx\/#\/schema\/person\/ae7a53426417292d3dd07b45a33e01bc"},"image":{"@id":"https:\/\/nitu.mx\/index.php\/2016\/11\/15\/air-canada-a-la-conquista-de-europa\/#primaryimage"},"thumbnailUrl":"https:\/\/nitu.mx\/wp-content\/uploads\/2016\/11\/Air-Canada-europa.jpg","keywords":["Air Canada","Frankfurt","Londres Heathrow","Luis Noriega","Vancouver"],"articleSection":["Aerol\u00edneas","Europa"],"inLanguage":"es-MX","potentialAction":[{"@type":"CommentAction","name":"Comment","target":["https:\/\/nitu.mx\/index.php\/2016\/11\/15\/air-canada-a-la-conquista-de-europa\/#respond"]}]},{"@type":"WebPage","@id":"https:\/\/nitu.mx\/index.php\/2016\/11\/15\/air-canada-a-la-conquista-de-europa\/","url":"https:\/\/nitu.mx\/index.php\/2016\/11\/15\/air-canada-a-la-conquista-de-europa\/","name":"Air Canada a la conquista de Europa - Nitu - Noticias de la Industria Turistica","isPartOf":{"@id":"https:\/\/nitu.mx\/#website"},"primaryImageOfPage":{"@id":"https:\/\/nitu.mx\/index.php\/2016\/11\/15\/air-canada-a-la-conquista-de-europa\/#primaryimage"},"image":{"@id":"https:\/\/nitu.mx\/index.php\/2016\/11\/15\/air-canada-a-la-conquista-de-europa\/#primaryimage"},"thumbnailUrl":"https:\/\/nitu.mx\/wp-content\/uploads\/2016\/11\/Air-Canada-europa.jpg","datePublished":"2016-11-15T05:47:07+00:00","dateModified":"2016-11-15T06:16:16+00:00","description":"Air Canada, cubrir\u00e1n con un vuelo diario la ruta de Vancouver-Frankfurt, y ofrecer\u00e1n tambi\u00e9n vuelos tres veces a la semana a Londres (Gatwick).","breadcrumb":{"@id":"https:\/\/nitu.mx\/index.php\/2016\/11\/15\/air-canada-a-la-conquista-de-europa\/#breadcrumb"},"inLanguage":"es-MX","potentialAction":[{"@type":"ReadAction","target":["https:\/\/nitu.mx\/index.php\/2016\/11\/15\/air-canada-a-la-conquista-de-europa\/"]}]},{"@type":"ImageObject","inLanguage":"es-MX","@id":"https:\/\/nitu.mx\/index.php\/2016\/11\/15\/air-canada-a-la-conquista-de-europa\/#primaryimage","url":"https:\/\/nitu.mx\/wp-content\/uploads\/2016\/11\/Air-Canada-europa.jpg","contentUrl":"https:\/\/nitu.mx\/wp-content\/uploads\/2016\/11\/Air-Canada-europa.jpg","width":1011,"height":629,"caption":"air canada europa"},{"@type":"BreadcrumbList","@id":"https:\/\/nitu.mx\/index.php\/2016\/11\/15\/air-canada-a-la-conquista-de-europa\/#breadcrumb","itemListElement":[{"@type":"ListItem","position":1,"name":"Inicio","item":"https:\/\/nitu.mx\/"},{"@type":"ListItem","position":2,"name":"Air Canada a la conquista de Europa"}]},{"@type":"WebSite","@id":"https:\/\/nitu.mx\/#website","url":"https:\/\/nitu.mx\/","name":"Nitu - Noticias de la Industria Turistica","description":"Noticias de la Industria Turistica","publisher":{"@id":"https:\/\/nitu.mx\/#\/schema\/person\/ae7a53426417292d3dd07b45a33e01bc"},"alternateName":"Noticias de la Industria Turistica","potentialAction":[{"@type":"SearchAction","target":{"@type":"EntryPoint","urlTemplate":"https:\/\/nitu.mx\/?s={search_term_string}"},"query-input":"required name=search_term_string"}],"inLanguage":"es-MX"},{"@type":["Person","Organization"],"@id":"https:\/\/nitu.mx\/#\/schema\/person\/ae7a53426417292d3dd07b45a33e01bc","name":"Arturo Medina","image":{"@type":"ImageObject","inLanguage":"es-MX","@id":"https:\/\/nitu.mx\/#\/schema\/person\/image\/","url":"https:\/\/nitu.mx\/wp-content\/uploads\/2024\/04\/4A315622-1904-4D5C-B022-878CDC840E04-90x90-1.jpeg","contentUrl":"https:\/\/nitu.mx\/wp-content\/uploads\/2024\/04\/4A315622-1904-4D5C-B022-878CDC840E04-90x90-1.jpeg","width":90,"height":90,"caption":"Arturo Medina"},"logo":{"@id":"https:\/\/nitu.mx\/#\/schema\/person\/image\/"},"description":"Director NITU.mx, Egresado de la Escuela de Periodismo Carlos Septi\u00e9n Garc\u00eda. Periodista y analista especializado en turismo desde hace 35 a\u00f1os, radicado en Canc\u00fan Q.Roo. arturo@nitu.mx","sameAs":["https:\/\/nitu.mx","https:\/\/www.facebook.com\/NITUmx\/","medinacancun","https:\/\/twitter.com\/@Arturo_Medina_G"]},{"@type":"Person","@id":"https:\/\/nitu.mx\/#\/schema\/person\/4a28fe9bd65924f7c90623773daf1b0b","name":"Redacci\u00f3n","image":{"@type":"ImageObject","inLanguage":"es-MX","@id":"https:\/\/nitu.mx\/#\/schema\/person\/image\/","url":"https:\/\/secure.gravatar.com\/avatar\/5dd011c8ccfc5cd7e4c81e42252aab38?s=96&d=mm&r=g","contentUrl":"https:\/\/secure.gravatar.com\/avatar\/5dd011c8ccfc5cd7e4c81e42252aab38?s=96&d=mm&r=g","caption":"Redacci\u00f3n"},"url":"https:\/\/nitu.mx\/index.php\/author\/redaccion\/"}]}},"views":561,"_links":{"self":[{"href":"https:\/\/nitu.mx\/index.php\/wp-json\/wp\/v2\/posts\/3975"}],"collection":[{"href":"https:\/\/nitu.mx\/index.php\/wp-json\/wp\/v2\/posts"}],"about":[{"href":"https:\/\/nitu.mx\/index.php\/wp-json\/wp\/v2\/types\/post"}],"author":[{"embeddable":true,"href":"https:\/\/nitu.mx\/index.php\/wp-json\/wp\/v2\/users\/17"}],"replies":[{"embeddable":true,"href":"https:\/\/nitu.mx\/index.php\/wp-json\/wp\/v2\/comments?post=3975"}],"version-history":[{"count":4,"href":"https:\/\/nitu.mx\/index.php\/wp-json\/wp\/v2\/posts\/3975\/revisions"}],"predecessor-version":[{"id":3988,"href":"https:\/\/nitu.mx\/index.php\/wp-json\/wp\/v2\/posts\/3975\/revisions\/3988"}],"wp:featuredmedia":[{"embeddable":true,"href":"https:\/\/nitu.mx\/index.php\/wp-json\/wp\/v2\/media\/3986"}],"wp:attachment":[{"href":"https:\/\/nitu.mx\/index.php\/wp-json\/wp\/v2\/media?parent=3975"}],"wp:term":[{"taxonomy":"category","embeddable":true,"href":"https:\/\/nitu.mx\/index.php\/wp-json\/wp\/v2\/categories?post=3975"},{"taxonomy":"post_tag","embeddable":true,"href":"https:\/\/nitu.mx\/index.php\/wp-json\/wp\/v2\/tags?post=3975"}],"curies":[{"name":"wp","href":"https:\/\/api.w.org\/{rel}","templated":true}]}}