{"id":39722,"date":"2020-02-05T01:15:09","date_gmt":"2020-02-05T06:15:09","guid":{"rendered":"https:\/\/www.dev.nitu.mx\/?p=39722"},"modified":"2020-02-05T01:30:49","modified_gmt":"2020-02-05T06:30:49","slug":"turismo-la-segunda-secretaria-que-tuvo-menos-presupuesto-en-2019","status":"publish","type":"post","link":"https:\/\/nitu.mx\/index.php\/2020\/02\/05\/turismo-la-segunda-secretaria-que-tuvo-menos-presupuesto-en-2019\/","title":{"rendered":"Turismo la segunda secretar\u00eda que tuvo menos presupuesto en 2019"},"content":{"rendered":"<p>La Oficina de la Presidencia no fue la \u00fanica \u00e1rea en la que la SHCP report\u00f3 una disminuci\u00f3n del ejercicio de recursos. Atr\u00e1s de ella est\u00e1 la Secretar\u00eda de Turismo, la cual registr\u00f3 menor gasto para la promoci\u00f3n de M\u00e9xico, aunque tambi\u00e9n especific\u00f3 que no se ejercieron fondos para el Programa de Desarrollo Regional Tur\u00edstico Sustentable y Pueblos M\u00e1gicos.<\/p>\n<p>De esa manera, la variaci\u00f3n del gasto de enero a diciembre del a\u00f1o pasado en ese rubro disminuy\u00f3 en t\u00e9rminos reales 73.4 por ciento respecto del ejercido en el mismo periodo de 2018, es decir, 7 mil 211.7 millones de pesos.<\/p>\n<p>Desde el comienzo de la actual administraci\u00f3n se tom\u00f3 la decisi\u00f3n de desaparecer el Consejo de Promoci\u00f3n Tur\u00edstica de M\u00e9xico, empresa estatal con participaci\u00f3n del sector privado, la cual se encargaba de promover el pa\u00eds como destino, pero tambi\u00e9n estaba a cargo de organizar y financiar eventos como el Gran Premio de M\u00e9xico de la F\u00f3rmula 1 y el desfile por el D\u00eda de Muertos.<\/p>\n<p>Sin embargo, ese ente est\u00e1 bajo investigaci\u00f3n de la Unidad de Inteligencia Financiera de la SHCP, mientras las funciones de promoci\u00f3n tur\u00edstica pasaron a manos del Consejo de Diplomacia Tur\u00edstica, que coordinan las secretar\u00edas de Relaciones Exteriores y de Turismo, aunque tambi\u00e9n tiene participaci\u00f3n la iniciativa privada.<\/p>\n<p>Aunado a ello, la Confederaci\u00f3n de C\u00e1maras Nacionales de Comercio, Servicios y Turismo (Concanaco-Servytur) cre\u00f3 una oficina para promover el pa\u00eds s\u00f3lo por el lado del sector privado.<\/p>\n<p>El rubro de comunicaciones y transportes fue la tercera \u00e1rea donde el gasto disminuy\u00f3 en 2019. Dicho informe se\u00f1ala que el a\u00f1o pasado los recursos decrecieron 53.6 por ciento en t\u00e9rminos reales respecto de enero-diciembre de 2018. Dicho porcentaje equivale a 76 mil 239.5 millones de pesos menos.<\/p>\n<p>Ello se explic\u00f3 porque hubo una disminuci\u00f3n en el gasto destinado a proyectos de construcci\u00f3n de aeropuertos e infraestructura ferroviaria. Agreg\u00f3 que no se asignaron fondos para la conservaci\u00f3n de infraestructura mar\u00edtimo-portuaria.<\/p>\n<p>En contraste, los principales programas de protecci\u00f3n social de la actual administraci\u00f3n requirieron m\u00e1s recursos, de acuerdo con el informe del cuarto trimestre de 2019. (<a title=\"Sectur registra gasto de 12 mdd de turistas de Estados Unidos y Canad\u00e1 durante 2019\" href=\"https:\/\/www.dev.nitu.mx\/index.php\/2020\/01\/20\/sectur-registra-gasto-de-12-mdd-de-turistas-de-estados-unidos-y-canada-durante-2019\/\" rel=\"bookmark\">Sectur registra gasto de 12 mdd de turistas de Estados Unidos y Canad\u00e1 durante 2019<\/a>).<\/p>\n<p>La Secretar\u00eda del Trabajo tuvo un incremento del gasto de enero a diciembre del a\u00f1o pasado de 466.2 por ciento en t\u00e9rminos reales en comparaci\u00f3n con el mismo lapso de 2018.<\/p>\n<p>El aumento de los recursos ejercidos por esa dependencia, que se tradujo en 20 mil 638.6 millones de pesos, se explica por un mayor requerimiento para el programa J\u00f3venes Construyendo el Futuro.<\/p>\n<p>El gasto de la Secretar\u00eda del Bienestar creci\u00f3 en el periodo mencionado. El aumento fue de 51.5 por ciento en t\u00e9rminos reales frente al a\u00f1o antepasado, que significaron 49 mil 975.4 millones de pesos m\u00e1s.<\/p>\n<p>Las razones de la variaci\u00f3n real anual fueron que el programa Pensi\u00f3n para el Bienestar de las Personas Adultas Mayores necesit\u00f3 m\u00e1s recursos, pero tambi\u00e9n por la asignaci\u00f3n de gasto para el Programa Sembrando Vida. (La Jornada)<\/p>\n","protected":false},"excerpt":{"rendered":"<p>La Oficina de la Presidencia no fue la \u00fanica \u00e1rea en la que la SHCP report\u00f3 una disminuci\u00f3n del ejercicio de recursos. Atr\u00e1s de ella est\u00e1 la Secretar\u00eda de Turismo, la cual registr\u00f3 menor gasto para la promoci\u00f3n de M\u00e9xico, aunque tambi\u00e9n especific\u00f3 que no se ejercieron fondos para el Programa de Desarrollo Regional Tur\u00edstico [&hellip;]<\/p>\n","protected":false},"author":17,"featured_media":38895,"comment_status":"open","ping_status":"open","sticky":false,"template":"","format":"standard","meta":{"footnotes":""},"categories":[12,6],"tags":[68,6764,254,1033],"yoast_head":"<!-- This site is optimized with the Yoast SEO plugin v22.2 - https:\/\/yoast.com\/wordpress\/plugins\/seo\/ -->\n<title>Turismo la segunda secretar\u00eda que tuvo menos presupuesto en 2019 - Nitu - Noticias de la Industria Turistica<\/title>\n<meta name=\"robots\" content=\"index, follow, max-snippet:-1, max-image-preview:large, max-video-preview:-1\" \/>\n<link rel=\"canonical\" href=\"https:\/\/nitu.mx\/index.php\/2020\/02\/05\/turismo-la-segunda-secretaria-que-tuvo-menos-presupuesto-en-2019\/\" \/>\n<meta name=\"twitter:card\" content=\"summary_large_image\" \/>\n<meta name=\"twitter:title\" content=\"Turismo la segunda secretar\u00eda que tuvo menos presupuesto en 2019 - Nitu - Noticias de la Industria Turistica\" \/>\n<meta name=\"twitter:description\" content=\"La Oficina de la Presidencia no fue la \u00fanica \u00e1rea en la que la SHCP report\u00f3 una disminuci\u00f3n del ejercicio de recursos. Atr\u00e1s de ella est\u00e1 la Secretar\u00eda de Turismo, la cual registr\u00f3 menor gasto para la promoci\u00f3n de M\u00e9xico, aunque tambi\u00e9n especific\u00f3 que no se ejercieron fondos para el Programa de Desarrollo Regional Tur\u00edstico [&hellip;]\" \/>\n<meta name=\"twitter:image\" content=\"https:\/\/nitu.mx\/wp-content\/uploads\/2020\/01\/Torruco-Sectur-2020.jpg\" \/>\n<meta name=\"twitter:creator\" content=\"@NITUmx\" \/>\n<meta name=\"twitter:site\" content=\"@Arturo_Medina_G\" \/>\n<meta name=\"twitter:label1\" content=\"Escrito por\" \/>\n\t<meta name=\"twitter:data1\" content=\"Redacci\u00f3n\" \/>\n\t<meta name=\"twitter:label2\" content=\"Tiempo de lectura\" \/>\n\t<meta name=\"twitter:data2\" content=\"3 minutos\" \/>\n<script type=\"application\/ld+json\" class=\"yoast-schema-graph\">{\"@context\":\"https:\/\/schema.org\",\"@graph\":[{\"@type\":\"Article\",\"@id\":\"https:\/\/nitu.mx\/index.php\/2020\/02\/05\/turismo-la-segunda-secretaria-que-tuvo-menos-presupuesto-en-2019\/#article\",\"isPartOf\":{\"@id\":\"https:\/\/nitu.mx\/index.php\/2020\/02\/05\/turismo-la-segunda-secretaria-que-tuvo-menos-presupuesto-en-2019\/\"},\"author\":{\"name\":\"Redacci\u00f3n\",\"@id\":\"https:\/\/nitu.mx\/#\/schema\/person\/4a28fe9bd65924f7c90623773daf1b0b\"},\"headline\":\"Turismo la segunda secretar\u00eda que tuvo menos presupuesto en 2019\",\"datePublished\":\"2020-02-05T06:15:09+00:00\",\"dateModified\":\"2020-02-05T06:30:49+00:00\",\"mainEntityOfPage\":{\"@id\":\"https:\/\/nitu.mx\/index.php\/2020\/02\/05\/turismo-la-segunda-secretaria-que-tuvo-menos-presupuesto-en-2019\/\"},\"wordCount\":542,\"commentCount\":0,\"publisher\":{\"@id\":\"https:\/\/nitu.mx\/#\/schema\/person\/ae7a53426417292d3dd07b45a33e01bc\"},\"image\":{\"@id\":\"https:\/\/nitu.mx\/index.php\/2020\/02\/05\/turismo-la-segunda-secretaria-que-tuvo-menos-presupuesto-en-2019\/#primaryimage\"},\"thumbnailUrl\":\"https:\/\/nitu.mx\/wp-content\/uploads\/2020\/01\/Torruco-Sectur-2020.jpg\",\"keywords\":[\"M\u00e9xico\",\"promoci\u00f3n\",\"Secretar\u00eda de Turismo\",\"SHCP\"],\"articleSection\":[\"Marketing\",\"M\u00e9xico\"],\"inLanguage\":\"es-MX\",\"potentialAction\":[{\"@type\":\"CommentAction\",\"name\":\"Comment\",\"target\":[\"https:\/\/nitu.mx\/index.php\/2020\/02\/05\/turismo-la-segunda-secretaria-que-tuvo-menos-presupuesto-en-2019\/#respond\"]}]},{\"@type\":\"WebPage\",\"@id\":\"https:\/\/nitu.mx\/index.php\/2020\/02\/05\/turismo-la-segunda-secretaria-que-tuvo-menos-presupuesto-en-2019\/\",\"url\":\"https:\/\/nitu.mx\/index.php\/2020\/02\/05\/turismo-la-segunda-secretaria-que-tuvo-menos-presupuesto-en-2019\/\",\"name\":\"Turismo la segunda secretar\u00eda que tuvo menos presupuesto en 2019 - Nitu - Noticias de la Industria Turistica\",\"isPartOf\":{\"@id\":\"https:\/\/nitu.mx\/#website\"},\"primaryImageOfPage\":{\"@id\":\"https:\/\/nitu.mx\/index.php\/2020\/02\/05\/turismo-la-segunda-secretaria-que-tuvo-menos-presupuesto-en-2019\/#primaryimage\"},\"image\":{\"@id\":\"https:\/\/nitu.mx\/index.php\/2020\/02\/05\/turismo-la-segunda-secretaria-que-tuvo-menos-presupuesto-en-2019\/#primaryimage\"},\"thumbnailUrl\":\"https:\/\/nitu.mx\/wp-content\/uploads\/2020\/01\/Torruco-Sectur-2020.jpg\",\"datePublished\":\"2020-02-05T06:15:09+00:00\",\"dateModified\":\"2020-02-05T06:30:49+00:00\",\"breadcrumb\":{\"@id\":\"https:\/\/nitu.mx\/index.php\/2020\/02\/05\/turismo-la-segunda-secretaria-que-tuvo-menos-presupuesto-en-2019\/#breadcrumb\"},\"inLanguage\":\"es-MX\",\"potentialAction\":[{\"@type\":\"ReadAction\",\"target\":[\"https:\/\/nitu.mx\/index.php\/2020\/02\/05\/turismo-la-segunda-secretaria-que-tuvo-menos-presupuesto-en-2019\/\"]}]},{\"@type\":\"ImageObject\",\"inLanguage\":\"es-MX\",\"@id\":\"https:\/\/nitu.mx\/index.php\/2020\/02\/05\/turismo-la-segunda-secretaria-que-tuvo-menos-presupuesto-en-2019\/#primaryimage\",\"url\":\"https:\/\/nitu.mx\/wp-content\/uploads\/2020\/01\/Torruco-Sectur-2020.jpg\",\"contentUrl\":\"https:\/\/nitu.mx\/wp-content\/uploads\/2020\/01\/Torruco-Sectur-2020.jpg\",\"width\":850,\"height\":480,\"caption\":\"Torruco Sectur 2020 Turismo Coronavirus\"},{\"@type\":\"BreadcrumbList\",\"@id\":\"https:\/\/nitu.mx\/index.php\/2020\/02\/05\/turismo-la-segunda-secretaria-que-tuvo-menos-presupuesto-en-2019\/#breadcrumb\",\"itemListElement\":[{\"@type\":\"ListItem\",\"position\":1,\"name\":\"Inicio\",\"item\":\"https:\/\/nitu.mx\/\"},{\"@type\":\"ListItem\",\"position\":2,\"name\":\"Turismo la segunda secretar\u00eda que tuvo menos presupuesto en 2019\"}]},{\"@type\":\"WebSite\",\"@id\":\"https:\/\/nitu.mx\/#website\",\"url\":\"https:\/\/nitu.mx\/\",\"name\":\"Nitu - Noticias de la Industria Turistica\",\"description\":\"Noticias de la Industria Turistica\",\"publisher\":{\"@id\":\"https:\/\/nitu.mx\/#\/schema\/person\/ae7a53426417292d3dd07b45a33e01bc\"},\"alternateName\":\"Noticias de la Industria Turistica\",\"potentialAction\":[{\"@type\":\"SearchAction\",\"target\":{\"@type\":\"EntryPoint\",\"urlTemplate\":\"https:\/\/nitu.mx\/?s={search_term_string}\"},\"query-input\":\"required name=search_term_string\"}],\"inLanguage\":\"es-MX\"},{\"@type\":[\"Person\",\"Organization\"],\"@id\":\"https:\/\/nitu.mx\/#\/schema\/person\/ae7a53426417292d3dd07b45a33e01bc\",\"name\":\"Arturo Medina\",\"image\":{\"@type\":\"ImageObject\",\"inLanguage\":\"es-MX\",\"@id\":\"https:\/\/nitu.mx\/#\/schema\/person\/image\/\",\"url\":\"https:\/\/nitu.mx\/wp-content\/uploads\/2024\/04\/4A315622-1904-4D5C-B022-878CDC840E04-90x90-1.jpeg\",\"contentUrl\":\"https:\/\/nitu.mx\/wp-content\/uploads\/2024\/04\/4A315622-1904-4D5C-B022-878CDC840E04-90x90-1.jpeg\",\"width\":90,\"height\":90,\"caption\":\"Arturo Medina\"},\"logo\":{\"@id\":\"https:\/\/nitu.mx\/#\/schema\/person\/image\/\"},\"description\":\"Director NITU.mx, Egresado de la Escuela de Periodismo Carlos Septi\u00e9n Garc\u00eda. Periodista y analista especializado en turismo desde hace 35 a\u00f1os, radicado en Canc\u00fan Q.Roo. arturo@nitu.mx\",\"sameAs\":[\"https:\/\/nitu.mx\",\"https:\/\/www.facebook.com\/NITUmx\/\",\"medinacancun\",\"https:\/\/twitter.com\/@Arturo_Medina_G\"]},{\"@type\":\"Person\",\"@id\":\"https:\/\/nitu.mx\/#\/schema\/person\/4a28fe9bd65924f7c90623773daf1b0b\",\"name\":\"Redacci\u00f3n\",\"image\":{\"@type\":\"ImageObject\",\"inLanguage\":\"es-MX\",\"@id\":\"https:\/\/nitu.mx\/#\/schema\/person\/image\/\",\"url\":\"https:\/\/secure.gravatar.com\/avatar\/5dd011c8ccfc5cd7e4c81e42252aab38?s=96&d=mm&r=g\",\"contentUrl\":\"https:\/\/secure.gravatar.com\/avatar\/5dd011c8ccfc5cd7e4c81e42252aab38?s=96&d=mm&r=g\",\"caption\":\"Redacci\u00f3n\"},\"url\":\"https:\/\/nitu.mx\/index.php\/author\/redaccion\/\"}]}<\/script>\n<!-- \/ Yoast SEO plugin. -->","yoast_head_json":{"title":"Turismo la segunda secretar\u00eda que tuvo menos presupuesto en 2019 - Nitu - Noticias de la Industria Turistica","robots":{"index":"index","follow":"follow","max-snippet":"max-snippet:-1","max-image-preview":"max-image-preview:large","max-video-preview":"max-video-preview:-1"},"canonical":"https:\/\/nitu.mx\/index.php\/2020\/02\/05\/turismo-la-segunda-secretaria-que-tuvo-menos-presupuesto-en-2019\/","twitter_card":"summary_large_image","twitter_title":"Turismo la segunda secretar\u00eda que tuvo menos presupuesto en 2019 - Nitu - Noticias de la Industria Turistica","twitter_description":"La Oficina de la Presidencia no fue la \u00fanica \u00e1rea en la que la SHCP report\u00f3 una disminuci\u00f3n del ejercicio de recursos. Atr\u00e1s de ella est\u00e1 la Secretar\u00eda de Turismo, la cual registr\u00f3 menor gasto para la promoci\u00f3n de M\u00e9xico, aunque tambi\u00e9n especific\u00f3 que no se ejercieron fondos para el Programa de Desarrollo Regional Tur\u00edstico [&hellip;]","twitter_image":"https:\/\/nitu.mx\/wp-content\/uploads\/2020\/01\/Torruco-Sectur-2020.jpg","twitter_creator":"@NITUmx","twitter_site":"@Arturo_Medina_G","twitter_misc":{"Escrito por":"Redacci\u00f3n","Tiempo de lectura":"3 minutos"},"schema":{"@context":"https:\/\/schema.org","@graph":[{"@type":"Article","@id":"https:\/\/nitu.mx\/index.php\/2020\/02\/05\/turismo-la-segunda-secretaria-que-tuvo-menos-presupuesto-en-2019\/#article","isPartOf":{"@id":"https:\/\/nitu.mx\/index.php\/2020\/02\/05\/turismo-la-segunda-secretaria-que-tuvo-menos-presupuesto-en-2019\/"},"author":{"name":"Redacci\u00f3n","@id":"https:\/\/nitu.mx\/#\/schema\/person\/4a28fe9bd65924f7c90623773daf1b0b"},"headline":"Turismo la segunda secretar\u00eda que tuvo menos presupuesto en 2019","datePublished":"2020-02-05T06:15:09+00:00","dateModified":"2020-02-05T06:30:49+00:00","mainEntityOfPage":{"@id":"https:\/\/nitu.mx\/index.php\/2020\/02\/05\/turismo-la-segunda-secretaria-que-tuvo-menos-presupuesto-en-2019\/"},"wordCount":542,"commentCount":0,"publisher":{"@id":"https:\/\/nitu.mx\/#\/schema\/person\/ae7a53426417292d3dd07b45a33e01bc"},"image":{"@id":"https:\/\/nitu.mx\/index.php\/2020\/02\/05\/turismo-la-segunda-secretaria-que-tuvo-menos-presupuesto-en-2019\/#primaryimage"},"thumbnailUrl":"https:\/\/nitu.mx\/wp-content\/uploads\/2020\/01\/Torruco-Sectur-2020.jpg","keywords":["M\u00e9xico","promoci\u00f3n","Secretar\u00eda de Turismo","SHCP"],"articleSection":["Marketing","M\u00e9xico"],"inLanguage":"es-MX","potentialAction":[{"@type":"CommentAction","name":"Comment","target":["https:\/\/nitu.mx\/index.php\/2020\/02\/05\/turismo-la-segunda-secretaria-que-tuvo-menos-presupuesto-en-2019\/#respond"]}]},{"@type":"WebPage","@id":"https:\/\/nitu.mx\/index.php\/2020\/02\/05\/turismo-la-segunda-secretaria-que-tuvo-menos-presupuesto-en-2019\/","url":"https:\/\/nitu.mx\/index.php\/2020\/02\/05\/turismo-la-segunda-secretaria-que-tuvo-menos-presupuesto-en-2019\/","name":"Turismo la segunda secretar\u00eda que tuvo menos presupuesto en 2019 - Nitu - Noticias de la Industria Turistica","isPartOf":{"@id":"https:\/\/nitu.mx\/#website"},"primaryImageOfPage":{"@id":"https:\/\/nitu.mx\/index.php\/2020\/02\/05\/turismo-la-segunda-secretaria-que-tuvo-menos-presupuesto-en-2019\/#primaryimage"},"image":{"@id":"https:\/\/nitu.mx\/index.php\/2020\/02\/05\/turismo-la-segunda-secretaria-que-tuvo-menos-presupuesto-en-2019\/#primaryimage"},"thumbnailUrl":"https:\/\/nitu.mx\/wp-content\/uploads\/2020\/01\/Torruco-Sectur-2020.jpg","datePublished":"2020-02-05T06:15:09+00:00","dateModified":"2020-02-05T06:30:49+00:00","breadcrumb":{"@id":"https:\/\/nitu.mx\/index.php\/2020\/02\/05\/turismo-la-segunda-secretaria-que-tuvo-menos-presupuesto-en-2019\/#breadcrumb"},"inLanguage":"es-MX","potentialAction":[{"@type":"ReadAction","target":["https:\/\/nitu.mx\/index.php\/2020\/02\/05\/turismo-la-segunda-secretaria-que-tuvo-menos-presupuesto-en-2019\/"]}]},{"@type":"ImageObject","inLanguage":"es-MX","@id":"https:\/\/nitu.mx\/index.php\/2020\/02\/05\/turismo-la-segunda-secretaria-que-tuvo-menos-presupuesto-en-2019\/#primaryimage","url":"https:\/\/nitu.mx\/wp-content\/uploads\/2020\/01\/Torruco-Sectur-2020.jpg","contentUrl":"https:\/\/nitu.mx\/wp-content\/uploads\/2020\/01\/Torruco-Sectur-2020.jpg","width":850,"height":480,"caption":"Torruco Sectur 2020 Turismo Coronavirus"},{"@type":"BreadcrumbList","@id":"https:\/\/nitu.mx\/index.php\/2020\/02\/05\/turismo-la-segunda-secretaria-que-tuvo-menos-presupuesto-en-2019\/#breadcrumb","itemListElement":[{"@type":"ListItem","position":1,"name":"Inicio","item":"https:\/\/nitu.mx\/"},{"@type":"ListItem","position":2,"name":"Turismo la segunda secretar\u00eda que tuvo menos presupuesto en 2019"}]},{"@type":"WebSite","@id":"https:\/\/nitu.mx\/#website","url":"https:\/\/nitu.mx\/","name":"Nitu - Noticias de la Industria Turistica","description":"Noticias de la Industria Turistica","publisher":{"@id":"https:\/\/nitu.mx\/#\/schema\/person\/ae7a53426417292d3dd07b45a33e01bc"},"alternateName":"Noticias de la Industria Turistica","potentialAction":[{"@type":"SearchAction","target":{"@type":"EntryPoint","urlTemplate":"https:\/\/nitu.mx\/?s={search_term_string}"},"query-input":"required name=search_term_string"}],"inLanguage":"es-MX"},{"@type":["Person","Organization"],"@id":"https:\/\/nitu.mx\/#\/schema\/person\/ae7a53426417292d3dd07b45a33e01bc","name":"Arturo Medina","image":{"@type":"ImageObject","inLanguage":"es-MX","@id":"https:\/\/nitu.mx\/#\/schema\/person\/image\/","url":"https:\/\/nitu.mx\/wp-content\/uploads\/2024\/04\/4A315622-1904-4D5C-B022-878CDC840E04-90x90-1.jpeg","contentUrl":"https:\/\/nitu.mx\/wp-content\/uploads\/2024\/04\/4A315622-1904-4D5C-B022-878CDC840E04-90x90-1.jpeg","width":90,"height":90,"caption":"Arturo Medina"},"logo":{"@id":"https:\/\/nitu.mx\/#\/schema\/person\/image\/"},"description":"Director NITU.mx, Egresado de la Escuela de Periodismo Carlos Septi\u00e9n Garc\u00eda. Periodista y analista especializado en turismo desde hace 35 a\u00f1os, radicado en Canc\u00fan Q.Roo. arturo@nitu.mx","sameAs":["https:\/\/nitu.mx","https:\/\/www.facebook.com\/NITUmx\/","medinacancun","https:\/\/twitter.com\/@Arturo_Medina_G"]},{"@type":"Person","@id":"https:\/\/nitu.mx\/#\/schema\/person\/4a28fe9bd65924f7c90623773daf1b0b","name":"Redacci\u00f3n","image":{"@type":"ImageObject","inLanguage":"es-MX","@id":"https:\/\/nitu.mx\/#\/schema\/person\/image\/","url":"https:\/\/secure.gravatar.com\/avatar\/5dd011c8ccfc5cd7e4c81e42252aab38?s=96&d=mm&r=g","contentUrl":"https:\/\/secure.gravatar.com\/avatar\/5dd011c8ccfc5cd7e4c81e42252aab38?s=96&d=mm&r=g","caption":"Redacci\u00f3n"},"url":"https:\/\/nitu.mx\/index.php\/author\/redaccion\/"}]}},"views":364,"_links":{"self":[{"href":"https:\/\/nitu.mx\/index.php\/wp-json\/wp\/v2\/posts\/39722"}],"collection":[{"href":"https:\/\/nitu.mx\/index.php\/wp-json\/wp\/v2\/posts"}],"about":[{"href":"https:\/\/nitu.mx\/index.php\/wp-json\/wp\/v2\/types\/post"}],"author":[{"embeddable":true,"href":"https:\/\/nitu.mx\/index.php\/wp-json\/wp\/v2\/users\/17"}],"replies":[{"embeddable":true,"href":"https:\/\/nitu.mx\/index.php\/wp-json\/wp\/v2\/comments?post=39722"}],"version-history":[{"count":2,"href":"https:\/\/nitu.mx\/index.php\/wp-json\/wp\/v2\/posts\/39722\/revisions"}],"predecessor-version":[{"id":39741,"href":"https:\/\/nitu.mx\/index.php\/wp-json\/wp\/v2\/posts\/39722\/revisions\/39741"}],"wp:featuredmedia":[{"embeddable":true,"href":"https:\/\/nitu.mx\/index.php\/wp-json\/wp\/v2\/media\/38895"}],"wp:attachment":[{"href":"https:\/\/nitu.mx\/index.php\/wp-json\/wp\/v2\/media?parent=39722"}],"wp:term":[{"taxonomy":"category","embeddable":true,"href":"https:\/\/nitu.mx\/index.php\/wp-json\/wp\/v2\/categories?post=39722"},{"taxonomy":"post_tag","embeddable":true,"href":"https:\/\/nitu.mx\/index.php\/wp-json\/wp\/v2\/tags?post=39722"}],"curies":[{"name":"wp","href":"https:\/\/api.w.org\/{rel}","templated":true}]}}