{"id":39624,"date":"2020-01-31T00:38:15","date_gmt":"2020-01-31T05:38:15","guid":{"rendered":"https:\/\/www.dev.nitu.mx\/?p=39624"},"modified":"2020-01-31T01:05:44","modified_gmt":"2020-01-31T06:05:44","slug":"temporada-de-sargazo-2020-sera-menor-a-anos-anteriores","status":"publish","type":"post","link":"https:\/\/nitu.mx\/index.php\/2020\/01\/31\/temporada-de-sargazo-2020-sera-menor-a-anos-anteriores\/","title":{"rendered":"Temporada de sargazo 2020 ser\u00e1 menor a a\u00f1os anteriores"},"content":{"rendered":"<p>La Secretar\u00eda de Marina y el gobierno de Quintana Roo dan seguimiento al plan para la temporada de sargazo 2020 que, seg\u00fan proyecciones, ser\u00e1 de menor volumen al recale registrado en 2018 y 2019, concentr\u00e1ndose en los meses de abril a junio del presente a\u00f1o.<\/p>\n<p>Conforme al programa de infraestructura en proceso de construcci\u00f3n, reparaci\u00f3n o adquisici\u00f3n, para marzo deber\u00e1n estar asignadas las embarcaciones sargaceras Hystrix, a Xcalak; Cymosum, a Mahahual; Fluitans, a Playa del Carmen; Vulgare, a Puerto Morelos; Sinicola, a Tulum y Horneri a Benito Ju\u00e1rez, para contener el sargazo en altamar y trasladarlo con tractores a los sitios de disposici\u00f3n final.<\/p>\n<p>Junto con tractores Mahindra, habr\u00e1 4,252 metros de barreras de contenci\u00f3n de sargazo en las costas del estado donde, seg\u00fan monitoreos, pudiera concentrarse m\u00e1s el recale de la macroalga. En Xcalak y Mahahual, del municipio Oth\u00f3n P. Blanco, ser\u00e1 colocada la mayor extensi\u00f3n de barreras con 1,852 metros en total. (<a title=\"Industrias que aprovechar\u00e1n sargazo generar\u00edan inversiones por 1,800 mdp\" href=\"https:\/\/www.dev.nitu.mx\/index.php\/2020\/01\/30\/industrias-que-aprovecharan-sargazo-generarian-inversiones-por-1800-mdp\/\" rel=\"bookmark\">Industrias que aprovechar\u00e1n sargazo generar\u00edan inversiones por 1,800 mdp<\/a>).<\/p>\n<p>Sin embargo, de acuerdo con las proyecciones para 2020 el arribo de la macroalga a Quintana Roo ser\u00e1 menor al de 2018 y 2019. Esto mismo fue confirmado por Alfredo Arellano, secretario de Ecolog\u00eda y Medio Ambiente estatal, quien asegur\u00f3 que el recale ser\u00e1, seg\u00fan estimaciones, equivalente al de 2017, cuando la macroalga comenz\u00f3 a llegar de manera exponencial a las costas del estado.<\/p>\n<p>El funcionario indic\u00f3 que el sargazo empezar\u00eda a llegar de manera masiva a partir de abril, aunque los tres \u00f3rdenes de gobierno ya est\u00e1n preparados para atender las playas. Acerca del tiempo que durar\u00e1 el arribo en las costas de Quintana Roo, dijo que posiblemente estar\u00e1 focalizado en los meses de abril, mayo y junio. (Jorge Castro Noriega)<\/p>\n","protected":false},"excerpt":{"rendered":"<p>La Secretar\u00eda de Marina y el gobierno de Quintana Roo dan seguimiento al plan para la temporada de sargazo 2020 que, seg\u00fan proyecciones, ser\u00e1 de menor volumen al recale registrado en 2018 y 2019, concentr\u00e1ndose en los meses de abril a junio del presente a\u00f1o. Conforme al programa de infraestructura en proceso de construcci\u00f3n, reparaci\u00f3n [&hellip;]<\/p>\n","protected":false},"author":17,"featured_media":33417,"comment_status":"open","ping_status":"open","sticky":false,"template":"","format":"standard","meta":{"footnotes":""},"categories":[5,6],"tags":[11632,18698,260,10332,6700],"yoast_head":"<!-- This site is optimized with the Yoast SEO plugin v22.2 - https:\/\/yoast.com\/wordpress\/plugins\/seo\/ -->\n<title>Temporada de sargazo 2020 ser\u00e1 menor a a\u00f1os anteriores - Nitu - Noticias de la Industria Turistica<\/title>\n<meta name=\"description\" content=\"El gobierno de Quintana Roo da seguimiento al plan para la temporada de sargazo 2020 que, seg\u00fan proyecciones, ser\u00e1 de menor volumen.\" \/>\n<meta name=\"robots\" content=\"index, follow, max-snippet:-1, max-image-preview:large, max-video-preview:-1\" \/>\n<link rel=\"canonical\" href=\"https:\/\/nitu.mx\/index.php\/2020\/01\/31\/temporada-de-sargazo-2020-sera-menor-a-anos-anteriores\/\" \/>\n<meta name=\"twitter:card\" content=\"summary_large_image\" \/>\n<meta name=\"twitter:title\" content=\"Temporada de sargazo 2020 ser\u00e1 menor a a\u00f1os anteriores - Nitu - Noticias de la Industria Turistica\" \/>\n<meta name=\"twitter:description\" content=\"El gobierno de Quintana Roo da seguimiento al plan para la temporada de sargazo 2020 que, seg\u00fan proyecciones, ser\u00e1 de menor volumen.\" \/>\n<meta name=\"twitter:image\" content=\"https:\/\/nitu.mx\/wp-content\/uploads\/2019\/07\/Marina-sargazo-mar.jpg\" \/>\n<meta name=\"twitter:creator\" content=\"@NITUmx\" \/>\n<meta name=\"twitter:site\" content=\"@Arturo_Medina_G\" \/>\n<meta name=\"twitter:label1\" content=\"Escrito por\" \/>\n\t<meta name=\"twitter:data1\" content=\"Redacci\u00f3n\" \/>\n\t<meta name=\"twitter:label2\" content=\"Tiempo de lectura\" \/>\n\t<meta name=\"twitter:data2\" content=\"1 minuto\" \/>\n<script type=\"application\/ld+json\" class=\"yoast-schema-graph\">{\"@context\":\"https:\/\/schema.org\",\"@graph\":[{\"@type\":\"Article\",\"@id\":\"https:\/\/nitu.mx\/index.php\/2020\/01\/31\/temporada-de-sargazo-2020-sera-menor-a-anos-anteriores\/#article\",\"isPartOf\":{\"@id\":\"https:\/\/nitu.mx\/index.php\/2020\/01\/31\/temporada-de-sargazo-2020-sera-menor-a-anos-anteriores\/\"},\"author\":{\"name\":\"Redacci\u00f3n\",\"@id\":\"https:\/\/nitu.mx\/#\/schema\/person\/4a28fe9bd65924f7c90623773daf1b0b\"},\"headline\":\"Temporada de sargazo 2020 ser\u00e1 menor a a\u00f1os anteriores\",\"datePublished\":\"2020-01-31T05:38:15+00:00\",\"dateModified\":\"2020-01-31T06:05:44+00:00\",\"mainEntityOfPage\":{\"@id\":\"https:\/\/nitu.mx\/index.php\/2020\/01\/31\/temporada-de-sargazo-2020-sera-menor-a-anos-anteriores\/\"},\"wordCount\":305,\"commentCount\":0,\"publisher\":{\"@id\":\"https:\/\/nitu.mx\/#\/schema\/person\/ae7a53426417292d3dd07b45a33e01bc\"},\"image\":{\"@id\":\"https:\/\/nitu.mx\/index.php\/2020\/01\/31\/temporada-de-sargazo-2020-sera-menor-a-anos-anteriores\/#primaryimage\"},\"thumbnailUrl\":\"https:\/\/nitu.mx\/wp-content\/uploads\/2019\/07\/Marina-sargazo-mar.jpg\",\"keywords\":[\"Alfredo Arellano\",\"Programa de infraestructura\",\"Quintana Roo\",\"sargazo\",\"Secretar\u00eda de Marina\"],\"articleSection\":[\"Destinos\",\"M\u00e9xico\"],\"inLanguage\":\"es-MX\",\"potentialAction\":[{\"@type\":\"CommentAction\",\"name\":\"Comment\",\"target\":[\"https:\/\/nitu.mx\/index.php\/2020\/01\/31\/temporada-de-sargazo-2020-sera-menor-a-anos-anteriores\/#respond\"]}]},{\"@type\":\"WebPage\",\"@id\":\"https:\/\/nitu.mx\/index.php\/2020\/01\/31\/temporada-de-sargazo-2020-sera-menor-a-anos-anteriores\/\",\"url\":\"https:\/\/nitu.mx\/index.php\/2020\/01\/31\/temporada-de-sargazo-2020-sera-menor-a-anos-anteriores\/\",\"name\":\"Temporada de sargazo 2020 ser\u00e1 menor a a\u00f1os anteriores - Nitu - Noticias de la Industria Turistica\",\"isPartOf\":{\"@id\":\"https:\/\/nitu.mx\/#website\"},\"primaryImageOfPage\":{\"@id\":\"https:\/\/nitu.mx\/index.php\/2020\/01\/31\/temporada-de-sargazo-2020-sera-menor-a-anos-anteriores\/#primaryimage\"},\"image\":{\"@id\":\"https:\/\/nitu.mx\/index.php\/2020\/01\/31\/temporada-de-sargazo-2020-sera-menor-a-anos-anteriores\/#primaryimage\"},\"thumbnailUrl\":\"https:\/\/nitu.mx\/wp-content\/uploads\/2019\/07\/Marina-sargazo-mar.jpg\",\"datePublished\":\"2020-01-31T05:38:15+00:00\",\"dateModified\":\"2020-01-31T06:05:44+00:00\",\"description\":\"El gobierno de Quintana Roo da seguimiento al plan para la temporada de sargazo 2020 que, seg\u00fan proyecciones, ser\u00e1 de menor volumen.\",\"breadcrumb\":{\"@id\":\"https:\/\/nitu.mx\/index.php\/2020\/01\/31\/temporada-de-sargazo-2020-sera-menor-a-anos-anteriores\/#breadcrumb\"},\"inLanguage\":\"es-MX\",\"potentialAction\":[{\"@type\":\"ReadAction\",\"target\":[\"https:\/\/nitu.mx\/index.php\/2020\/01\/31\/temporada-de-sargazo-2020-sera-menor-a-anos-anteriores\/\"]}]},{\"@type\":\"ImageObject\",\"inLanguage\":\"es-MX\",\"@id\":\"https:\/\/nitu.mx\/index.php\/2020\/01\/31\/temporada-de-sargazo-2020-sera-menor-a-anos-anteriores\/#primaryimage\",\"url\":\"https:\/\/nitu.mx\/wp-content\/uploads\/2019\/07\/Marina-sargazo-mar.jpg\",\"contentUrl\":\"https:\/\/nitu.mx\/wp-content\/uploads\/2019\/07\/Marina-sargazo-mar.jpg\",\"width\":850,\"height\":480,\"caption\":\"Marina sargazo mar saneamiento\"},{\"@type\":\"BreadcrumbList\",\"@id\":\"https:\/\/nitu.mx\/index.php\/2020\/01\/31\/temporada-de-sargazo-2020-sera-menor-a-anos-anteriores\/#breadcrumb\",\"itemListElement\":[{\"@type\":\"ListItem\",\"position\":1,\"name\":\"Inicio\",\"item\":\"https:\/\/nitu.mx\/\"},{\"@type\":\"ListItem\",\"position\":2,\"name\":\"Temporada de sargazo 2020 ser\u00e1 menor a a\u00f1os anteriores\"}]},{\"@type\":\"WebSite\",\"@id\":\"https:\/\/nitu.mx\/#website\",\"url\":\"https:\/\/nitu.mx\/\",\"name\":\"Nitu - Noticias de la Industria Turistica\",\"description\":\"Noticias de la Industria Turistica\",\"publisher\":{\"@id\":\"https:\/\/nitu.mx\/#\/schema\/person\/ae7a53426417292d3dd07b45a33e01bc\"},\"alternateName\":\"Noticias de la Industria Turistica\",\"potentialAction\":[{\"@type\":\"SearchAction\",\"target\":{\"@type\":\"EntryPoint\",\"urlTemplate\":\"https:\/\/nitu.mx\/?s={search_term_string}\"},\"query-input\":\"required name=search_term_string\"}],\"inLanguage\":\"es-MX\"},{\"@type\":[\"Person\",\"Organization\"],\"@id\":\"https:\/\/nitu.mx\/#\/schema\/person\/ae7a53426417292d3dd07b45a33e01bc\",\"name\":\"Arturo Medina\",\"image\":{\"@type\":\"ImageObject\",\"inLanguage\":\"es-MX\",\"@id\":\"https:\/\/nitu.mx\/#\/schema\/person\/image\/\",\"url\":\"https:\/\/nitu.mx\/wp-content\/uploads\/2024\/04\/4A315622-1904-4D5C-B022-878CDC840E04-90x90-1.jpeg\",\"contentUrl\":\"https:\/\/nitu.mx\/wp-content\/uploads\/2024\/04\/4A315622-1904-4D5C-B022-878CDC840E04-90x90-1.jpeg\",\"width\":90,\"height\":90,\"caption\":\"Arturo Medina\"},\"logo\":{\"@id\":\"https:\/\/nitu.mx\/#\/schema\/person\/image\/\"},\"description\":\"Director NITU.mx, Egresado de la Escuela de Periodismo Carlos Septi\u00e9n Garc\u00eda. Periodista y analista especializado en turismo desde hace 35 a\u00f1os, radicado en Canc\u00fan Q.Roo. arturo@nitu.mx\",\"sameAs\":[\"https:\/\/nitu.mx\",\"https:\/\/www.facebook.com\/NITUmx\/\",\"medinacancun\",\"https:\/\/twitter.com\/@Arturo_Medina_G\"]},{\"@type\":\"Person\",\"@id\":\"https:\/\/nitu.mx\/#\/schema\/person\/4a28fe9bd65924f7c90623773daf1b0b\",\"name\":\"Redacci\u00f3n\",\"image\":{\"@type\":\"ImageObject\",\"inLanguage\":\"es-MX\",\"@id\":\"https:\/\/nitu.mx\/#\/schema\/person\/image\/\",\"url\":\"https:\/\/secure.gravatar.com\/avatar\/5dd011c8ccfc5cd7e4c81e42252aab38?s=96&d=mm&r=g\",\"contentUrl\":\"https:\/\/secure.gravatar.com\/avatar\/5dd011c8ccfc5cd7e4c81e42252aab38?s=96&d=mm&r=g\",\"caption\":\"Redacci\u00f3n\"},\"url\":\"https:\/\/nitu.mx\/index.php\/author\/redaccion\/\"}]}<\/script>\n<!-- \/ Yoast SEO plugin. -->","yoast_head_json":{"title":"Temporada de sargazo 2020 ser\u00e1 menor a a\u00f1os anteriores - Nitu - Noticias de la Industria Turistica","description":"El gobierno de Quintana Roo da seguimiento al plan para la temporada de sargazo 2020 que, seg\u00fan proyecciones, ser\u00e1 de menor volumen.","robots":{"index":"index","follow":"follow","max-snippet":"max-snippet:-1","max-image-preview":"max-image-preview:large","max-video-preview":"max-video-preview:-1"},"canonical":"https:\/\/nitu.mx\/index.php\/2020\/01\/31\/temporada-de-sargazo-2020-sera-menor-a-anos-anteriores\/","twitter_card":"summary_large_image","twitter_title":"Temporada de sargazo 2020 ser\u00e1 menor a a\u00f1os anteriores - Nitu - Noticias de la Industria Turistica","twitter_description":"El gobierno de Quintana Roo da seguimiento al plan para la temporada de sargazo 2020 que, seg\u00fan proyecciones, ser\u00e1 de menor volumen.","twitter_image":"https:\/\/nitu.mx\/wp-content\/uploads\/2019\/07\/Marina-sargazo-mar.jpg","twitter_creator":"@NITUmx","twitter_site":"@Arturo_Medina_G","twitter_misc":{"Escrito por":"Redacci\u00f3n","Tiempo de lectura":"1 minuto"},"schema":{"@context":"https:\/\/schema.org","@graph":[{"@type":"Article","@id":"https:\/\/nitu.mx\/index.php\/2020\/01\/31\/temporada-de-sargazo-2020-sera-menor-a-anos-anteriores\/#article","isPartOf":{"@id":"https:\/\/nitu.mx\/index.php\/2020\/01\/31\/temporada-de-sargazo-2020-sera-menor-a-anos-anteriores\/"},"author":{"name":"Redacci\u00f3n","@id":"https:\/\/nitu.mx\/#\/schema\/person\/4a28fe9bd65924f7c90623773daf1b0b"},"headline":"Temporada de sargazo 2020 ser\u00e1 menor a a\u00f1os anteriores","datePublished":"2020-01-31T05:38:15+00:00","dateModified":"2020-01-31T06:05:44+00:00","mainEntityOfPage":{"@id":"https:\/\/nitu.mx\/index.php\/2020\/01\/31\/temporada-de-sargazo-2020-sera-menor-a-anos-anteriores\/"},"wordCount":305,"commentCount":0,"publisher":{"@id":"https:\/\/nitu.mx\/#\/schema\/person\/ae7a53426417292d3dd07b45a33e01bc"},"image":{"@id":"https:\/\/nitu.mx\/index.php\/2020\/01\/31\/temporada-de-sargazo-2020-sera-menor-a-anos-anteriores\/#primaryimage"},"thumbnailUrl":"https:\/\/nitu.mx\/wp-content\/uploads\/2019\/07\/Marina-sargazo-mar.jpg","keywords":["Alfredo Arellano","Programa de infraestructura","Quintana Roo","sargazo","Secretar\u00eda de Marina"],"articleSection":["Destinos","M\u00e9xico"],"inLanguage":"es-MX","potentialAction":[{"@type":"CommentAction","name":"Comment","target":["https:\/\/nitu.mx\/index.php\/2020\/01\/31\/temporada-de-sargazo-2020-sera-menor-a-anos-anteriores\/#respond"]}]},{"@type":"WebPage","@id":"https:\/\/nitu.mx\/index.php\/2020\/01\/31\/temporada-de-sargazo-2020-sera-menor-a-anos-anteriores\/","url":"https:\/\/nitu.mx\/index.php\/2020\/01\/31\/temporada-de-sargazo-2020-sera-menor-a-anos-anteriores\/","name":"Temporada de sargazo 2020 ser\u00e1 menor a a\u00f1os anteriores - Nitu - Noticias de la Industria Turistica","isPartOf":{"@id":"https:\/\/nitu.mx\/#website"},"primaryImageOfPage":{"@id":"https:\/\/nitu.mx\/index.php\/2020\/01\/31\/temporada-de-sargazo-2020-sera-menor-a-anos-anteriores\/#primaryimage"},"image":{"@id":"https:\/\/nitu.mx\/index.php\/2020\/01\/31\/temporada-de-sargazo-2020-sera-menor-a-anos-anteriores\/#primaryimage"},"thumbnailUrl":"https:\/\/nitu.mx\/wp-content\/uploads\/2019\/07\/Marina-sargazo-mar.jpg","datePublished":"2020-01-31T05:38:15+00:00","dateModified":"2020-01-31T06:05:44+00:00","description":"El gobierno de Quintana Roo da seguimiento al plan para la temporada de sargazo 2020 que, seg\u00fan proyecciones, ser\u00e1 de menor volumen.","breadcrumb":{"@id":"https:\/\/nitu.mx\/index.php\/2020\/01\/31\/temporada-de-sargazo-2020-sera-menor-a-anos-anteriores\/#breadcrumb"},"inLanguage":"es-MX","potentialAction":[{"@type":"ReadAction","target":["https:\/\/nitu.mx\/index.php\/2020\/01\/31\/temporada-de-sargazo-2020-sera-menor-a-anos-anteriores\/"]}]},{"@type":"ImageObject","inLanguage":"es-MX","@id":"https:\/\/nitu.mx\/index.php\/2020\/01\/31\/temporada-de-sargazo-2020-sera-menor-a-anos-anteriores\/#primaryimage","url":"https:\/\/nitu.mx\/wp-content\/uploads\/2019\/07\/Marina-sargazo-mar.jpg","contentUrl":"https:\/\/nitu.mx\/wp-content\/uploads\/2019\/07\/Marina-sargazo-mar.jpg","width":850,"height":480,"caption":"Marina sargazo mar saneamiento"},{"@type":"BreadcrumbList","@id":"https:\/\/nitu.mx\/index.php\/2020\/01\/31\/temporada-de-sargazo-2020-sera-menor-a-anos-anteriores\/#breadcrumb","itemListElement":[{"@type":"ListItem","position":1,"name":"Inicio","item":"https:\/\/nitu.mx\/"},{"@type":"ListItem","position":2,"name":"Temporada de sargazo 2020 ser\u00e1 menor a a\u00f1os anteriores"}]},{"@type":"WebSite","@id":"https:\/\/nitu.mx\/#website","url":"https:\/\/nitu.mx\/","name":"Nitu - Noticias de la Industria Turistica","description":"Noticias de la Industria Turistica","publisher":{"@id":"https:\/\/nitu.mx\/#\/schema\/person\/ae7a53426417292d3dd07b45a33e01bc"},"alternateName":"Noticias de la Industria Turistica","potentialAction":[{"@type":"SearchAction","target":{"@type":"EntryPoint","urlTemplate":"https:\/\/nitu.mx\/?s={search_term_string}"},"query-input":"required name=search_term_string"}],"inLanguage":"es-MX"},{"@type":["Person","Organization"],"@id":"https:\/\/nitu.mx\/#\/schema\/person\/ae7a53426417292d3dd07b45a33e01bc","name":"Arturo Medina","image":{"@type":"ImageObject","inLanguage":"es-MX","@id":"https:\/\/nitu.mx\/#\/schema\/person\/image\/","url":"https:\/\/nitu.mx\/wp-content\/uploads\/2024\/04\/4A315622-1904-4D5C-B022-878CDC840E04-90x90-1.jpeg","contentUrl":"https:\/\/nitu.mx\/wp-content\/uploads\/2024\/04\/4A315622-1904-4D5C-B022-878CDC840E04-90x90-1.jpeg","width":90,"height":90,"caption":"Arturo Medina"},"logo":{"@id":"https:\/\/nitu.mx\/#\/schema\/person\/image\/"},"description":"Director NITU.mx, Egresado de la Escuela de Periodismo Carlos Septi\u00e9n Garc\u00eda. Periodista y analista especializado en turismo desde hace 35 a\u00f1os, radicado en Canc\u00fan Q.Roo. arturo@nitu.mx","sameAs":["https:\/\/nitu.mx","https:\/\/www.facebook.com\/NITUmx\/","medinacancun","https:\/\/twitter.com\/@Arturo_Medina_G"]},{"@type":"Person","@id":"https:\/\/nitu.mx\/#\/schema\/person\/4a28fe9bd65924f7c90623773daf1b0b","name":"Redacci\u00f3n","image":{"@type":"ImageObject","inLanguage":"es-MX","@id":"https:\/\/nitu.mx\/#\/schema\/person\/image\/","url":"https:\/\/secure.gravatar.com\/avatar\/5dd011c8ccfc5cd7e4c81e42252aab38?s=96&d=mm&r=g","contentUrl":"https:\/\/secure.gravatar.com\/avatar\/5dd011c8ccfc5cd7e4c81e42252aab38?s=96&d=mm&r=g","caption":"Redacci\u00f3n"},"url":"https:\/\/nitu.mx\/index.php\/author\/redaccion\/"}]}},"views":556,"_links":{"self":[{"href":"https:\/\/nitu.mx\/index.php\/wp-json\/wp\/v2\/posts\/39624"}],"collection":[{"href":"https:\/\/nitu.mx\/index.php\/wp-json\/wp\/v2\/posts"}],"about":[{"href":"https:\/\/nitu.mx\/index.php\/wp-json\/wp\/v2\/types\/post"}],"author":[{"embeddable":true,"href":"https:\/\/nitu.mx\/index.php\/wp-json\/wp\/v2\/users\/17"}],"replies":[{"embeddable":true,"href":"https:\/\/nitu.mx\/index.php\/wp-json\/wp\/v2\/comments?post=39624"}],"version-history":[{"count":3,"href":"https:\/\/nitu.mx\/index.php\/wp-json\/wp\/v2\/posts\/39624\/revisions"}],"predecessor-version":[{"id":39644,"href":"https:\/\/nitu.mx\/index.php\/wp-json\/wp\/v2\/posts\/39624\/revisions\/39644"}],"wp:featuredmedia":[{"embeddable":true,"href":"https:\/\/nitu.mx\/index.php\/wp-json\/wp\/v2\/media\/33417"}],"wp:attachment":[{"href":"https:\/\/nitu.mx\/index.php\/wp-json\/wp\/v2\/media?parent=39624"}],"wp:term":[{"taxonomy":"category","embeddable":true,"href":"https:\/\/nitu.mx\/index.php\/wp-json\/wp\/v2\/categories?post=39624"},{"taxonomy":"post_tag","embeddable":true,"href":"https:\/\/nitu.mx\/index.php\/wp-json\/wp\/v2\/tags?post=39624"}],"curies":[{"name":"wp","href":"https:\/\/api.w.org\/{rel}","templated":true}]}}