{"id":39478,"date":"2020-01-28T00:45:18","date_gmt":"2020-01-28T05:45:18","guid":{"rendered":"https:\/\/www.dev.nitu.mx\/?p=39478"},"modified":"2020-01-28T01:41:32","modified_gmt":"2020-01-28T06:41:32","slug":"es-una-buena-noticia-la-compra-de-best-day-por-despegar-cintron","status":"publish","type":"post","link":"https:\/\/nitu.mx\/index.php\/2020\/01\/28\/es-una-buena-noticia-la-compra-de-best-day-por-despegar-cintron\/","title":{"rendered":"Es una buena noticia la compra de Best Day por Despegar: Cintr\u00f3n"},"content":{"rendered":"<p>Lejos de ser una mala noticia para el mundo del turismo en M\u00e9xico, la compra de Best Day por Despegar es una buena noticia, pues consolidara a la agencia m\u00e1s fuerte de Am\u00e9rica Latina, en su presencia en M\u00e9xico, asegur\u00f3\u00a0 Roberto Cintr\u00f3n, el presidente de la Asociaci\u00f3n de Hoteles de Canc\u00fan, Puerto Morelos e Isla Mujeres.<\/p>\n<p>Despegar es una compa\u00f1\u00eda p\u00fablica muy s\u00f3lida, y nadie mejor que ellos para consolidar esta operaci\u00f3n que ya se ve\u00eda venir, Best Day ten\u00eda muchos a\u00f1os a la venta y finalmente lograron cerrar una muy buena transacci\u00f3n.<\/p>\n<p>Estoy seguro, dijo Cintr\u00f3n a <em><strong>NITU.mx<\/strong><\/em>, que la forma de hacer negocio de Despegar traer\u00e1 beneficios, hemos trabajado juntos por muchos a\u00f1os y esta fortaleza que han adquirido no debe cambiar su concepto. (<a title=\"Confirma Despegar compra de Best Day\" href=\"https:\/\/www.dev.nitu.mx\/index.php\/2020\/01\/27\/despegar-confirma-que-adquirira-el-100-de-best-day\/\" rel=\"bookmark\">Confirma Despegar compra de Best Day<\/a>).<\/p>\n<p>Hablando de otros temas, el presidente de los hoteleros, dijo que las quejas que sobre seguridad que se hicieron patentes por los hoteleros espa\u00f1oles al Secretario de Turismo Miguel Torruco durante la reci\u00e9n concluida FITUR, son un llamado de atenci\u00f3n, pero sin duda las cadenas espa\u00f1olas est\u00e1n muy contentos por el negocio que hacen en M\u00e9xico, pues no hay destino, incluyendo Palma de Mallorca, que sea m\u00e1s redituable para ellos.<\/p>\n","protected":false},"excerpt":{"rendered":"<p>Lejos de ser una mala noticia para el mundo del turismo en M\u00e9xico, la compra de Best Day por Despegar es una buena noticia, pues consolidara a la agencia m\u00e1s fuerte de Am\u00e9rica Latina, en su presencia en M\u00e9xico, asegur\u00f3\u00a0 Roberto Cintr\u00f3n, el presidente de la Asociaci\u00f3n de Hoteles de Canc\u00fan, Puerto Morelos e Isla [&hellip;]<\/p>\n","protected":false},"author":2,"featured_media":39345,"comment_status":"open","ping_status":"open","sticky":false,"template":"","format":"standard","meta":{"footnotes":""},"categories":[3],"tags":[612,2130,2703,1132],"yoast_head":"<!-- This site is optimized with the Yoast SEO plugin v22.2 - https:\/\/yoast.com\/wordpress\/plugins\/seo\/ -->\n<title>Es una buena noticia la compra de Best Day por Despegar: Cintr\u00f3n - Nitu - Noticias de la Industria Turistica<\/title>\n<meta name=\"description\" content=\"la compra de Best Day por Despegar es una buena noticia asegur\u00f3 Roberto Cintr\u00f3n, presidente de la Asociaci\u00f3n de Hoteles de Canc\u00fan.\" \/>\n<meta name=\"robots\" content=\"index, follow, max-snippet:-1, max-image-preview:large, max-video-preview:-1\" \/>\n<link rel=\"canonical\" href=\"https:\/\/nitu.mx\/index.php\/2020\/01\/28\/es-una-buena-noticia-la-compra-de-best-day-por-despegar-cintron\/\" \/>\n<meta name=\"twitter:card\" content=\"summary_large_image\" \/>\n<meta name=\"twitter:title\" content=\"Es una buena noticia la compra de Best Day por Despegar: Cintr\u00f3n - Nitu - Noticias de la Industria Turistica\" \/>\n<meta name=\"twitter:description\" content=\"la compra de Best Day por Despegar es una buena noticia asegur\u00f3 Roberto Cintr\u00f3n, presidente de la Asociaci\u00f3n de Hoteles de Canc\u00fan.\" \/>\n<meta name=\"twitter:image\" content=\"https:\/\/nitu.mx\/wp-content\/uploads\/2020\/01\/Roberto-Cintro\u0301n-FITUR.jpg\" \/>\n<meta name=\"twitter:creator\" content=\"@Arturo_Medina_G\" \/>\n<meta name=\"twitter:site\" content=\"@Arturo_Medina_G\" \/>\n<meta name=\"twitter:label1\" content=\"Escrito por\" \/>\n\t<meta name=\"twitter:data1\" content=\"Arturo Medina\" \/>\n\t<meta name=\"twitter:label2\" content=\"Tiempo de lectura\" \/>\n\t<meta name=\"twitter:data2\" content=\"1 minuto\" \/>\n<script type=\"application\/ld+json\" class=\"yoast-schema-graph\">{\"@context\":\"https:\/\/schema.org\",\"@graph\":[{\"@type\":\"Article\",\"@id\":\"https:\/\/nitu.mx\/index.php\/2020\/01\/28\/es-una-buena-noticia-la-compra-de-best-day-por-despegar-cintron\/#article\",\"isPartOf\":{\"@id\":\"https:\/\/nitu.mx\/index.php\/2020\/01\/28\/es-una-buena-noticia-la-compra-de-best-day-por-despegar-cintron\/\"},\"author\":{\"name\":\"Arturo Medina\",\"@id\":\"https:\/\/nitu.mx\/#\/schema\/person\/ae7a53426417292d3dd07b45a33e01bc\"},\"headline\":\"Es una buena noticia la compra de Best Day por Despegar: Cintr\u00f3n\",\"datePublished\":\"2020-01-28T05:45:18+00:00\",\"dateModified\":\"2020-01-28T06:41:32+00:00\",\"mainEntityOfPage\":{\"@id\":\"https:\/\/nitu.mx\/index.php\/2020\/01\/28\/es-una-buena-noticia-la-compra-de-best-day-por-despegar-cintron\/\"},\"wordCount\":240,\"commentCount\":0,\"publisher\":{\"@id\":\"https:\/\/nitu.mx\/#\/schema\/person\/ae7a53426417292d3dd07b45a33e01bc\"},\"image\":{\"@id\":\"https:\/\/nitu.mx\/index.php\/2020\/01\/28\/es-una-buena-noticia-la-compra-de-best-day-por-despegar-cintron\/#primaryimage\"},\"thumbnailUrl\":\"https:\/\/nitu.mx\/wp-content\/uploads\/2020\/01\/Roberto-Cintro\u0301n-FITUR.jpg\",\"keywords\":[\"Bestday\",\"Despegar\",\"FITUR\",\"Roberto Cintr\u00f3n G\u00f3mez\"],\"articleSection\":[\"Agencias de Viajes\"],\"inLanguage\":\"es-MX\",\"potentialAction\":[{\"@type\":\"CommentAction\",\"name\":\"Comment\",\"target\":[\"https:\/\/nitu.mx\/index.php\/2020\/01\/28\/es-una-buena-noticia-la-compra-de-best-day-por-despegar-cintron\/#respond\"]}]},{\"@type\":\"WebPage\",\"@id\":\"https:\/\/nitu.mx\/index.php\/2020\/01\/28\/es-una-buena-noticia-la-compra-de-best-day-por-despegar-cintron\/\",\"url\":\"https:\/\/nitu.mx\/index.php\/2020\/01\/28\/es-una-buena-noticia-la-compra-de-best-day-por-despegar-cintron\/\",\"name\":\"Es una buena noticia la compra de Best Day por Despegar: Cintr\u00f3n - Nitu - Noticias de la Industria Turistica\",\"isPartOf\":{\"@id\":\"https:\/\/nitu.mx\/#website\"},\"primaryImageOfPage\":{\"@id\":\"https:\/\/nitu.mx\/index.php\/2020\/01\/28\/es-una-buena-noticia-la-compra-de-best-day-por-despegar-cintron\/#primaryimage\"},\"image\":{\"@id\":\"https:\/\/nitu.mx\/index.php\/2020\/01\/28\/es-una-buena-noticia-la-compra-de-best-day-por-despegar-cintron\/#primaryimage\"},\"thumbnailUrl\":\"https:\/\/nitu.mx\/wp-content\/uploads\/2020\/01\/Roberto-Cintro\u0301n-FITUR.jpg\",\"datePublished\":\"2020-01-28T05:45:18+00:00\",\"dateModified\":\"2020-01-28T06:41:32+00:00\",\"description\":\"la compra de Best Day por Despegar es una buena noticia asegur\u00f3 Roberto Cintr\u00f3n, presidente de la Asociaci\u00f3n de Hoteles de Canc\u00fan.\",\"breadcrumb\":{\"@id\":\"https:\/\/nitu.mx\/index.php\/2020\/01\/28\/es-una-buena-noticia-la-compra-de-best-day-por-despegar-cintron\/#breadcrumb\"},\"inLanguage\":\"es-MX\",\"potentialAction\":[{\"@type\":\"ReadAction\",\"target\":[\"https:\/\/nitu.mx\/index.php\/2020\/01\/28\/es-una-buena-noticia-la-compra-de-best-day-por-despegar-cintron\/\"]}]},{\"@type\":\"ImageObject\",\"inLanguage\":\"es-MX\",\"@id\":\"https:\/\/nitu.mx\/index.php\/2020\/01\/28\/es-una-buena-noticia-la-compra-de-best-day-por-despegar-cintron\/#primaryimage\",\"url\":\"https:\/\/nitu.mx\/wp-content\/uploads\/2020\/01\/Roberto-Cintro\u0301n-FITUR.jpg\",\"contentUrl\":\"https:\/\/nitu.mx\/wp-content\/uploads\/2020\/01\/Roberto-Cintro\u0301n-FITUR.jpg\",\"width\":850,\"height\":480,\"caption\":\"Roberto Cintro\u0301n FITUR\"},{\"@type\":\"BreadcrumbList\",\"@id\":\"https:\/\/nitu.mx\/index.php\/2020\/01\/28\/es-una-buena-noticia-la-compra-de-best-day-por-despegar-cintron\/#breadcrumb\",\"itemListElement\":[{\"@type\":\"ListItem\",\"position\":1,\"name\":\"Inicio\",\"item\":\"https:\/\/nitu.mx\/\"},{\"@type\":\"ListItem\",\"position\":2,\"name\":\"Es una buena noticia la compra de Best Day por Despegar: Cintr\u00f3n\"}]},{\"@type\":\"WebSite\",\"@id\":\"https:\/\/nitu.mx\/#website\",\"url\":\"https:\/\/nitu.mx\/\",\"name\":\"Nitu - Noticias de la Industria Turistica\",\"description\":\"Noticias de la Industria Turistica\",\"publisher\":{\"@id\":\"https:\/\/nitu.mx\/#\/schema\/person\/ae7a53426417292d3dd07b45a33e01bc\"},\"alternateName\":\"Noticias de la Industria Turistica\",\"potentialAction\":[{\"@type\":\"SearchAction\",\"target\":{\"@type\":\"EntryPoint\",\"urlTemplate\":\"https:\/\/nitu.mx\/?s={search_term_string}\"},\"query-input\":\"required name=search_term_string\"}],\"inLanguage\":\"es-MX\"},{\"@type\":[\"Person\",\"Organization\"],\"@id\":\"https:\/\/nitu.mx\/#\/schema\/person\/ae7a53426417292d3dd07b45a33e01bc\",\"name\":\"Arturo Medina\",\"image\":{\"@type\":\"ImageObject\",\"inLanguage\":\"es-MX\",\"@id\":\"https:\/\/nitu.mx\/#\/schema\/person\/image\/\",\"url\":\"https:\/\/nitu.mx\/wp-content\/uploads\/2024\/04\/4A315622-1904-4D5C-B022-878CDC840E04-90x90-1.jpeg\",\"contentUrl\":\"https:\/\/nitu.mx\/wp-content\/uploads\/2024\/04\/4A315622-1904-4D5C-B022-878CDC840E04-90x90-1.jpeg\",\"width\":90,\"height\":90,\"caption\":\"Arturo Medina\"},\"logo\":{\"@id\":\"https:\/\/nitu.mx\/#\/schema\/person\/image\/\"},\"description\":\"Director NITU.mx, Egresado de la Escuela de Periodismo Carlos Septi\u00e9n Garc\u00eda. Periodista y analista especializado en turismo desde hace 35 a\u00f1os, radicado en Canc\u00fan Q.Roo. arturo@nitu.mx\",\"sameAs\":[\"https:\/\/nitu.mx\",\"https:\/\/www.facebook.com\/NITUmx\/\",\"medinacancun\",\"https:\/\/twitter.com\/@Arturo_Medina_G\"],\"url\":\"https:\/\/nitu.mx\/index.php\/author\/arturo-medina\/\"}]}<\/script>\n<!-- \/ Yoast SEO plugin. -->","yoast_head_json":{"title":"Es una buena noticia la compra de Best Day por Despegar: Cintr\u00f3n - Nitu - Noticias de la Industria Turistica","description":"la compra de Best Day por Despegar es una buena noticia asegur\u00f3 Roberto Cintr\u00f3n, presidente de la Asociaci\u00f3n de Hoteles de Canc\u00fan.","robots":{"index":"index","follow":"follow","max-snippet":"max-snippet:-1","max-image-preview":"max-image-preview:large","max-video-preview":"max-video-preview:-1"},"canonical":"https:\/\/nitu.mx\/index.php\/2020\/01\/28\/es-una-buena-noticia-la-compra-de-best-day-por-despegar-cintron\/","twitter_card":"summary_large_image","twitter_title":"Es una buena noticia la compra de Best Day por Despegar: Cintr\u00f3n - Nitu - Noticias de la Industria Turistica","twitter_description":"la compra de Best Day por Despegar es una buena noticia asegur\u00f3 Roberto Cintr\u00f3n, presidente de la Asociaci\u00f3n de Hoteles de Canc\u00fan.","twitter_image":"https:\/\/nitu.mx\/wp-content\/uploads\/2020\/01\/Roberto-Cintro\u0301n-FITUR.jpg","twitter_creator":"@Arturo_Medina_G","twitter_site":"@Arturo_Medina_G","twitter_misc":{"Escrito por":"Arturo Medina","Tiempo de lectura":"1 minuto"},"schema":{"@context":"https:\/\/schema.org","@graph":[{"@type":"Article","@id":"https:\/\/nitu.mx\/index.php\/2020\/01\/28\/es-una-buena-noticia-la-compra-de-best-day-por-despegar-cintron\/#article","isPartOf":{"@id":"https:\/\/nitu.mx\/index.php\/2020\/01\/28\/es-una-buena-noticia-la-compra-de-best-day-por-despegar-cintron\/"},"author":{"name":"Arturo Medina","@id":"https:\/\/nitu.mx\/#\/schema\/person\/ae7a53426417292d3dd07b45a33e01bc"},"headline":"Es una buena noticia la compra de Best Day por Despegar: Cintr\u00f3n","datePublished":"2020-01-28T05:45:18+00:00","dateModified":"2020-01-28T06:41:32+00:00","mainEntityOfPage":{"@id":"https:\/\/nitu.mx\/index.php\/2020\/01\/28\/es-una-buena-noticia-la-compra-de-best-day-por-despegar-cintron\/"},"wordCount":240,"commentCount":0,"publisher":{"@id":"https:\/\/nitu.mx\/#\/schema\/person\/ae7a53426417292d3dd07b45a33e01bc"},"image":{"@id":"https:\/\/nitu.mx\/index.php\/2020\/01\/28\/es-una-buena-noticia-la-compra-de-best-day-por-despegar-cintron\/#primaryimage"},"thumbnailUrl":"https:\/\/nitu.mx\/wp-content\/uploads\/2020\/01\/Roberto-Cintro\u0301n-FITUR.jpg","keywords":["Bestday","Despegar","FITUR","Roberto Cintr\u00f3n G\u00f3mez"],"articleSection":["Agencias de Viajes"],"inLanguage":"es-MX","potentialAction":[{"@type":"CommentAction","name":"Comment","target":["https:\/\/nitu.mx\/index.php\/2020\/01\/28\/es-una-buena-noticia-la-compra-de-best-day-por-despegar-cintron\/#respond"]}]},{"@type":"WebPage","@id":"https:\/\/nitu.mx\/index.php\/2020\/01\/28\/es-una-buena-noticia-la-compra-de-best-day-por-despegar-cintron\/","url":"https:\/\/nitu.mx\/index.php\/2020\/01\/28\/es-una-buena-noticia-la-compra-de-best-day-por-despegar-cintron\/","name":"Es una buena noticia la compra de Best Day por Despegar: Cintr\u00f3n - Nitu - Noticias de la Industria Turistica","isPartOf":{"@id":"https:\/\/nitu.mx\/#website"},"primaryImageOfPage":{"@id":"https:\/\/nitu.mx\/index.php\/2020\/01\/28\/es-una-buena-noticia-la-compra-de-best-day-por-despegar-cintron\/#primaryimage"},"image":{"@id":"https:\/\/nitu.mx\/index.php\/2020\/01\/28\/es-una-buena-noticia-la-compra-de-best-day-por-despegar-cintron\/#primaryimage"},"thumbnailUrl":"https:\/\/nitu.mx\/wp-content\/uploads\/2020\/01\/Roberto-Cintro\u0301n-FITUR.jpg","datePublished":"2020-01-28T05:45:18+00:00","dateModified":"2020-01-28T06:41:32+00:00","description":"la compra de Best Day por Despegar es una buena noticia asegur\u00f3 Roberto Cintr\u00f3n, presidente de la Asociaci\u00f3n de Hoteles de Canc\u00fan.","breadcrumb":{"@id":"https:\/\/nitu.mx\/index.php\/2020\/01\/28\/es-una-buena-noticia-la-compra-de-best-day-por-despegar-cintron\/#breadcrumb"},"inLanguage":"es-MX","potentialAction":[{"@type":"ReadAction","target":["https:\/\/nitu.mx\/index.php\/2020\/01\/28\/es-una-buena-noticia-la-compra-de-best-day-por-despegar-cintron\/"]}]},{"@type":"ImageObject","inLanguage":"es-MX","@id":"https:\/\/nitu.mx\/index.php\/2020\/01\/28\/es-una-buena-noticia-la-compra-de-best-day-por-despegar-cintron\/#primaryimage","url":"https:\/\/nitu.mx\/wp-content\/uploads\/2020\/01\/Roberto-Cintro\u0301n-FITUR.jpg","contentUrl":"https:\/\/nitu.mx\/wp-content\/uploads\/2020\/01\/Roberto-Cintro\u0301n-FITUR.jpg","width":850,"height":480,"caption":"Roberto Cintro\u0301n FITUR"},{"@type":"BreadcrumbList","@id":"https:\/\/nitu.mx\/index.php\/2020\/01\/28\/es-una-buena-noticia-la-compra-de-best-day-por-despegar-cintron\/#breadcrumb","itemListElement":[{"@type":"ListItem","position":1,"name":"Inicio","item":"https:\/\/nitu.mx\/"},{"@type":"ListItem","position":2,"name":"Es una buena noticia la compra de Best Day por Despegar: Cintr\u00f3n"}]},{"@type":"WebSite","@id":"https:\/\/nitu.mx\/#website","url":"https:\/\/nitu.mx\/","name":"Nitu - Noticias de la Industria Turistica","description":"Noticias de la Industria Turistica","publisher":{"@id":"https:\/\/nitu.mx\/#\/schema\/person\/ae7a53426417292d3dd07b45a33e01bc"},"alternateName":"Noticias de la Industria Turistica","potentialAction":[{"@type":"SearchAction","target":{"@type":"EntryPoint","urlTemplate":"https:\/\/nitu.mx\/?s={search_term_string}"},"query-input":"required name=search_term_string"}],"inLanguage":"es-MX"},{"@type":["Person","Organization"],"@id":"https:\/\/nitu.mx\/#\/schema\/person\/ae7a53426417292d3dd07b45a33e01bc","name":"Arturo Medina","image":{"@type":"ImageObject","inLanguage":"es-MX","@id":"https:\/\/nitu.mx\/#\/schema\/person\/image\/","url":"https:\/\/nitu.mx\/wp-content\/uploads\/2024\/04\/4A315622-1904-4D5C-B022-878CDC840E04-90x90-1.jpeg","contentUrl":"https:\/\/nitu.mx\/wp-content\/uploads\/2024\/04\/4A315622-1904-4D5C-B022-878CDC840E04-90x90-1.jpeg","width":90,"height":90,"caption":"Arturo Medina"},"logo":{"@id":"https:\/\/nitu.mx\/#\/schema\/person\/image\/"},"description":"Director NITU.mx, Egresado de la Escuela de Periodismo Carlos Septi\u00e9n Garc\u00eda. Periodista y analista especializado en turismo desde hace 35 a\u00f1os, radicado en Canc\u00fan Q.Roo. arturo@nitu.mx","sameAs":["https:\/\/nitu.mx","https:\/\/www.facebook.com\/NITUmx\/","medinacancun","https:\/\/twitter.com\/@Arturo_Medina_G"],"url":"https:\/\/nitu.mx\/index.php\/author\/arturo-medina\/"}]}},"views":231,"_links":{"self":[{"href":"https:\/\/nitu.mx\/index.php\/wp-json\/wp\/v2\/posts\/39478"}],"collection":[{"href":"https:\/\/nitu.mx\/index.php\/wp-json\/wp\/v2\/posts"}],"about":[{"href":"https:\/\/nitu.mx\/index.php\/wp-json\/wp\/v2\/types\/post"}],"author":[{"embeddable":true,"href":"https:\/\/nitu.mx\/index.php\/wp-json\/wp\/v2\/users\/2"}],"replies":[{"embeddable":true,"href":"https:\/\/nitu.mx\/index.php\/wp-json\/wp\/v2\/comments?post=39478"}],"version-history":[{"count":3,"href":"https:\/\/nitu.mx\/index.php\/wp-json\/wp\/v2\/posts\/39478\/revisions"}],"predecessor-version":[{"id":39504,"href":"https:\/\/nitu.mx\/index.php\/wp-json\/wp\/v2\/posts\/39478\/revisions\/39504"}],"wp:featuredmedia":[{"embeddable":true,"href":"https:\/\/nitu.mx\/index.php\/wp-json\/wp\/v2\/media\/39345"}],"wp:attachment":[{"href":"https:\/\/nitu.mx\/index.php\/wp-json\/wp\/v2\/media?parent=39478"}],"wp:term":[{"taxonomy":"category","embeddable":true,"href":"https:\/\/nitu.mx\/index.php\/wp-json\/wp\/v2\/categories?post=39478"},{"taxonomy":"post_tag","embeddable":true,"href":"https:\/\/nitu.mx\/index.php\/wp-json\/wp\/v2\/tags?post=39478"}],"curies":[{"name":"wp","href":"https:\/\/api.w.org\/{rel}","templated":true}]}}