{"id":39357,"date":"2020-01-24T00:15:15","date_gmt":"2020-01-24T05:15:15","guid":{"rendered":"https:\/\/www.dev.nitu.mx\/?p=39357"},"modified":"2020-01-24T01:38:38","modified_gmt":"2020-01-24T06:38:38","slug":"viva-aerobus-llegara-a-cuba-en-marzo-con-ruta-regular","status":"publish","type":"post","link":"https:\/\/nitu.mx\/index.php\/2020\/01\/24\/viva-aerobus-llegara-a-cuba-en-marzo-con-ruta-regular\/","title":{"rendered":"Viva Aerobus llegar\u00e1 a Cuba en marzo con ruta regular"},"content":{"rendered":"<p class=\"gmail-MsoNormalCxSpFirst\"><span lang=\"ES\">Como resultado de su compromiso por fortalecer la conectividad del caribe a precios bajos y mediante conexiones entre destinos estrat\u00e9gicos, Viva Aerobus, la aerol\u00ednea de ultra bajo costo de M\u00e9xico, se convierte en la primera y \u00fanica aerol\u00ednea mexicana en volar, con una ruta regular, a Santiago de Cuba.\u00a0<\/span><\/p>\n<p><span lang=\"ES\">\u201cEsta nueva ruta directa crea una ventana de contacto clave, pues enriquece la conectividad de la segunda ciudad m\u00e1s importante de Cuba debido a su econom\u00eda y poblaci\u00f3n, caracter\u00edsticas que se a\u00f1aden a sus atractivos culturales, hist\u00f3ricos y su cercan\u00eda a m\u00faltiples playas\u201d, afirm\u00f3 B\u00e1rbara Cruz, directora general de mercadotecnia del Ministerio de Turismo de Cuba.<\/span><\/p>\n<p><span lang=\"ES\">La nueva ruta regular iniciar\u00e1 el 26 de marzo y ofrecer\u00e1 un vuelo semanal los jueves. Ser\u00e1 operada con aeronaves Airbus A320 con capacidad para transportar a 186 pasajeros, aviones que forman parte de la flota m\u00e1s joven de M\u00e9xico con una edad promedio de 3.25 a\u00f1os, ofreciendo los m\u00e1s altos est\u00e1ndares en seguridad y eficiencia. (<\/span><a title=\"Viva Aerobus cerr\u00f3 2019 con el mayor crecimiento anual de su historia\" href=\"https:\/\/www.dev.nitu.mx\/index.php\/2020\/01\/10\/viva-aerobus-cerro-2019-con-el-mayor-crecimiento-anual-de-su-historia\/\" rel=\"bookmark\">Viva Aerobus cerr\u00f3 2019 con el mayor crecimiento anual de su historia<\/a>).<\/p>\n<p><span lang=\"ES\">\u201cEste anuncio reafirma el liderazgo que tenemos en Canc\u00fan, donde ya contamos con 24 rutas. Somos la aerol\u00ednea con la oferta m\u00e1s amplia de destinos en esta ciudad. Sabemos que se trata de una puerta estrat\u00e9gica al mercado internacional y hoy lanzamos nuestro segundo destino a la isla, que se suma a Camag\u00fcey\u201d, mencion\u00f3 Juan Carlos Zuazua, Director General de Viva Aerobus. <\/span><\/p>\n<p><span lang=\"ES\">\u00a0<\/span><span lang=\"ES\">El lanzamiento de esta ruta tambi\u00e9n contempl\u00f3 una alianza con el tour operador Merely Tours, quien ofrece paquetes tur\u00edsticos en toda la isla en estrecha colaboraci\u00f3n con el receptivo Cubatur de Cuba. <\/span><\/p>\n<p><span lang=\"ES\">Reinaldo Lugones,<\/span><span lang=\"ES\"> Director de Merely Tours mencion\u00f3 que \u201ceste nuevo puente a\u00e9reo ampl\u00eda las opciones, a precios accesibles, que los turistas tienen para descubrir la riqueza de la isla. Se trata de una buena noticia para la conectividad internacional que logramos con el apoyo de Xiomara Mart\u00ednez, ex consejera de Turismo de la embajada de Cuba en M\u00e9xico, a quien reconocemos su destacada trayectoria y labor en beneficio del producto tur\u00edstico cubano\u201d.<\/span><\/p>\n<p><span lang=\"PT\">A la fecha aerol\u00ednea opera un total de 120 rutas: 100 nacionales y 20 internacionales.<\/span><\/p>\n","protected":false},"excerpt":{"rendered":"<p>Como resultado de su compromiso por fortalecer la conectividad del caribe a precios bajos y mediante conexiones entre destinos estrat\u00e9gicos, Viva Aerobus, la aerol\u00ednea de ultra bajo costo de M\u00e9xico, se convierte en la primera y \u00fanica aerol\u00ednea mexicana en volar, con una ruta regular, a Santiago de Cuba.\u00a0 \u201cEsta nueva ruta directa crea una [&hellip;]<\/p>\n","protected":false},"author":17,"featured_media":23205,"comment_status":"open","ping_status":"open","sticky":false,"template":"","format":"standard","meta":{"footnotes":""},"categories":[29,1],"tags":[4563,17827,2102,14186],"yoast_head":"<!-- This site is optimized with the Yoast SEO plugin v22.2 - https:\/\/yoast.com\/wordpress\/plugins\/seo\/ -->\n<title>Viva Aerobus llegar\u00e1 a Cuba en marzo con ruta regular - Nitu - Noticias de la Industria Turistica<\/title>\n<meta name=\"description\" content=\"Viva Aerobus, se convierte en la primera y \u00fanica aerol\u00ednea mexicana en volar, con una ruta regular, a Santiago de Cuba.\" \/>\n<meta name=\"robots\" content=\"index, follow, max-snippet:-1, max-image-preview:large, max-video-preview:-1\" \/>\n<link rel=\"canonical\" href=\"https:\/\/nitu.mx\/index.php\/2020\/01\/24\/viva-aerobus-llegara-a-cuba-en-marzo-con-ruta-regular\/\" \/>\n<meta name=\"twitter:card\" content=\"summary_large_image\" \/>\n<meta name=\"twitter:title\" content=\"Viva Aerobus llegar\u00e1 a Cuba en marzo con ruta regular - Nitu - Noticias de la Industria Turistica\" \/>\n<meta name=\"twitter:description\" content=\"Viva Aerobus, se convierte en la primera y \u00fanica aerol\u00ednea mexicana en volar, con una ruta regular, a Santiago de Cuba.\" \/>\n<meta name=\"twitter:image\" content=\"https:\/\/nitu.mx\/wp-content\/uploads\/2018\/08\/Viva-Aerobus-A320.jpg\" \/>\n<meta name=\"twitter:creator\" content=\"@NITUmx\" \/>\n<meta name=\"twitter:site\" content=\"@Arturo_Medina_G\" \/>\n<meta name=\"twitter:label1\" content=\"Escrito por\" \/>\n\t<meta name=\"twitter:data1\" content=\"Redacci\u00f3n\" \/>\n\t<meta name=\"twitter:label2\" content=\"Tiempo de lectura\" \/>\n\t<meta name=\"twitter:data2\" content=\"2 minutos\" \/>\n<script type=\"application\/ld+json\" class=\"yoast-schema-graph\">{\"@context\":\"https:\/\/schema.org\",\"@graph\":[{\"@type\":\"Article\",\"@id\":\"https:\/\/nitu.mx\/index.php\/2020\/01\/24\/viva-aerobus-llegara-a-cuba-en-marzo-con-ruta-regular\/#article\",\"isPartOf\":{\"@id\":\"https:\/\/nitu.mx\/index.php\/2020\/01\/24\/viva-aerobus-llegara-a-cuba-en-marzo-con-ruta-regular\/\"},\"author\":{\"name\":\"Redacci\u00f3n\",\"@id\":\"https:\/\/nitu.mx\/#\/schema\/person\/4a28fe9bd65924f7c90623773daf1b0b\"},\"headline\":\"Viva Aerobus llegar\u00e1 a Cuba en marzo con ruta regular\",\"datePublished\":\"2020-01-24T05:15:15+00:00\",\"dateModified\":\"2020-01-24T06:38:38+00:00\",\"mainEntityOfPage\":{\"@id\":\"https:\/\/nitu.mx\/index.php\/2020\/01\/24\/viva-aerobus-llegara-a-cuba-en-marzo-con-ruta-regular\/\"},\"wordCount\":388,\"commentCount\":0,\"publisher\":{\"@id\":\"https:\/\/nitu.mx\/#\/schema\/person\/ae7a53426417292d3dd07b45a33e01bc\"},\"image\":{\"@id\":\"https:\/\/nitu.mx\/index.php\/2020\/01\/24\/viva-aerobus-llegara-a-cuba-en-marzo-con-ruta-regular\/#primaryimage\"},\"thumbnailUrl\":\"https:\/\/nitu.mx\/wp-content\/uploads\/2018\/08\/Viva-Aerobus-A320.jpg\",\"keywords\":[\"Merely Tours\",\"Reinaldo Lugones\",\"Viva Aerobus\",\"Xiomara Mart\u00ednez\"],\"articleSection\":[\"Aerol\u00edneas\",\"Sin Categor\u00eda\"],\"inLanguage\":\"es-MX\",\"potentialAction\":[{\"@type\":\"CommentAction\",\"name\":\"Comment\",\"target\":[\"https:\/\/nitu.mx\/index.php\/2020\/01\/24\/viva-aerobus-llegara-a-cuba-en-marzo-con-ruta-regular\/#respond\"]}]},{\"@type\":\"WebPage\",\"@id\":\"https:\/\/nitu.mx\/index.php\/2020\/01\/24\/viva-aerobus-llegara-a-cuba-en-marzo-con-ruta-regular\/\",\"url\":\"https:\/\/nitu.mx\/index.php\/2020\/01\/24\/viva-aerobus-llegara-a-cuba-en-marzo-con-ruta-regular\/\",\"name\":\"Viva Aerobus llegar\u00e1 a Cuba en marzo con ruta regular - Nitu - Noticias de la Industria Turistica\",\"isPartOf\":{\"@id\":\"https:\/\/nitu.mx\/#website\"},\"primaryImageOfPage\":{\"@id\":\"https:\/\/nitu.mx\/index.php\/2020\/01\/24\/viva-aerobus-llegara-a-cuba-en-marzo-con-ruta-regular\/#primaryimage\"},\"image\":{\"@id\":\"https:\/\/nitu.mx\/index.php\/2020\/01\/24\/viva-aerobus-llegara-a-cuba-en-marzo-con-ruta-regular\/#primaryimage\"},\"thumbnailUrl\":\"https:\/\/nitu.mx\/wp-content\/uploads\/2018\/08\/Viva-Aerobus-A320.jpg\",\"datePublished\":\"2020-01-24T05:15:15+00:00\",\"dateModified\":\"2020-01-24T06:38:38+00:00\",\"description\":\"Viva Aerobus, se convierte en la primera y \u00fanica aerol\u00ednea mexicana en volar, con una ruta regular, a Santiago de Cuba.\",\"breadcrumb\":{\"@id\":\"https:\/\/nitu.mx\/index.php\/2020\/01\/24\/viva-aerobus-llegara-a-cuba-en-marzo-con-ruta-regular\/#breadcrumb\"},\"inLanguage\":\"es-MX\",\"potentialAction\":[{\"@type\":\"ReadAction\",\"target\":[\"https:\/\/nitu.mx\/index.php\/2020\/01\/24\/viva-aerobus-llegara-a-cuba-en-marzo-con-ruta-regular\/\"]}]},{\"@type\":\"ImageObject\",\"inLanguage\":\"es-MX\",\"@id\":\"https:\/\/nitu.mx\/index.php\/2020\/01\/24\/viva-aerobus-llegara-a-cuba-en-marzo-con-ruta-regular\/#primaryimage\",\"url\":\"https:\/\/nitu.mx\/wp-content\/uploads\/2018\/08\/Viva-Aerobus-A320.jpg\",\"contentUrl\":\"https:\/\/nitu.mx\/wp-content\/uploads\/2018\/08\/Viva-Aerobus-A320.jpg\",\"width\":850,\"height\":480,\"caption\":\"Viva Aerobus A320\"},{\"@type\":\"BreadcrumbList\",\"@id\":\"https:\/\/nitu.mx\/index.php\/2020\/01\/24\/viva-aerobus-llegara-a-cuba-en-marzo-con-ruta-regular\/#breadcrumb\",\"itemListElement\":[{\"@type\":\"ListItem\",\"position\":1,\"name\":\"Inicio\",\"item\":\"https:\/\/nitu.mx\/\"},{\"@type\":\"ListItem\",\"position\":2,\"name\":\"Viva Aerobus llegar\u00e1 a Cuba en marzo con ruta regular\"}]},{\"@type\":\"WebSite\",\"@id\":\"https:\/\/nitu.mx\/#website\",\"url\":\"https:\/\/nitu.mx\/\",\"name\":\"Nitu - Noticias de la Industria Turistica\",\"description\":\"Noticias de la Industria Turistica\",\"publisher\":{\"@id\":\"https:\/\/nitu.mx\/#\/schema\/person\/ae7a53426417292d3dd07b45a33e01bc\"},\"alternateName\":\"Noticias de la Industria Turistica\",\"potentialAction\":[{\"@type\":\"SearchAction\",\"target\":{\"@type\":\"EntryPoint\",\"urlTemplate\":\"https:\/\/nitu.mx\/?s={search_term_string}\"},\"query-input\":\"required name=search_term_string\"}],\"inLanguage\":\"es-MX\"},{\"@type\":[\"Person\",\"Organization\"],\"@id\":\"https:\/\/nitu.mx\/#\/schema\/person\/ae7a53426417292d3dd07b45a33e01bc\",\"name\":\"Arturo Medina\",\"image\":{\"@type\":\"ImageObject\",\"inLanguage\":\"es-MX\",\"@id\":\"https:\/\/nitu.mx\/#\/schema\/person\/image\/\",\"url\":\"https:\/\/nitu.mx\/wp-content\/uploads\/2024\/04\/4A315622-1904-4D5C-B022-878CDC840E04-90x90-1.jpeg\",\"contentUrl\":\"https:\/\/nitu.mx\/wp-content\/uploads\/2024\/04\/4A315622-1904-4D5C-B022-878CDC840E04-90x90-1.jpeg\",\"width\":90,\"height\":90,\"caption\":\"Arturo Medina\"},\"logo\":{\"@id\":\"https:\/\/nitu.mx\/#\/schema\/person\/image\/\"},\"description\":\"Director NITU.mx, Egresado de la Escuela de Periodismo Carlos Septi\u00e9n Garc\u00eda. Periodista y analista especializado en turismo desde hace 35 a\u00f1os, radicado en Canc\u00fan Q.Roo. arturo@nitu.mx\",\"sameAs\":[\"https:\/\/nitu.mx\",\"https:\/\/www.facebook.com\/NITUmx\/\",\"medinacancun\",\"https:\/\/twitter.com\/@Arturo_Medina_G\"]},{\"@type\":\"Person\",\"@id\":\"https:\/\/nitu.mx\/#\/schema\/person\/4a28fe9bd65924f7c90623773daf1b0b\",\"name\":\"Redacci\u00f3n\",\"image\":{\"@type\":\"ImageObject\",\"inLanguage\":\"es-MX\",\"@id\":\"https:\/\/nitu.mx\/#\/schema\/person\/image\/\",\"url\":\"https:\/\/secure.gravatar.com\/avatar\/5dd011c8ccfc5cd7e4c81e42252aab38?s=96&d=mm&r=g\",\"contentUrl\":\"https:\/\/secure.gravatar.com\/avatar\/5dd011c8ccfc5cd7e4c81e42252aab38?s=96&d=mm&r=g\",\"caption\":\"Redacci\u00f3n\"},\"url\":\"https:\/\/nitu.mx\/index.php\/author\/redaccion\/\"}]}<\/script>\n<!-- \/ Yoast SEO plugin. -->","yoast_head_json":{"title":"Viva Aerobus llegar\u00e1 a Cuba en marzo con ruta regular - Nitu - Noticias de la Industria Turistica","description":"Viva Aerobus, se convierte en la primera y \u00fanica aerol\u00ednea mexicana en volar, con una ruta regular, a Santiago de Cuba.","robots":{"index":"index","follow":"follow","max-snippet":"max-snippet:-1","max-image-preview":"max-image-preview:large","max-video-preview":"max-video-preview:-1"},"canonical":"https:\/\/nitu.mx\/index.php\/2020\/01\/24\/viva-aerobus-llegara-a-cuba-en-marzo-con-ruta-regular\/","twitter_card":"summary_large_image","twitter_title":"Viva Aerobus llegar\u00e1 a Cuba en marzo con ruta regular - Nitu - Noticias de la Industria Turistica","twitter_description":"Viva Aerobus, se convierte en la primera y \u00fanica aerol\u00ednea mexicana en volar, con una ruta regular, a Santiago de Cuba.","twitter_image":"https:\/\/nitu.mx\/wp-content\/uploads\/2018\/08\/Viva-Aerobus-A320.jpg","twitter_creator":"@NITUmx","twitter_site":"@Arturo_Medina_G","twitter_misc":{"Escrito por":"Redacci\u00f3n","Tiempo de lectura":"2 minutos"},"schema":{"@context":"https:\/\/schema.org","@graph":[{"@type":"Article","@id":"https:\/\/nitu.mx\/index.php\/2020\/01\/24\/viva-aerobus-llegara-a-cuba-en-marzo-con-ruta-regular\/#article","isPartOf":{"@id":"https:\/\/nitu.mx\/index.php\/2020\/01\/24\/viva-aerobus-llegara-a-cuba-en-marzo-con-ruta-regular\/"},"author":{"name":"Redacci\u00f3n","@id":"https:\/\/nitu.mx\/#\/schema\/person\/4a28fe9bd65924f7c90623773daf1b0b"},"headline":"Viva Aerobus llegar\u00e1 a Cuba en marzo con ruta regular","datePublished":"2020-01-24T05:15:15+00:00","dateModified":"2020-01-24T06:38:38+00:00","mainEntityOfPage":{"@id":"https:\/\/nitu.mx\/index.php\/2020\/01\/24\/viva-aerobus-llegara-a-cuba-en-marzo-con-ruta-regular\/"},"wordCount":388,"commentCount":0,"publisher":{"@id":"https:\/\/nitu.mx\/#\/schema\/person\/ae7a53426417292d3dd07b45a33e01bc"},"image":{"@id":"https:\/\/nitu.mx\/index.php\/2020\/01\/24\/viva-aerobus-llegara-a-cuba-en-marzo-con-ruta-regular\/#primaryimage"},"thumbnailUrl":"https:\/\/nitu.mx\/wp-content\/uploads\/2018\/08\/Viva-Aerobus-A320.jpg","keywords":["Merely Tours","Reinaldo Lugones","Viva Aerobus","Xiomara Mart\u00ednez"],"articleSection":["Aerol\u00edneas","Sin Categor\u00eda"],"inLanguage":"es-MX","potentialAction":[{"@type":"CommentAction","name":"Comment","target":["https:\/\/nitu.mx\/index.php\/2020\/01\/24\/viva-aerobus-llegara-a-cuba-en-marzo-con-ruta-regular\/#respond"]}]},{"@type":"WebPage","@id":"https:\/\/nitu.mx\/index.php\/2020\/01\/24\/viva-aerobus-llegara-a-cuba-en-marzo-con-ruta-regular\/","url":"https:\/\/nitu.mx\/index.php\/2020\/01\/24\/viva-aerobus-llegara-a-cuba-en-marzo-con-ruta-regular\/","name":"Viva Aerobus llegar\u00e1 a Cuba en marzo con ruta regular - Nitu - Noticias de la Industria Turistica","isPartOf":{"@id":"https:\/\/nitu.mx\/#website"},"primaryImageOfPage":{"@id":"https:\/\/nitu.mx\/index.php\/2020\/01\/24\/viva-aerobus-llegara-a-cuba-en-marzo-con-ruta-regular\/#primaryimage"},"image":{"@id":"https:\/\/nitu.mx\/index.php\/2020\/01\/24\/viva-aerobus-llegara-a-cuba-en-marzo-con-ruta-regular\/#primaryimage"},"thumbnailUrl":"https:\/\/nitu.mx\/wp-content\/uploads\/2018\/08\/Viva-Aerobus-A320.jpg","datePublished":"2020-01-24T05:15:15+00:00","dateModified":"2020-01-24T06:38:38+00:00","description":"Viva Aerobus, se convierte en la primera y \u00fanica aerol\u00ednea mexicana en volar, con una ruta regular, a Santiago de Cuba.","breadcrumb":{"@id":"https:\/\/nitu.mx\/index.php\/2020\/01\/24\/viva-aerobus-llegara-a-cuba-en-marzo-con-ruta-regular\/#breadcrumb"},"inLanguage":"es-MX","potentialAction":[{"@type":"ReadAction","target":["https:\/\/nitu.mx\/index.php\/2020\/01\/24\/viva-aerobus-llegara-a-cuba-en-marzo-con-ruta-regular\/"]}]},{"@type":"ImageObject","inLanguage":"es-MX","@id":"https:\/\/nitu.mx\/index.php\/2020\/01\/24\/viva-aerobus-llegara-a-cuba-en-marzo-con-ruta-regular\/#primaryimage","url":"https:\/\/nitu.mx\/wp-content\/uploads\/2018\/08\/Viva-Aerobus-A320.jpg","contentUrl":"https:\/\/nitu.mx\/wp-content\/uploads\/2018\/08\/Viva-Aerobus-A320.jpg","width":850,"height":480,"caption":"Viva Aerobus A320"},{"@type":"BreadcrumbList","@id":"https:\/\/nitu.mx\/index.php\/2020\/01\/24\/viva-aerobus-llegara-a-cuba-en-marzo-con-ruta-regular\/#breadcrumb","itemListElement":[{"@type":"ListItem","position":1,"name":"Inicio","item":"https:\/\/nitu.mx\/"},{"@type":"ListItem","position":2,"name":"Viva Aerobus llegar\u00e1 a Cuba en marzo con ruta regular"}]},{"@type":"WebSite","@id":"https:\/\/nitu.mx\/#website","url":"https:\/\/nitu.mx\/","name":"Nitu - Noticias de la Industria Turistica","description":"Noticias de la Industria Turistica","publisher":{"@id":"https:\/\/nitu.mx\/#\/schema\/person\/ae7a53426417292d3dd07b45a33e01bc"},"alternateName":"Noticias de la Industria Turistica","potentialAction":[{"@type":"SearchAction","target":{"@type":"EntryPoint","urlTemplate":"https:\/\/nitu.mx\/?s={search_term_string}"},"query-input":"required name=search_term_string"}],"inLanguage":"es-MX"},{"@type":["Person","Organization"],"@id":"https:\/\/nitu.mx\/#\/schema\/person\/ae7a53426417292d3dd07b45a33e01bc","name":"Arturo Medina","image":{"@type":"ImageObject","inLanguage":"es-MX","@id":"https:\/\/nitu.mx\/#\/schema\/person\/image\/","url":"https:\/\/nitu.mx\/wp-content\/uploads\/2024\/04\/4A315622-1904-4D5C-B022-878CDC840E04-90x90-1.jpeg","contentUrl":"https:\/\/nitu.mx\/wp-content\/uploads\/2024\/04\/4A315622-1904-4D5C-B022-878CDC840E04-90x90-1.jpeg","width":90,"height":90,"caption":"Arturo Medina"},"logo":{"@id":"https:\/\/nitu.mx\/#\/schema\/person\/image\/"},"description":"Director NITU.mx, Egresado de la Escuela de Periodismo Carlos Septi\u00e9n Garc\u00eda. Periodista y analista especializado en turismo desde hace 35 a\u00f1os, radicado en Canc\u00fan Q.Roo. arturo@nitu.mx","sameAs":["https:\/\/nitu.mx","https:\/\/www.facebook.com\/NITUmx\/","medinacancun","https:\/\/twitter.com\/@Arturo_Medina_G"]},{"@type":"Person","@id":"https:\/\/nitu.mx\/#\/schema\/person\/4a28fe9bd65924f7c90623773daf1b0b","name":"Redacci\u00f3n","image":{"@type":"ImageObject","inLanguage":"es-MX","@id":"https:\/\/nitu.mx\/#\/schema\/person\/image\/","url":"https:\/\/secure.gravatar.com\/avatar\/5dd011c8ccfc5cd7e4c81e42252aab38?s=96&d=mm&r=g","contentUrl":"https:\/\/secure.gravatar.com\/avatar\/5dd011c8ccfc5cd7e4c81e42252aab38?s=96&d=mm&r=g","caption":"Redacci\u00f3n"},"url":"https:\/\/nitu.mx\/index.php\/author\/redaccion\/"}]}},"views":234,"_links":{"self":[{"href":"https:\/\/nitu.mx\/index.php\/wp-json\/wp\/v2\/posts\/39357"}],"collection":[{"href":"https:\/\/nitu.mx\/index.php\/wp-json\/wp\/v2\/posts"}],"about":[{"href":"https:\/\/nitu.mx\/index.php\/wp-json\/wp\/v2\/types\/post"}],"author":[{"embeddable":true,"href":"https:\/\/nitu.mx\/index.php\/wp-json\/wp\/v2\/users\/17"}],"replies":[{"embeddable":true,"href":"https:\/\/nitu.mx\/index.php\/wp-json\/wp\/v2\/comments?post=39357"}],"version-history":[{"count":3,"href":"https:\/\/nitu.mx\/index.php\/wp-json\/wp\/v2\/posts\/39357\/revisions"}],"predecessor-version":[{"id":39384,"href":"https:\/\/nitu.mx\/index.php\/wp-json\/wp\/v2\/posts\/39357\/revisions\/39384"}],"wp:featuredmedia":[{"embeddable":true,"href":"https:\/\/nitu.mx\/index.php\/wp-json\/wp\/v2\/media\/23205"}],"wp:attachment":[{"href":"https:\/\/nitu.mx\/index.php\/wp-json\/wp\/v2\/media?parent=39357"}],"wp:term":[{"taxonomy":"category","embeddable":true,"href":"https:\/\/nitu.mx\/index.php\/wp-json\/wp\/v2\/categories?post=39357"},{"taxonomy":"post_tag","embeddable":true,"href":"https:\/\/nitu.mx\/index.php\/wp-json\/wp\/v2\/tags?post=39357"}],"curies":[{"name":"wp","href":"https:\/\/api.w.org\/{rel}","templated":true}]}}