{"id":39302,"date":"2020-01-23T00:34:33","date_gmt":"2020-01-23T05:34:33","guid":{"rendered":"https:\/\/www.dev.nitu.mx\/?p=39302"},"modified":"2020-01-23T02:02:02","modified_gmt":"2020-01-23T07:02:02","slug":"world-trade-center-cancun-sustituye-el-proyecto-de-grand-island","status":"publish","type":"post","link":"https:\/\/nitu.mx\/index.php\/2020\/01\/23\/world-trade-center-cancun-sustituye-el-proyecto-de-grand-island\/","title":{"rendered":"World Trade Center Canc\u00fan sustituye el proyecto de Grand Island"},"content":{"rendered":"<p>Los inversionistas del mega proyecto hotelero Grand Island, cambiaron su objetivo de inversi\u00f3n en Canc\u00fan, por lo que ahora edificar\u00e1n el World Trade Center Canc\u00fan que aseguran cumplir\u00e1 todas las especificaciones ambientales contempladas en las legislaciones municipales, estatales y federales. Adem\u00e1s de construir lo que se necesite en infraestructura por lo que construir\u00e1n una desaladora y planta de tratamiento. Adem\u00e1s a futuro un centro ferial estilo Las Vegas.<\/p>\n<p>As\u00ed el proyecto que lidera el empresario El\u00edas Sacal Cababie inversionista de Bay View Grand, tambi\u00e9n realizado en Canc\u00fan, da un giro al mega desarrollo de m\u00e1s de 3 mil cuartos hoteleros.<\/p>\n<p>En entrevista exclusiva desde FITUR en Madrid, con Arturo Medina, director de <em><strong>NITU.mx<\/strong><\/em>, Miguel \u00c1ngel Lemus, presidente de la Asociaci\u00f3n Mexicana de Profesionales Inmobiliarios (AMPI) cap\u00edtulo Canc\u00fan inform\u00f3 que el concepto ya cambi\u00f3 totalmente y el proyecto se modifica para dar esta capacidad de un centro de convenciones arriba de los 10,000 m2, un gran estacionamiento; \u201cun servicio que no tenemos actualmente. Como segunda fase edificar\u00e1n un recinto ferial como en Las Vegas, en la zona del aeropuerto en la reserva territorial con la que ya se cuenta, porque ahora no tenemos esa superestructura\u201d, recalc\u00f3. (<a title=\"Falta de infraestructura en plantas de tratamiento pone en revisi\u00f3n proyecto Grand Island Canc\u00fan\u00a0\" href=\"https:\/\/www.dev.nitu.mx\/index.php\/2020\/01\/16\/falta-de-infraestructura-en-plantas-de-tratamiento-pone-en-revision-proyecto-grand-island-cancun\/\" rel=\"bookmark\">Falta de infraestructura en plantas de tratamiento pone en revisi\u00f3n proyecto Grand Island Canc\u00fan\u00a0<\/a>).<\/p>\n<p>Resalt\u00f3 que su participaci\u00f3n como profesionales inmobiliarios en la industria tur\u00edstica del pa\u00eds es buscar la diversificaci\u00f3n de las inversiones.<\/p>\n<p>\u201cCuando vemos que algo se est\u00e1 atorando tratamos de encontrar donde encaja adecuadamente la inversi\u00f3n y la diversificaci\u00f3n de Canc\u00fan requiere en estos momentos m\u00e1s que sol y playas atraer a grupos y convenciones, es por eso que hemos presentado a los inversionistas de Gran Island el World Trade Center (WTC) \u00a0y ellos llegaron a un acuerdo para realizar en ese proyecto: un gran centro de convenciones\u201d, anunci\u00f3.<\/p>\n<p>Dijo que va ser el WTC Canc\u00fan con servicio a grupos y convenciones a todos los hoteles a lo largo de los 24 kil\u00f3metros de la zona hotelera, \u201cdando cumplimiento cabal a todas las adecuaciones y reglas ambientales municipales, federales y estatales durante el desarrollo en un terreno que siempre ha tenido uso de suelo y densidad por parte de FONATUR para ello\u201d.<\/p>\n<p>Asegur\u00f3 que en cuanto a la infraestructura requerida de agua, luz y drenaje ser\u00e1 el grupo desarrollador quien cumpla al 100% con las demandas que exigen las autoridades y proveedores correspondientes a este proyecto; \u00a0\u201cvienen a sumar y no a restar capacidades de carga en Canc\u00fan\u201d, dijo.<\/p>\n<p>En torno a las declaraciones del titular del Fondo Nacional de Fomento al Turismo (Fonatur), Rogelio Jim\u00e9nez Pons, de que la zona hotelera de Canc\u00fan no aguanta una edificaci\u00f3n m\u00e1s, declar\u00f3: \u201cYo tengo otros datos; platicando con el superintendente de la Comisi\u00f3n Federal de Electricidad si hay capacidad; con el director de CAPA me dijo que si hay capacidad; lo que hay que hacer es invertir en infraestructura para poder generar una desaladora que de agua potable y construir plantas de tratamiento que hagan el tratamiento de los nuevos proyectos\u201d. (<a title=\"Asiste AMPI a FITUR, apoya presencia de Q.Roo y anuncian Foro Inmobiliario de turismo\" href=\"https:\/\/www.dev.nitu.mx\/index.php\/2020\/01\/21\/asiste-ampi-a-fitur-apoya-presencia-de-q-roo-y-anuncian-foro-inmobiliario-de-turismo\/\" rel=\"bookmark\">Asiste AMPI a FITUR, apoya presencia de Q.Roo y anuncian Foro Inmobiliario de turismo<\/a>).<\/p>\n<p>En este aspecto refiri\u00f3 que incluso la propia empresa est\u00e1 dispuesta a invertir en dicho rubro, porque ese es su compromiso y lo tiene que hacer por ley y de acuerdo a la manifestaci\u00f3n de impacto ambiental, que deben de cumplir por eso deben tener congruencia con los reglamentos municipales y estatales que les exigen.<\/p>\n","protected":false},"excerpt":{"rendered":"<p>Los inversionistas del mega proyecto hotelero Grand Island, cambiaron su objetivo de inversi\u00f3n en Canc\u00fan, por lo que ahora edificar\u00e1n el World Trade Center Canc\u00fan que aseguran cumplir\u00e1 todas las especificaciones ambientales contempladas en las legislaciones municipales, estatales y federales. Adem\u00e1s de construir lo que se necesite en infraestructura por lo que construir\u00e1n una desaladora [&hellip;]<\/p>\n","protected":false},"author":17,"featured_media":39344,"comment_status":"open","ping_status":"open","sticky":false,"template":"","format":"standard","meta":{"footnotes":""},"categories":[1],"tags":[14829,18615,43,18613,18616,18614,126,18612,1100],"yoast_head":"<!-- This site is optimized with the Yoast SEO plugin v22.2 - https:\/\/yoast.com\/wordpress\/plugins\/seo\/ -->\n<title>World Trade Center Canc\u00fan sustituye el proyecto de Grand Island - Nitu - Noticias de la Industria Turistica<\/title>\n<meta name=\"description\" content=\"Los inversionistas del proyecto hotelero Grand Island, cambiaron su objetivo de inversi\u00f3n, por lo que ahora edificar\u00e1n el World Trade Center Canc\u00fan.\" \/>\n<meta name=\"robots\" content=\"index, follow, max-snippet:-1, max-image-preview:large, max-video-preview:-1\" \/>\n<link rel=\"canonical\" href=\"https:\/\/nitu.mx\/index.php\/2020\/01\/23\/world-trade-center-cancun-sustituye-el-proyecto-de-grand-island\/\" \/>\n<meta name=\"twitter:card\" content=\"summary_large_image\" \/>\n<meta name=\"twitter:title\" content=\"World Trade Center Canc\u00fan sustituye el proyecto de Grand Island - Nitu - Noticias de la Industria Turistica\" \/>\n<meta name=\"twitter:description\" content=\"Los inversionistas del proyecto hotelero Grand Island, cambiaron su objetivo de inversi\u00f3n, por lo que ahora edificar\u00e1n el World Trade Center Canc\u00fan.\" \/>\n<meta name=\"twitter:image\" content=\"https:\/\/nitu.mx\/wp-content\/uploads\/2020\/01\/Miguel-A\u0301ngel-Lemus.jpg\" \/>\n<meta name=\"twitter:creator\" content=\"@NITUmx\" \/>\n<meta name=\"twitter:site\" content=\"@Arturo_Medina_G\" \/>\n<meta name=\"twitter:label1\" content=\"Escrito por\" \/>\n\t<meta name=\"twitter:data1\" content=\"Redacci\u00f3n\" \/>\n\t<meta name=\"twitter:label2\" content=\"Tiempo de lectura\" \/>\n\t<meta name=\"twitter:data2\" content=\"3 minutos\" \/>\n<script type=\"application\/ld+json\" class=\"yoast-schema-graph\">{\"@context\":\"https:\/\/schema.org\",\"@graph\":[{\"@type\":\"Article\",\"@id\":\"https:\/\/nitu.mx\/index.php\/2020\/01\/23\/world-trade-center-cancun-sustituye-el-proyecto-de-grand-island\/#article\",\"isPartOf\":{\"@id\":\"https:\/\/nitu.mx\/index.php\/2020\/01\/23\/world-trade-center-cancun-sustituye-el-proyecto-de-grand-island\/\"},\"author\":{\"name\":\"Redacci\u00f3n\",\"@id\":\"https:\/\/nitu.mx\/#\/schema\/person\/4a28fe9bd65924f7c90623773daf1b0b\"},\"headline\":\"World Trade Center Canc\u00fan sustituye el proyecto de Grand Island\",\"datePublished\":\"2020-01-23T05:34:33+00:00\",\"dateModified\":\"2020-01-23T07:02:02+00:00\",\"mainEntityOfPage\":{\"@id\":\"https:\/\/nitu.mx\/index.php\/2020\/01\/23\/world-trade-center-cancun-sustituye-el-proyecto-de-grand-island\/\"},\"wordCount\":609,\"commentCount\":0,\"publisher\":{\"@id\":\"https:\/\/nitu.mx\/#\/schema\/person\/ae7a53426417292d3dd07b45a33e01bc\"},\"image\":{\"@id\":\"https:\/\/nitu.mx\/index.php\/2020\/01\/23\/world-trade-center-cancun-sustituye-el-proyecto-de-grand-island\/#primaryimage\"},\"thumbnailUrl\":\"https:\/\/nitu.mx\/wp-content\/uploads\/2020\/01\/Miguel-A\u0301ngel-Lemus.jpg\",\"keywords\":[\"Arturo Medina\",\"Asociaci\u00f3n Mexicana de Profesionales Inmobiliarios (AMPI) cap\u00edtulo Canc\u00fan Convenciones\",\"Canc\u00fan\",\"el WORLD TRADE CENTER CANC\u00daN\",\"El\u00edas Sacal Cababie\",\"ferial estilo Las Vegas.\",\"Madrid\",\"mega proyecto hotelero Grand Island\",\"Miguel Angel Lemus\"],\"articleSection\":[\"Sin Categor\u00eda\"],\"inLanguage\":\"es-MX\",\"potentialAction\":[{\"@type\":\"CommentAction\",\"name\":\"Comment\",\"target\":[\"https:\/\/nitu.mx\/index.php\/2020\/01\/23\/world-trade-center-cancun-sustituye-el-proyecto-de-grand-island\/#respond\"]}]},{\"@type\":\"WebPage\",\"@id\":\"https:\/\/nitu.mx\/index.php\/2020\/01\/23\/world-trade-center-cancun-sustituye-el-proyecto-de-grand-island\/\",\"url\":\"https:\/\/nitu.mx\/index.php\/2020\/01\/23\/world-trade-center-cancun-sustituye-el-proyecto-de-grand-island\/\",\"name\":\"World Trade Center Canc\u00fan sustituye el proyecto de Grand Island - Nitu - Noticias de la Industria Turistica\",\"isPartOf\":{\"@id\":\"https:\/\/nitu.mx\/#website\"},\"primaryImageOfPage\":{\"@id\":\"https:\/\/nitu.mx\/index.php\/2020\/01\/23\/world-trade-center-cancun-sustituye-el-proyecto-de-grand-island\/#primaryimage\"},\"image\":{\"@id\":\"https:\/\/nitu.mx\/index.php\/2020\/01\/23\/world-trade-center-cancun-sustituye-el-proyecto-de-grand-island\/#primaryimage\"},\"thumbnailUrl\":\"https:\/\/nitu.mx\/wp-content\/uploads\/2020\/01\/Miguel-A\u0301ngel-Lemus.jpg\",\"datePublished\":\"2020-01-23T05:34:33+00:00\",\"dateModified\":\"2020-01-23T07:02:02+00:00\",\"description\":\"Los inversionistas del proyecto hotelero Grand Island, cambiaron su objetivo de inversi\u00f3n, por lo que ahora edificar\u00e1n el World Trade Center Canc\u00fan.\",\"breadcrumb\":{\"@id\":\"https:\/\/nitu.mx\/index.php\/2020\/01\/23\/world-trade-center-cancun-sustituye-el-proyecto-de-grand-island\/#breadcrumb\"},\"inLanguage\":\"es-MX\",\"potentialAction\":[{\"@type\":\"ReadAction\",\"target\":[\"https:\/\/nitu.mx\/index.php\/2020\/01\/23\/world-trade-center-cancun-sustituye-el-proyecto-de-grand-island\/\"]}]},{\"@type\":\"ImageObject\",\"inLanguage\":\"es-MX\",\"@id\":\"https:\/\/nitu.mx\/index.php\/2020\/01\/23\/world-trade-center-cancun-sustituye-el-proyecto-de-grand-island\/#primaryimage\",\"url\":\"https:\/\/nitu.mx\/wp-content\/uploads\/2020\/01\/Miguel-A\u0301ngel-Lemus.jpg\",\"contentUrl\":\"https:\/\/nitu.mx\/wp-content\/uploads\/2020\/01\/Miguel-A\u0301ngel-Lemus.jpg\",\"width\":850,\"height\":480,\"caption\":\"Miguel A\u0301ngel Lemus\"},{\"@type\":\"BreadcrumbList\",\"@id\":\"https:\/\/nitu.mx\/index.php\/2020\/01\/23\/world-trade-center-cancun-sustituye-el-proyecto-de-grand-island\/#breadcrumb\",\"itemListElement\":[{\"@type\":\"ListItem\",\"position\":1,\"name\":\"Inicio\",\"item\":\"https:\/\/nitu.mx\/\"},{\"@type\":\"ListItem\",\"position\":2,\"name\":\"World Trade Center Canc\u00fan sustituye el proyecto de Grand Island\"}]},{\"@type\":\"WebSite\",\"@id\":\"https:\/\/nitu.mx\/#website\",\"url\":\"https:\/\/nitu.mx\/\",\"name\":\"Nitu - Noticias de la Industria Turistica\",\"description\":\"Noticias de la Industria Turistica\",\"publisher\":{\"@id\":\"https:\/\/nitu.mx\/#\/schema\/person\/ae7a53426417292d3dd07b45a33e01bc\"},\"alternateName\":\"Noticias de la Industria Turistica\",\"potentialAction\":[{\"@type\":\"SearchAction\",\"target\":{\"@type\":\"EntryPoint\",\"urlTemplate\":\"https:\/\/nitu.mx\/?s={search_term_string}\"},\"query-input\":\"required name=search_term_string\"}],\"inLanguage\":\"es-MX\"},{\"@type\":[\"Person\",\"Organization\"],\"@id\":\"https:\/\/nitu.mx\/#\/schema\/person\/ae7a53426417292d3dd07b45a33e01bc\",\"name\":\"Arturo Medina\",\"image\":{\"@type\":\"ImageObject\",\"inLanguage\":\"es-MX\",\"@id\":\"https:\/\/nitu.mx\/#\/schema\/person\/image\/\",\"url\":\"https:\/\/nitu.mx\/wp-content\/uploads\/2024\/04\/4A315622-1904-4D5C-B022-878CDC840E04-90x90-1.jpeg\",\"contentUrl\":\"https:\/\/nitu.mx\/wp-content\/uploads\/2024\/04\/4A315622-1904-4D5C-B022-878CDC840E04-90x90-1.jpeg\",\"width\":90,\"height\":90,\"caption\":\"Arturo Medina\"},\"logo\":{\"@id\":\"https:\/\/nitu.mx\/#\/schema\/person\/image\/\"},\"description\":\"Director NITU.mx, Egresado de la Escuela de Periodismo Carlos Septi\u00e9n Garc\u00eda. Periodista y analista especializado en turismo desde hace 35 a\u00f1os, radicado en Canc\u00fan Q.Roo. arturo@nitu.mx\",\"sameAs\":[\"https:\/\/nitu.mx\",\"https:\/\/www.facebook.com\/NITUmx\/\",\"medinacancun\",\"https:\/\/twitter.com\/@Arturo_Medina_G\"]},{\"@type\":\"Person\",\"@id\":\"https:\/\/nitu.mx\/#\/schema\/person\/4a28fe9bd65924f7c90623773daf1b0b\",\"name\":\"Redacci\u00f3n\",\"image\":{\"@type\":\"ImageObject\",\"inLanguage\":\"es-MX\",\"@id\":\"https:\/\/nitu.mx\/#\/schema\/person\/image\/\",\"url\":\"https:\/\/secure.gravatar.com\/avatar\/5dd011c8ccfc5cd7e4c81e42252aab38?s=96&d=mm&r=g\",\"contentUrl\":\"https:\/\/secure.gravatar.com\/avatar\/5dd011c8ccfc5cd7e4c81e42252aab38?s=96&d=mm&r=g\",\"caption\":\"Redacci\u00f3n\"},\"url\":\"https:\/\/nitu.mx\/index.php\/author\/redaccion\/\"}]}<\/script>\n<!-- \/ Yoast SEO plugin. -->","yoast_head_json":{"title":"World Trade Center Canc\u00fan sustituye el proyecto de Grand Island - Nitu - Noticias de la Industria Turistica","description":"Los inversionistas del proyecto hotelero Grand Island, cambiaron su objetivo de inversi\u00f3n, por lo que ahora edificar\u00e1n el World Trade Center Canc\u00fan.","robots":{"index":"index","follow":"follow","max-snippet":"max-snippet:-1","max-image-preview":"max-image-preview:large","max-video-preview":"max-video-preview:-1"},"canonical":"https:\/\/nitu.mx\/index.php\/2020\/01\/23\/world-trade-center-cancun-sustituye-el-proyecto-de-grand-island\/","twitter_card":"summary_large_image","twitter_title":"World Trade Center Canc\u00fan sustituye el proyecto de Grand Island - Nitu - Noticias de la Industria Turistica","twitter_description":"Los inversionistas del proyecto hotelero Grand Island, cambiaron su objetivo de inversi\u00f3n, por lo que ahora edificar\u00e1n el World Trade Center Canc\u00fan.","twitter_image":"https:\/\/nitu.mx\/wp-content\/uploads\/2020\/01\/Miguel-A\u0301ngel-Lemus.jpg","twitter_creator":"@NITUmx","twitter_site":"@Arturo_Medina_G","twitter_misc":{"Escrito por":"Redacci\u00f3n","Tiempo de lectura":"3 minutos"},"schema":{"@context":"https:\/\/schema.org","@graph":[{"@type":"Article","@id":"https:\/\/nitu.mx\/index.php\/2020\/01\/23\/world-trade-center-cancun-sustituye-el-proyecto-de-grand-island\/#article","isPartOf":{"@id":"https:\/\/nitu.mx\/index.php\/2020\/01\/23\/world-trade-center-cancun-sustituye-el-proyecto-de-grand-island\/"},"author":{"name":"Redacci\u00f3n","@id":"https:\/\/nitu.mx\/#\/schema\/person\/4a28fe9bd65924f7c90623773daf1b0b"},"headline":"World Trade Center Canc\u00fan sustituye el proyecto de Grand Island","datePublished":"2020-01-23T05:34:33+00:00","dateModified":"2020-01-23T07:02:02+00:00","mainEntityOfPage":{"@id":"https:\/\/nitu.mx\/index.php\/2020\/01\/23\/world-trade-center-cancun-sustituye-el-proyecto-de-grand-island\/"},"wordCount":609,"commentCount":0,"publisher":{"@id":"https:\/\/nitu.mx\/#\/schema\/person\/ae7a53426417292d3dd07b45a33e01bc"},"image":{"@id":"https:\/\/nitu.mx\/index.php\/2020\/01\/23\/world-trade-center-cancun-sustituye-el-proyecto-de-grand-island\/#primaryimage"},"thumbnailUrl":"https:\/\/nitu.mx\/wp-content\/uploads\/2020\/01\/Miguel-A\u0301ngel-Lemus.jpg","keywords":["Arturo Medina","Asociaci\u00f3n Mexicana de Profesionales Inmobiliarios (AMPI) cap\u00edtulo Canc\u00fan Convenciones","Canc\u00fan","el WORLD TRADE CENTER CANC\u00daN","El\u00edas Sacal Cababie","ferial estilo Las Vegas.","Madrid","mega proyecto hotelero Grand Island","Miguel Angel Lemus"],"articleSection":["Sin Categor\u00eda"],"inLanguage":"es-MX","potentialAction":[{"@type":"CommentAction","name":"Comment","target":["https:\/\/nitu.mx\/index.php\/2020\/01\/23\/world-trade-center-cancun-sustituye-el-proyecto-de-grand-island\/#respond"]}]},{"@type":"WebPage","@id":"https:\/\/nitu.mx\/index.php\/2020\/01\/23\/world-trade-center-cancun-sustituye-el-proyecto-de-grand-island\/","url":"https:\/\/nitu.mx\/index.php\/2020\/01\/23\/world-trade-center-cancun-sustituye-el-proyecto-de-grand-island\/","name":"World Trade Center Canc\u00fan sustituye el proyecto de Grand Island - Nitu - Noticias de la Industria Turistica","isPartOf":{"@id":"https:\/\/nitu.mx\/#website"},"primaryImageOfPage":{"@id":"https:\/\/nitu.mx\/index.php\/2020\/01\/23\/world-trade-center-cancun-sustituye-el-proyecto-de-grand-island\/#primaryimage"},"image":{"@id":"https:\/\/nitu.mx\/index.php\/2020\/01\/23\/world-trade-center-cancun-sustituye-el-proyecto-de-grand-island\/#primaryimage"},"thumbnailUrl":"https:\/\/nitu.mx\/wp-content\/uploads\/2020\/01\/Miguel-A\u0301ngel-Lemus.jpg","datePublished":"2020-01-23T05:34:33+00:00","dateModified":"2020-01-23T07:02:02+00:00","description":"Los inversionistas del proyecto hotelero Grand Island, cambiaron su objetivo de inversi\u00f3n, por lo que ahora edificar\u00e1n el World Trade Center Canc\u00fan.","breadcrumb":{"@id":"https:\/\/nitu.mx\/index.php\/2020\/01\/23\/world-trade-center-cancun-sustituye-el-proyecto-de-grand-island\/#breadcrumb"},"inLanguage":"es-MX","potentialAction":[{"@type":"ReadAction","target":["https:\/\/nitu.mx\/index.php\/2020\/01\/23\/world-trade-center-cancun-sustituye-el-proyecto-de-grand-island\/"]}]},{"@type":"ImageObject","inLanguage":"es-MX","@id":"https:\/\/nitu.mx\/index.php\/2020\/01\/23\/world-trade-center-cancun-sustituye-el-proyecto-de-grand-island\/#primaryimage","url":"https:\/\/nitu.mx\/wp-content\/uploads\/2020\/01\/Miguel-A\u0301ngel-Lemus.jpg","contentUrl":"https:\/\/nitu.mx\/wp-content\/uploads\/2020\/01\/Miguel-A\u0301ngel-Lemus.jpg","width":850,"height":480,"caption":"Miguel A\u0301ngel Lemus"},{"@type":"BreadcrumbList","@id":"https:\/\/nitu.mx\/index.php\/2020\/01\/23\/world-trade-center-cancun-sustituye-el-proyecto-de-grand-island\/#breadcrumb","itemListElement":[{"@type":"ListItem","position":1,"name":"Inicio","item":"https:\/\/nitu.mx\/"},{"@type":"ListItem","position":2,"name":"World Trade Center Canc\u00fan sustituye el proyecto de Grand Island"}]},{"@type":"WebSite","@id":"https:\/\/nitu.mx\/#website","url":"https:\/\/nitu.mx\/","name":"Nitu - Noticias de la Industria Turistica","description":"Noticias de la Industria Turistica","publisher":{"@id":"https:\/\/nitu.mx\/#\/schema\/person\/ae7a53426417292d3dd07b45a33e01bc"},"alternateName":"Noticias de la Industria Turistica","potentialAction":[{"@type":"SearchAction","target":{"@type":"EntryPoint","urlTemplate":"https:\/\/nitu.mx\/?s={search_term_string}"},"query-input":"required name=search_term_string"}],"inLanguage":"es-MX"},{"@type":["Person","Organization"],"@id":"https:\/\/nitu.mx\/#\/schema\/person\/ae7a53426417292d3dd07b45a33e01bc","name":"Arturo Medina","image":{"@type":"ImageObject","inLanguage":"es-MX","@id":"https:\/\/nitu.mx\/#\/schema\/person\/image\/","url":"https:\/\/nitu.mx\/wp-content\/uploads\/2024\/04\/4A315622-1904-4D5C-B022-878CDC840E04-90x90-1.jpeg","contentUrl":"https:\/\/nitu.mx\/wp-content\/uploads\/2024\/04\/4A315622-1904-4D5C-B022-878CDC840E04-90x90-1.jpeg","width":90,"height":90,"caption":"Arturo Medina"},"logo":{"@id":"https:\/\/nitu.mx\/#\/schema\/person\/image\/"},"description":"Director NITU.mx, Egresado de la Escuela de Periodismo Carlos Septi\u00e9n Garc\u00eda. Periodista y analista especializado en turismo desde hace 35 a\u00f1os, radicado en Canc\u00fan Q.Roo. arturo@nitu.mx","sameAs":["https:\/\/nitu.mx","https:\/\/www.facebook.com\/NITUmx\/","medinacancun","https:\/\/twitter.com\/@Arturo_Medina_G"]},{"@type":"Person","@id":"https:\/\/nitu.mx\/#\/schema\/person\/4a28fe9bd65924f7c90623773daf1b0b","name":"Redacci\u00f3n","image":{"@type":"ImageObject","inLanguage":"es-MX","@id":"https:\/\/nitu.mx\/#\/schema\/person\/image\/","url":"https:\/\/secure.gravatar.com\/avatar\/5dd011c8ccfc5cd7e4c81e42252aab38?s=96&d=mm&r=g","contentUrl":"https:\/\/secure.gravatar.com\/avatar\/5dd011c8ccfc5cd7e4c81e42252aab38?s=96&d=mm&r=g","caption":"Redacci\u00f3n"},"url":"https:\/\/nitu.mx\/index.php\/author\/redaccion\/"}]}},"views":939,"_links":{"self":[{"href":"https:\/\/nitu.mx\/index.php\/wp-json\/wp\/v2\/posts\/39302"}],"collection":[{"href":"https:\/\/nitu.mx\/index.php\/wp-json\/wp\/v2\/posts"}],"about":[{"href":"https:\/\/nitu.mx\/index.php\/wp-json\/wp\/v2\/types\/post"}],"author":[{"embeddable":true,"href":"https:\/\/nitu.mx\/index.php\/wp-json\/wp\/v2\/users\/17"}],"replies":[{"embeddable":true,"href":"https:\/\/nitu.mx\/index.php\/wp-json\/wp\/v2\/comments?post=39302"}],"version-history":[{"count":4,"href":"https:\/\/nitu.mx\/index.php\/wp-json\/wp\/v2\/posts\/39302\/revisions"}],"predecessor-version":[{"id":39329,"href":"https:\/\/nitu.mx\/index.php\/wp-json\/wp\/v2\/posts\/39302\/revisions\/39329"}],"wp:featuredmedia":[{"embeddable":true,"href":"https:\/\/nitu.mx\/index.php\/wp-json\/wp\/v2\/media\/39344"}],"wp:attachment":[{"href":"https:\/\/nitu.mx\/index.php\/wp-json\/wp\/v2\/media?parent=39302"}],"wp:term":[{"taxonomy":"category","embeddable":true,"href":"https:\/\/nitu.mx\/index.php\/wp-json\/wp\/v2\/categories?post=39302"},{"taxonomy":"post_tag","embeddable":true,"href":"https:\/\/nitu.mx\/index.php\/wp-json\/wp\/v2\/tags?post=39302"}],"curies":[{"name":"wp","href":"https:\/\/api.w.org\/{rel}","templated":true}]}}