{"id":39284,"date":"2020-01-22T23:49:33","date_gmt":"2020-01-23T04:49:33","guid":{"rendered":"https:\/\/www.dev.nitu.mx\/?p=39284"},"modified":"2020-01-23T01:59:08","modified_gmt":"2020-01-23T06:59:08","slug":"air-canada-retira-sus-aviones-737-max","status":"publish","type":"post","link":"https:\/\/nitu.mx\/index.php\/2020\/01\/22\/air-canada-retira-sus-aviones-737-max\/","title":{"rendered":"Air Canada retira sus aviones 737 MAX"},"content":{"rendered":"<p style=\"font-weight: 400;\">Despu\u00e9s del anuncio de Boeing destacando que el avi\u00f3n 737 MAX permanecer\u00e1 en tierra hasta mediados de a\u00f1o, Air Canada anunci\u00f3\u00a0el retir\u00f3 de sus aviones Boeing 737 MAX de su programa de operaciones hasta el 30 de junio. La decisi\u00f3n fue tomada en base a las consideraciones operacionales de la aeronave, y principalmente en la seguridad de sus pasajeros.<\/p>\n<p style=\"font-weight: 400;\">Esta decisi\u00f3n permitir\u00e1 a la aerol\u00ednea manejar su horario y flota de la manera m\u00e1s efectiva mientras espera las decisiones de los reguladores canadienses e internacionales sobre el regreso del 737 MAX a su servicio de manera segura. Los pasajeros afectados por estos cambios ser\u00e1n informados de sus nuevos itinerarios y se les ofrecer\u00e1n opciones de viaje.<\/p>\n<p>Cabe recordar que en cumplimiento de un aviso de seguridad de cierre del espacio a\u00e9reo canadiense emitido por Transport Canada el 13 de marzo de 2019, la canadiense puso en tierra su flota de 24 aviones Boeing 737 MAX. Las decisiones finales sobre la puesta en servicio del 737 MAX se basar\u00e1n en la evaluaci\u00f3n de seguridad de Air Canada tras el levantamiento de los avisos de seguridad del gobierno y las aprobaciones necesarias de la FAA y de Transport Canada.<\/p>\n<p style=\"font-weight: 400;\">El compromiso de Air Canada es seguir actualizando los planes seg\u00fan sea necesario a fin de ofrecer a los viajeros un servicio de transporte a\u00e9reo seguro y confiable. (<a title=\"Air Canada Rouge ofrecer\u00e1 conexi\u00f3n Wi-Fi satelital de primer nivel a sus pasajeros\" href=\"https:\/\/www.dev.nitu.mx\/index.php\/2020\/01\/07\/air-canada-rouge-ofrecera-conexion-wi-fi-satelital-de-primer-nivel-a-sus-pasajeros\/\" rel=\"bookmark\">Air Canada Rouge ofrecer\u00e1 conexi\u00f3n Wi-Fi satelital de primer nivel a sus pasajeros<\/a>).<\/p>\n<p style=\"font-weight: 400;\">Para los pasajeros que tienen una reservaci\u00f3n para un vuelo entre hoy y el 30 de junio de 2020 programado para volar con un avi\u00f3n Boeing 737 MAX, la aerol\u00ednea implement\u00f3 una pol\u00edtica que le permite hacer cambios voluntarios en el itinerario dentro de las tres semanas previas a su viaje.<\/p>\n","protected":false},"excerpt":{"rendered":"<p>Despu\u00e9s del anuncio de Boeing destacando que el avi\u00f3n 737 MAX permanecer\u00e1 en tierra hasta mediados de a\u00f1o, Air Canada anunci\u00f3\u00a0el retir\u00f3 de sus aviones Boeing 737 MAX de su programa de operaciones hasta el 30 de junio. La decisi\u00f3n fue tomada en base a las consideraciones operacionales de la aeronave, y principalmente en la [&hellip;]<\/p>\n","protected":false},"author":17,"featured_media":39320,"comment_status":"open","ping_status":"open","sticky":false,"template":"","format":"standard","meta":{"footnotes":""},"categories":[29],"tags":[15884,1700,447,7447,18599],"yoast_head":"<!-- This site is optimized with the Yoast SEO plugin v22.2 - https:\/\/yoast.com\/wordpress\/plugins\/seo\/ -->\n<title>Air Canada retira sus aviones 737 MAX - Nitu - Noticias de la Industria Turistica<\/title>\n<meta name=\"robots\" content=\"index, follow, max-snippet:-1, max-image-preview:large, max-video-preview:-1\" \/>\n<link rel=\"canonical\" href=\"https:\/\/nitu.mx\/index.php\/2020\/01\/22\/air-canada-retira-sus-aviones-737-max\/\" \/>\n<meta name=\"twitter:card\" content=\"summary_large_image\" \/>\n<meta name=\"twitter:title\" content=\"Air Canada retira sus aviones 737 MAX - Nitu - Noticias de la Industria Turistica\" \/>\n<meta name=\"twitter:description\" content=\"Despu\u00e9s del anuncio de Boeing destacando que el avi\u00f3n 737 MAX permanecer\u00e1 en tierra hasta mediados de a\u00f1o, Air Canada anunci\u00f3\u00a0el retir\u00f3 de sus aviones Boeing 737 MAX de su programa de operaciones hasta el 30 de junio. La decisi\u00f3n fue tomada en base a las consideraciones operacionales de la aeronave, y principalmente en la [&hellip;]\" \/>\n<meta name=\"twitter:image\" content=\"https:\/\/nitu.mx\/wp-content\/uploads\/2020\/01\/Air-Canada-737-MAX.jpg\" \/>\n<meta name=\"twitter:creator\" content=\"@NITUmx\" \/>\n<meta name=\"twitter:site\" content=\"@Arturo_Medina_G\" \/>\n<meta name=\"twitter:label1\" content=\"Escrito por\" \/>\n\t<meta name=\"twitter:data1\" content=\"Redacci\u00f3n\" \/>\n\t<meta name=\"twitter:label2\" content=\"Tiempo de lectura\" \/>\n\t<meta name=\"twitter:data2\" content=\"1 minuto\" \/>\n<script type=\"application\/ld+json\" class=\"yoast-schema-graph\">{\"@context\":\"https:\/\/schema.org\",\"@graph\":[{\"@type\":\"Article\",\"@id\":\"https:\/\/nitu.mx\/index.php\/2020\/01\/22\/air-canada-retira-sus-aviones-737-max\/#article\",\"isPartOf\":{\"@id\":\"https:\/\/nitu.mx\/index.php\/2020\/01\/22\/air-canada-retira-sus-aviones-737-max\/\"},\"author\":{\"name\":\"Redacci\u00f3n\",\"@id\":\"https:\/\/nitu.mx\/#\/schema\/person\/4a28fe9bd65924f7c90623773daf1b0b\"},\"headline\":\"Air Canada retira sus aviones 737 MAX\",\"datePublished\":\"2020-01-23T04:49:33+00:00\",\"dateModified\":\"2020-01-23T06:59:08+00:00\",\"mainEntityOfPage\":{\"@id\":\"https:\/\/nitu.mx\/index.php\/2020\/01\/22\/air-canada-retira-sus-aviones-737-max\/\"},\"wordCount\":303,\"commentCount\":0,\"publisher\":{\"@id\":\"https:\/\/nitu.mx\/#\/schema\/person\/ae7a53426417292d3dd07b45a33e01bc\"},\"image\":{\"@id\":\"https:\/\/nitu.mx\/index.php\/2020\/01\/22\/air-canada-retira-sus-aviones-737-max\/#primaryimage\"},\"thumbnailUrl\":\"https:\/\/nitu.mx\/wp-content\/uploads\/2020\/01\/Air-Canada-737-MAX.jpg\",\"keywords\":[\"737 MAX\",\"Air Canada\",\"Boeing\",\"FAA\",\"Transport Canada\"],\"articleSection\":[\"Aerol\u00edneas\"],\"inLanguage\":\"es-MX\",\"potentialAction\":[{\"@type\":\"CommentAction\",\"name\":\"Comment\",\"target\":[\"https:\/\/nitu.mx\/index.php\/2020\/01\/22\/air-canada-retira-sus-aviones-737-max\/#respond\"]}]},{\"@type\":\"WebPage\",\"@id\":\"https:\/\/nitu.mx\/index.php\/2020\/01\/22\/air-canada-retira-sus-aviones-737-max\/\",\"url\":\"https:\/\/nitu.mx\/index.php\/2020\/01\/22\/air-canada-retira-sus-aviones-737-max\/\",\"name\":\"Air Canada retira sus aviones 737 MAX - Nitu - Noticias de la Industria Turistica\",\"isPartOf\":{\"@id\":\"https:\/\/nitu.mx\/#website\"},\"primaryImageOfPage\":{\"@id\":\"https:\/\/nitu.mx\/index.php\/2020\/01\/22\/air-canada-retira-sus-aviones-737-max\/#primaryimage\"},\"image\":{\"@id\":\"https:\/\/nitu.mx\/index.php\/2020\/01\/22\/air-canada-retira-sus-aviones-737-max\/#primaryimage\"},\"thumbnailUrl\":\"https:\/\/nitu.mx\/wp-content\/uploads\/2020\/01\/Air-Canada-737-MAX.jpg\",\"datePublished\":\"2020-01-23T04:49:33+00:00\",\"dateModified\":\"2020-01-23T06:59:08+00:00\",\"breadcrumb\":{\"@id\":\"https:\/\/nitu.mx\/index.php\/2020\/01\/22\/air-canada-retira-sus-aviones-737-max\/#breadcrumb\"},\"inLanguage\":\"es-MX\",\"potentialAction\":[{\"@type\":\"ReadAction\",\"target\":[\"https:\/\/nitu.mx\/index.php\/2020\/01\/22\/air-canada-retira-sus-aviones-737-max\/\"]}]},{\"@type\":\"ImageObject\",\"inLanguage\":\"es-MX\",\"@id\":\"https:\/\/nitu.mx\/index.php\/2020\/01\/22\/air-canada-retira-sus-aviones-737-max\/#primaryimage\",\"url\":\"https:\/\/nitu.mx\/wp-content\/uploads\/2020\/01\/Air-Canada-737-MAX.jpg\",\"contentUrl\":\"https:\/\/nitu.mx\/wp-content\/uploads\/2020\/01\/Air-Canada-737-MAX.jpg\",\"width\":850,\"height\":480,\"caption\":\"Air Canada 737 MAX\"},{\"@type\":\"BreadcrumbList\",\"@id\":\"https:\/\/nitu.mx\/index.php\/2020\/01\/22\/air-canada-retira-sus-aviones-737-max\/#breadcrumb\",\"itemListElement\":[{\"@type\":\"ListItem\",\"position\":1,\"name\":\"Inicio\",\"item\":\"https:\/\/nitu.mx\/\"},{\"@type\":\"ListItem\",\"position\":2,\"name\":\"Air Canada retira sus aviones 737 MAX\"}]},{\"@type\":\"WebSite\",\"@id\":\"https:\/\/nitu.mx\/#website\",\"url\":\"https:\/\/nitu.mx\/\",\"name\":\"Nitu - Noticias de la Industria Turistica\",\"description\":\"Noticias de la Industria Turistica\",\"publisher\":{\"@id\":\"https:\/\/nitu.mx\/#\/schema\/person\/ae7a53426417292d3dd07b45a33e01bc\"},\"alternateName\":\"Noticias de la Industria Turistica\",\"potentialAction\":[{\"@type\":\"SearchAction\",\"target\":{\"@type\":\"EntryPoint\",\"urlTemplate\":\"https:\/\/nitu.mx\/?s={search_term_string}\"},\"query-input\":\"required name=search_term_string\"}],\"inLanguage\":\"es-MX\"},{\"@type\":[\"Person\",\"Organization\"],\"@id\":\"https:\/\/nitu.mx\/#\/schema\/person\/ae7a53426417292d3dd07b45a33e01bc\",\"name\":\"Arturo Medina\",\"image\":{\"@type\":\"ImageObject\",\"inLanguage\":\"es-MX\",\"@id\":\"https:\/\/nitu.mx\/#\/schema\/person\/image\/\",\"url\":\"https:\/\/nitu.mx\/wp-content\/uploads\/2024\/04\/4A315622-1904-4D5C-B022-878CDC840E04-90x90-1.jpeg\",\"contentUrl\":\"https:\/\/nitu.mx\/wp-content\/uploads\/2024\/04\/4A315622-1904-4D5C-B022-878CDC840E04-90x90-1.jpeg\",\"width\":90,\"height\":90,\"caption\":\"Arturo Medina\"},\"logo\":{\"@id\":\"https:\/\/nitu.mx\/#\/schema\/person\/image\/\"},\"description\":\"Director NITU.mx, Egresado de la Escuela de Periodismo Carlos Septi\u00e9n Garc\u00eda. Periodista y analista especializado en turismo desde hace 35 a\u00f1os, radicado en Canc\u00fan Q.Roo. arturo@nitu.mx\",\"sameAs\":[\"https:\/\/nitu.mx\",\"https:\/\/www.facebook.com\/NITUmx\/\",\"medinacancun\",\"https:\/\/twitter.com\/@Arturo_Medina_G\"]},{\"@type\":\"Person\",\"@id\":\"https:\/\/nitu.mx\/#\/schema\/person\/4a28fe9bd65924f7c90623773daf1b0b\",\"name\":\"Redacci\u00f3n\",\"image\":{\"@type\":\"ImageObject\",\"inLanguage\":\"es-MX\",\"@id\":\"https:\/\/nitu.mx\/#\/schema\/person\/image\/\",\"url\":\"https:\/\/secure.gravatar.com\/avatar\/5dd011c8ccfc5cd7e4c81e42252aab38?s=96&d=mm&r=g\",\"contentUrl\":\"https:\/\/secure.gravatar.com\/avatar\/5dd011c8ccfc5cd7e4c81e42252aab38?s=96&d=mm&r=g\",\"caption\":\"Redacci\u00f3n\"},\"url\":\"https:\/\/nitu.mx\/index.php\/author\/redaccion\/\"}]}<\/script>\n<!-- \/ Yoast SEO plugin. -->","yoast_head_json":{"title":"Air Canada retira sus aviones 737 MAX - Nitu - Noticias de la Industria Turistica","robots":{"index":"index","follow":"follow","max-snippet":"max-snippet:-1","max-image-preview":"max-image-preview:large","max-video-preview":"max-video-preview:-1"},"canonical":"https:\/\/nitu.mx\/index.php\/2020\/01\/22\/air-canada-retira-sus-aviones-737-max\/","twitter_card":"summary_large_image","twitter_title":"Air Canada retira sus aviones 737 MAX - Nitu - Noticias de la Industria Turistica","twitter_description":"Despu\u00e9s del anuncio de Boeing destacando que el avi\u00f3n 737 MAX permanecer\u00e1 en tierra hasta mediados de a\u00f1o, Air Canada anunci\u00f3\u00a0el retir\u00f3 de sus aviones Boeing 737 MAX de su programa de operaciones hasta el 30 de junio. La decisi\u00f3n fue tomada en base a las consideraciones operacionales de la aeronave, y principalmente en la [&hellip;]","twitter_image":"https:\/\/nitu.mx\/wp-content\/uploads\/2020\/01\/Air-Canada-737-MAX.jpg","twitter_creator":"@NITUmx","twitter_site":"@Arturo_Medina_G","twitter_misc":{"Escrito por":"Redacci\u00f3n","Tiempo de lectura":"1 minuto"},"schema":{"@context":"https:\/\/schema.org","@graph":[{"@type":"Article","@id":"https:\/\/nitu.mx\/index.php\/2020\/01\/22\/air-canada-retira-sus-aviones-737-max\/#article","isPartOf":{"@id":"https:\/\/nitu.mx\/index.php\/2020\/01\/22\/air-canada-retira-sus-aviones-737-max\/"},"author":{"name":"Redacci\u00f3n","@id":"https:\/\/nitu.mx\/#\/schema\/person\/4a28fe9bd65924f7c90623773daf1b0b"},"headline":"Air Canada retira sus aviones 737 MAX","datePublished":"2020-01-23T04:49:33+00:00","dateModified":"2020-01-23T06:59:08+00:00","mainEntityOfPage":{"@id":"https:\/\/nitu.mx\/index.php\/2020\/01\/22\/air-canada-retira-sus-aviones-737-max\/"},"wordCount":303,"commentCount":0,"publisher":{"@id":"https:\/\/nitu.mx\/#\/schema\/person\/ae7a53426417292d3dd07b45a33e01bc"},"image":{"@id":"https:\/\/nitu.mx\/index.php\/2020\/01\/22\/air-canada-retira-sus-aviones-737-max\/#primaryimage"},"thumbnailUrl":"https:\/\/nitu.mx\/wp-content\/uploads\/2020\/01\/Air-Canada-737-MAX.jpg","keywords":["737 MAX","Air Canada","Boeing","FAA","Transport Canada"],"articleSection":["Aerol\u00edneas"],"inLanguage":"es-MX","potentialAction":[{"@type":"CommentAction","name":"Comment","target":["https:\/\/nitu.mx\/index.php\/2020\/01\/22\/air-canada-retira-sus-aviones-737-max\/#respond"]}]},{"@type":"WebPage","@id":"https:\/\/nitu.mx\/index.php\/2020\/01\/22\/air-canada-retira-sus-aviones-737-max\/","url":"https:\/\/nitu.mx\/index.php\/2020\/01\/22\/air-canada-retira-sus-aviones-737-max\/","name":"Air Canada retira sus aviones 737 MAX - Nitu - Noticias de la Industria Turistica","isPartOf":{"@id":"https:\/\/nitu.mx\/#website"},"primaryImageOfPage":{"@id":"https:\/\/nitu.mx\/index.php\/2020\/01\/22\/air-canada-retira-sus-aviones-737-max\/#primaryimage"},"image":{"@id":"https:\/\/nitu.mx\/index.php\/2020\/01\/22\/air-canada-retira-sus-aviones-737-max\/#primaryimage"},"thumbnailUrl":"https:\/\/nitu.mx\/wp-content\/uploads\/2020\/01\/Air-Canada-737-MAX.jpg","datePublished":"2020-01-23T04:49:33+00:00","dateModified":"2020-01-23T06:59:08+00:00","breadcrumb":{"@id":"https:\/\/nitu.mx\/index.php\/2020\/01\/22\/air-canada-retira-sus-aviones-737-max\/#breadcrumb"},"inLanguage":"es-MX","potentialAction":[{"@type":"ReadAction","target":["https:\/\/nitu.mx\/index.php\/2020\/01\/22\/air-canada-retira-sus-aviones-737-max\/"]}]},{"@type":"ImageObject","inLanguage":"es-MX","@id":"https:\/\/nitu.mx\/index.php\/2020\/01\/22\/air-canada-retira-sus-aviones-737-max\/#primaryimage","url":"https:\/\/nitu.mx\/wp-content\/uploads\/2020\/01\/Air-Canada-737-MAX.jpg","contentUrl":"https:\/\/nitu.mx\/wp-content\/uploads\/2020\/01\/Air-Canada-737-MAX.jpg","width":850,"height":480,"caption":"Air Canada 737 MAX"},{"@type":"BreadcrumbList","@id":"https:\/\/nitu.mx\/index.php\/2020\/01\/22\/air-canada-retira-sus-aviones-737-max\/#breadcrumb","itemListElement":[{"@type":"ListItem","position":1,"name":"Inicio","item":"https:\/\/nitu.mx\/"},{"@type":"ListItem","position":2,"name":"Air Canada retira sus aviones 737 MAX"}]},{"@type":"WebSite","@id":"https:\/\/nitu.mx\/#website","url":"https:\/\/nitu.mx\/","name":"Nitu - Noticias de la Industria Turistica","description":"Noticias de la Industria Turistica","publisher":{"@id":"https:\/\/nitu.mx\/#\/schema\/person\/ae7a53426417292d3dd07b45a33e01bc"},"alternateName":"Noticias de la Industria Turistica","potentialAction":[{"@type":"SearchAction","target":{"@type":"EntryPoint","urlTemplate":"https:\/\/nitu.mx\/?s={search_term_string}"},"query-input":"required name=search_term_string"}],"inLanguage":"es-MX"},{"@type":["Person","Organization"],"@id":"https:\/\/nitu.mx\/#\/schema\/person\/ae7a53426417292d3dd07b45a33e01bc","name":"Arturo Medina","image":{"@type":"ImageObject","inLanguage":"es-MX","@id":"https:\/\/nitu.mx\/#\/schema\/person\/image\/","url":"https:\/\/nitu.mx\/wp-content\/uploads\/2024\/04\/4A315622-1904-4D5C-B022-878CDC840E04-90x90-1.jpeg","contentUrl":"https:\/\/nitu.mx\/wp-content\/uploads\/2024\/04\/4A315622-1904-4D5C-B022-878CDC840E04-90x90-1.jpeg","width":90,"height":90,"caption":"Arturo Medina"},"logo":{"@id":"https:\/\/nitu.mx\/#\/schema\/person\/image\/"},"description":"Director NITU.mx, Egresado de la Escuela de Periodismo Carlos Septi\u00e9n Garc\u00eda. Periodista y analista especializado en turismo desde hace 35 a\u00f1os, radicado en Canc\u00fan Q.Roo. arturo@nitu.mx","sameAs":["https:\/\/nitu.mx","https:\/\/www.facebook.com\/NITUmx\/","medinacancun","https:\/\/twitter.com\/@Arturo_Medina_G"]},{"@type":"Person","@id":"https:\/\/nitu.mx\/#\/schema\/person\/4a28fe9bd65924f7c90623773daf1b0b","name":"Redacci\u00f3n","image":{"@type":"ImageObject","inLanguage":"es-MX","@id":"https:\/\/nitu.mx\/#\/schema\/person\/image\/","url":"https:\/\/secure.gravatar.com\/avatar\/5dd011c8ccfc5cd7e4c81e42252aab38?s=96&d=mm&r=g","contentUrl":"https:\/\/secure.gravatar.com\/avatar\/5dd011c8ccfc5cd7e4c81e42252aab38?s=96&d=mm&r=g","caption":"Redacci\u00f3n"},"url":"https:\/\/nitu.mx\/index.php\/author\/redaccion\/"}]}},"views":361,"_links":{"self":[{"href":"https:\/\/nitu.mx\/index.php\/wp-json\/wp\/v2\/posts\/39284"}],"collection":[{"href":"https:\/\/nitu.mx\/index.php\/wp-json\/wp\/v2\/posts"}],"about":[{"href":"https:\/\/nitu.mx\/index.php\/wp-json\/wp\/v2\/types\/post"}],"author":[{"embeddable":true,"href":"https:\/\/nitu.mx\/index.php\/wp-json\/wp\/v2\/users\/17"}],"replies":[{"embeddable":true,"href":"https:\/\/nitu.mx\/index.php\/wp-json\/wp\/v2\/comments?post=39284"}],"version-history":[{"count":2,"href":"https:\/\/nitu.mx\/index.php\/wp-json\/wp\/v2\/posts\/39284\/revisions"}],"predecessor-version":[{"id":39321,"href":"https:\/\/nitu.mx\/index.php\/wp-json\/wp\/v2\/posts\/39284\/revisions\/39321"}],"wp:featuredmedia":[{"embeddable":true,"href":"https:\/\/nitu.mx\/index.php\/wp-json\/wp\/v2\/media\/39320"}],"wp:attachment":[{"href":"https:\/\/nitu.mx\/index.php\/wp-json\/wp\/v2\/media?parent=39284"}],"wp:term":[{"taxonomy":"category","embeddable":true,"href":"https:\/\/nitu.mx\/index.php\/wp-json\/wp\/v2\/categories?post=39284"},{"taxonomy":"post_tag","embeddable":true,"href":"https:\/\/nitu.mx\/index.php\/wp-json\/wp\/v2\/tags?post=39284"}],"curies":[{"name":"wp","href":"https:\/\/api.w.org\/{rel}","templated":true}]}}