{"id":39030,"date":"2020-01-15T01:45:30","date_gmt":"2020-01-15T06:45:30","guid":{"rendered":"https:\/\/www.dev.nitu.mx\/?p=39030"},"modified":"2020-01-15T14:45:59","modified_gmt":"2020-01-15T19:45:59","slug":"astoria-tendra-dos-fechas-de-recorridos-mas-por-el-mar-de-cortes","status":"publish","type":"post","link":"https:\/\/nitu.mx\/index.php\/2020\/01\/15\/astoria-tendra-dos-fechas-de-recorridos-mas-por-el-mar-de-cortes\/","title":{"rendered":"Astoria tendr\u00e1 dos fechas m\u00e1s de recorridos por el Mar de Cort\u00e9s"},"content":{"rendered":"<p>Con el 95% de ocupaci\u00f3n el Astoria navega las aguas del mar de Cort\u00e9s en su primer recorrido denominado Tesoros del Mar de Cort\u00e9s , el cual sali\u00f3 el 9 de enero de Puerto Pe\u00f1asco, y recorrer\u00e1 Topolobampo, Mazatl\u00e1n, Los Cabos, La Paz, Loreto, Santa Rosal\u00eda, Guaymas y Puerto Pe\u00f1asco.<\/p>\n<p>Lili Mu\u00f1oz, gerente de ventas, se\u00f1al\u00f3 que el barco mantendr\u00e1 dos salidas m\u00e1s los d\u00edas 20 y 31 de enero de Puerto Pe\u00f1asco y el 13 y 24 de enero de Mazatl\u00e1n. De hecho mantienen una promoci\u00f3n para los agentes de viajes, vendiendo dos cabinas, \u00e9ste y un acompa\u00f1ante podr\u00e1n viajar gratis en\u00a0 su tercera salida programada.<\/p>\n<p>El barco dijo, tiene una capacidad de 550 pasajeros, y aunque el 90% son clientes americanos y s\u00f3lo el 5% son mexicanos tienen un agresivo plan de marketing para llegar a toda la Rep\u00fablica y atraer clientes de todo M\u00e9xico.<\/p>\n<p>Despu\u00e9s de estas traves\u00edas el barco regresa a Europa para recorrer las islas Brit\u00e1nicas y promete regresar para el pr\u00f3ximo a\u00f1o.<br \/>\nMu\u00f1oz invita a disfrutar de un crucero internacional en nuestro propio pa\u00eds. (<a title=\"Los Cabos cierra 2019 con un 6.9% de incremento en visitantes\" href=\"https:\/\/www.dev.nitu.mx\/index.php\/2020\/01\/09\/los-cabos-cierra-2019-con-un-6-9-de-incremento-en-visitantes\/\" rel=\"bookmark\">Los Cabos cierra 2019 con un 6.9% de incremento en visitantes<\/a>).<\/p>\n<p>&#8220;Nuestras tarifas son muy competitivas y les comisionados a los agentes con una tarifa que incluye impuestos&#8221;, dijo Mu\u00f1oz.<\/p>\n","protected":false},"excerpt":{"rendered":"<p>Con el 95% de ocupaci\u00f3n el Astoria navega las aguas del mar de Cort\u00e9s en su primer recorrido denominado Tesoros del Mar de Cort\u00e9s , el cual sali\u00f3 el 9 de enero de Puerto Pe\u00f1asco, y recorrer\u00e1 Topolobampo, Mazatl\u00e1n, Los Cabos, La Paz, Loreto, Santa Rosal\u00eda, Guaymas y Puerto Pe\u00f1asco. Lili Mu\u00f1oz, gerente de ventas, [&hellip;]<\/p>\n","protected":false},"author":17,"featured_media":39044,"comment_status":"open","ping_status":"open","sticky":false,"template":"","format":"standard","meta":{"footnotes":""},"categories":[4],"tags":[18514,18515],"yoast_head":"<!-- This site is optimized with the Yoast SEO plugin v22.2 - https:\/\/yoast.com\/wordpress\/plugins\/seo\/ -->\n<title>Astoria tendr\u00e1 dos fechas m\u00e1s de recorridos por el Mar de Cort\u00e9s - Nitu - Noticias de la Industria Turistica<\/title>\n<meta name=\"robots\" content=\"index, follow, max-snippet:-1, max-image-preview:large, max-video-preview:-1\" \/>\n<link rel=\"canonical\" href=\"https:\/\/nitu.mx\/index.php\/2020\/01\/15\/astoria-tendra-dos-fechas-de-recorridos-mas-por-el-mar-de-cortes\/\" \/>\n<meta name=\"twitter:card\" content=\"summary_large_image\" \/>\n<meta name=\"twitter:title\" content=\"Astoria tendr\u00e1 dos fechas m\u00e1s de recorridos por el Mar de Cort\u00e9s - Nitu - Noticias de la Industria Turistica\" \/>\n<meta name=\"twitter:description\" content=\"Con el 95% de ocupaci\u00f3n el Astoria navega las aguas del mar de Cort\u00e9s en su primer recorrido denominado Tesoros del Mar de Cort\u00e9s , el cual sali\u00f3 el 9 de enero de Puerto Pe\u00f1asco, y recorrer\u00e1 Topolobampo, Mazatl\u00e1n, Los Cabos, La Paz, Loreto, Santa Rosal\u00eda, Guaymas y Puerto Pe\u00f1asco. Lili Mu\u00f1oz, gerente de ventas, [&hellip;]\" \/>\n<meta name=\"twitter:image\" content=\"https:\/\/nitu.mx\/wp-content\/uploads\/2020\/01\/Astoria.jpg\" \/>\n<meta name=\"twitter:creator\" content=\"@NITUmx\" \/>\n<meta name=\"twitter:site\" content=\"@Arturo_Medina_G\" \/>\n<meta name=\"twitter:label1\" content=\"Escrito por\" \/>\n\t<meta name=\"twitter:data1\" content=\"Redacci\u00f3n\" \/>\n\t<meta name=\"twitter:label2\" content=\"Tiempo de lectura\" \/>\n\t<meta name=\"twitter:data2\" content=\"1 minuto\" \/>\n<script type=\"application\/ld+json\" class=\"yoast-schema-graph\">{\"@context\":\"https:\/\/schema.org\",\"@graph\":[{\"@type\":\"Article\",\"@id\":\"https:\/\/nitu.mx\/index.php\/2020\/01\/15\/astoria-tendra-dos-fechas-de-recorridos-mas-por-el-mar-de-cortes\/#article\",\"isPartOf\":{\"@id\":\"https:\/\/nitu.mx\/index.php\/2020\/01\/15\/astoria-tendra-dos-fechas-de-recorridos-mas-por-el-mar-de-cortes\/\"},\"author\":{\"name\":\"Redacci\u00f3n\",\"@id\":\"https:\/\/nitu.mx\/#\/schema\/person\/4a28fe9bd65924f7c90623773daf1b0b\"},\"headline\":\"Astoria tendr\u00e1 dos fechas m\u00e1s de recorridos por el Mar de Cort\u00e9s\",\"datePublished\":\"2020-01-15T06:45:30+00:00\",\"dateModified\":\"2020-01-15T19:45:59+00:00\",\"mainEntityOfPage\":{\"@id\":\"https:\/\/nitu.mx\/index.php\/2020\/01\/15\/astoria-tendra-dos-fechas-de-recorridos-mas-por-el-mar-de-cortes\/\"},\"wordCount\":239,\"commentCount\":0,\"publisher\":{\"@id\":\"https:\/\/nitu.mx\/#\/schema\/person\/ae7a53426417292d3dd07b45a33e01bc\"},\"image\":{\"@id\":\"https:\/\/nitu.mx\/index.php\/2020\/01\/15\/astoria-tendra-dos-fechas-de-recorridos-mas-por-el-mar-de-cortes\/#primaryimage\"},\"thumbnailUrl\":\"https:\/\/nitu.mx\/wp-content\/uploads\/2020\/01\/Astoria.jpg\",\"keywords\":[\"Astoria\",\"Lili Mu\u00f1oz\"],\"articleSection\":[\"Cruceros\"],\"inLanguage\":\"es-MX\",\"potentialAction\":[{\"@type\":\"CommentAction\",\"name\":\"Comment\",\"target\":[\"https:\/\/nitu.mx\/index.php\/2020\/01\/15\/astoria-tendra-dos-fechas-de-recorridos-mas-por-el-mar-de-cortes\/#respond\"]}]},{\"@type\":\"WebPage\",\"@id\":\"https:\/\/nitu.mx\/index.php\/2020\/01\/15\/astoria-tendra-dos-fechas-de-recorridos-mas-por-el-mar-de-cortes\/\",\"url\":\"https:\/\/nitu.mx\/index.php\/2020\/01\/15\/astoria-tendra-dos-fechas-de-recorridos-mas-por-el-mar-de-cortes\/\",\"name\":\"Astoria tendr\u00e1 dos fechas m\u00e1s de recorridos por el Mar de Cort\u00e9s - Nitu - Noticias de la Industria Turistica\",\"isPartOf\":{\"@id\":\"https:\/\/nitu.mx\/#website\"},\"primaryImageOfPage\":{\"@id\":\"https:\/\/nitu.mx\/index.php\/2020\/01\/15\/astoria-tendra-dos-fechas-de-recorridos-mas-por-el-mar-de-cortes\/#primaryimage\"},\"image\":{\"@id\":\"https:\/\/nitu.mx\/index.php\/2020\/01\/15\/astoria-tendra-dos-fechas-de-recorridos-mas-por-el-mar-de-cortes\/#primaryimage\"},\"thumbnailUrl\":\"https:\/\/nitu.mx\/wp-content\/uploads\/2020\/01\/Astoria.jpg\",\"datePublished\":\"2020-01-15T06:45:30+00:00\",\"dateModified\":\"2020-01-15T19:45:59+00:00\",\"breadcrumb\":{\"@id\":\"https:\/\/nitu.mx\/index.php\/2020\/01\/15\/astoria-tendra-dos-fechas-de-recorridos-mas-por-el-mar-de-cortes\/#breadcrumb\"},\"inLanguage\":\"es-MX\",\"potentialAction\":[{\"@type\":\"ReadAction\",\"target\":[\"https:\/\/nitu.mx\/index.php\/2020\/01\/15\/astoria-tendra-dos-fechas-de-recorridos-mas-por-el-mar-de-cortes\/\"]}]},{\"@type\":\"ImageObject\",\"inLanguage\":\"es-MX\",\"@id\":\"https:\/\/nitu.mx\/index.php\/2020\/01\/15\/astoria-tendra-dos-fechas-de-recorridos-mas-por-el-mar-de-cortes\/#primaryimage\",\"url\":\"https:\/\/nitu.mx\/wp-content\/uploads\/2020\/01\/Astoria.jpg\",\"contentUrl\":\"https:\/\/nitu.mx\/wp-content\/uploads\/2020\/01\/Astoria.jpg\",\"width\":850,\"height\":480,\"caption\":\"Astoria\"},{\"@type\":\"BreadcrumbList\",\"@id\":\"https:\/\/nitu.mx\/index.php\/2020\/01\/15\/astoria-tendra-dos-fechas-de-recorridos-mas-por-el-mar-de-cortes\/#breadcrumb\",\"itemListElement\":[{\"@type\":\"ListItem\",\"position\":1,\"name\":\"Inicio\",\"item\":\"https:\/\/nitu.mx\/\"},{\"@type\":\"ListItem\",\"position\":2,\"name\":\"Astoria tendr\u00e1 dos fechas m\u00e1s de recorridos por el Mar de Cort\u00e9s\"}]},{\"@type\":\"WebSite\",\"@id\":\"https:\/\/nitu.mx\/#website\",\"url\":\"https:\/\/nitu.mx\/\",\"name\":\"Nitu - Noticias de la Industria Turistica\",\"description\":\"Noticias de la Industria Turistica\",\"publisher\":{\"@id\":\"https:\/\/nitu.mx\/#\/schema\/person\/ae7a53426417292d3dd07b45a33e01bc\"},\"alternateName\":\"Noticias de la Industria Turistica\",\"potentialAction\":[{\"@type\":\"SearchAction\",\"target\":{\"@type\":\"EntryPoint\",\"urlTemplate\":\"https:\/\/nitu.mx\/?s={search_term_string}\"},\"query-input\":\"required name=search_term_string\"}],\"inLanguage\":\"es-MX\"},{\"@type\":[\"Person\",\"Organization\"],\"@id\":\"https:\/\/nitu.mx\/#\/schema\/person\/ae7a53426417292d3dd07b45a33e01bc\",\"name\":\"Arturo Medina\",\"image\":{\"@type\":\"ImageObject\",\"inLanguage\":\"es-MX\",\"@id\":\"https:\/\/nitu.mx\/#\/schema\/person\/image\/\",\"url\":\"https:\/\/nitu.mx\/wp-content\/uploads\/2024\/04\/4A315622-1904-4D5C-B022-878CDC840E04-90x90-1.jpeg\",\"contentUrl\":\"https:\/\/nitu.mx\/wp-content\/uploads\/2024\/04\/4A315622-1904-4D5C-B022-878CDC840E04-90x90-1.jpeg\",\"width\":90,\"height\":90,\"caption\":\"Arturo Medina\"},\"logo\":{\"@id\":\"https:\/\/nitu.mx\/#\/schema\/person\/image\/\"},\"description\":\"Director NITU.mx, Egresado de la Escuela de Periodismo Carlos Septi\u00e9n Garc\u00eda. Periodista y analista especializado en turismo desde hace 35 a\u00f1os, radicado en Canc\u00fan Q.Roo. arturo@nitu.mx\",\"sameAs\":[\"https:\/\/nitu.mx\",\"https:\/\/www.facebook.com\/NITUmx\/\",\"medinacancun\",\"https:\/\/twitter.com\/@Arturo_Medina_G\"]},{\"@type\":\"Person\",\"@id\":\"https:\/\/nitu.mx\/#\/schema\/person\/4a28fe9bd65924f7c90623773daf1b0b\",\"name\":\"Redacci\u00f3n\",\"image\":{\"@type\":\"ImageObject\",\"inLanguage\":\"es-MX\",\"@id\":\"https:\/\/nitu.mx\/#\/schema\/person\/image\/\",\"url\":\"https:\/\/secure.gravatar.com\/avatar\/5dd011c8ccfc5cd7e4c81e42252aab38?s=96&d=mm&r=g\",\"contentUrl\":\"https:\/\/secure.gravatar.com\/avatar\/5dd011c8ccfc5cd7e4c81e42252aab38?s=96&d=mm&r=g\",\"caption\":\"Redacci\u00f3n\"},\"url\":\"https:\/\/nitu.mx\/index.php\/author\/redaccion\/\"}]}<\/script>\n<!-- \/ Yoast SEO plugin. -->","yoast_head_json":{"title":"Astoria tendr\u00e1 dos fechas m\u00e1s de recorridos por el Mar de Cort\u00e9s - Nitu - Noticias de la Industria Turistica","robots":{"index":"index","follow":"follow","max-snippet":"max-snippet:-1","max-image-preview":"max-image-preview:large","max-video-preview":"max-video-preview:-1"},"canonical":"https:\/\/nitu.mx\/index.php\/2020\/01\/15\/astoria-tendra-dos-fechas-de-recorridos-mas-por-el-mar-de-cortes\/","twitter_card":"summary_large_image","twitter_title":"Astoria tendr\u00e1 dos fechas m\u00e1s de recorridos por el Mar de Cort\u00e9s - Nitu - Noticias de la Industria Turistica","twitter_description":"Con el 95% de ocupaci\u00f3n el Astoria navega las aguas del mar de Cort\u00e9s en su primer recorrido denominado Tesoros del Mar de Cort\u00e9s , el cual sali\u00f3 el 9 de enero de Puerto Pe\u00f1asco, y recorrer\u00e1 Topolobampo, Mazatl\u00e1n, Los Cabos, La Paz, Loreto, Santa Rosal\u00eda, Guaymas y Puerto Pe\u00f1asco. Lili Mu\u00f1oz, gerente de ventas, [&hellip;]","twitter_image":"https:\/\/nitu.mx\/wp-content\/uploads\/2020\/01\/Astoria.jpg","twitter_creator":"@NITUmx","twitter_site":"@Arturo_Medina_G","twitter_misc":{"Escrito por":"Redacci\u00f3n","Tiempo de lectura":"1 minuto"},"schema":{"@context":"https:\/\/schema.org","@graph":[{"@type":"Article","@id":"https:\/\/nitu.mx\/index.php\/2020\/01\/15\/astoria-tendra-dos-fechas-de-recorridos-mas-por-el-mar-de-cortes\/#article","isPartOf":{"@id":"https:\/\/nitu.mx\/index.php\/2020\/01\/15\/astoria-tendra-dos-fechas-de-recorridos-mas-por-el-mar-de-cortes\/"},"author":{"name":"Redacci\u00f3n","@id":"https:\/\/nitu.mx\/#\/schema\/person\/4a28fe9bd65924f7c90623773daf1b0b"},"headline":"Astoria tendr\u00e1 dos fechas m\u00e1s de recorridos por el Mar de Cort\u00e9s","datePublished":"2020-01-15T06:45:30+00:00","dateModified":"2020-01-15T19:45:59+00:00","mainEntityOfPage":{"@id":"https:\/\/nitu.mx\/index.php\/2020\/01\/15\/astoria-tendra-dos-fechas-de-recorridos-mas-por-el-mar-de-cortes\/"},"wordCount":239,"commentCount":0,"publisher":{"@id":"https:\/\/nitu.mx\/#\/schema\/person\/ae7a53426417292d3dd07b45a33e01bc"},"image":{"@id":"https:\/\/nitu.mx\/index.php\/2020\/01\/15\/astoria-tendra-dos-fechas-de-recorridos-mas-por-el-mar-de-cortes\/#primaryimage"},"thumbnailUrl":"https:\/\/nitu.mx\/wp-content\/uploads\/2020\/01\/Astoria.jpg","keywords":["Astoria","Lili Mu\u00f1oz"],"articleSection":["Cruceros"],"inLanguage":"es-MX","potentialAction":[{"@type":"CommentAction","name":"Comment","target":["https:\/\/nitu.mx\/index.php\/2020\/01\/15\/astoria-tendra-dos-fechas-de-recorridos-mas-por-el-mar-de-cortes\/#respond"]}]},{"@type":"WebPage","@id":"https:\/\/nitu.mx\/index.php\/2020\/01\/15\/astoria-tendra-dos-fechas-de-recorridos-mas-por-el-mar-de-cortes\/","url":"https:\/\/nitu.mx\/index.php\/2020\/01\/15\/astoria-tendra-dos-fechas-de-recorridos-mas-por-el-mar-de-cortes\/","name":"Astoria tendr\u00e1 dos fechas m\u00e1s de recorridos por el Mar de Cort\u00e9s - Nitu - Noticias de la Industria Turistica","isPartOf":{"@id":"https:\/\/nitu.mx\/#website"},"primaryImageOfPage":{"@id":"https:\/\/nitu.mx\/index.php\/2020\/01\/15\/astoria-tendra-dos-fechas-de-recorridos-mas-por-el-mar-de-cortes\/#primaryimage"},"image":{"@id":"https:\/\/nitu.mx\/index.php\/2020\/01\/15\/astoria-tendra-dos-fechas-de-recorridos-mas-por-el-mar-de-cortes\/#primaryimage"},"thumbnailUrl":"https:\/\/nitu.mx\/wp-content\/uploads\/2020\/01\/Astoria.jpg","datePublished":"2020-01-15T06:45:30+00:00","dateModified":"2020-01-15T19:45:59+00:00","breadcrumb":{"@id":"https:\/\/nitu.mx\/index.php\/2020\/01\/15\/astoria-tendra-dos-fechas-de-recorridos-mas-por-el-mar-de-cortes\/#breadcrumb"},"inLanguage":"es-MX","potentialAction":[{"@type":"ReadAction","target":["https:\/\/nitu.mx\/index.php\/2020\/01\/15\/astoria-tendra-dos-fechas-de-recorridos-mas-por-el-mar-de-cortes\/"]}]},{"@type":"ImageObject","inLanguage":"es-MX","@id":"https:\/\/nitu.mx\/index.php\/2020\/01\/15\/astoria-tendra-dos-fechas-de-recorridos-mas-por-el-mar-de-cortes\/#primaryimage","url":"https:\/\/nitu.mx\/wp-content\/uploads\/2020\/01\/Astoria.jpg","contentUrl":"https:\/\/nitu.mx\/wp-content\/uploads\/2020\/01\/Astoria.jpg","width":850,"height":480,"caption":"Astoria"},{"@type":"BreadcrumbList","@id":"https:\/\/nitu.mx\/index.php\/2020\/01\/15\/astoria-tendra-dos-fechas-de-recorridos-mas-por-el-mar-de-cortes\/#breadcrumb","itemListElement":[{"@type":"ListItem","position":1,"name":"Inicio","item":"https:\/\/nitu.mx\/"},{"@type":"ListItem","position":2,"name":"Astoria tendr\u00e1 dos fechas m\u00e1s de recorridos por el Mar de Cort\u00e9s"}]},{"@type":"WebSite","@id":"https:\/\/nitu.mx\/#website","url":"https:\/\/nitu.mx\/","name":"Nitu - Noticias de la Industria Turistica","description":"Noticias de la Industria Turistica","publisher":{"@id":"https:\/\/nitu.mx\/#\/schema\/person\/ae7a53426417292d3dd07b45a33e01bc"},"alternateName":"Noticias de la Industria Turistica","potentialAction":[{"@type":"SearchAction","target":{"@type":"EntryPoint","urlTemplate":"https:\/\/nitu.mx\/?s={search_term_string}"},"query-input":"required name=search_term_string"}],"inLanguage":"es-MX"},{"@type":["Person","Organization"],"@id":"https:\/\/nitu.mx\/#\/schema\/person\/ae7a53426417292d3dd07b45a33e01bc","name":"Arturo Medina","image":{"@type":"ImageObject","inLanguage":"es-MX","@id":"https:\/\/nitu.mx\/#\/schema\/person\/image\/","url":"https:\/\/nitu.mx\/wp-content\/uploads\/2024\/04\/4A315622-1904-4D5C-B022-878CDC840E04-90x90-1.jpeg","contentUrl":"https:\/\/nitu.mx\/wp-content\/uploads\/2024\/04\/4A315622-1904-4D5C-B022-878CDC840E04-90x90-1.jpeg","width":90,"height":90,"caption":"Arturo Medina"},"logo":{"@id":"https:\/\/nitu.mx\/#\/schema\/person\/image\/"},"description":"Director NITU.mx, Egresado de la Escuela de Periodismo Carlos Septi\u00e9n Garc\u00eda. Periodista y analista especializado en turismo desde hace 35 a\u00f1os, radicado en Canc\u00fan Q.Roo. arturo@nitu.mx","sameAs":["https:\/\/nitu.mx","https:\/\/www.facebook.com\/NITUmx\/","medinacancun","https:\/\/twitter.com\/@Arturo_Medina_G"]},{"@type":"Person","@id":"https:\/\/nitu.mx\/#\/schema\/person\/4a28fe9bd65924f7c90623773daf1b0b","name":"Redacci\u00f3n","image":{"@type":"ImageObject","inLanguage":"es-MX","@id":"https:\/\/nitu.mx\/#\/schema\/person\/image\/","url":"https:\/\/secure.gravatar.com\/avatar\/5dd011c8ccfc5cd7e4c81e42252aab38?s=96&d=mm&r=g","contentUrl":"https:\/\/secure.gravatar.com\/avatar\/5dd011c8ccfc5cd7e4c81e42252aab38?s=96&d=mm&r=g","caption":"Redacci\u00f3n"},"url":"https:\/\/nitu.mx\/index.php\/author\/redaccion\/"}]}},"views":201,"_links":{"self":[{"href":"https:\/\/nitu.mx\/index.php\/wp-json\/wp\/v2\/posts\/39030"}],"collection":[{"href":"https:\/\/nitu.mx\/index.php\/wp-json\/wp\/v2\/posts"}],"about":[{"href":"https:\/\/nitu.mx\/index.php\/wp-json\/wp\/v2\/types\/post"}],"author":[{"embeddable":true,"href":"https:\/\/nitu.mx\/index.php\/wp-json\/wp\/v2\/users\/17"}],"replies":[{"embeddable":true,"href":"https:\/\/nitu.mx\/index.php\/wp-json\/wp\/v2\/comments?post=39030"}],"version-history":[{"count":5,"href":"https:\/\/nitu.mx\/index.php\/wp-json\/wp\/v2\/posts\/39030\/revisions"}],"predecessor-version":[{"id":39055,"href":"https:\/\/nitu.mx\/index.php\/wp-json\/wp\/v2\/posts\/39030\/revisions\/39055"}],"wp:featuredmedia":[{"embeddable":true,"href":"https:\/\/nitu.mx\/index.php\/wp-json\/wp\/v2\/media\/39044"}],"wp:attachment":[{"href":"https:\/\/nitu.mx\/index.php\/wp-json\/wp\/v2\/media?parent=39030"}],"wp:term":[{"taxonomy":"category","embeddable":true,"href":"https:\/\/nitu.mx\/index.php\/wp-json\/wp\/v2\/categories?post=39030"},{"taxonomy":"post_tag","embeddable":true,"href":"https:\/\/nitu.mx\/index.php\/wp-json\/wp\/v2\/tags?post=39030"}],"curies":[{"name":"wp","href":"https:\/\/api.w.org\/{rel}","templated":true}]}}