{"id":38862,"date":"2020-01-09T00:27:12","date_gmt":"2020-01-09T05:27:12","guid":{"rendered":"https:\/\/www.dev.nitu.mx\/?p=38862"},"modified":"2020-01-09T01:04:56","modified_gmt":"2020-01-09T06:04:56","slug":"queda-tablas-llegada-de-extranjeros-a-cancun-en-2019-respecto-a-ano-anterior","status":"publish","type":"post","link":"https:\/\/nitu.mx\/index.php\/2020\/01\/09\/queda-tablas-llegada-de-extranjeros-a-cancun-en-2019-respecto-a-ano-anterior\/","title":{"rendered":"Queda tablas llegada de extranjeros a Canc\u00fan en 2019 respecto a a\u00f1o anterior"},"content":{"rendered":"<p>Con un crecimiento de 0.5% respecto al a\u00f1o anterior, la llegada de pasajeros extranjeros al aeropuerto internacional de Canc\u00fan en 2019, pr\u00e1cticamente quedo &#8220;tablas&#8221; respecto al 2018, 16 millones 424 mil 506, frente a los 16 millones 501 mil, 592 de este a\u00f1o. En el balance general, creci\u00f3 1.1% ya que el trafico domestico, tuvo un incremento de 2.3%.<\/p>\n<p>El total de pasajeros atendidos por ASUR\u00a0 en su aeropuerto mas importante fue muy cercana a los 25 y medio millones de personas. Del resto de los aeropuerto llama la atenci\u00f3n el crecimiento de casi 26% en Oaxaca, que pr\u00e1cticamente llego a 1 mill\u00f3n 200 mil pasajeros transportados, as\u00ed como M\u00e9rida que con un crecimiento de 13.8% se acerco a los tres millones de pasajeros. (<a title=\"Aeropuerto de Canc\u00fan no super\u00f3 r\u00e9cord de los 26 millones de pasajeros\" href=\"https:\/\/www.dev.nitu.mx\/index.php\/2020\/01\/06\/aeropuerto-de-cancun-no-supero-record-de-los-26-millones-de-pasajeros\/\" rel=\"bookmark\">Aeropuerto de Canc\u00fan no super\u00f3 r\u00e9cord de los 26 millones de pasajeros<\/a>).<\/p>\n<p>El crecimiento global de ASUR en sus aeropuertos en M\u00e9xico, dependiente en gran medida de lo que pase en Cancun que tiene el 75% de su operacion, fue de 2.8%, en sus operaciones internacionales crecio en cifras muy cercanas al 13% tanto en Puerto Rico que opera dos aeropuertos y en Colombia en donde opera aeropuertos en 6 ciudades.<\/p>\n<p><img decoding=\"async\" loading=\"lazy\" class=\"aligncenter wp-image-38868 size-full\" src=\"https:\/\/www.dev.nitu.mx\/wp-content\/uploads\/2020\/01\/9FE73D3A-DE21-46CE-B2FB-B57B8330EF51.jpeg\" alt=\"\" width=\"750\" height=\"602\" srcset=\"https:\/\/nitu.mx\/wp-content\/uploads\/2020\/01\/9FE73D3A-DE21-46CE-B2FB-B57B8330EF51.jpeg 750w, https:\/\/nitu.mx\/wp-content\/uploads\/2020\/01\/9FE73D3A-DE21-46CE-B2FB-B57B8330EF51-300x241.jpeg 300w\" sizes=\"(max-width: 750px) 100vw, 750px\" \/><\/p>\n<p>&nbsp;<\/p>\n<p><img decoding=\"async\" loading=\"lazy\" class=\"aligncenter wp-image-38864 size-full\" src=\"https:\/\/www.dev.nitu.mx\/wp-content\/uploads\/2020\/01\/90DB20E9-0CAB-45C4-BCCE-EC79C1616641.jpeg\" alt=\"\" width=\"894\" height=\"626\" srcset=\"https:\/\/nitu.mx\/wp-content\/uploads\/2020\/01\/90DB20E9-0CAB-45C4-BCCE-EC79C1616641.jpeg 894w, https:\/\/nitu.mx\/wp-content\/uploads\/2020\/01\/90DB20E9-0CAB-45C4-BCCE-EC79C1616641-300x210.jpeg 300w, https:\/\/nitu.mx\/wp-content\/uploads\/2020\/01\/90DB20E9-0CAB-45C4-BCCE-EC79C1616641-768x538.jpeg 768w\" sizes=\"(max-width: 894px) 100vw, 894px\" \/><\/p>\n","protected":false},"excerpt":{"rendered":"<p>Con un crecimiento de 0.5% respecto al a\u00f1o anterior, la llegada de pasajeros extranjeros al aeropuerto internacional de Canc\u00fan en 2019, pr\u00e1cticamente quedo &#8220;tablas&#8221; respecto al 2018, 16 millones 424 mil 506, frente a los 16 millones 501 mil, 592 de este a\u00f1o. En el balance general, creci\u00f3 1.1% ya que el trafico domestico, tuvo [&hellip;]<\/p>\n","protected":false},"author":2,"featured_media":28176,"comment_status":"open","ping_status":"open","sticky":false,"template":"","format":"standard","meta":{"footnotes":""},"categories":[5],"tags":[200,198,43],"yoast_head":"<!-- This site is optimized with the Yoast SEO plugin v22.2 - https:\/\/yoast.com\/wordpress\/plugins\/seo\/ -->\n<title>Queda tablas llegada de extranjeros a Canc\u00fan en 2019 respecto a a\u00f1o anterior - Nitu - Noticias de la Industria Turistica<\/title>\n<meta name=\"description\" content=\"Con un crecimiento de 0.5% respecto al a\u00f1o anterior, la llegada de pasajeros extranjeros al aeropuerto internacional de Canc\u00fan en 2019.\" \/>\n<meta name=\"robots\" content=\"index, follow, max-snippet:-1, max-image-preview:large, max-video-preview:-1\" \/>\n<link rel=\"canonical\" href=\"https:\/\/nitu.mx\/index.php\/2020\/01\/09\/queda-tablas-llegada-de-extranjeros-a-cancun-en-2019-respecto-a-ano-anterior\/\" \/>\n<meta name=\"twitter:card\" content=\"summary_large_image\" \/>\n<meta name=\"twitter:title\" content=\"Queda tablas llegada de extranjeros a Canc\u00fan en 2019 respecto a a\u00f1o anterior - Nitu - Noticias de la Industria Turistica\" \/>\n<meta name=\"twitter:description\" content=\"Con un crecimiento de 0.5% respecto al a\u00f1o anterior, la llegada de pasajeros extranjeros al aeropuerto internacional de Canc\u00fan en 2019.\" \/>\n<meta name=\"twitter:image\" content=\"https:\/\/nitu.mx\/wp-content\/uploads\/2019\/01\/asur.jpg\" \/>\n<meta name=\"twitter:creator\" content=\"@Arturo_Medina_G\" \/>\n<meta name=\"twitter:site\" content=\"@Arturo_Medina_G\" \/>\n<meta name=\"twitter:label1\" content=\"Escrito por\" \/>\n\t<meta name=\"twitter:data1\" content=\"Arturo Medina\" \/>\n\t<meta name=\"twitter:label2\" content=\"Tiempo de lectura\" \/>\n\t<meta name=\"twitter:data2\" content=\"1 minuto\" \/>\n<script type=\"application\/ld+json\" class=\"yoast-schema-graph\">{\"@context\":\"https:\/\/schema.org\",\"@graph\":[{\"@type\":\"Article\",\"@id\":\"https:\/\/nitu.mx\/index.php\/2020\/01\/09\/queda-tablas-llegada-de-extranjeros-a-cancun-en-2019-respecto-a-ano-anterior\/#article\",\"isPartOf\":{\"@id\":\"https:\/\/nitu.mx\/index.php\/2020\/01\/09\/queda-tablas-llegada-de-extranjeros-a-cancun-en-2019-respecto-a-ano-anterior\/\"},\"author\":{\"name\":\"Arturo Medina\",\"@id\":\"https:\/\/nitu.mx\/#\/schema\/person\/ae7a53426417292d3dd07b45a33e01bc\"},\"headline\":\"Queda tablas llegada de extranjeros a Canc\u00fan en 2019 respecto a a\u00f1o anterior\",\"datePublished\":\"2020-01-09T05:27:12+00:00\",\"dateModified\":\"2020-01-09T06:04:56+00:00\",\"mainEntityOfPage\":{\"@id\":\"https:\/\/nitu.mx\/index.php\/2020\/01\/09\/queda-tablas-llegada-de-extranjeros-a-cancun-en-2019-respecto-a-ano-anterior\/\"},\"wordCount\":200,\"commentCount\":0,\"publisher\":{\"@id\":\"https:\/\/nitu.mx\/#\/schema\/person\/ae7a53426417292d3dd07b45a33e01bc\"},\"image\":{\"@id\":\"https:\/\/nitu.mx\/index.php\/2020\/01\/09\/queda-tablas-llegada-de-extranjeros-a-cancun-en-2019-respecto-a-ano-anterior\/#primaryimage\"},\"thumbnailUrl\":\"https:\/\/nitu.mx\/wp-content\/uploads\/2019\/01\/asur.jpg\",\"keywords\":[\"Aeropuerto Internacional de Canc\u00fan (AIC)\",\"ASUR\",\"Canc\u00fan\"],\"articleSection\":[\"Destinos\"],\"inLanguage\":\"es-MX\",\"potentialAction\":[{\"@type\":\"CommentAction\",\"name\":\"Comment\",\"target\":[\"https:\/\/nitu.mx\/index.php\/2020\/01\/09\/queda-tablas-llegada-de-extranjeros-a-cancun-en-2019-respecto-a-ano-anterior\/#respond\"]}]},{\"@type\":\"WebPage\",\"@id\":\"https:\/\/nitu.mx\/index.php\/2020\/01\/09\/queda-tablas-llegada-de-extranjeros-a-cancun-en-2019-respecto-a-ano-anterior\/\",\"url\":\"https:\/\/nitu.mx\/index.php\/2020\/01\/09\/queda-tablas-llegada-de-extranjeros-a-cancun-en-2019-respecto-a-ano-anterior\/\",\"name\":\"Queda tablas llegada de extranjeros a Canc\u00fan en 2019 respecto a a\u00f1o anterior - Nitu - Noticias de la Industria Turistica\",\"isPartOf\":{\"@id\":\"https:\/\/nitu.mx\/#website\"},\"primaryImageOfPage\":{\"@id\":\"https:\/\/nitu.mx\/index.php\/2020\/01\/09\/queda-tablas-llegada-de-extranjeros-a-cancun-en-2019-respecto-a-ano-anterior\/#primaryimage\"},\"image\":{\"@id\":\"https:\/\/nitu.mx\/index.php\/2020\/01\/09\/queda-tablas-llegada-de-extranjeros-a-cancun-en-2019-respecto-a-ano-anterior\/#primaryimage\"},\"thumbnailUrl\":\"https:\/\/nitu.mx\/wp-content\/uploads\/2019\/01\/asur.jpg\",\"datePublished\":\"2020-01-09T05:27:12+00:00\",\"dateModified\":\"2020-01-09T06:04:56+00:00\",\"description\":\"Con un crecimiento de 0.5% respecto al a\u00f1o anterior, la llegada de pasajeros extranjeros al aeropuerto internacional de Canc\u00fan en 2019.\",\"breadcrumb\":{\"@id\":\"https:\/\/nitu.mx\/index.php\/2020\/01\/09\/queda-tablas-llegada-de-extranjeros-a-cancun-en-2019-respecto-a-ano-anterior\/#breadcrumb\"},\"inLanguage\":\"es-MX\",\"potentialAction\":[{\"@type\":\"ReadAction\",\"target\":[\"https:\/\/nitu.mx\/index.php\/2020\/01\/09\/queda-tablas-llegada-de-extranjeros-a-cancun-en-2019-respecto-a-ano-anterior\/\"]}]},{\"@type\":\"ImageObject\",\"inLanguage\":\"es-MX\",\"@id\":\"https:\/\/nitu.mx\/index.php\/2020\/01\/09\/queda-tablas-llegada-de-extranjeros-a-cancun-en-2019-respecto-a-ano-anterior\/#primaryimage\",\"url\":\"https:\/\/nitu.mx\/wp-content\/uploads\/2019\/01\/asur.jpg\",\"contentUrl\":\"https:\/\/nitu.mx\/wp-content\/uploads\/2019\/01\/asur.jpg\",\"width\":850,\"height\":480,\"caption\":\"asur\"},{\"@type\":\"BreadcrumbList\",\"@id\":\"https:\/\/nitu.mx\/index.php\/2020\/01\/09\/queda-tablas-llegada-de-extranjeros-a-cancun-en-2019-respecto-a-ano-anterior\/#breadcrumb\",\"itemListElement\":[{\"@type\":\"ListItem\",\"position\":1,\"name\":\"Inicio\",\"item\":\"https:\/\/nitu.mx\/\"},{\"@type\":\"ListItem\",\"position\":2,\"name\":\"Queda tablas llegada de extranjeros a Canc\u00fan en 2019 respecto a a\u00f1o anterior\"}]},{\"@type\":\"WebSite\",\"@id\":\"https:\/\/nitu.mx\/#website\",\"url\":\"https:\/\/nitu.mx\/\",\"name\":\"Nitu - Noticias de la Industria Turistica\",\"description\":\"Noticias de la Industria Turistica\",\"publisher\":{\"@id\":\"https:\/\/nitu.mx\/#\/schema\/person\/ae7a53426417292d3dd07b45a33e01bc\"},\"alternateName\":\"Noticias de la Industria Turistica\",\"potentialAction\":[{\"@type\":\"SearchAction\",\"target\":{\"@type\":\"EntryPoint\",\"urlTemplate\":\"https:\/\/nitu.mx\/?s={search_term_string}\"},\"query-input\":\"required name=search_term_string\"}],\"inLanguage\":\"es-MX\"},{\"@type\":[\"Person\",\"Organization\"],\"@id\":\"https:\/\/nitu.mx\/#\/schema\/person\/ae7a53426417292d3dd07b45a33e01bc\",\"name\":\"Arturo Medina\",\"image\":{\"@type\":\"ImageObject\",\"inLanguage\":\"es-MX\",\"@id\":\"https:\/\/nitu.mx\/#\/schema\/person\/image\/\",\"url\":\"https:\/\/nitu.mx\/wp-content\/uploads\/2024\/04\/4A315622-1904-4D5C-B022-878CDC840E04-90x90-1.jpeg\",\"contentUrl\":\"https:\/\/nitu.mx\/wp-content\/uploads\/2024\/04\/4A315622-1904-4D5C-B022-878CDC840E04-90x90-1.jpeg\",\"width\":90,\"height\":90,\"caption\":\"Arturo Medina\"},\"logo\":{\"@id\":\"https:\/\/nitu.mx\/#\/schema\/person\/image\/\"},\"description\":\"Director NITU.mx, Egresado de la Escuela de Periodismo Carlos Septi\u00e9n Garc\u00eda. Periodista y analista especializado en turismo desde hace 35 a\u00f1os, radicado en Canc\u00fan Q.Roo. arturo@nitu.mx\",\"sameAs\":[\"https:\/\/nitu.mx\",\"https:\/\/www.facebook.com\/NITUmx\/\",\"medinacancun\",\"https:\/\/twitter.com\/@Arturo_Medina_G\"],\"url\":\"https:\/\/nitu.mx\/index.php\/author\/arturo-medina\/\"}]}<\/script>\n<!-- \/ Yoast SEO plugin. -->","yoast_head_json":{"title":"Queda tablas llegada de extranjeros a Canc\u00fan en 2019 respecto a a\u00f1o anterior - Nitu - Noticias de la Industria Turistica","description":"Con un crecimiento de 0.5% respecto al a\u00f1o anterior, la llegada de pasajeros extranjeros al aeropuerto internacional de Canc\u00fan en 2019.","robots":{"index":"index","follow":"follow","max-snippet":"max-snippet:-1","max-image-preview":"max-image-preview:large","max-video-preview":"max-video-preview:-1"},"canonical":"https:\/\/nitu.mx\/index.php\/2020\/01\/09\/queda-tablas-llegada-de-extranjeros-a-cancun-en-2019-respecto-a-ano-anterior\/","twitter_card":"summary_large_image","twitter_title":"Queda tablas llegada de extranjeros a Canc\u00fan en 2019 respecto a a\u00f1o anterior - Nitu - Noticias de la Industria Turistica","twitter_description":"Con un crecimiento de 0.5% respecto al a\u00f1o anterior, la llegada de pasajeros extranjeros al aeropuerto internacional de Canc\u00fan en 2019.","twitter_image":"https:\/\/nitu.mx\/wp-content\/uploads\/2019\/01\/asur.jpg","twitter_creator":"@Arturo_Medina_G","twitter_site":"@Arturo_Medina_G","twitter_misc":{"Escrito por":"Arturo Medina","Tiempo de lectura":"1 minuto"},"schema":{"@context":"https:\/\/schema.org","@graph":[{"@type":"Article","@id":"https:\/\/nitu.mx\/index.php\/2020\/01\/09\/queda-tablas-llegada-de-extranjeros-a-cancun-en-2019-respecto-a-ano-anterior\/#article","isPartOf":{"@id":"https:\/\/nitu.mx\/index.php\/2020\/01\/09\/queda-tablas-llegada-de-extranjeros-a-cancun-en-2019-respecto-a-ano-anterior\/"},"author":{"name":"Arturo Medina","@id":"https:\/\/nitu.mx\/#\/schema\/person\/ae7a53426417292d3dd07b45a33e01bc"},"headline":"Queda tablas llegada de extranjeros a Canc\u00fan en 2019 respecto a a\u00f1o anterior","datePublished":"2020-01-09T05:27:12+00:00","dateModified":"2020-01-09T06:04:56+00:00","mainEntityOfPage":{"@id":"https:\/\/nitu.mx\/index.php\/2020\/01\/09\/queda-tablas-llegada-de-extranjeros-a-cancun-en-2019-respecto-a-ano-anterior\/"},"wordCount":200,"commentCount":0,"publisher":{"@id":"https:\/\/nitu.mx\/#\/schema\/person\/ae7a53426417292d3dd07b45a33e01bc"},"image":{"@id":"https:\/\/nitu.mx\/index.php\/2020\/01\/09\/queda-tablas-llegada-de-extranjeros-a-cancun-en-2019-respecto-a-ano-anterior\/#primaryimage"},"thumbnailUrl":"https:\/\/nitu.mx\/wp-content\/uploads\/2019\/01\/asur.jpg","keywords":["Aeropuerto Internacional de Canc\u00fan (AIC)","ASUR","Canc\u00fan"],"articleSection":["Destinos"],"inLanguage":"es-MX","potentialAction":[{"@type":"CommentAction","name":"Comment","target":["https:\/\/nitu.mx\/index.php\/2020\/01\/09\/queda-tablas-llegada-de-extranjeros-a-cancun-en-2019-respecto-a-ano-anterior\/#respond"]}]},{"@type":"WebPage","@id":"https:\/\/nitu.mx\/index.php\/2020\/01\/09\/queda-tablas-llegada-de-extranjeros-a-cancun-en-2019-respecto-a-ano-anterior\/","url":"https:\/\/nitu.mx\/index.php\/2020\/01\/09\/queda-tablas-llegada-de-extranjeros-a-cancun-en-2019-respecto-a-ano-anterior\/","name":"Queda tablas llegada de extranjeros a Canc\u00fan en 2019 respecto a a\u00f1o anterior - Nitu - Noticias de la Industria Turistica","isPartOf":{"@id":"https:\/\/nitu.mx\/#website"},"primaryImageOfPage":{"@id":"https:\/\/nitu.mx\/index.php\/2020\/01\/09\/queda-tablas-llegada-de-extranjeros-a-cancun-en-2019-respecto-a-ano-anterior\/#primaryimage"},"image":{"@id":"https:\/\/nitu.mx\/index.php\/2020\/01\/09\/queda-tablas-llegada-de-extranjeros-a-cancun-en-2019-respecto-a-ano-anterior\/#primaryimage"},"thumbnailUrl":"https:\/\/nitu.mx\/wp-content\/uploads\/2019\/01\/asur.jpg","datePublished":"2020-01-09T05:27:12+00:00","dateModified":"2020-01-09T06:04:56+00:00","description":"Con un crecimiento de 0.5% respecto al a\u00f1o anterior, la llegada de pasajeros extranjeros al aeropuerto internacional de Canc\u00fan en 2019.","breadcrumb":{"@id":"https:\/\/nitu.mx\/index.php\/2020\/01\/09\/queda-tablas-llegada-de-extranjeros-a-cancun-en-2019-respecto-a-ano-anterior\/#breadcrumb"},"inLanguage":"es-MX","potentialAction":[{"@type":"ReadAction","target":["https:\/\/nitu.mx\/index.php\/2020\/01\/09\/queda-tablas-llegada-de-extranjeros-a-cancun-en-2019-respecto-a-ano-anterior\/"]}]},{"@type":"ImageObject","inLanguage":"es-MX","@id":"https:\/\/nitu.mx\/index.php\/2020\/01\/09\/queda-tablas-llegada-de-extranjeros-a-cancun-en-2019-respecto-a-ano-anterior\/#primaryimage","url":"https:\/\/nitu.mx\/wp-content\/uploads\/2019\/01\/asur.jpg","contentUrl":"https:\/\/nitu.mx\/wp-content\/uploads\/2019\/01\/asur.jpg","width":850,"height":480,"caption":"asur"},{"@type":"BreadcrumbList","@id":"https:\/\/nitu.mx\/index.php\/2020\/01\/09\/queda-tablas-llegada-de-extranjeros-a-cancun-en-2019-respecto-a-ano-anterior\/#breadcrumb","itemListElement":[{"@type":"ListItem","position":1,"name":"Inicio","item":"https:\/\/nitu.mx\/"},{"@type":"ListItem","position":2,"name":"Queda tablas llegada de extranjeros a Canc\u00fan en 2019 respecto a a\u00f1o anterior"}]},{"@type":"WebSite","@id":"https:\/\/nitu.mx\/#website","url":"https:\/\/nitu.mx\/","name":"Nitu - Noticias de la Industria Turistica","description":"Noticias de la Industria Turistica","publisher":{"@id":"https:\/\/nitu.mx\/#\/schema\/person\/ae7a53426417292d3dd07b45a33e01bc"},"alternateName":"Noticias de la Industria Turistica","potentialAction":[{"@type":"SearchAction","target":{"@type":"EntryPoint","urlTemplate":"https:\/\/nitu.mx\/?s={search_term_string}"},"query-input":"required name=search_term_string"}],"inLanguage":"es-MX"},{"@type":["Person","Organization"],"@id":"https:\/\/nitu.mx\/#\/schema\/person\/ae7a53426417292d3dd07b45a33e01bc","name":"Arturo Medina","image":{"@type":"ImageObject","inLanguage":"es-MX","@id":"https:\/\/nitu.mx\/#\/schema\/person\/image\/","url":"https:\/\/nitu.mx\/wp-content\/uploads\/2024\/04\/4A315622-1904-4D5C-B022-878CDC840E04-90x90-1.jpeg","contentUrl":"https:\/\/nitu.mx\/wp-content\/uploads\/2024\/04\/4A315622-1904-4D5C-B022-878CDC840E04-90x90-1.jpeg","width":90,"height":90,"caption":"Arturo Medina"},"logo":{"@id":"https:\/\/nitu.mx\/#\/schema\/person\/image\/"},"description":"Director NITU.mx, Egresado de la Escuela de Periodismo Carlos Septi\u00e9n Garc\u00eda. Periodista y analista especializado en turismo desde hace 35 a\u00f1os, radicado en Canc\u00fan Q.Roo. arturo@nitu.mx","sameAs":["https:\/\/nitu.mx","https:\/\/www.facebook.com\/NITUmx\/","medinacancun","https:\/\/twitter.com\/@Arturo_Medina_G"],"url":"https:\/\/nitu.mx\/index.php\/author\/arturo-medina\/"}]}},"views":281,"_links":{"self":[{"href":"https:\/\/nitu.mx\/index.php\/wp-json\/wp\/v2\/posts\/38862"}],"collection":[{"href":"https:\/\/nitu.mx\/index.php\/wp-json\/wp\/v2\/posts"}],"about":[{"href":"https:\/\/nitu.mx\/index.php\/wp-json\/wp\/v2\/types\/post"}],"author":[{"embeddable":true,"href":"https:\/\/nitu.mx\/index.php\/wp-json\/wp\/v2\/users\/2"}],"replies":[{"embeddable":true,"href":"https:\/\/nitu.mx\/index.php\/wp-json\/wp\/v2\/comments?post=38862"}],"version-history":[{"count":5,"href":"https:\/\/nitu.mx\/index.php\/wp-json\/wp\/v2\/posts\/38862\/revisions"}],"predecessor-version":[{"id":38879,"href":"https:\/\/nitu.mx\/index.php\/wp-json\/wp\/v2\/posts\/38862\/revisions\/38879"}],"wp:featuredmedia":[{"embeddable":true,"href":"https:\/\/nitu.mx\/index.php\/wp-json\/wp\/v2\/media\/28176"}],"wp:attachment":[{"href":"https:\/\/nitu.mx\/index.php\/wp-json\/wp\/v2\/media?parent=38862"}],"wp:term":[{"taxonomy":"category","embeddable":true,"href":"https:\/\/nitu.mx\/index.php\/wp-json\/wp\/v2\/categories?post=38862"},{"taxonomy":"post_tag","embeddable":true,"href":"https:\/\/nitu.mx\/index.php\/wp-json\/wp\/v2\/tags?post=38862"}],"curies":[{"name":"wp","href":"https:\/\/api.w.org\/{rel}","templated":true}]}}