{"id":38860,"date":"2020-01-09T00:31:01","date_gmt":"2020-01-09T05:31:01","guid":{"rendered":"https:\/\/www.dev.nitu.mx\/?p=38860"},"modified":"2020-01-09T01:03:44","modified_gmt":"2020-01-09T06:03:44","slug":"mexico-es-el-pais-mas-visitado-de-america-latina","status":"publish","type":"post","link":"https:\/\/nitu.mx\/index.php\/2020\/01\/09\/mexico-es-el-pais-mas-visitado-de-america-latina\/","title":{"rendered":"M\u00e9xico es el pa\u00eds m\u00e1s visitado de Am\u00e9rica Latina"},"content":{"rendered":"<p>De acuerdo la Organizaci\u00f3n Mundial del Turismo (OMT) y pese a la desaparici\u00f3n del Consejo de Promoci\u00f3n Tur\u00edstica (CPTM), M\u00e9xico fue el pa\u00eds m\u00e1s visitado de Am\u00e9rica Latina en el 2019 y se ubic\u00f3 como el s\u00e9ptimo\u00a0destino tur\u00edstico\u00a0con m\u00e1s visitantes en el mundo. La llegada de turistas internacionales al pa\u00eds durante enero-octubre de 2019 tuvo un incremento del 8.5% con respecto al 2018.<\/p>\n<p>A nivel mundial (turistas viajando de un pa\u00eds a otro pa\u00eds), la OMT estimaba que en el a\u00f1o 2020 se producir\u00edan 1.400 millones de llegadas de turistas internacionales anuales. Sin embargo, esta cifra ya se alcanz\u00f3 en 2018.<\/p>\n<p>Se prev\u00e9 llegar a 1.8 billones en 2030, aunque podr\u00eda ser antes si contin\u00faa el ritmo actual de crecimiento.<\/p>\n<p>A nivel mundial el pa\u00eds m\u00e1s visitado con 89 millones de visitantes es Francia; seguido de Espa\u00f1a con 83 millones de visitantes y Estados Unidos con 80 millones de visitantes, por delante de China, Italia,\u00a0Turqu\u00eda, M\u00e9xico, Alemania, Tailandia y Gran Breta\u00f1a.<\/p>\n<p>La comparadora de servicios online elMejorTrato.com se\u00f1al\u00f3 al respecto que son 5 las causas m\u00e1s destacadas en el informe por las que hay cada vez m\u00e1s viajeros en el mundo: avances tecnol\u00f3gicos, creciente clase media en las econom\u00edas emergentes, nuevos modelos de negocio, costos de viaje m\u00e1s asequibles y simpli\ufb01caci\u00f3n del r\u00e9gimen de visados. (<a title=\"L\u00edderes de M\u00e9xico y Am\u00e9rica Latina se re\u00fanen en el Congreso Internacional de Turismo\" href=\"https:\/\/www.dev.nitu.mx\/index.php\/2019\/09\/25\/lideres-de-mexico-y-america-latina-se-reunen-en-el-congreso-internacional-de-turismo\/\" rel=\"bookmark\">L\u00edderes de M\u00e9xico y Am\u00e9rica Latina se re\u00fanen en el Congreso Internacional de Turismo<\/a>).<\/p>\n<p>A nivel de Las Am\u00e9ricas, seg\u00fan el \u201c\u00cdndice de Competitividad de Viajes y Turismo\u201d (ICVT) publicado por el organismo privado, M\u00e9xico vuelve a sobresalir consolid\u00e1ndose como destino tur\u00edstico competitivo, seguido de Brasil, Costa Rica, Panam\u00e1, Per\u00fa, Argentina, Chile, Colombia, Ecuador y Rep\u00fablica Dominicana.<\/p>\n<p>Seg\u00fan el FEM, M\u00e9xico destaca por sus atractivos naturales, amplia fauna y vida salvaje, adem\u00e1s de sus numerosos sitios protegidos.<\/p>\n","protected":false},"excerpt":{"rendered":"<p>De acuerdo la Organizaci\u00f3n Mundial del Turismo (OMT) y pese a la desaparici\u00f3n del Consejo de Promoci\u00f3n Tur\u00edstica (CPTM), M\u00e9xico fue el pa\u00eds m\u00e1s visitado de Am\u00e9rica Latina en el 2019 y se ubic\u00f3 como el s\u00e9ptimo\u00a0destino tur\u00edstico\u00a0con m\u00e1s visitantes en el mundo. La llegada de turistas internacionales al pa\u00eds durante enero-octubre de 2019 tuvo [&hellip;]<\/p>\n","protected":false},"author":17,"featured_media":27747,"comment_status":"open","ping_status":"open","sticky":false,"template":"","format":"standard","meta":{"footnotes":""},"categories":[5],"tags":[241,18472,1960],"yoast_head":"<!-- This site is optimized with the Yoast SEO plugin v22.2 - https:\/\/yoast.com\/wordpress\/plugins\/seo\/ -->\n<title>M\u00e9xico es el pa\u00eds m\u00e1s visitado de Am\u00e9rica Latina - Nitu - Noticias de la Industria Turistica<\/title>\n<meta name=\"description\" content=\"De acuerdo la Organizaci\u00f3n Mundial del Turismo (OMT), M\u00e9xico fue el pa\u00eds m\u00e1s visitado de Am\u00e9rica Latina durante el 2019.\" \/>\n<meta name=\"robots\" content=\"index, follow, max-snippet:-1, max-image-preview:large, max-video-preview:-1\" \/>\n<link rel=\"canonical\" href=\"https:\/\/nitu.mx\/index.php\/2020\/01\/09\/mexico-es-el-pais-mas-visitado-de-america-latina\/\" \/>\n<meta name=\"twitter:card\" content=\"summary_large_image\" \/>\n<meta name=\"twitter:title\" content=\"M\u00e9xico es el pa\u00eds m\u00e1s visitado de Am\u00e9rica Latina - Nitu - Noticias de la Industria Turistica\" \/>\n<meta name=\"twitter:description\" content=\"De acuerdo la Organizaci\u00f3n Mundial del Turismo (OMT), M\u00e9xico fue el pa\u00eds m\u00e1s visitado de Am\u00e9rica Latina durante el 2019.\" \/>\n<meta name=\"twitter:image\" content=\"https:\/\/nitu.mx\/wp-content\/uploads\/2018\/12\/turismo-mexico-consejo.jpg\" \/>\n<meta name=\"twitter:creator\" content=\"@NITUmx\" \/>\n<meta name=\"twitter:site\" content=\"@Arturo_Medina_G\" \/>\n<meta name=\"twitter:label1\" content=\"Escrito por\" \/>\n\t<meta name=\"twitter:data1\" content=\"Redacci\u00f3n\" \/>\n\t<meta name=\"twitter:label2\" content=\"Tiempo de lectura\" \/>\n\t<meta name=\"twitter:data2\" content=\"2 minutos\" \/>\n<script type=\"application\/ld+json\" class=\"yoast-schema-graph\">{\"@context\":\"https:\/\/schema.org\",\"@graph\":[{\"@type\":\"Article\",\"@id\":\"https:\/\/nitu.mx\/index.php\/2020\/01\/09\/mexico-es-el-pais-mas-visitado-de-america-latina\/#article\",\"isPartOf\":{\"@id\":\"https:\/\/nitu.mx\/index.php\/2020\/01\/09\/mexico-es-el-pais-mas-visitado-de-america-latina\/\"},\"author\":{\"name\":\"Redacci\u00f3n\",\"@id\":\"https:\/\/nitu.mx\/#\/schema\/person\/4a28fe9bd65924f7c90623773daf1b0b\"},\"headline\":\"M\u00e9xico es el pa\u00eds m\u00e1s visitado de Am\u00e9rica Latina\",\"datePublished\":\"2020-01-09T05:31:01+00:00\",\"dateModified\":\"2020-01-09T06:03:44+00:00\",\"mainEntityOfPage\":{\"@id\":\"https:\/\/nitu.mx\/index.php\/2020\/01\/09\/mexico-es-el-pais-mas-visitado-de-america-latina\/\"},\"wordCount\":342,\"commentCount\":0,\"publisher\":{\"@id\":\"https:\/\/nitu.mx\/#\/schema\/person\/ae7a53426417292d3dd07b45a33e01bc\"},\"image\":{\"@id\":\"https:\/\/nitu.mx\/index.php\/2020\/01\/09\/mexico-es-el-pais-mas-visitado-de-america-latina\/#primaryimage\"},\"thumbnailUrl\":\"https:\/\/nitu.mx\/wp-content\/uploads\/2018\/12\/turismo-mexico-consejo.jpg\",\"keywords\":[\"CPTM\",\"ICVT\",\"OMT\"],\"articleSection\":[\"Destinos\"],\"inLanguage\":\"es-MX\",\"potentialAction\":[{\"@type\":\"CommentAction\",\"name\":\"Comment\",\"target\":[\"https:\/\/nitu.mx\/index.php\/2020\/01\/09\/mexico-es-el-pais-mas-visitado-de-america-latina\/#respond\"]}]},{\"@type\":\"WebPage\",\"@id\":\"https:\/\/nitu.mx\/index.php\/2020\/01\/09\/mexico-es-el-pais-mas-visitado-de-america-latina\/\",\"url\":\"https:\/\/nitu.mx\/index.php\/2020\/01\/09\/mexico-es-el-pais-mas-visitado-de-america-latina\/\",\"name\":\"M\u00e9xico es el pa\u00eds m\u00e1s visitado de Am\u00e9rica Latina - Nitu - Noticias de la Industria Turistica\",\"isPartOf\":{\"@id\":\"https:\/\/nitu.mx\/#website\"},\"primaryImageOfPage\":{\"@id\":\"https:\/\/nitu.mx\/index.php\/2020\/01\/09\/mexico-es-el-pais-mas-visitado-de-america-latina\/#primaryimage\"},\"image\":{\"@id\":\"https:\/\/nitu.mx\/index.php\/2020\/01\/09\/mexico-es-el-pais-mas-visitado-de-america-latina\/#primaryimage\"},\"thumbnailUrl\":\"https:\/\/nitu.mx\/wp-content\/uploads\/2018\/12\/turismo-mexico-consejo.jpg\",\"datePublished\":\"2020-01-09T05:31:01+00:00\",\"dateModified\":\"2020-01-09T06:03:44+00:00\",\"description\":\"De acuerdo la Organizaci\u00f3n Mundial del Turismo (OMT), M\u00e9xico fue el pa\u00eds m\u00e1s visitado de Am\u00e9rica Latina durante el 2019.\",\"breadcrumb\":{\"@id\":\"https:\/\/nitu.mx\/index.php\/2020\/01\/09\/mexico-es-el-pais-mas-visitado-de-america-latina\/#breadcrumb\"},\"inLanguage\":\"es-MX\",\"potentialAction\":[{\"@type\":\"ReadAction\",\"target\":[\"https:\/\/nitu.mx\/index.php\/2020\/01\/09\/mexico-es-el-pais-mas-visitado-de-america-latina\/\"]}]},{\"@type\":\"ImageObject\",\"inLanguage\":\"es-MX\",\"@id\":\"https:\/\/nitu.mx\/index.php\/2020\/01\/09\/mexico-es-el-pais-mas-visitado-de-america-latina\/#primaryimage\",\"url\":\"https:\/\/nitu.mx\/wp-content\/uploads\/2018\/12\/turismo-mexico-consejo.jpg\",\"contentUrl\":\"https:\/\/nitu.mx\/wp-content\/uploads\/2018\/12\/turismo-mexico-consejo.jpg\",\"width\":850,\"height\":480,\"caption\":\"turismo mexico consejo\"},{\"@type\":\"BreadcrumbList\",\"@id\":\"https:\/\/nitu.mx\/index.php\/2020\/01\/09\/mexico-es-el-pais-mas-visitado-de-america-latina\/#breadcrumb\",\"itemListElement\":[{\"@type\":\"ListItem\",\"position\":1,\"name\":\"Inicio\",\"item\":\"https:\/\/nitu.mx\/\"},{\"@type\":\"ListItem\",\"position\":2,\"name\":\"M\u00e9xico es el pa\u00eds m\u00e1s visitado de Am\u00e9rica Latina\"}]},{\"@type\":\"WebSite\",\"@id\":\"https:\/\/nitu.mx\/#website\",\"url\":\"https:\/\/nitu.mx\/\",\"name\":\"Nitu - Noticias de la Industria Turistica\",\"description\":\"Noticias de la Industria Turistica\",\"publisher\":{\"@id\":\"https:\/\/nitu.mx\/#\/schema\/person\/ae7a53426417292d3dd07b45a33e01bc\"},\"alternateName\":\"Noticias de la Industria Turistica\",\"potentialAction\":[{\"@type\":\"SearchAction\",\"target\":{\"@type\":\"EntryPoint\",\"urlTemplate\":\"https:\/\/nitu.mx\/?s={search_term_string}\"},\"query-input\":\"required name=search_term_string\"}],\"inLanguage\":\"es-MX\"},{\"@type\":[\"Person\",\"Organization\"],\"@id\":\"https:\/\/nitu.mx\/#\/schema\/person\/ae7a53426417292d3dd07b45a33e01bc\",\"name\":\"Arturo Medina\",\"image\":{\"@type\":\"ImageObject\",\"inLanguage\":\"es-MX\",\"@id\":\"https:\/\/nitu.mx\/#\/schema\/person\/image\/\",\"url\":\"https:\/\/nitu.mx\/wp-content\/uploads\/2024\/04\/4A315622-1904-4D5C-B022-878CDC840E04-90x90-1.jpeg\",\"contentUrl\":\"https:\/\/nitu.mx\/wp-content\/uploads\/2024\/04\/4A315622-1904-4D5C-B022-878CDC840E04-90x90-1.jpeg\",\"width\":90,\"height\":90,\"caption\":\"Arturo Medina\"},\"logo\":{\"@id\":\"https:\/\/nitu.mx\/#\/schema\/person\/image\/\"},\"description\":\"Director NITU.mx, Egresado de la Escuela de Periodismo Carlos Septi\u00e9n Garc\u00eda. Periodista y analista especializado en turismo desde hace 35 a\u00f1os, radicado en Canc\u00fan Q.Roo. arturo@nitu.mx\",\"sameAs\":[\"https:\/\/nitu.mx\",\"https:\/\/www.facebook.com\/NITUmx\/\",\"medinacancun\",\"https:\/\/twitter.com\/@Arturo_Medina_G\"]},{\"@type\":\"Person\",\"@id\":\"https:\/\/nitu.mx\/#\/schema\/person\/4a28fe9bd65924f7c90623773daf1b0b\",\"name\":\"Redacci\u00f3n\",\"image\":{\"@type\":\"ImageObject\",\"inLanguage\":\"es-MX\",\"@id\":\"https:\/\/nitu.mx\/#\/schema\/person\/image\/\",\"url\":\"https:\/\/secure.gravatar.com\/avatar\/5dd011c8ccfc5cd7e4c81e42252aab38?s=96&d=mm&r=g\",\"contentUrl\":\"https:\/\/secure.gravatar.com\/avatar\/5dd011c8ccfc5cd7e4c81e42252aab38?s=96&d=mm&r=g\",\"caption\":\"Redacci\u00f3n\"},\"url\":\"https:\/\/nitu.mx\/index.php\/author\/redaccion\/\"}]}<\/script>\n<!-- \/ Yoast SEO plugin. -->","yoast_head_json":{"title":"M\u00e9xico es el pa\u00eds m\u00e1s visitado de Am\u00e9rica Latina - Nitu - Noticias de la Industria Turistica","description":"De acuerdo la Organizaci\u00f3n Mundial del Turismo (OMT), M\u00e9xico fue el pa\u00eds m\u00e1s visitado de Am\u00e9rica Latina durante el 2019.","robots":{"index":"index","follow":"follow","max-snippet":"max-snippet:-1","max-image-preview":"max-image-preview:large","max-video-preview":"max-video-preview:-1"},"canonical":"https:\/\/nitu.mx\/index.php\/2020\/01\/09\/mexico-es-el-pais-mas-visitado-de-america-latina\/","twitter_card":"summary_large_image","twitter_title":"M\u00e9xico es el pa\u00eds m\u00e1s visitado de Am\u00e9rica Latina - Nitu - Noticias de la Industria Turistica","twitter_description":"De acuerdo la Organizaci\u00f3n Mundial del Turismo (OMT), M\u00e9xico fue el pa\u00eds m\u00e1s visitado de Am\u00e9rica Latina durante el 2019.","twitter_image":"https:\/\/nitu.mx\/wp-content\/uploads\/2018\/12\/turismo-mexico-consejo.jpg","twitter_creator":"@NITUmx","twitter_site":"@Arturo_Medina_G","twitter_misc":{"Escrito por":"Redacci\u00f3n","Tiempo de lectura":"2 minutos"},"schema":{"@context":"https:\/\/schema.org","@graph":[{"@type":"Article","@id":"https:\/\/nitu.mx\/index.php\/2020\/01\/09\/mexico-es-el-pais-mas-visitado-de-america-latina\/#article","isPartOf":{"@id":"https:\/\/nitu.mx\/index.php\/2020\/01\/09\/mexico-es-el-pais-mas-visitado-de-america-latina\/"},"author":{"name":"Redacci\u00f3n","@id":"https:\/\/nitu.mx\/#\/schema\/person\/4a28fe9bd65924f7c90623773daf1b0b"},"headline":"M\u00e9xico es el pa\u00eds m\u00e1s visitado de Am\u00e9rica Latina","datePublished":"2020-01-09T05:31:01+00:00","dateModified":"2020-01-09T06:03:44+00:00","mainEntityOfPage":{"@id":"https:\/\/nitu.mx\/index.php\/2020\/01\/09\/mexico-es-el-pais-mas-visitado-de-america-latina\/"},"wordCount":342,"commentCount":0,"publisher":{"@id":"https:\/\/nitu.mx\/#\/schema\/person\/ae7a53426417292d3dd07b45a33e01bc"},"image":{"@id":"https:\/\/nitu.mx\/index.php\/2020\/01\/09\/mexico-es-el-pais-mas-visitado-de-america-latina\/#primaryimage"},"thumbnailUrl":"https:\/\/nitu.mx\/wp-content\/uploads\/2018\/12\/turismo-mexico-consejo.jpg","keywords":["CPTM","ICVT","OMT"],"articleSection":["Destinos"],"inLanguage":"es-MX","potentialAction":[{"@type":"CommentAction","name":"Comment","target":["https:\/\/nitu.mx\/index.php\/2020\/01\/09\/mexico-es-el-pais-mas-visitado-de-america-latina\/#respond"]}]},{"@type":"WebPage","@id":"https:\/\/nitu.mx\/index.php\/2020\/01\/09\/mexico-es-el-pais-mas-visitado-de-america-latina\/","url":"https:\/\/nitu.mx\/index.php\/2020\/01\/09\/mexico-es-el-pais-mas-visitado-de-america-latina\/","name":"M\u00e9xico es el pa\u00eds m\u00e1s visitado de Am\u00e9rica Latina - Nitu - Noticias de la Industria Turistica","isPartOf":{"@id":"https:\/\/nitu.mx\/#website"},"primaryImageOfPage":{"@id":"https:\/\/nitu.mx\/index.php\/2020\/01\/09\/mexico-es-el-pais-mas-visitado-de-america-latina\/#primaryimage"},"image":{"@id":"https:\/\/nitu.mx\/index.php\/2020\/01\/09\/mexico-es-el-pais-mas-visitado-de-america-latina\/#primaryimage"},"thumbnailUrl":"https:\/\/nitu.mx\/wp-content\/uploads\/2018\/12\/turismo-mexico-consejo.jpg","datePublished":"2020-01-09T05:31:01+00:00","dateModified":"2020-01-09T06:03:44+00:00","description":"De acuerdo la Organizaci\u00f3n Mundial del Turismo (OMT), M\u00e9xico fue el pa\u00eds m\u00e1s visitado de Am\u00e9rica Latina durante el 2019.","breadcrumb":{"@id":"https:\/\/nitu.mx\/index.php\/2020\/01\/09\/mexico-es-el-pais-mas-visitado-de-america-latina\/#breadcrumb"},"inLanguage":"es-MX","potentialAction":[{"@type":"ReadAction","target":["https:\/\/nitu.mx\/index.php\/2020\/01\/09\/mexico-es-el-pais-mas-visitado-de-america-latina\/"]}]},{"@type":"ImageObject","inLanguage":"es-MX","@id":"https:\/\/nitu.mx\/index.php\/2020\/01\/09\/mexico-es-el-pais-mas-visitado-de-america-latina\/#primaryimage","url":"https:\/\/nitu.mx\/wp-content\/uploads\/2018\/12\/turismo-mexico-consejo.jpg","contentUrl":"https:\/\/nitu.mx\/wp-content\/uploads\/2018\/12\/turismo-mexico-consejo.jpg","width":850,"height":480,"caption":"turismo mexico consejo"},{"@type":"BreadcrumbList","@id":"https:\/\/nitu.mx\/index.php\/2020\/01\/09\/mexico-es-el-pais-mas-visitado-de-america-latina\/#breadcrumb","itemListElement":[{"@type":"ListItem","position":1,"name":"Inicio","item":"https:\/\/nitu.mx\/"},{"@type":"ListItem","position":2,"name":"M\u00e9xico es el pa\u00eds m\u00e1s visitado de Am\u00e9rica Latina"}]},{"@type":"WebSite","@id":"https:\/\/nitu.mx\/#website","url":"https:\/\/nitu.mx\/","name":"Nitu - Noticias de la Industria Turistica","description":"Noticias de la Industria Turistica","publisher":{"@id":"https:\/\/nitu.mx\/#\/schema\/person\/ae7a53426417292d3dd07b45a33e01bc"},"alternateName":"Noticias de la Industria Turistica","potentialAction":[{"@type":"SearchAction","target":{"@type":"EntryPoint","urlTemplate":"https:\/\/nitu.mx\/?s={search_term_string}"},"query-input":"required name=search_term_string"}],"inLanguage":"es-MX"},{"@type":["Person","Organization"],"@id":"https:\/\/nitu.mx\/#\/schema\/person\/ae7a53426417292d3dd07b45a33e01bc","name":"Arturo Medina","image":{"@type":"ImageObject","inLanguage":"es-MX","@id":"https:\/\/nitu.mx\/#\/schema\/person\/image\/","url":"https:\/\/nitu.mx\/wp-content\/uploads\/2024\/04\/4A315622-1904-4D5C-B022-878CDC840E04-90x90-1.jpeg","contentUrl":"https:\/\/nitu.mx\/wp-content\/uploads\/2024\/04\/4A315622-1904-4D5C-B022-878CDC840E04-90x90-1.jpeg","width":90,"height":90,"caption":"Arturo Medina"},"logo":{"@id":"https:\/\/nitu.mx\/#\/schema\/person\/image\/"},"description":"Director NITU.mx, Egresado de la Escuela de Periodismo Carlos Septi\u00e9n Garc\u00eda. Periodista y analista especializado en turismo desde hace 35 a\u00f1os, radicado en Canc\u00fan Q.Roo. arturo@nitu.mx","sameAs":["https:\/\/nitu.mx","https:\/\/www.facebook.com\/NITUmx\/","medinacancun","https:\/\/twitter.com\/@Arturo_Medina_G"]},{"@type":"Person","@id":"https:\/\/nitu.mx\/#\/schema\/person\/4a28fe9bd65924f7c90623773daf1b0b","name":"Redacci\u00f3n","image":{"@type":"ImageObject","inLanguage":"es-MX","@id":"https:\/\/nitu.mx\/#\/schema\/person\/image\/","url":"https:\/\/secure.gravatar.com\/avatar\/5dd011c8ccfc5cd7e4c81e42252aab38?s=96&d=mm&r=g","contentUrl":"https:\/\/secure.gravatar.com\/avatar\/5dd011c8ccfc5cd7e4c81e42252aab38?s=96&d=mm&r=g","caption":"Redacci\u00f3n"},"url":"https:\/\/nitu.mx\/index.php\/author\/redaccion\/"}]}},"views":447,"_links":{"self":[{"href":"https:\/\/nitu.mx\/index.php\/wp-json\/wp\/v2\/posts\/38860"}],"collection":[{"href":"https:\/\/nitu.mx\/index.php\/wp-json\/wp\/v2\/posts"}],"about":[{"href":"https:\/\/nitu.mx\/index.php\/wp-json\/wp\/v2\/types\/post"}],"author":[{"embeddable":true,"href":"https:\/\/nitu.mx\/index.php\/wp-json\/wp\/v2\/users\/17"}],"replies":[{"embeddable":true,"href":"https:\/\/nitu.mx\/index.php\/wp-json\/wp\/v2\/comments?post=38860"}],"version-history":[{"count":2,"href":"https:\/\/nitu.mx\/index.php\/wp-json\/wp\/v2\/posts\/38860\/revisions"}],"predecessor-version":[{"id":38880,"href":"https:\/\/nitu.mx\/index.php\/wp-json\/wp\/v2\/posts\/38860\/revisions\/38880"}],"wp:featuredmedia":[{"embeddable":true,"href":"https:\/\/nitu.mx\/index.php\/wp-json\/wp\/v2\/media\/27747"}],"wp:attachment":[{"href":"https:\/\/nitu.mx\/index.php\/wp-json\/wp\/v2\/media?parent=38860"}],"wp:term":[{"taxonomy":"category","embeddable":true,"href":"https:\/\/nitu.mx\/index.php\/wp-json\/wp\/v2\/categories?post=38860"},{"taxonomy":"post_tag","embeddable":true,"href":"https:\/\/nitu.mx\/index.php\/wp-json\/wp\/v2\/tags?post=38860"}],"curies":[{"name":"wp","href":"https:\/\/api.w.org\/{rel}","templated":true}]}}