{"id":38797,"date":"2020-01-07T00:04:39","date_gmt":"2020-01-07T05:04:39","guid":{"rendered":"https:\/\/www.dev.nitu.mx\/?p=38797"},"modified":"2020-01-07T01:11:30","modified_gmt":"2020-01-07T06:11:30","slug":"vuelos-de-viva-aerobus-regresan-a-su-operacion-habitual","status":"publish","type":"post","link":"https:\/\/nitu.mx\/index.php\/2020\/01\/07\/vuelos-de-viva-aerobus-regresan-a-su-operacion-habitual\/","title":{"rendered":"Vuelos de Viva Aerobus regresan a su operaci\u00f3n habitual"},"content":{"rendered":"<p>Despu\u00e9s de tener varias demoras en sus vuelos por la inasistencia de un grupo de sobrecargos, debido a sus condiciones laborales, la aerol\u00ednea, Viva Aerobus, que comanda Juan Carlos Zuazua, casi mantiene en su totalidad sus operaciones habituales.<\/p>\n<p>Zuazua se\u00f1al\u00f3 que la aerol\u00ednea ya se encuentra en reuniones con sus sobrecargos bajo un di\u00e1logo constructivo, encaminados a llegar a un acuerdo justo en relaci\u00f3n con sus peticiones laborales dentro de un ambiente de respeto, empat\u00eda, colaboraci\u00f3n y cordialidad.<\/p>\n<p>Prev\u00e9n que en los pr\u00f3ximos d\u00edas la operaci\u00f3n de los vuelos se regularice completamente.<\/p>\n<p>A trav\u00e9s de un comunicado, la aerol\u00ednea lamenta los inconvenientes ocasionados a sus clientes. &#8220;Trabajamos a nuestra m\u00e1xima capacidad en opciones que permitan a los pasajeros que se vieron afectados realizar su viaje a la brevedad posible; compens\u00e1ndolos de acuerdo con la normatividad vigente y las pol\u00edticas de la aerol\u00ednea&#8221;, destac\u00f3 su director general.<\/p>\n<p>Asimismo, se\u00f1al\u00f3 que Viva Aerobus reafirma su compromiso con un entorno laboral justo, equitativo, apegado al marco legal vigente y saludable que posibilite la excelencia y crecimiento profesional de todos sus colaboradores.\u00a0<a title=\"Viva Aerobus se fija la meta de transportar 20 millones de pasajeros en 2020\" href=\"https:\/\/www.dev.nitu.mx\/index.php\/2019\/12\/10\/viva-aerobus-se-fija-la-meta-de-transportar-20-millones-de-pasajeros-en-2020\/\" rel=\"bookmark\">(Viva Aerobus se fija la meta de transportar 20 millones de pasajeros en 2020<\/a>).<\/p>\n","protected":false},"excerpt":{"rendered":"<p>Despu\u00e9s de tener varias demoras en sus vuelos por la inasistencia de un grupo de sobrecargos, debido a sus condiciones laborales, la aerol\u00ednea, Viva Aerobus, que comanda Juan Carlos Zuazua, casi mantiene en su totalidad sus operaciones habituales. Zuazua se\u00f1al\u00f3 que la aerol\u00ednea ya se encuentra en reuniones con sus sobrecargos bajo un di\u00e1logo constructivo, [&hellip;]<\/p>\n","protected":false},"author":17,"featured_media":31022,"comment_status":"open","ping_status":"open","sticky":false,"template":"","format":"standard","meta":{"footnotes":""},"categories":[29],"tags":[295,11967,2102],"yoast_head":"<!-- This site is optimized with the Yoast SEO plugin v22.2 - https:\/\/yoast.com\/wordpress\/plugins\/seo\/ -->\n<title>Vuelos de Viva Aerobus regresan a su operaci\u00f3n habitual - Nitu - Noticias de la Industria Turistica<\/title>\n<meta name=\"description\" content=\"Despu\u00e9s de tener varias demoras en sus vuelos por la inasistencia de sobrecargos, Viva Aerobus, casi mantiene en su totalidad sus operaciones habituales.\" \/>\n<meta name=\"robots\" content=\"index, follow, max-snippet:-1, max-image-preview:large, max-video-preview:-1\" \/>\n<link rel=\"canonical\" href=\"https:\/\/nitu.mx\/index.php\/2020\/01\/07\/vuelos-de-viva-aerobus-regresan-a-su-operacion-habitual\/\" \/>\n<meta name=\"twitter:card\" content=\"summary_large_image\" \/>\n<meta name=\"twitter:title\" content=\"Vuelos de Viva Aerobus regresan a su operaci\u00f3n habitual - Nitu - Noticias de la Industria Turistica\" \/>\n<meta name=\"twitter:description\" content=\"Despu\u00e9s de tener varias demoras en sus vuelos por la inasistencia de sobrecargos, Viva Aerobus, casi mantiene en su totalidad sus operaciones habituales.\" \/>\n<meta name=\"twitter:image\" content=\"https:\/\/nitu.mx\/wp-content\/uploads\/2019\/04\/Viva-Aerobus-Tianguis.jpg\" \/>\n<meta name=\"twitter:creator\" content=\"@NITUmx\" \/>\n<meta name=\"twitter:site\" content=\"@Arturo_Medina_G\" \/>\n<meta name=\"twitter:label1\" content=\"Escrito por\" \/>\n\t<meta name=\"twitter:data1\" content=\"Redacci\u00f3n\" \/>\n\t<meta name=\"twitter:label2\" content=\"Tiempo de lectura\" \/>\n\t<meta name=\"twitter:data2\" content=\"1 minuto\" \/>\n<script type=\"application\/ld+json\" class=\"yoast-schema-graph\">{\"@context\":\"https:\/\/schema.org\",\"@graph\":[{\"@type\":\"Article\",\"@id\":\"https:\/\/nitu.mx\/index.php\/2020\/01\/07\/vuelos-de-viva-aerobus-regresan-a-su-operacion-habitual\/#article\",\"isPartOf\":{\"@id\":\"https:\/\/nitu.mx\/index.php\/2020\/01\/07\/vuelos-de-viva-aerobus-regresan-a-su-operacion-habitual\/\"},\"author\":{\"name\":\"Redacci\u00f3n\",\"@id\":\"https:\/\/nitu.mx\/#\/schema\/person\/4a28fe9bd65924f7c90623773daf1b0b\"},\"headline\":\"Vuelos de Viva Aerobus regresan a su operaci\u00f3n habitual\",\"datePublished\":\"2020-01-07T05:04:39+00:00\",\"dateModified\":\"2020-01-07T06:11:30+00:00\",\"mainEntityOfPage\":{\"@id\":\"https:\/\/nitu.mx\/index.php\/2020\/01\/07\/vuelos-de-viva-aerobus-regresan-a-su-operacion-habitual\/\"},\"wordCount\":219,\"commentCount\":0,\"publisher\":{\"@id\":\"https:\/\/nitu.mx\/#\/schema\/person\/ae7a53426417292d3dd07b45a33e01bc\"},\"image\":{\"@id\":\"https:\/\/nitu.mx\/index.php\/2020\/01\/07\/vuelos-de-viva-aerobus-regresan-a-su-operacion-habitual\/#primaryimage\"},\"thumbnailUrl\":\"https:\/\/nitu.mx\/wp-content\/uploads\/2019\/04\/Viva-Aerobus-Tianguis.jpg\",\"keywords\":[\"Juan Carlos Zuazua\",\"sobrecargos\",\"Viva Aerobus\"],\"articleSection\":[\"Aerol\u00edneas\"],\"inLanguage\":\"es-MX\",\"potentialAction\":[{\"@type\":\"CommentAction\",\"name\":\"Comment\",\"target\":[\"https:\/\/nitu.mx\/index.php\/2020\/01\/07\/vuelos-de-viva-aerobus-regresan-a-su-operacion-habitual\/#respond\"]}]},{\"@type\":\"WebPage\",\"@id\":\"https:\/\/nitu.mx\/index.php\/2020\/01\/07\/vuelos-de-viva-aerobus-regresan-a-su-operacion-habitual\/\",\"url\":\"https:\/\/nitu.mx\/index.php\/2020\/01\/07\/vuelos-de-viva-aerobus-regresan-a-su-operacion-habitual\/\",\"name\":\"Vuelos de Viva Aerobus regresan a su operaci\u00f3n habitual - Nitu - Noticias de la Industria Turistica\",\"isPartOf\":{\"@id\":\"https:\/\/nitu.mx\/#website\"},\"primaryImageOfPage\":{\"@id\":\"https:\/\/nitu.mx\/index.php\/2020\/01\/07\/vuelos-de-viva-aerobus-regresan-a-su-operacion-habitual\/#primaryimage\"},\"image\":{\"@id\":\"https:\/\/nitu.mx\/index.php\/2020\/01\/07\/vuelos-de-viva-aerobus-regresan-a-su-operacion-habitual\/#primaryimage\"},\"thumbnailUrl\":\"https:\/\/nitu.mx\/wp-content\/uploads\/2019\/04\/Viva-Aerobus-Tianguis.jpg\",\"datePublished\":\"2020-01-07T05:04:39+00:00\",\"dateModified\":\"2020-01-07T06:11:30+00:00\",\"description\":\"Despu\u00e9s de tener varias demoras en sus vuelos por la inasistencia de sobrecargos, Viva Aerobus, casi mantiene en su totalidad sus operaciones habituales.\",\"breadcrumb\":{\"@id\":\"https:\/\/nitu.mx\/index.php\/2020\/01\/07\/vuelos-de-viva-aerobus-regresan-a-su-operacion-habitual\/#breadcrumb\"},\"inLanguage\":\"es-MX\",\"potentialAction\":[{\"@type\":\"ReadAction\",\"target\":[\"https:\/\/nitu.mx\/index.php\/2020\/01\/07\/vuelos-de-viva-aerobus-regresan-a-su-operacion-habitual\/\"]}]},{\"@type\":\"ImageObject\",\"inLanguage\":\"es-MX\",\"@id\":\"https:\/\/nitu.mx\/index.php\/2020\/01\/07\/vuelos-de-viva-aerobus-regresan-a-su-operacion-habitual\/#primaryimage\",\"url\":\"https:\/\/nitu.mx\/wp-content\/uploads\/2019\/04\/Viva-Aerobus-Tianguis.jpg\",\"contentUrl\":\"https:\/\/nitu.mx\/wp-content\/uploads\/2019\/04\/Viva-Aerobus-Tianguis.jpg\",\"width\":850,\"height\":480,\"caption\":\"Viva Aerobus Tianguis\"},{\"@type\":\"BreadcrumbList\",\"@id\":\"https:\/\/nitu.mx\/index.php\/2020\/01\/07\/vuelos-de-viva-aerobus-regresan-a-su-operacion-habitual\/#breadcrumb\",\"itemListElement\":[{\"@type\":\"ListItem\",\"position\":1,\"name\":\"Inicio\",\"item\":\"https:\/\/nitu.mx\/\"},{\"@type\":\"ListItem\",\"position\":2,\"name\":\"Vuelos de Viva Aerobus regresan a su operaci\u00f3n habitual\"}]},{\"@type\":\"WebSite\",\"@id\":\"https:\/\/nitu.mx\/#website\",\"url\":\"https:\/\/nitu.mx\/\",\"name\":\"Nitu - Noticias de la Industria Turistica\",\"description\":\"Noticias de la Industria Turistica\",\"publisher\":{\"@id\":\"https:\/\/nitu.mx\/#\/schema\/person\/ae7a53426417292d3dd07b45a33e01bc\"},\"alternateName\":\"Noticias de la Industria Turistica\",\"potentialAction\":[{\"@type\":\"SearchAction\",\"target\":{\"@type\":\"EntryPoint\",\"urlTemplate\":\"https:\/\/nitu.mx\/?s={search_term_string}\"},\"query-input\":\"required name=search_term_string\"}],\"inLanguage\":\"es-MX\"},{\"@type\":[\"Person\",\"Organization\"],\"@id\":\"https:\/\/nitu.mx\/#\/schema\/person\/ae7a53426417292d3dd07b45a33e01bc\",\"name\":\"Arturo Medina\",\"image\":{\"@type\":\"ImageObject\",\"inLanguage\":\"es-MX\",\"@id\":\"https:\/\/nitu.mx\/#\/schema\/person\/image\/\",\"url\":\"https:\/\/nitu.mx\/wp-content\/uploads\/2024\/04\/4A315622-1904-4D5C-B022-878CDC840E04-90x90-1.jpeg\",\"contentUrl\":\"https:\/\/nitu.mx\/wp-content\/uploads\/2024\/04\/4A315622-1904-4D5C-B022-878CDC840E04-90x90-1.jpeg\",\"width\":90,\"height\":90,\"caption\":\"Arturo Medina\"},\"logo\":{\"@id\":\"https:\/\/nitu.mx\/#\/schema\/person\/image\/\"},\"description\":\"Director NITU.mx, Egresado de la Escuela de Periodismo Carlos Septi\u00e9n Garc\u00eda. Periodista y analista especializado en turismo desde hace 35 a\u00f1os, radicado en Canc\u00fan Q.Roo. arturo@nitu.mx\",\"sameAs\":[\"https:\/\/nitu.mx\",\"https:\/\/www.facebook.com\/NITUmx\/\",\"medinacancun\",\"https:\/\/twitter.com\/@Arturo_Medina_G\"]},{\"@type\":\"Person\",\"@id\":\"https:\/\/nitu.mx\/#\/schema\/person\/4a28fe9bd65924f7c90623773daf1b0b\",\"name\":\"Redacci\u00f3n\",\"image\":{\"@type\":\"ImageObject\",\"inLanguage\":\"es-MX\",\"@id\":\"https:\/\/nitu.mx\/#\/schema\/person\/image\/\",\"url\":\"https:\/\/secure.gravatar.com\/avatar\/5dd011c8ccfc5cd7e4c81e42252aab38?s=96&d=mm&r=g\",\"contentUrl\":\"https:\/\/secure.gravatar.com\/avatar\/5dd011c8ccfc5cd7e4c81e42252aab38?s=96&d=mm&r=g\",\"caption\":\"Redacci\u00f3n\"},\"url\":\"https:\/\/nitu.mx\/index.php\/author\/redaccion\/\"}]}<\/script>\n<!-- \/ Yoast SEO plugin. -->","yoast_head_json":{"title":"Vuelos de Viva Aerobus regresan a su operaci\u00f3n habitual - Nitu - Noticias de la Industria Turistica","description":"Despu\u00e9s de tener varias demoras en sus vuelos por la inasistencia de sobrecargos, Viva Aerobus, casi mantiene en su totalidad sus operaciones habituales.","robots":{"index":"index","follow":"follow","max-snippet":"max-snippet:-1","max-image-preview":"max-image-preview:large","max-video-preview":"max-video-preview:-1"},"canonical":"https:\/\/nitu.mx\/index.php\/2020\/01\/07\/vuelos-de-viva-aerobus-regresan-a-su-operacion-habitual\/","twitter_card":"summary_large_image","twitter_title":"Vuelos de Viva Aerobus regresan a su operaci\u00f3n habitual - Nitu - Noticias de la Industria Turistica","twitter_description":"Despu\u00e9s de tener varias demoras en sus vuelos por la inasistencia de sobrecargos, Viva Aerobus, casi mantiene en su totalidad sus operaciones habituales.","twitter_image":"https:\/\/nitu.mx\/wp-content\/uploads\/2019\/04\/Viva-Aerobus-Tianguis.jpg","twitter_creator":"@NITUmx","twitter_site":"@Arturo_Medina_G","twitter_misc":{"Escrito por":"Redacci\u00f3n","Tiempo de lectura":"1 minuto"},"schema":{"@context":"https:\/\/schema.org","@graph":[{"@type":"Article","@id":"https:\/\/nitu.mx\/index.php\/2020\/01\/07\/vuelos-de-viva-aerobus-regresan-a-su-operacion-habitual\/#article","isPartOf":{"@id":"https:\/\/nitu.mx\/index.php\/2020\/01\/07\/vuelos-de-viva-aerobus-regresan-a-su-operacion-habitual\/"},"author":{"name":"Redacci\u00f3n","@id":"https:\/\/nitu.mx\/#\/schema\/person\/4a28fe9bd65924f7c90623773daf1b0b"},"headline":"Vuelos de Viva Aerobus regresan a su operaci\u00f3n habitual","datePublished":"2020-01-07T05:04:39+00:00","dateModified":"2020-01-07T06:11:30+00:00","mainEntityOfPage":{"@id":"https:\/\/nitu.mx\/index.php\/2020\/01\/07\/vuelos-de-viva-aerobus-regresan-a-su-operacion-habitual\/"},"wordCount":219,"commentCount":0,"publisher":{"@id":"https:\/\/nitu.mx\/#\/schema\/person\/ae7a53426417292d3dd07b45a33e01bc"},"image":{"@id":"https:\/\/nitu.mx\/index.php\/2020\/01\/07\/vuelos-de-viva-aerobus-regresan-a-su-operacion-habitual\/#primaryimage"},"thumbnailUrl":"https:\/\/nitu.mx\/wp-content\/uploads\/2019\/04\/Viva-Aerobus-Tianguis.jpg","keywords":["Juan Carlos Zuazua","sobrecargos","Viva Aerobus"],"articleSection":["Aerol\u00edneas"],"inLanguage":"es-MX","potentialAction":[{"@type":"CommentAction","name":"Comment","target":["https:\/\/nitu.mx\/index.php\/2020\/01\/07\/vuelos-de-viva-aerobus-regresan-a-su-operacion-habitual\/#respond"]}]},{"@type":"WebPage","@id":"https:\/\/nitu.mx\/index.php\/2020\/01\/07\/vuelos-de-viva-aerobus-regresan-a-su-operacion-habitual\/","url":"https:\/\/nitu.mx\/index.php\/2020\/01\/07\/vuelos-de-viva-aerobus-regresan-a-su-operacion-habitual\/","name":"Vuelos de Viva Aerobus regresan a su operaci\u00f3n habitual - Nitu - Noticias de la Industria Turistica","isPartOf":{"@id":"https:\/\/nitu.mx\/#website"},"primaryImageOfPage":{"@id":"https:\/\/nitu.mx\/index.php\/2020\/01\/07\/vuelos-de-viva-aerobus-regresan-a-su-operacion-habitual\/#primaryimage"},"image":{"@id":"https:\/\/nitu.mx\/index.php\/2020\/01\/07\/vuelos-de-viva-aerobus-regresan-a-su-operacion-habitual\/#primaryimage"},"thumbnailUrl":"https:\/\/nitu.mx\/wp-content\/uploads\/2019\/04\/Viva-Aerobus-Tianguis.jpg","datePublished":"2020-01-07T05:04:39+00:00","dateModified":"2020-01-07T06:11:30+00:00","description":"Despu\u00e9s de tener varias demoras en sus vuelos por la inasistencia de sobrecargos, Viva Aerobus, casi mantiene en su totalidad sus operaciones habituales.","breadcrumb":{"@id":"https:\/\/nitu.mx\/index.php\/2020\/01\/07\/vuelos-de-viva-aerobus-regresan-a-su-operacion-habitual\/#breadcrumb"},"inLanguage":"es-MX","potentialAction":[{"@type":"ReadAction","target":["https:\/\/nitu.mx\/index.php\/2020\/01\/07\/vuelos-de-viva-aerobus-regresan-a-su-operacion-habitual\/"]}]},{"@type":"ImageObject","inLanguage":"es-MX","@id":"https:\/\/nitu.mx\/index.php\/2020\/01\/07\/vuelos-de-viva-aerobus-regresan-a-su-operacion-habitual\/#primaryimage","url":"https:\/\/nitu.mx\/wp-content\/uploads\/2019\/04\/Viva-Aerobus-Tianguis.jpg","contentUrl":"https:\/\/nitu.mx\/wp-content\/uploads\/2019\/04\/Viva-Aerobus-Tianguis.jpg","width":850,"height":480,"caption":"Viva Aerobus Tianguis"},{"@type":"BreadcrumbList","@id":"https:\/\/nitu.mx\/index.php\/2020\/01\/07\/vuelos-de-viva-aerobus-regresan-a-su-operacion-habitual\/#breadcrumb","itemListElement":[{"@type":"ListItem","position":1,"name":"Inicio","item":"https:\/\/nitu.mx\/"},{"@type":"ListItem","position":2,"name":"Vuelos de Viva Aerobus regresan a su operaci\u00f3n habitual"}]},{"@type":"WebSite","@id":"https:\/\/nitu.mx\/#website","url":"https:\/\/nitu.mx\/","name":"Nitu - Noticias de la Industria Turistica","description":"Noticias de la Industria Turistica","publisher":{"@id":"https:\/\/nitu.mx\/#\/schema\/person\/ae7a53426417292d3dd07b45a33e01bc"},"alternateName":"Noticias de la Industria Turistica","potentialAction":[{"@type":"SearchAction","target":{"@type":"EntryPoint","urlTemplate":"https:\/\/nitu.mx\/?s={search_term_string}"},"query-input":"required name=search_term_string"}],"inLanguage":"es-MX"},{"@type":["Person","Organization"],"@id":"https:\/\/nitu.mx\/#\/schema\/person\/ae7a53426417292d3dd07b45a33e01bc","name":"Arturo Medina","image":{"@type":"ImageObject","inLanguage":"es-MX","@id":"https:\/\/nitu.mx\/#\/schema\/person\/image\/","url":"https:\/\/nitu.mx\/wp-content\/uploads\/2024\/04\/4A315622-1904-4D5C-B022-878CDC840E04-90x90-1.jpeg","contentUrl":"https:\/\/nitu.mx\/wp-content\/uploads\/2024\/04\/4A315622-1904-4D5C-B022-878CDC840E04-90x90-1.jpeg","width":90,"height":90,"caption":"Arturo Medina"},"logo":{"@id":"https:\/\/nitu.mx\/#\/schema\/person\/image\/"},"description":"Director NITU.mx, Egresado de la Escuela de Periodismo Carlos Septi\u00e9n Garc\u00eda. Periodista y analista especializado en turismo desde hace 35 a\u00f1os, radicado en Canc\u00fan Q.Roo. arturo@nitu.mx","sameAs":["https:\/\/nitu.mx","https:\/\/www.facebook.com\/NITUmx\/","medinacancun","https:\/\/twitter.com\/@Arturo_Medina_G"]},{"@type":"Person","@id":"https:\/\/nitu.mx\/#\/schema\/person\/4a28fe9bd65924f7c90623773daf1b0b","name":"Redacci\u00f3n","image":{"@type":"ImageObject","inLanguage":"es-MX","@id":"https:\/\/nitu.mx\/#\/schema\/person\/image\/","url":"https:\/\/secure.gravatar.com\/avatar\/5dd011c8ccfc5cd7e4c81e42252aab38?s=96&d=mm&r=g","contentUrl":"https:\/\/secure.gravatar.com\/avatar\/5dd011c8ccfc5cd7e4c81e42252aab38?s=96&d=mm&r=g","caption":"Redacci\u00f3n"},"url":"https:\/\/nitu.mx\/index.php\/author\/redaccion\/"}]}},"views":313,"_links":{"self":[{"href":"https:\/\/nitu.mx\/index.php\/wp-json\/wp\/v2\/posts\/38797"}],"collection":[{"href":"https:\/\/nitu.mx\/index.php\/wp-json\/wp\/v2\/posts"}],"about":[{"href":"https:\/\/nitu.mx\/index.php\/wp-json\/wp\/v2\/types\/post"}],"author":[{"embeddable":true,"href":"https:\/\/nitu.mx\/index.php\/wp-json\/wp\/v2\/users\/17"}],"replies":[{"embeddable":true,"href":"https:\/\/nitu.mx\/index.php\/wp-json\/wp\/v2\/comments?post=38797"}],"version-history":[{"count":2,"href":"https:\/\/nitu.mx\/index.php\/wp-json\/wp\/v2\/posts\/38797\/revisions"}],"predecessor-version":[{"id":38814,"href":"https:\/\/nitu.mx\/index.php\/wp-json\/wp\/v2\/posts\/38797\/revisions\/38814"}],"wp:featuredmedia":[{"embeddable":true,"href":"https:\/\/nitu.mx\/index.php\/wp-json\/wp\/v2\/media\/31022"}],"wp:attachment":[{"href":"https:\/\/nitu.mx\/index.php\/wp-json\/wp\/v2\/media?parent=38797"}],"wp:term":[{"taxonomy":"category","embeddable":true,"href":"https:\/\/nitu.mx\/index.php\/wp-json\/wp\/v2\/categories?post=38797"},{"taxonomy":"post_tag","embeddable":true,"href":"https:\/\/nitu.mx\/index.php\/wp-json\/wp\/v2\/tags?post=38797"}],"curies":[{"name":"wp","href":"https:\/\/api.w.org\/{rel}","templated":true}]}}