{"id":38768,"date":"2020-01-06T01:10:45","date_gmt":"2020-01-06T06:10:45","guid":{"rendered":"https:\/\/www.dev.nitu.mx\/?p=38768"},"modified":"2020-01-06T01:28:52","modified_gmt":"2020-01-06T06:28:52","slug":"los-cabos-se-consolida-en-la-industria-turistica-con-6-6-mas-en-los-vuelos-internacionales","status":"publish","type":"post","link":"https:\/\/nitu.mx\/index.php\/2020\/01\/06\/los-cabos-se-consolida-en-la-industria-turistica-con-6-6-mas-en-los-vuelos-internacionales\/","title":{"rendered":"Los Cabos se consolida en la industria tur\u00edstica con 6.6% m\u00e1s en los vuelos internacionales"},"content":{"rendered":"<p>Sigue consolid\u00e1ndose Los Cabos en la industria tur\u00edstica, ya que al cierre del 2019, de acuerdo al observatorio tur\u00edstico del municipio, la llegada de pasajeros v\u00eda a\u00e9rea es de 8.6 por ciento m\u00e1s, hasta el mes de noviembre, en comparativa con el a\u00f1o anterior; en tanto que en el acumulado del a\u00f1o se registr\u00f3 6.6 por ciento, mientras que en los vuelos internacionales, mostraron un avance de 7.3 por ciento, y las rutas privadas crecieron 8.9 por ciento.<\/p>\n<p>Destaco el titular de Turismo del XIII Ayuntamiento, Alejandro Bonilla Guerrero, que al final de 2019, el destino se ubic\u00f3 en el tercer lugar a nivel nacional en vuelos, con 130 viajes por semana, dicha cifra es la m\u00e1s alta registrada en los \u00faltimos dos a\u00f1os.<\/p>\n<p>El servidor p\u00fablico dio a conocer que para la industria de cruceros y puertos el crecimiento internacional est\u00e1 por arriba de 10 por ciento y ha dejado este a\u00f1o una derrama econ\u00f3mica para Los Cabos de 21.6 millones de d\u00f3lares.<\/p>\n<p>Destaco Bonilla Guerrero que estas cifras se traducen en m\u00e1s y mejores empleos y muestra que: \u201cvamos por buen camino; continuaremos trabajando por el bien com\u00fan, para que haya m\u00e1s oportunidades de progreso para la poblaci\u00f3n cabe\u00f1a\u201d.<\/p>\n<p>Subray\u00f3 que, tambi\u00e9n se ha fortalecido el desarrollo comercial en el resto de los sectores productivos del municipio y este es el resultado del trabajo de la XIII Administraci\u00f3n de Los Cabos, presidida por Armida Castro Guzm\u00e1n, \u201ccontinuaremos trabajando para fortalecer a Los Cabos a fin de que contin\u00fae en los primeros lugares de crecimiento econ\u00f3mico a nivel nacional\u201d. (El Sudcaliforniano)\u00a0<a title=\"Nuevo impuesto al turismo de Los Cabos no es obligatorio para los visitantes\" href=\"https:\/\/www.dev.nitu.mx\/index.php\/2019\/12\/23\/nuevo-impuesto-al-turismo-de-los-cabos-no-es-obligatorio-para-los-visitantes\/\" rel=\"bookmark\">(Nuevo impuesto al turismo de Los Cabos no es obligatorio para los visitantes<\/a>).<\/p>\n","protected":false},"excerpt":{"rendered":"<p>Sigue consolid\u00e1ndose Los Cabos en la industria tur\u00edstica, ya que al cierre del 2019, de acuerdo al observatorio tur\u00edstico del municipio, la llegada de pasajeros v\u00eda a\u00e9rea es de 8.6 por ciento m\u00e1s, hasta el mes de noviembre, en comparativa con el a\u00f1o anterior; en tanto que en el acumulado del a\u00f1o se registr\u00f3 6.6 [&hellip;]<\/p>\n","protected":false},"author":17,"featured_media":14473,"comment_status":"open","ping_status":"open","sticky":false,"template":"","format":"standard","meta":{"footnotes":""},"categories":[5,6],"tags":[18447,3183,130,3771,11949],"yoast_head":"<!-- This site is optimized with the Yoast SEO plugin v22.2 - https:\/\/yoast.com\/wordpress\/plugins\/seo\/ -->\n<title>Los Cabos se consolida en la industria tur\u00edstica con 6.6% m\u00e1s en los vuelos internacionales - Nitu - Noticias de la Industria Turistica<\/title>\n<meta name=\"description\" content=\"Sigue consolid\u00e1ndose Los Cabos en la industria tur\u00edstica, ya que al cierre del 2019, la llegada de pasajeros v\u00eda a\u00e9rea es de 8.6 por ciento m\u00e1s.\" \/>\n<meta name=\"robots\" content=\"index, follow, max-snippet:-1, max-image-preview:large, max-video-preview:-1\" \/>\n<link rel=\"canonical\" href=\"https:\/\/nitu.mx\/index.php\/2020\/01\/06\/los-cabos-se-consolida-en-la-industria-turistica-con-6-6-mas-en-los-vuelos-internacionales\/\" \/>\n<meta name=\"twitter:card\" content=\"summary_large_image\" \/>\n<meta name=\"twitter:title\" content=\"Los Cabos se consolida en la industria tur\u00edstica con 6.6% m\u00e1s en los vuelos internacionales - Nitu - Noticias de la Industria Turistica\" \/>\n<meta name=\"twitter:description\" content=\"Sigue consolid\u00e1ndose Los Cabos en la industria tur\u00edstica, ya que al cierre del 2019, la llegada de pasajeros v\u00eda a\u00e9rea es de 8.6 por ciento m\u00e1s.\" \/>\n<meta name=\"twitter:image\" content=\"https:\/\/nitu.mx\/wp-content\/uploads\/2017\/11\/los-cabos.jpg\" \/>\n<meta name=\"twitter:creator\" content=\"@NITUmx\" \/>\n<meta name=\"twitter:site\" content=\"@Arturo_Medina_G\" \/>\n<meta name=\"twitter:label1\" content=\"Escrito por\" \/>\n\t<meta name=\"twitter:data1\" content=\"Redacci\u00f3n\" \/>\n\t<meta name=\"twitter:label2\" content=\"Tiempo de lectura\" \/>\n\t<meta name=\"twitter:data2\" content=\"1 minuto\" \/>\n<script type=\"application\/ld+json\" class=\"yoast-schema-graph\">{\"@context\":\"https:\/\/schema.org\",\"@graph\":[{\"@type\":\"Article\",\"@id\":\"https:\/\/nitu.mx\/index.php\/2020\/01\/06\/los-cabos-se-consolida-en-la-industria-turistica-con-6-6-mas-en-los-vuelos-internacionales\/#article\",\"isPartOf\":{\"@id\":\"https:\/\/nitu.mx\/index.php\/2020\/01\/06\/los-cabos-se-consolida-en-la-industria-turistica-con-6-6-mas-en-los-vuelos-internacionales\/\"},\"author\":{\"name\":\"Redacci\u00f3n\",\"@id\":\"https:\/\/nitu.mx\/#\/schema\/person\/4a28fe9bd65924f7c90623773daf1b0b\"},\"headline\":\"Los Cabos se consolida en la industria tur\u00edstica con 6.6% m\u00e1s en los vuelos internacionales\",\"datePublished\":\"2020-01-06T06:10:45+00:00\",\"dateModified\":\"2020-01-06T06:28:52+00:00\",\"mainEntityOfPage\":{\"@id\":\"https:\/\/nitu.mx\/index.php\/2020\/01\/06\/los-cabos-se-consolida-en-la-industria-turistica-con-6-6-mas-en-los-vuelos-internacionales\/\"},\"wordCount\":306,\"commentCount\":0,\"publisher\":{\"@id\":\"https:\/\/nitu.mx\/#\/schema\/person\/ae7a53426417292d3dd07b45a33e01bc\"},\"image\":{\"@id\":\"https:\/\/nitu.mx\/index.php\/2020\/01\/06\/los-cabos-se-consolida-en-la-industria-turistica-con-6-6-mas-en-los-vuelos-internacionales\/#primaryimage\"},\"thumbnailUrl\":\"https:\/\/nitu.mx\/wp-content\/uploads\/2017\/11\/los-cabos.jpg\",\"keywords\":[\"Alejandro Bonilla\",\"Industria Tur\u00edstica\",\"Los Cabos\",\"pasajeros\",\"vuelos internacionales\"],\"articleSection\":[\"Destinos\",\"M\u00e9xico\"],\"inLanguage\":\"es-MX\",\"potentialAction\":[{\"@type\":\"CommentAction\",\"name\":\"Comment\",\"target\":[\"https:\/\/nitu.mx\/index.php\/2020\/01\/06\/los-cabos-se-consolida-en-la-industria-turistica-con-6-6-mas-en-los-vuelos-internacionales\/#respond\"]}]},{\"@type\":\"WebPage\",\"@id\":\"https:\/\/nitu.mx\/index.php\/2020\/01\/06\/los-cabos-se-consolida-en-la-industria-turistica-con-6-6-mas-en-los-vuelos-internacionales\/\",\"url\":\"https:\/\/nitu.mx\/index.php\/2020\/01\/06\/los-cabos-se-consolida-en-la-industria-turistica-con-6-6-mas-en-los-vuelos-internacionales\/\",\"name\":\"Los Cabos se consolida en la industria tur\u00edstica con 6.6% m\u00e1s en los vuelos internacionales - Nitu - Noticias de la Industria Turistica\",\"isPartOf\":{\"@id\":\"https:\/\/nitu.mx\/#website\"},\"primaryImageOfPage\":{\"@id\":\"https:\/\/nitu.mx\/index.php\/2020\/01\/06\/los-cabos-se-consolida-en-la-industria-turistica-con-6-6-mas-en-los-vuelos-internacionales\/#primaryimage\"},\"image\":{\"@id\":\"https:\/\/nitu.mx\/index.php\/2020\/01\/06\/los-cabos-se-consolida-en-la-industria-turistica-con-6-6-mas-en-los-vuelos-internacionales\/#primaryimage\"},\"thumbnailUrl\":\"https:\/\/nitu.mx\/wp-content\/uploads\/2017\/11\/los-cabos.jpg\",\"datePublished\":\"2020-01-06T06:10:45+00:00\",\"dateModified\":\"2020-01-06T06:28:52+00:00\",\"description\":\"Sigue consolid\u00e1ndose Los Cabos en la industria tur\u00edstica, ya que al cierre del 2019, la llegada de pasajeros v\u00eda a\u00e9rea es de 8.6 por ciento m\u00e1s.\",\"breadcrumb\":{\"@id\":\"https:\/\/nitu.mx\/index.php\/2020\/01\/06\/los-cabos-se-consolida-en-la-industria-turistica-con-6-6-mas-en-los-vuelos-internacionales\/#breadcrumb\"},\"inLanguage\":\"es-MX\",\"potentialAction\":[{\"@type\":\"ReadAction\",\"target\":[\"https:\/\/nitu.mx\/index.php\/2020\/01\/06\/los-cabos-se-consolida-en-la-industria-turistica-con-6-6-mas-en-los-vuelos-internacionales\/\"]}]},{\"@type\":\"ImageObject\",\"inLanguage\":\"es-MX\",\"@id\":\"https:\/\/nitu.mx\/index.php\/2020\/01\/06\/los-cabos-se-consolida-en-la-industria-turistica-con-6-6-mas-en-los-vuelos-internacionales\/#primaryimage\",\"url\":\"https:\/\/nitu.mx\/wp-content\/uploads\/2017\/11\/los-cabos.jpg\",\"contentUrl\":\"https:\/\/nitu.mx\/wp-content\/uploads\/2017\/11\/los-cabos.jpg\",\"width\":850,\"height\":480,\"caption\":\"los cabos baja california sur\"},{\"@type\":\"BreadcrumbList\",\"@id\":\"https:\/\/nitu.mx\/index.php\/2020\/01\/06\/los-cabos-se-consolida-en-la-industria-turistica-con-6-6-mas-en-los-vuelos-internacionales\/#breadcrumb\",\"itemListElement\":[{\"@type\":\"ListItem\",\"position\":1,\"name\":\"Inicio\",\"item\":\"https:\/\/nitu.mx\/\"},{\"@type\":\"ListItem\",\"position\":2,\"name\":\"Los Cabos se consolida en la industria tur\u00edstica con 6.6% m\u00e1s en los vuelos internacionales\"}]},{\"@type\":\"WebSite\",\"@id\":\"https:\/\/nitu.mx\/#website\",\"url\":\"https:\/\/nitu.mx\/\",\"name\":\"Nitu - Noticias de la Industria Turistica\",\"description\":\"Noticias de la Industria Turistica\",\"publisher\":{\"@id\":\"https:\/\/nitu.mx\/#\/schema\/person\/ae7a53426417292d3dd07b45a33e01bc\"},\"alternateName\":\"Noticias de la Industria Turistica\",\"potentialAction\":[{\"@type\":\"SearchAction\",\"target\":{\"@type\":\"EntryPoint\",\"urlTemplate\":\"https:\/\/nitu.mx\/?s={search_term_string}\"},\"query-input\":\"required name=search_term_string\"}],\"inLanguage\":\"es-MX\"},{\"@type\":[\"Person\",\"Organization\"],\"@id\":\"https:\/\/nitu.mx\/#\/schema\/person\/ae7a53426417292d3dd07b45a33e01bc\",\"name\":\"Arturo Medina\",\"image\":{\"@type\":\"ImageObject\",\"inLanguage\":\"es-MX\",\"@id\":\"https:\/\/nitu.mx\/#\/schema\/person\/image\/\",\"url\":\"https:\/\/nitu.mx\/wp-content\/uploads\/2024\/04\/4A315622-1904-4D5C-B022-878CDC840E04-90x90-1.jpeg\",\"contentUrl\":\"https:\/\/nitu.mx\/wp-content\/uploads\/2024\/04\/4A315622-1904-4D5C-B022-878CDC840E04-90x90-1.jpeg\",\"width\":90,\"height\":90,\"caption\":\"Arturo Medina\"},\"logo\":{\"@id\":\"https:\/\/nitu.mx\/#\/schema\/person\/image\/\"},\"description\":\"Director NITU.mx, Egresado de la Escuela de Periodismo Carlos Septi\u00e9n Garc\u00eda. Periodista y analista especializado en turismo desde hace 35 a\u00f1os, radicado en Canc\u00fan Q.Roo. arturo@nitu.mx\",\"sameAs\":[\"https:\/\/nitu.mx\",\"https:\/\/www.facebook.com\/NITUmx\/\",\"medinacancun\",\"https:\/\/twitter.com\/@Arturo_Medina_G\"]},{\"@type\":\"Person\",\"@id\":\"https:\/\/nitu.mx\/#\/schema\/person\/4a28fe9bd65924f7c90623773daf1b0b\",\"name\":\"Redacci\u00f3n\",\"image\":{\"@type\":\"ImageObject\",\"inLanguage\":\"es-MX\",\"@id\":\"https:\/\/nitu.mx\/#\/schema\/person\/image\/\",\"url\":\"https:\/\/secure.gravatar.com\/avatar\/5dd011c8ccfc5cd7e4c81e42252aab38?s=96&d=mm&r=g\",\"contentUrl\":\"https:\/\/secure.gravatar.com\/avatar\/5dd011c8ccfc5cd7e4c81e42252aab38?s=96&d=mm&r=g\",\"caption\":\"Redacci\u00f3n\"},\"url\":\"https:\/\/nitu.mx\/index.php\/author\/redaccion\/\"}]}<\/script>\n<!-- \/ Yoast SEO plugin. -->","yoast_head_json":{"title":"Los Cabos se consolida en la industria tur\u00edstica con 6.6% m\u00e1s en los vuelos internacionales - Nitu - Noticias de la Industria Turistica","description":"Sigue consolid\u00e1ndose Los Cabos en la industria tur\u00edstica, ya que al cierre del 2019, la llegada de pasajeros v\u00eda a\u00e9rea es de 8.6 por ciento m\u00e1s.","robots":{"index":"index","follow":"follow","max-snippet":"max-snippet:-1","max-image-preview":"max-image-preview:large","max-video-preview":"max-video-preview:-1"},"canonical":"https:\/\/nitu.mx\/index.php\/2020\/01\/06\/los-cabos-se-consolida-en-la-industria-turistica-con-6-6-mas-en-los-vuelos-internacionales\/","twitter_card":"summary_large_image","twitter_title":"Los Cabos se consolida en la industria tur\u00edstica con 6.6% m\u00e1s en los vuelos internacionales - Nitu - Noticias de la Industria Turistica","twitter_description":"Sigue consolid\u00e1ndose Los Cabos en la industria tur\u00edstica, ya que al cierre del 2019, la llegada de pasajeros v\u00eda a\u00e9rea es de 8.6 por ciento m\u00e1s.","twitter_image":"https:\/\/nitu.mx\/wp-content\/uploads\/2017\/11\/los-cabos.jpg","twitter_creator":"@NITUmx","twitter_site":"@Arturo_Medina_G","twitter_misc":{"Escrito por":"Redacci\u00f3n","Tiempo de lectura":"1 minuto"},"schema":{"@context":"https:\/\/schema.org","@graph":[{"@type":"Article","@id":"https:\/\/nitu.mx\/index.php\/2020\/01\/06\/los-cabos-se-consolida-en-la-industria-turistica-con-6-6-mas-en-los-vuelos-internacionales\/#article","isPartOf":{"@id":"https:\/\/nitu.mx\/index.php\/2020\/01\/06\/los-cabos-se-consolida-en-la-industria-turistica-con-6-6-mas-en-los-vuelos-internacionales\/"},"author":{"name":"Redacci\u00f3n","@id":"https:\/\/nitu.mx\/#\/schema\/person\/4a28fe9bd65924f7c90623773daf1b0b"},"headline":"Los Cabos se consolida en la industria tur\u00edstica con 6.6% m\u00e1s en los vuelos internacionales","datePublished":"2020-01-06T06:10:45+00:00","dateModified":"2020-01-06T06:28:52+00:00","mainEntityOfPage":{"@id":"https:\/\/nitu.mx\/index.php\/2020\/01\/06\/los-cabos-se-consolida-en-la-industria-turistica-con-6-6-mas-en-los-vuelos-internacionales\/"},"wordCount":306,"commentCount":0,"publisher":{"@id":"https:\/\/nitu.mx\/#\/schema\/person\/ae7a53426417292d3dd07b45a33e01bc"},"image":{"@id":"https:\/\/nitu.mx\/index.php\/2020\/01\/06\/los-cabos-se-consolida-en-la-industria-turistica-con-6-6-mas-en-los-vuelos-internacionales\/#primaryimage"},"thumbnailUrl":"https:\/\/nitu.mx\/wp-content\/uploads\/2017\/11\/los-cabos.jpg","keywords":["Alejandro Bonilla","Industria Tur\u00edstica","Los Cabos","pasajeros","vuelos internacionales"],"articleSection":["Destinos","M\u00e9xico"],"inLanguage":"es-MX","potentialAction":[{"@type":"CommentAction","name":"Comment","target":["https:\/\/nitu.mx\/index.php\/2020\/01\/06\/los-cabos-se-consolida-en-la-industria-turistica-con-6-6-mas-en-los-vuelos-internacionales\/#respond"]}]},{"@type":"WebPage","@id":"https:\/\/nitu.mx\/index.php\/2020\/01\/06\/los-cabos-se-consolida-en-la-industria-turistica-con-6-6-mas-en-los-vuelos-internacionales\/","url":"https:\/\/nitu.mx\/index.php\/2020\/01\/06\/los-cabos-se-consolida-en-la-industria-turistica-con-6-6-mas-en-los-vuelos-internacionales\/","name":"Los Cabos se consolida en la industria tur\u00edstica con 6.6% m\u00e1s en los vuelos internacionales - Nitu - Noticias de la Industria Turistica","isPartOf":{"@id":"https:\/\/nitu.mx\/#website"},"primaryImageOfPage":{"@id":"https:\/\/nitu.mx\/index.php\/2020\/01\/06\/los-cabos-se-consolida-en-la-industria-turistica-con-6-6-mas-en-los-vuelos-internacionales\/#primaryimage"},"image":{"@id":"https:\/\/nitu.mx\/index.php\/2020\/01\/06\/los-cabos-se-consolida-en-la-industria-turistica-con-6-6-mas-en-los-vuelos-internacionales\/#primaryimage"},"thumbnailUrl":"https:\/\/nitu.mx\/wp-content\/uploads\/2017\/11\/los-cabos.jpg","datePublished":"2020-01-06T06:10:45+00:00","dateModified":"2020-01-06T06:28:52+00:00","description":"Sigue consolid\u00e1ndose Los Cabos en la industria tur\u00edstica, ya que al cierre del 2019, la llegada de pasajeros v\u00eda a\u00e9rea es de 8.6 por ciento m\u00e1s.","breadcrumb":{"@id":"https:\/\/nitu.mx\/index.php\/2020\/01\/06\/los-cabos-se-consolida-en-la-industria-turistica-con-6-6-mas-en-los-vuelos-internacionales\/#breadcrumb"},"inLanguage":"es-MX","potentialAction":[{"@type":"ReadAction","target":["https:\/\/nitu.mx\/index.php\/2020\/01\/06\/los-cabos-se-consolida-en-la-industria-turistica-con-6-6-mas-en-los-vuelos-internacionales\/"]}]},{"@type":"ImageObject","inLanguage":"es-MX","@id":"https:\/\/nitu.mx\/index.php\/2020\/01\/06\/los-cabos-se-consolida-en-la-industria-turistica-con-6-6-mas-en-los-vuelos-internacionales\/#primaryimage","url":"https:\/\/nitu.mx\/wp-content\/uploads\/2017\/11\/los-cabos.jpg","contentUrl":"https:\/\/nitu.mx\/wp-content\/uploads\/2017\/11\/los-cabos.jpg","width":850,"height":480,"caption":"los cabos baja california sur"},{"@type":"BreadcrumbList","@id":"https:\/\/nitu.mx\/index.php\/2020\/01\/06\/los-cabos-se-consolida-en-la-industria-turistica-con-6-6-mas-en-los-vuelos-internacionales\/#breadcrumb","itemListElement":[{"@type":"ListItem","position":1,"name":"Inicio","item":"https:\/\/nitu.mx\/"},{"@type":"ListItem","position":2,"name":"Los Cabos se consolida en la industria tur\u00edstica con 6.6% m\u00e1s en los vuelos internacionales"}]},{"@type":"WebSite","@id":"https:\/\/nitu.mx\/#website","url":"https:\/\/nitu.mx\/","name":"Nitu - Noticias de la Industria Turistica","description":"Noticias de la Industria Turistica","publisher":{"@id":"https:\/\/nitu.mx\/#\/schema\/person\/ae7a53426417292d3dd07b45a33e01bc"},"alternateName":"Noticias de la Industria Turistica","potentialAction":[{"@type":"SearchAction","target":{"@type":"EntryPoint","urlTemplate":"https:\/\/nitu.mx\/?s={search_term_string}"},"query-input":"required name=search_term_string"}],"inLanguage":"es-MX"},{"@type":["Person","Organization"],"@id":"https:\/\/nitu.mx\/#\/schema\/person\/ae7a53426417292d3dd07b45a33e01bc","name":"Arturo Medina","image":{"@type":"ImageObject","inLanguage":"es-MX","@id":"https:\/\/nitu.mx\/#\/schema\/person\/image\/","url":"https:\/\/nitu.mx\/wp-content\/uploads\/2024\/04\/4A315622-1904-4D5C-B022-878CDC840E04-90x90-1.jpeg","contentUrl":"https:\/\/nitu.mx\/wp-content\/uploads\/2024\/04\/4A315622-1904-4D5C-B022-878CDC840E04-90x90-1.jpeg","width":90,"height":90,"caption":"Arturo Medina"},"logo":{"@id":"https:\/\/nitu.mx\/#\/schema\/person\/image\/"},"description":"Director NITU.mx, Egresado de la Escuela de Periodismo Carlos Septi\u00e9n Garc\u00eda. Periodista y analista especializado en turismo desde hace 35 a\u00f1os, radicado en Canc\u00fan Q.Roo. arturo@nitu.mx","sameAs":["https:\/\/nitu.mx","https:\/\/www.facebook.com\/NITUmx\/","medinacancun","https:\/\/twitter.com\/@Arturo_Medina_G"]},{"@type":"Person","@id":"https:\/\/nitu.mx\/#\/schema\/person\/4a28fe9bd65924f7c90623773daf1b0b","name":"Redacci\u00f3n","image":{"@type":"ImageObject","inLanguage":"es-MX","@id":"https:\/\/nitu.mx\/#\/schema\/person\/image\/","url":"https:\/\/secure.gravatar.com\/avatar\/5dd011c8ccfc5cd7e4c81e42252aab38?s=96&d=mm&r=g","contentUrl":"https:\/\/secure.gravatar.com\/avatar\/5dd011c8ccfc5cd7e4c81e42252aab38?s=96&d=mm&r=g","caption":"Redacci\u00f3n"},"url":"https:\/\/nitu.mx\/index.php\/author\/redaccion\/"}]}},"views":353,"_links":{"self":[{"href":"https:\/\/nitu.mx\/index.php\/wp-json\/wp\/v2\/posts\/38768"}],"collection":[{"href":"https:\/\/nitu.mx\/index.php\/wp-json\/wp\/v2\/posts"}],"about":[{"href":"https:\/\/nitu.mx\/index.php\/wp-json\/wp\/v2\/types\/post"}],"author":[{"embeddable":true,"href":"https:\/\/nitu.mx\/index.php\/wp-json\/wp\/v2\/users\/17"}],"replies":[{"embeddable":true,"href":"https:\/\/nitu.mx\/index.php\/wp-json\/wp\/v2\/comments?post=38768"}],"version-history":[{"count":2,"href":"https:\/\/nitu.mx\/index.php\/wp-json\/wp\/v2\/posts\/38768\/revisions"}],"predecessor-version":[{"id":38789,"href":"https:\/\/nitu.mx\/index.php\/wp-json\/wp\/v2\/posts\/38768\/revisions\/38789"}],"wp:featuredmedia":[{"embeddable":true,"href":"https:\/\/nitu.mx\/index.php\/wp-json\/wp\/v2\/media\/14473"}],"wp:attachment":[{"href":"https:\/\/nitu.mx\/index.php\/wp-json\/wp\/v2\/media?parent=38768"}],"wp:term":[{"taxonomy":"category","embeddable":true,"href":"https:\/\/nitu.mx\/index.php\/wp-json\/wp\/v2\/categories?post=38768"},{"taxonomy":"post_tag","embeddable":true,"href":"https:\/\/nitu.mx\/index.php\/wp-json\/wp\/v2\/tags?post=38768"}],"curies":[{"name":"wp","href":"https:\/\/api.w.org\/{rel}","templated":true}]}}