{"id":38500,"date":"2019-12-23T01:56:15","date_gmt":"2019-12-23T06:56:15","guid":{"rendered":"https:\/\/www.dev.nitu.mx\/?p=38500"},"modified":"2019-12-23T02:00:33","modified_gmt":"2019-12-23T07:00:33","slug":"interjet-favorecio-sus-operaciones-internacionales-a-lo-largo-del-ano","status":"publish","type":"post","link":"https:\/\/nitu.mx\/index.php\/2019\/12\/23\/interjet-favorecio-sus-operaciones-internacionales-a-lo-largo-del-ano\/","title":{"rendered":"Interjet favoreci\u00f3 sus operaciones internacionales a lo largo del a\u00f1o"},"content":{"rendered":"<p>Durante este 2019, Interjet dio seguimiento al fortalecimiento de su presencia a nivel internacional al suscribir nuevos acuerdos comerciales con importantes li\u0301neas ae\u0301reas extranjeras, con lo que suma a un total de 15 convenios de este tipo.<\/p>\n<p>Durante el segundo trimestre, Interjet establecio\u0301 una alianza de co\u0301digo compartido con Alitalia, con la que ya sosteni\u0301a una alianza comercial interlineal.\u00a0Asimismo, la aerol\u00ednea al mando de William Shaw, suscribio\u0301 un acuerdo interlineal bilateral con Air Canada, el cual le permite a ambas empresas ofrecer sus rutas y conexiones de forma conjunta a trave\u0301s de los sistemas de distribucio\u0301n y agencias de viajes.<\/p>\n<p>Asimismo ampli\u00f3 su acuerdo comercial con American Airlines, concretando una alianza interlineal bilateral completa, con la cual brindan servicio en 350 destinos en 50 pai\u0301ses, ofreciendo todas sus rutas y conexiones de manera conjunta.<\/p>\n<p>Interjet tambi\u00e9n firmo\u0301 una alianza interlineal con Qatar Airways, con la que sus pasajeros tienen acceso a toda la red de rutas de la aeroli\u0301nea mexicana, a trave\u0301s de diferentes puntos de conexio\u0301n en los Estados Unidos.<\/p>\n<p>Y durante el u\u0301ltimo trimestre de 2019, la empresa mexicana suscribio\u0301 un acuerdo interlineal bilateral con JetBlue, aeroli\u0301nea estadounidense, que ofrece servicio a cerca de 100 destinos dentro y fuera de su pai\u0301s.<\/p>\n<p>La aerol\u00ednea cuenta tambi\u00e9n con acuerdos comerciales con Iberia, LATAM, British Airways, Japan Airlines, Lufthansa, All Nippon, Eva Air, Hainan Airlines, Air Canada, Han Air y Emirates.<\/p>\n<p>Interjet tiene presencia en 55 destinos en Me\u0301xico, Estados Unidos, Canada\u0301, Latinoame\u0301rica y el Caribe, y el nu\u0301mero crece de forma exponencial por sus convenios con otras aeroli\u0301neas.\u00a0<a title=\"Directivos de Interjet estrechan relaciones con agentes y operadores\" href=\"https:\/\/www.dev.nitu.mx\/index.php\/2019\/12\/18\/directivos-de-interjet-estrechan-relaciones-con-agentes-y-operadores\/\" rel=\"bookmark\">(Directivos de Interjet estrechan relaciones con agentes y operadores<\/a>).<\/p>\n","protected":false},"excerpt":{"rendered":"<p>Durante este 2019, Interjet dio seguimiento al fortalecimiento de su presencia a nivel internacional al suscribir nuevos acuerdos comerciales con importantes li\u0301neas ae\u0301reas extranjeras, con lo que suma a un total de 15 convenios de este tipo. Durante el segundo trimestre, Interjet establecio\u0301 una alianza de co\u0301digo compartido con Alitalia, con la que ya sosteni\u0301a [&hellip;]<\/p>\n","protected":false},"author":17,"featured_media":28706,"comment_status":"open","ping_status":"open","sticky":false,"template":"","format":"standard","meta":{"footnotes":""},"categories":[29],"tags":[1700,2564,1507,3280,6706,3746,18366,1304,172,11651,1307,749,14167],"yoast_head":"<!-- This site is optimized with the Yoast SEO plugin v22.2 - https:\/\/yoast.com\/wordpress\/plugins\/seo\/ -->\n<title>Interjet favoreci\u00f3 sus operaciones internacionales a lo largo del a\u00f1o - Nitu - Noticias de la Industria Turistica<\/title>\n<meta name=\"description\" content=\"Durante este 2019, Interjet dio seguimiento al fortalecimiento de su presencia a nivel internacional al suscribir nuevos acuerdos comerciales.\" \/>\n<meta name=\"robots\" content=\"index, follow, max-snippet:-1, max-image-preview:large, max-video-preview:-1\" \/>\n<link rel=\"canonical\" href=\"https:\/\/nitu.mx\/index.php\/2019\/12\/23\/interjet-favorecio-sus-operaciones-internacionales-a-lo-largo-del-ano\/\" \/>\n<meta name=\"twitter:card\" content=\"summary_large_image\" \/>\n<meta name=\"twitter:title\" content=\"Interjet favoreci\u00f3 sus operaciones internacionales a lo largo del a\u00f1o - Nitu - Noticias de la Industria Turistica\" \/>\n<meta name=\"twitter:description\" content=\"Durante este 2019, Interjet dio seguimiento al fortalecimiento de su presencia a nivel internacional al suscribir nuevos acuerdos comerciales.\" \/>\n<meta name=\"twitter:image\" content=\"https:\/\/nitu.mx\/wp-content\/uploads\/2019\/01\/Interjet-Air-Canada.jpg\" \/>\n<meta name=\"twitter:creator\" content=\"@NITUmx\" \/>\n<meta name=\"twitter:site\" content=\"@Arturo_Medina_G\" \/>\n<meta name=\"twitter:label1\" content=\"Escrito por\" \/>\n\t<meta name=\"twitter:data1\" content=\"Redacci\u00f3n\" \/>\n\t<meta name=\"twitter:label2\" content=\"Tiempo de lectura\" \/>\n\t<meta name=\"twitter:data2\" content=\"1 minuto\" \/>\n<script type=\"application\/ld+json\" class=\"yoast-schema-graph\">{\"@context\":\"https:\/\/schema.org\",\"@graph\":[{\"@type\":\"Article\",\"@id\":\"https:\/\/nitu.mx\/index.php\/2019\/12\/23\/interjet-favorecio-sus-operaciones-internacionales-a-lo-largo-del-ano\/#article\",\"isPartOf\":{\"@id\":\"https:\/\/nitu.mx\/index.php\/2019\/12\/23\/interjet-favorecio-sus-operaciones-internacionales-a-lo-largo-del-ano\/\"},\"author\":{\"name\":\"Redacci\u00f3n\",\"@id\":\"https:\/\/nitu.mx\/#\/schema\/person\/4a28fe9bd65924f7c90623773daf1b0b\"},\"headline\":\"Interjet favoreci\u00f3 sus operaciones internacionales a lo largo del a\u00f1o\",\"datePublished\":\"2019-12-23T06:56:15+00:00\",\"dateModified\":\"2019-12-23T07:00:33+00:00\",\"mainEntityOfPage\":{\"@id\":\"https:\/\/nitu.mx\/index.php\/2019\/12\/23\/interjet-favorecio-sus-operaciones-internacionales-a-lo-largo-del-ano\/\"},\"wordCount\":294,\"commentCount\":0,\"publisher\":{\"@id\":\"https:\/\/nitu.mx\/#\/schema\/person\/ae7a53426417292d3dd07b45a33e01bc\"},\"image\":{\"@id\":\"https:\/\/nitu.mx\/index.php\/2019\/12\/23\/interjet-favorecio-sus-operaciones-internacionales-a-lo-largo-del-ano\/#primaryimage\"},\"thumbnailUrl\":\"https:\/\/nitu.mx\/wp-content\/uploads\/2019\/01\/Interjet-Air-Canada.jpg\",\"keywords\":[\"Air Canada\",\"All Nippon\",\"British Airways\",\"Emirates\",\"Eva Air\",\"Hainan Airlines\",\"Han Air\",\"Iberia\",\"Interjet\",\"Japan Airlines\",\"Latam\",\"Lufthansa\",\"William Shaw\"],\"articleSection\":[\"Aerol\u00edneas\"],\"inLanguage\":\"es-MX\",\"potentialAction\":[{\"@type\":\"CommentAction\",\"name\":\"Comment\",\"target\":[\"https:\/\/nitu.mx\/index.php\/2019\/12\/23\/interjet-favorecio-sus-operaciones-internacionales-a-lo-largo-del-ano\/#respond\"]}]},{\"@type\":\"WebPage\",\"@id\":\"https:\/\/nitu.mx\/index.php\/2019\/12\/23\/interjet-favorecio-sus-operaciones-internacionales-a-lo-largo-del-ano\/\",\"url\":\"https:\/\/nitu.mx\/index.php\/2019\/12\/23\/interjet-favorecio-sus-operaciones-internacionales-a-lo-largo-del-ano\/\",\"name\":\"Interjet favoreci\u00f3 sus operaciones internacionales a lo largo del a\u00f1o - Nitu - Noticias de la Industria Turistica\",\"isPartOf\":{\"@id\":\"https:\/\/nitu.mx\/#website\"},\"primaryImageOfPage\":{\"@id\":\"https:\/\/nitu.mx\/index.php\/2019\/12\/23\/interjet-favorecio-sus-operaciones-internacionales-a-lo-largo-del-ano\/#primaryimage\"},\"image\":{\"@id\":\"https:\/\/nitu.mx\/index.php\/2019\/12\/23\/interjet-favorecio-sus-operaciones-internacionales-a-lo-largo-del-ano\/#primaryimage\"},\"thumbnailUrl\":\"https:\/\/nitu.mx\/wp-content\/uploads\/2019\/01\/Interjet-Air-Canada.jpg\",\"datePublished\":\"2019-12-23T06:56:15+00:00\",\"dateModified\":\"2019-12-23T07:00:33+00:00\",\"description\":\"Durante este 2019, Interjet dio seguimiento al fortalecimiento de su presencia a nivel internacional al suscribir nuevos acuerdos comerciales.\",\"breadcrumb\":{\"@id\":\"https:\/\/nitu.mx\/index.php\/2019\/12\/23\/interjet-favorecio-sus-operaciones-internacionales-a-lo-largo-del-ano\/#breadcrumb\"},\"inLanguage\":\"es-MX\",\"potentialAction\":[{\"@type\":\"ReadAction\",\"target\":[\"https:\/\/nitu.mx\/index.php\/2019\/12\/23\/interjet-favorecio-sus-operaciones-internacionales-a-lo-largo-del-ano\/\"]}]},{\"@type\":\"ImageObject\",\"inLanguage\":\"es-MX\",\"@id\":\"https:\/\/nitu.mx\/index.php\/2019\/12\/23\/interjet-favorecio-sus-operaciones-internacionales-a-lo-largo-del-ano\/#primaryimage\",\"url\":\"https:\/\/nitu.mx\/wp-content\/uploads\/2019\/01\/Interjet-Air-Canada.jpg\",\"contentUrl\":\"https:\/\/nitu.mx\/wp-content\/uploads\/2019\/01\/Interjet-Air-Canada.jpg\",\"width\":850,\"height\":480,\"caption\":\"Interjet Air Canada Outlet Quiero Viajar\"},{\"@type\":\"BreadcrumbList\",\"@id\":\"https:\/\/nitu.mx\/index.php\/2019\/12\/23\/interjet-favorecio-sus-operaciones-internacionales-a-lo-largo-del-ano\/#breadcrumb\",\"itemListElement\":[{\"@type\":\"ListItem\",\"position\":1,\"name\":\"Inicio\",\"item\":\"https:\/\/nitu.mx\/\"},{\"@type\":\"ListItem\",\"position\":2,\"name\":\"Interjet favoreci\u00f3 sus operaciones internacionales a lo largo del a\u00f1o\"}]},{\"@type\":\"WebSite\",\"@id\":\"https:\/\/nitu.mx\/#website\",\"url\":\"https:\/\/nitu.mx\/\",\"name\":\"Nitu - Noticias de la Industria Turistica\",\"description\":\"Noticias de la Industria Turistica\",\"publisher\":{\"@id\":\"https:\/\/nitu.mx\/#\/schema\/person\/ae7a53426417292d3dd07b45a33e01bc\"},\"alternateName\":\"Noticias de la Industria Turistica\",\"potentialAction\":[{\"@type\":\"SearchAction\",\"target\":{\"@type\":\"EntryPoint\",\"urlTemplate\":\"https:\/\/nitu.mx\/?s={search_term_string}\"},\"query-input\":\"required name=search_term_string\"}],\"inLanguage\":\"es-MX\"},{\"@type\":[\"Person\",\"Organization\"],\"@id\":\"https:\/\/nitu.mx\/#\/schema\/person\/ae7a53426417292d3dd07b45a33e01bc\",\"name\":\"Arturo Medina\",\"image\":{\"@type\":\"ImageObject\",\"inLanguage\":\"es-MX\",\"@id\":\"https:\/\/nitu.mx\/#\/schema\/person\/image\/\",\"url\":\"https:\/\/nitu.mx\/wp-content\/uploads\/2024\/04\/4A315622-1904-4D5C-B022-878CDC840E04-90x90-1.jpeg\",\"contentUrl\":\"https:\/\/nitu.mx\/wp-content\/uploads\/2024\/04\/4A315622-1904-4D5C-B022-878CDC840E04-90x90-1.jpeg\",\"width\":90,\"height\":90,\"caption\":\"Arturo Medina\"},\"logo\":{\"@id\":\"https:\/\/nitu.mx\/#\/schema\/person\/image\/\"},\"description\":\"Director NITU.mx, Egresado de la Escuela de Periodismo Carlos Septi\u00e9n Garc\u00eda. Periodista y analista especializado en turismo desde hace 35 a\u00f1os, radicado en Canc\u00fan Q.Roo. arturo@nitu.mx\",\"sameAs\":[\"https:\/\/nitu.mx\",\"https:\/\/www.facebook.com\/NITUmx\/\",\"medinacancun\",\"https:\/\/twitter.com\/@Arturo_Medina_G\"]},{\"@type\":\"Person\",\"@id\":\"https:\/\/nitu.mx\/#\/schema\/person\/4a28fe9bd65924f7c90623773daf1b0b\",\"name\":\"Redacci\u00f3n\",\"image\":{\"@type\":\"ImageObject\",\"inLanguage\":\"es-MX\",\"@id\":\"https:\/\/nitu.mx\/#\/schema\/person\/image\/\",\"url\":\"https:\/\/secure.gravatar.com\/avatar\/5dd011c8ccfc5cd7e4c81e42252aab38?s=96&d=mm&r=g\",\"contentUrl\":\"https:\/\/secure.gravatar.com\/avatar\/5dd011c8ccfc5cd7e4c81e42252aab38?s=96&d=mm&r=g\",\"caption\":\"Redacci\u00f3n\"},\"url\":\"https:\/\/nitu.mx\/index.php\/author\/redaccion\/\"}]}<\/script>\n<!-- \/ Yoast SEO plugin. -->","yoast_head_json":{"title":"Interjet favoreci\u00f3 sus operaciones internacionales a lo largo del a\u00f1o - Nitu - Noticias de la Industria Turistica","description":"Durante este 2019, Interjet dio seguimiento al fortalecimiento de su presencia a nivel internacional al suscribir nuevos acuerdos comerciales.","robots":{"index":"index","follow":"follow","max-snippet":"max-snippet:-1","max-image-preview":"max-image-preview:large","max-video-preview":"max-video-preview:-1"},"canonical":"https:\/\/nitu.mx\/index.php\/2019\/12\/23\/interjet-favorecio-sus-operaciones-internacionales-a-lo-largo-del-ano\/","twitter_card":"summary_large_image","twitter_title":"Interjet favoreci\u00f3 sus operaciones internacionales a lo largo del a\u00f1o - Nitu - Noticias de la Industria Turistica","twitter_description":"Durante este 2019, Interjet dio seguimiento al fortalecimiento de su presencia a nivel internacional al suscribir nuevos acuerdos comerciales.","twitter_image":"https:\/\/nitu.mx\/wp-content\/uploads\/2019\/01\/Interjet-Air-Canada.jpg","twitter_creator":"@NITUmx","twitter_site":"@Arturo_Medina_G","twitter_misc":{"Escrito por":"Redacci\u00f3n","Tiempo de lectura":"1 minuto"},"schema":{"@context":"https:\/\/schema.org","@graph":[{"@type":"Article","@id":"https:\/\/nitu.mx\/index.php\/2019\/12\/23\/interjet-favorecio-sus-operaciones-internacionales-a-lo-largo-del-ano\/#article","isPartOf":{"@id":"https:\/\/nitu.mx\/index.php\/2019\/12\/23\/interjet-favorecio-sus-operaciones-internacionales-a-lo-largo-del-ano\/"},"author":{"name":"Redacci\u00f3n","@id":"https:\/\/nitu.mx\/#\/schema\/person\/4a28fe9bd65924f7c90623773daf1b0b"},"headline":"Interjet favoreci\u00f3 sus operaciones internacionales a lo largo del a\u00f1o","datePublished":"2019-12-23T06:56:15+00:00","dateModified":"2019-12-23T07:00:33+00:00","mainEntityOfPage":{"@id":"https:\/\/nitu.mx\/index.php\/2019\/12\/23\/interjet-favorecio-sus-operaciones-internacionales-a-lo-largo-del-ano\/"},"wordCount":294,"commentCount":0,"publisher":{"@id":"https:\/\/nitu.mx\/#\/schema\/person\/ae7a53426417292d3dd07b45a33e01bc"},"image":{"@id":"https:\/\/nitu.mx\/index.php\/2019\/12\/23\/interjet-favorecio-sus-operaciones-internacionales-a-lo-largo-del-ano\/#primaryimage"},"thumbnailUrl":"https:\/\/nitu.mx\/wp-content\/uploads\/2019\/01\/Interjet-Air-Canada.jpg","keywords":["Air Canada","All Nippon","British Airways","Emirates","Eva Air","Hainan Airlines","Han Air","Iberia","Interjet","Japan Airlines","Latam","Lufthansa","William Shaw"],"articleSection":["Aerol\u00edneas"],"inLanguage":"es-MX","potentialAction":[{"@type":"CommentAction","name":"Comment","target":["https:\/\/nitu.mx\/index.php\/2019\/12\/23\/interjet-favorecio-sus-operaciones-internacionales-a-lo-largo-del-ano\/#respond"]}]},{"@type":"WebPage","@id":"https:\/\/nitu.mx\/index.php\/2019\/12\/23\/interjet-favorecio-sus-operaciones-internacionales-a-lo-largo-del-ano\/","url":"https:\/\/nitu.mx\/index.php\/2019\/12\/23\/interjet-favorecio-sus-operaciones-internacionales-a-lo-largo-del-ano\/","name":"Interjet favoreci\u00f3 sus operaciones internacionales a lo largo del a\u00f1o - Nitu - Noticias de la Industria Turistica","isPartOf":{"@id":"https:\/\/nitu.mx\/#website"},"primaryImageOfPage":{"@id":"https:\/\/nitu.mx\/index.php\/2019\/12\/23\/interjet-favorecio-sus-operaciones-internacionales-a-lo-largo-del-ano\/#primaryimage"},"image":{"@id":"https:\/\/nitu.mx\/index.php\/2019\/12\/23\/interjet-favorecio-sus-operaciones-internacionales-a-lo-largo-del-ano\/#primaryimage"},"thumbnailUrl":"https:\/\/nitu.mx\/wp-content\/uploads\/2019\/01\/Interjet-Air-Canada.jpg","datePublished":"2019-12-23T06:56:15+00:00","dateModified":"2019-12-23T07:00:33+00:00","description":"Durante este 2019, Interjet dio seguimiento al fortalecimiento de su presencia a nivel internacional al suscribir nuevos acuerdos comerciales.","breadcrumb":{"@id":"https:\/\/nitu.mx\/index.php\/2019\/12\/23\/interjet-favorecio-sus-operaciones-internacionales-a-lo-largo-del-ano\/#breadcrumb"},"inLanguage":"es-MX","potentialAction":[{"@type":"ReadAction","target":["https:\/\/nitu.mx\/index.php\/2019\/12\/23\/interjet-favorecio-sus-operaciones-internacionales-a-lo-largo-del-ano\/"]}]},{"@type":"ImageObject","inLanguage":"es-MX","@id":"https:\/\/nitu.mx\/index.php\/2019\/12\/23\/interjet-favorecio-sus-operaciones-internacionales-a-lo-largo-del-ano\/#primaryimage","url":"https:\/\/nitu.mx\/wp-content\/uploads\/2019\/01\/Interjet-Air-Canada.jpg","contentUrl":"https:\/\/nitu.mx\/wp-content\/uploads\/2019\/01\/Interjet-Air-Canada.jpg","width":850,"height":480,"caption":"Interjet Air Canada Outlet Quiero Viajar"},{"@type":"BreadcrumbList","@id":"https:\/\/nitu.mx\/index.php\/2019\/12\/23\/interjet-favorecio-sus-operaciones-internacionales-a-lo-largo-del-ano\/#breadcrumb","itemListElement":[{"@type":"ListItem","position":1,"name":"Inicio","item":"https:\/\/nitu.mx\/"},{"@type":"ListItem","position":2,"name":"Interjet favoreci\u00f3 sus operaciones internacionales a lo largo del a\u00f1o"}]},{"@type":"WebSite","@id":"https:\/\/nitu.mx\/#website","url":"https:\/\/nitu.mx\/","name":"Nitu - Noticias de la Industria Turistica","description":"Noticias de la Industria Turistica","publisher":{"@id":"https:\/\/nitu.mx\/#\/schema\/person\/ae7a53426417292d3dd07b45a33e01bc"},"alternateName":"Noticias de la Industria Turistica","potentialAction":[{"@type":"SearchAction","target":{"@type":"EntryPoint","urlTemplate":"https:\/\/nitu.mx\/?s={search_term_string}"},"query-input":"required name=search_term_string"}],"inLanguage":"es-MX"},{"@type":["Person","Organization"],"@id":"https:\/\/nitu.mx\/#\/schema\/person\/ae7a53426417292d3dd07b45a33e01bc","name":"Arturo Medina","image":{"@type":"ImageObject","inLanguage":"es-MX","@id":"https:\/\/nitu.mx\/#\/schema\/person\/image\/","url":"https:\/\/nitu.mx\/wp-content\/uploads\/2024\/04\/4A315622-1904-4D5C-B022-878CDC840E04-90x90-1.jpeg","contentUrl":"https:\/\/nitu.mx\/wp-content\/uploads\/2024\/04\/4A315622-1904-4D5C-B022-878CDC840E04-90x90-1.jpeg","width":90,"height":90,"caption":"Arturo Medina"},"logo":{"@id":"https:\/\/nitu.mx\/#\/schema\/person\/image\/"},"description":"Director NITU.mx, Egresado de la Escuela de Periodismo Carlos Septi\u00e9n Garc\u00eda. Periodista y analista especializado en turismo desde hace 35 a\u00f1os, radicado en Canc\u00fan Q.Roo. arturo@nitu.mx","sameAs":["https:\/\/nitu.mx","https:\/\/www.facebook.com\/NITUmx\/","medinacancun","https:\/\/twitter.com\/@Arturo_Medina_G"]},{"@type":"Person","@id":"https:\/\/nitu.mx\/#\/schema\/person\/4a28fe9bd65924f7c90623773daf1b0b","name":"Redacci\u00f3n","image":{"@type":"ImageObject","inLanguage":"es-MX","@id":"https:\/\/nitu.mx\/#\/schema\/person\/image\/","url":"https:\/\/secure.gravatar.com\/avatar\/5dd011c8ccfc5cd7e4c81e42252aab38?s=96&d=mm&r=g","contentUrl":"https:\/\/secure.gravatar.com\/avatar\/5dd011c8ccfc5cd7e4c81e42252aab38?s=96&d=mm&r=g","caption":"Redacci\u00f3n"},"url":"https:\/\/nitu.mx\/index.php\/author\/redaccion\/"}]}},"views":401,"_links":{"self":[{"href":"https:\/\/nitu.mx\/index.php\/wp-json\/wp\/v2\/posts\/38500"}],"collection":[{"href":"https:\/\/nitu.mx\/index.php\/wp-json\/wp\/v2\/posts"}],"about":[{"href":"https:\/\/nitu.mx\/index.php\/wp-json\/wp\/v2\/types\/post"}],"author":[{"embeddable":true,"href":"https:\/\/nitu.mx\/index.php\/wp-json\/wp\/v2\/users\/17"}],"replies":[{"embeddable":true,"href":"https:\/\/nitu.mx\/index.php\/wp-json\/wp\/v2\/comments?post=38500"}],"version-history":[{"count":4,"href":"https:\/\/nitu.mx\/index.php\/wp-json\/wp\/v2\/posts\/38500\/revisions"}],"predecessor-version":[{"id":38528,"href":"https:\/\/nitu.mx\/index.php\/wp-json\/wp\/v2\/posts\/38500\/revisions\/38528"}],"wp:featuredmedia":[{"embeddable":true,"href":"https:\/\/nitu.mx\/index.php\/wp-json\/wp\/v2\/media\/28706"}],"wp:attachment":[{"href":"https:\/\/nitu.mx\/index.php\/wp-json\/wp\/v2\/media?parent=38500"}],"wp:term":[{"taxonomy":"category","embeddable":true,"href":"https:\/\/nitu.mx\/index.php\/wp-json\/wp\/v2\/categories?post=38500"},{"taxonomy":"post_tag","embeddable":true,"href":"https:\/\/nitu.mx\/index.php\/wp-json\/wp\/v2\/tags?post=38500"}],"curies":[{"name":"wp","href":"https:\/\/api.w.org\/{rel}","templated":true}]}}