{"id":38207,"date":"2019-12-12T01:16:02","date_gmt":"2019-12-12T06:16:02","guid":{"rendered":"https:\/\/www.dev.nitu.mx\/?p=38207"},"modified":"2019-12-12T01:21:47","modified_gmt":"2019-12-12T06:21:47","slug":"swiss-worldcargo-abre-estacion-en-el-aeropuerto-internacional-de-cancun","status":"publish","type":"post","link":"https:\/\/nitu.mx\/index.php\/2019\/12\/12\/swiss-worldcargo-abre-estacion-en-el-aeropuerto-internacional-de-cancun\/","title":{"rendered":"Swiss WorldCargo abre estaci\u00f3n en el Aeropuerto Internacional de Canc\u00fan"},"content":{"rendered":"<p>Swiss WorldCargo, la divisi\u00f3n de carga de Swiss International Airlines, abri\u00f3 su estaci\u00f3n en el Aeropuerto Internacional de Canc\u00fan.<\/p>\n<p>Con la nueva ubicaci\u00f3n, Swiss WorldCargo ahora ofrece capacidad de carga en todos los vuelos entrantes y salientes entre Canc\u00fan y Z\u00farich.<\/p>\n<p>Destaca que el vuelo de Swiss WorldCargo que conecta a Canc\u00fan con Z\u00farich consta de tres frecuencias semanales a trav\u00e9s de un avi\u00f3n A340-300 de la aerol\u00ednea, operado por la compa\u00f1\u00eda hermana de Swiss International Airlines, Edelweiss Airlines. Cada vuelo ofrece una carga \u00fatil de alrededor de 15 toneladas.<\/p>\n<p>Los vuelos partir\u00e1n de Z\u00farich por la tarde y llegar\u00e1n a Canc\u00fan por la noche. Horas despu\u00e9s ya con nuevos embarques sale de Canc\u00fan con rumbo a Z\u00farich.<\/p>\n<p>De acuerdo con lo informado por la aerol\u00ednea, con esta nueva instalaci\u00f3n se beneficia a los clientes en M\u00e9xico al permitir tiempos de entrega m\u00e1s amplios en Canc\u00fan; asimismo, se reducen los tiempos de transferencia de mercanc\u00edas que llegan a Z\u00farich desde Canc\u00fan al permitir conexiones en el mismo d\u00eda en vuelos a otros destinos de Swiss WorldCargo.<\/p>\n<p>&#8220;Con este nuevo desarrollo, crearemos opciones de exportaci\u00f3n adicionales para numerosos clientes que env\u00edan una amplia variedad de productos desde la pen\u00ednsula de Yucat\u00e1n a Suiza, Europa y el resto del mundo. Tener un fuerte punto de apoyo en el mercado latinoamericano sigue siendo un punto cr\u00edtico para nosotros&#8221;, dijo Hendrik Falk, Jefe de Carga de Estados Unidos, Oeste, Sur, y Am\u00e9rica Latina. (<a title=\"Lufthansa moviliz\u00f3 a m\u00e1s de 130 millones de viajeros en 2017\" href=\"https:\/\/www.dev.nitu.mx\/index.php\/2018\/01\/25\/lufthansa-movilizo-a-mas-de-130-millones-de-viajeros-en-2017\/\" rel=\"bookmark\">Lufthansa moviliz\u00f3 a m\u00e1s de 130 millones de viajeros<\/a>).<\/p>\n<p>La plataforma de comunicaciones con sede en Dubai y Skylog, miembro del Grupo ECS, supervisar\u00e1 todas las actividades comerciales para el servicio en Canc\u00fan, mientras que Swissport gestionar\u00e1 las operaciones terrestres para los vuelos de Swiss WorldCargo en Canc\u00fan. (T21 MX)<\/p>\n","protected":false},"excerpt":{"rendered":"<p>Swiss WorldCargo, la divisi\u00f3n de carga de Swiss International Airlines, abri\u00f3 su estaci\u00f3n en el Aeropuerto Internacional de Canc\u00fan. Con la nueva ubicaci\u00f3n, Swiss WorldCargo ahora ofrece capacidad de carga en todos los vuelos entrantes y salientes entre Canc\u00fan y Z\u00farich. Destaca que el vuelo de Swiss WorldCargo que conecta a Canc\u00fan con Z\u00farich consta [&hellip;]<\/p>\n","protected":false},"author":17,"featured_media":38223,"comment_status":"open","ping_status":"open","sticky":false,"template":"","format":"standard","meta":{"footnotes":""},"categories":[29,6],"tags":[2001,43,18282,18283,18281,3929],"yoast_head":"<!-- This site is optimized with the Yoast SEO plugin v22.2 - https:\/\/yoast.com\/wordpress\/plugins\/seo\/ -->\n<title>Swiss WorldCargo abre estaci\u00f3n en el Aeropuerto Internacional de Canc\u00fan - Nitu - Noticias de la Industria Turistica<\/title>\n<meta name=\"description\" content=\"Swiss WorldCargo, la divisi\u00f3n de carga de Swiss International Airlines, abri\u00f3 su estaci\u00f3n en el Aeropuerto Internacional de Canc\u00fan.\" \/>\n<meta name=\"robots\" content=\"index, follow, max-snippet:-1, max-image-preview:large, max-video-preview:-1\" \/>\n<link rel=\"canonical\" href=\"https:\/\/nitu.mx\/index.php\/2019\/12\/12\/swiss-worldcargo-abre-estacion-en-el-aeropuerto-internacional-de-cancun\/\" \/>\n<meta name=\"twitter:card\" content=\"summary_large_image\" \/>\n<meta name=\"twitter:title\" content=\"Swiss WorldCargo abre estaci\u00f3n en el Aeropuerto Internacional de Canc\u00fan - Nitu - Noticias de la Industria Turistica\" \/>\n<meta name=\"twitter:description\" content=\"Swiss WorldCargo, la divisi\u00f3n de carga de Swiss International Airlines, abri\u00f3 su estaci\u00f3n en el Aeropuerto Internacional de Canc\u00fan.\" \/>\n<meta name=\"twitter:image\" content=\"https:\/\/nitu.mx\/wp-content\/uploads\/2019\/12\/swiss-cargo.jpg\" \/>\n<meta name=\"twitter:creator\" content=\"@NITUmx\" \/>\n<meta name=\"twitter:site\" content=\"@Arturo_Medina_G\" \/>\n<meta name=\"twitter:label1\" content=\"Escrito por\" \/>\n\t<meta name=\"twitter:data1\" content=\"Redacci\u00f3n\" \/>\n\t<meta name=\"twitter:label2\" content=\"Tiempo de lectura\" \/>\n\t<meta name=\"twitter:data2\" content=\"2 minutos\" \/>\n<script type=\"application\/ld+json\" class=\"yoast-schema-graph\">{\"@context\":\"https:\/\/schema.org\",\"@graph\":[{\"@type\":\"Article\",\"@id\":\"https:\/\/nitu.mx\/index.php\/2019\/12\/12\/swiss-worldcargo-abre-estacion-en-el-aeropuerto-internacional-de-cancun\/#article\",\"isPartOf\":{\"@id\":\"https:\/\/nitu.mx\/index.php\/2019\/12\/12\/swiss-worldcargo-abre-estacion-en-el-aeropuerto-internacional-de-cancun\/\"},\"author\":{\"name\":\"Redacci\u00f3n\",\"@id\":\"https:\/\/nitu.mx\/#\/schema\/person\/4a28fe9bd65924f7c90623773daf1b0b\"},\"headline\":\"Swiss WorldCargo abre estaci\u00f3n en el Aeropuerto Internacional de Canc\u00fan\",\"datePublished\":\"2019-12-12T06:16:02+00:00\",\"dateModified\":\"2019-12-12T06:21:47+00:00\",\"mainEntityOfPage\":{\"@id\":\"https:\/\/nitu.mx\/index.php\/2019\/12\/12\/swiss-worldcargo-abre-estacion-en-el-aeropuerto-internacional-de-cancun\/\"},\"wordCount\":337,\"commentCount\":0,\"publisher\":{\"@id\":\"https:\/\/nitu.mx\/#\/schema\/person\/ae7a53426417292d3dd07b45a33e01bc\"},\"image\":{\"@id\":\"https:\/\/nitu.mx\/index.php\/2019\/12\/12\/swiss-worldcargo-abre-estacion-en-el-aeropuerto-internacional-de-cancun\/#primaryimage\"},\"thumbnailUrl\":\"https:\/\/nitu.mx\/wp-content\/uploads\/2019\/12\/swiss-cargo.jpg\",\"keywords\":[\"aeropuerto\",\"Canc\u00fan\",\"Estaci\u00f3n\",\"Hendrik Falk\",\"Swiss WorldCargo\",\"Zurich\"],\"articleSection\":[\"Aerol\u00edneas\",\"M\u00e9xico\"],\"inLanguage\":\"es-MX\",\"potentialAction\":[{\"@type\":\"CommentAction\",\"name\":\"Comment\",\"target\":[\"https:\/\/nitu.mx\/index.php\/2019\/12\/12\/swiss-worldcargo-abre-estacion-en-el-aeropuerto-internacional-de-cancun\/#respond\"]}]},{\"@type\":\"WebPage\",\"@id\":\"https:\/\/nitu.mx\/index.php\/2019\/12\/12\/swiss-worldcargo-abre-estacion-en-el-aeropuerto-internacional-de-cancun\/\",\"url\":\"https:\/\/nitu.mx\/index.php\/2019\/12\/12\/swiss-worldcargo-abre-estacion-en-el-aeropuerto-internacional-de-cancun\/\",\"name\":\"Swiss WorldCargo abre estaci\u00f3n en el Aeropuerto Internacional de Canc\u00fan - Nitu - Noticias de la Industria Turistica\",\"isPartOf\":{\"@id\":\"https:\/\/nitu.mx\/#website\"},\"primaryImageOfPage\":{\"@id\":\"https:\/\/nitu.mx\/index.php\/2019\/12\/12\/swiss-worldcargo-abre-estacion-en-el-aeropuerto-internacional-de-cancun\/#primaryimage\"},\"image\":{\"@id\":\"https:\/\/nitu.mx\/index.php\/2019\/12\/12\/swiss-worldcargo-abre-estacion-en-el-aeropuerto-internacional-de-cancun\/#primaryimage\"},\"thumbnailUrl\":\"https:\/\/nitu.mx\/wp-content\/uploads\/2019\/12\/swiss-cargo.jpg\",\"datePublished\":\"2019-12-12T06:16:02+00:00\",\"dateModified\":\"2019-12-12T06:21:47+00:00\",\"description\":\"Swiss WorldCargo, la divisi\u00f3n de carga de Swiss International Airlines, abri\u00f3 su estaci\u00f3n en el Aeropuerto Internacional de Canc\u00fan.\",\"breadcrumb\":{\"@id\":\"https:\/\/nitu.mx\/index.php\/2019\/12\/12\/swiss-worldcargo-abre-estacion-en-el-aeropuerto-internacional-de-cancun\/#breadcrumb\"},\"inLanguage\":\"es-MX\",\"potentialAction\":[{\"@type\":\"ReadAction\",\"target\":[\"https:\/\/nitu.mx\/index.php\/2019\/12\/12\/swiss-worldcargo-abre-estacion-en-el-aeropuerto-internacional-de-cancun\/\"]}]},{\"@type\":\"ImageObject\",\"inLanguage\":\"es-MX\",\"@id\":\"https:\/\/nitu.mx\/index.php\/2019\/12\/12\/swiss-worldcargo-abre-estacion-en-el-aeropuerto-internacional-de-cancun\/#primaryimage\",\"url\":\"https:\/\/nitu.mx\/wp-content\/uploads\/2019\/12\/swiss-cargo.jpg\",\"contentUrl\":\"https:\/\/nitu.mx\/wp-content\/uploads\/2019\/12\/swiss-cargo.jpg\",\"width\":850,\"height\":480,\"caption\":\"swiss cargo\"},{\"@type\":\"BreadcrumbList\",\"@id\":\"https:\/\/nitu.mx\/index.php\/2019\/12\/12\/swiss-worldcargo-abre-estacion-en-el-aeropuerto-internacional-de-cancun\/#breadcrumb\",\"itemListElement\":[{\"@type\":\"ListItem\",\"position\":1,\"name\":\"Inicio\",\"item\":\"https:\/\/nitu.mx\/\"},{\"@type\":\"ListItem\",\"position\":2,\"name\":\"Swiss WorldCargo abre estaci\u00f3n en el Aeropuerto Internacional de Canc\u00fan\"}]},{\"@type\":\"WebSite\",\"@id\":\"https:\/\/nitu.mx\/#website\",\"url\":\"https:\/\/nitu.mx\/\",\"name\":\"Nitu - Noticias de la Industria Turistica\",\"description\":\"Noticias de la Industria Turistica\",\"publisher\":{\"@id\":\"https:\/\/nitu.mx\/#\/schema\/person\/ae7a53426417292d3dd07b45a33e01bc\"},\"alternateName\":\"Noticias de la Industria Turistica\",\"potentialAction\":[{\"@type\":\"SearchAction\",\"target\":{\"@type\":\"EntryPoint\",\"urlTemplate\":\"https:\/\/nitu.mx\/?s={search_term_string}\"},\"query-input\":\"required name=search_term_string\"}],\"inLanguage\":\"es-MX\"},{\"@type\":[\"Person\",\"Organization\"],\"@id\":\"https:\/\/nitu.mx\/#\/schema\/person\/ae7a53426417292d3dd07b45a33e01bc\",\"name\":\"Arturo Medina\",\"image\":{\"@type\":\"ImageObject\",\"inLanguage\":\"es-MX\",\"@id\":\"https:\/\/nitu.mx\/#\/schema\/person\/image\/\",\"url\":\"https:\/\/nitu.mx\/wp-content\/uploads\/2024\/04\/4A315622-1904-4D5C-B022-878CDC840E04-90x90-1.jpeg\",\"contentUrl\":\"https:\/\/nitu.mx\/wp-content\/uploads\/2024\/04\/4A315622-1904-4D5C-B022-878CDC840E04-90x90-1.jpeg\",\"width\":90,\"height\":90,\"caption\":\"Arturo Medina\"},\"logo\":{\"@id\":\"https:\/\/nitu.mx\/#\/schema\/person\/image\/\"},\"description\":\"Director NITU.mx, Egresado de la Escuela de Periodismo Carlos Septi\u00e9n Garc\u00eda. Periodista y analista especializado en turismo desde hace 35 a\u00f1os, radicado en Canc\u00fan Q.Roo. arturo@nitu.mx\",\"sameAs\":[\"https:\/\/nitu.mx\",\"https:\/\/www.facebook.com\/NITUmx\/\",\"medinacancun\",\"https:\/\/twitter.com\/@Arturo_Medina_G\"]},{\"@type\":\"Person\",\"@id\":\"https:\/\/nitu.mx\/#\/schema\/person\/4a28fe9bd65924f7c90623773daf1b0b\",\"name\":\"Redacci\u00f3n\",\"image\":{\"@type\":\"ImageObject\",\"inLanguage\":\"es-MX\",\"@id\":\"https:\/\/nitu.mx\/#\/schema\/person\/image\/\",\"url\":\"https:\/\/secure.gravatar.com\/avatar\/5dd011c8ccfc5cd7e4c81e42252aab38?s=96&d=mm&r=g\",\"contentUrl\":\"https:\/\/secure.gravatar.com\/avatar\/5dd011c8ccfc5cd7e4c81e42252aab38?s=96&d=mm&r=g\",\"caption\":\"Redacci\u00f3n\"},\"url\":\"https:\/\/nitu.mx\/index.php\/author\/redaccion\/\"}]}<\/script>\n<!-- \/ Yoast SEO plugin. -->","yoast_head_json":{"title":"Swiss WorldCargo abre estaci\u00f3n en el Aeropuerto Internacional de Canc\u00fan - Nitu - Noticias de la Industria Turistica","description":"Swiss WorldCargo, la divisi\u00f3n de carga de Swiss International Airlines, abri\u00f3 su estaci\u00f3n en el Aeropuerto Internacional de Canc\u00fan.","robots":{"index":"index","follow":"follow","max-snippet":"max-snippet:-1","max-image-preview":"max-image-preview:large","max-video-preview":"max-video-preview:-1"},"canonical":"https:\/\/nitu.mx\/index.php\/2019\/12\/12\/swiss-worldcargo-abre-estacion-en-el-aeropuerto-internacional-de-cancun\/","twitter_card":"summary_large_image","twitter_title":"Swiss WorldCargo abre estaci\u00f3n en el Aeropuerto Internacional de Canc\u00fan - Nitu - Noticias de la Industria Turistica","twitter_description":"Swiss WorldCargo, la divisi\u00f3n de carga de Swiss International Airlines, abri\u00f3 su estaci\u00f3n en el Aeropuerto Internacional de Canc\u00fan.","twitter_image":"https:\/\/nitu.mx\/wp-content\/uploads\/2019\/12\/swiss-cargo.jpg","twitter_creator":"@NITUmx","twitter_site":"@Arturo_Medina_G","twitter_misc":{"Escrito por":"Redacci\u00f3n","Tiempo de lectura":"2 minutos"},"schema":{"@context":"https:\/\/schema.org","@graph":[{"@type":"Article","@id":"https:\/\/nitu.mx\/index.php\/2019\/12\/12\/swiss-worldcargo-abre-estacion-en-el-aeropuerto-internacional-de-cancun\/#article","isPartOf":{"@id":"https:\/\/nitu.mx\/index.php\/2019\/12\/12\/swiss-worldcargo-abre-estacion-en-el-aeropuerto-internacional-de-cancun\/"},"author":{"name":"Redacci\u00f3n","@id":"https:\/\/nitu.mx\/#\/schema\/person\/4a28fe9bd65924f7c90623773daf1b0b"},"headline":"Swiss WorldCargo abre estaci\u00f3n en el Aeropuerto Internacional de Canc\u00fan","datePublished":"2019-12-12T06:16:02+00:00","dateModified":"2019-12-12T06:21:47+00:00","mainEntityOfPage":{"@id":"https:\/\/nitu.mx\/index.php\/2019\/12\/12\/swiss-worldcargo-abre-estacion-en-el-aeropuerto-internacional-de-cancun\/"},"wordCount":337,"commentCount":0,"publisher":{"@id":"https:\/\/nitu.mx\/#\/schema\/person\/ae7a53426417292d3dd07b45a33e01bc"},"image":{"@id":"https:\/\/nitu.mx\/index.php\/2019\/12\/12\/swiss-worldcargo-abre-estacion-en-el-aeropuerto-internacional-de-cancun\/#primaryimage"},"thumbnailUrl":"https:\/\/nitu.mx\/wp-content\/uploads\/2019\/12\/swiss-cargo.jpg","keywords":["aeropuerto","Canc\u00fan","Estaci\u00f3n","Hendrik Falk","Swiss WorldCargo","Zurich"],"articleSection":["Aerol\u00edneas","M\u00e9xico"],"inLanguage":"es-MX","potentialAction":[{"@type":"CommentAction","name":"Comment","target":["https:\/\/nitu.mx\/index.php\/2019\/12\/12\/swiss-worldcargo-abre-estacion-en-el-aeropuerto-internacional-de-cancun\/#respond"]}]},{"@type":"WebPage","@id":"https:\/\/nitu.mx\/index.php\/2019\/12\/12\/swiss-worldcargo-abre-estacion-en-el-aeropuerto-internacional-de-cancun\/","url":"https:\/\/nitu.mx\/index.php\/2019\/12\/12\/swiss-worldcargo-abre-estacion-en-el-aeropuerto-internacional-de-cancun\/","name":"Swiss WorldCargo abre estaci\u00f3n en el Aeropuerto Internacional de Canc\u00fan - Nitu - Noticias de la Industria Turistica","isPartOf":{"@id":"https:\/\/nitu.mx\/#website"},"primaryImageOfPage":{"@id":"https:\/\/nitu.mx\/index.php\/2019\/12\/12\/swiss-worldcargo-abre-estacion-en-el-aeropuerto-internacional-de-cancun\/#primaryimage"},"image":{"@id":"https:\/\/nitu.mx\/index.php\/2019\/12\/12\/swiss-worldcargo-abre-estacion-en-el-aeropuerto-internacional-de-cancun\/#primaryimage"},"thumbnailUrl":"https:\/\/nitu.mx\/wp-content\/uploads\/2019\/12\/swiss-cargo.jpg","datePublished":"2019-12-12T06:16:02+00:00","dateModified":"2019-12-12T06:21:47+00:00","description":"Swiss WorldCargo, la divisi\u00f3n de carga de Swiss International Airlines, abri\u00f3 su estaci\u00f3n en el Aeropuerto Internacional de Canc\u00fan.","breadcrumb":{"@id":"https:\/\/nitu.mx\/index.php\/2019\/12\/12\/swiss-worldcargo-abre-estacion-en-el-aeropuerto-internacional-de-cancun\/#breadcrumb"},"inLanguage":"es-MX","potentialAction":[{"@type":"ReadAction","target":["https:\/\/nitu.mx\/index.php\/2019\/12\/12\/swiss-worldcargo-abre-estacion-en-el-aeropuerto-internacional-de-cancun\/"]}]},{"@type":"ImageObject","inLanguage":"es-MX","@id":"https:\/\/nitu.mx\/index.php\/2019\/12\/12\/swiss-worldcargo-abre-estacion-en-el-aeropuerto-internacional-de-cancun\/#primaryimage","url":"https:\/\/nitu.mx\/wp-content\/uploads\/2019\/12\/swiss-cargo.jpg","contentUrl":"https:\/\/nitu.mx\/wp-content\/uploads\/2019\/12\/swiss-cargo.jpg","width":850,"height":480,"caption":"swiss cargo"},{"@type":"BreadcrumbList","@id":"https:\/\/nitu.mx\/index.php\/2019\/12\/12\/swiss-worldcargo-abre-estacion-en-el-aeropuerto-internacional-de-cancun\/#breadcrumb","itemListElement":[{"@type":"ListItem","position":1,"name":"Inicio","item":"https:\/\/nitu.mx\/"},{"@type":"ListItem","position":2,"name":"Swiss WorldCargo abre estaci\u00f3n en el Aeropuerto Internacional de Canc\u00fan"}]},{"@type":"WebSite","@id":"https:\/\/nitu.mx\/#website","url":"https:\/\/nitu.mx\/","name":"Nitu - Noticias de la Industria Turistica","description":"Noticias de la Industria Turistica","publisher":{"@id":"https:\/\/nitu.mx\/#\/schema\/person\/ae7a53426417292d3dd07b45a33e01bc"},"alternateName":"Noticias de la Industria Turistica","potentialAction":[{"@type":"SearchAction","target":{"@type":"EntryPoint","urlTemplate":"https:\/\/nitu.mx\/?s={search_term_string}"},"query-input":"required name=search_term_string"}],"inLanguage":"es-MX"},{"@type":["Person","Organization"],"@id":"https:\/\/nitu.mx\/#\/schema\/person\/ae7a53426417292d3dd07b45a33e01bc","name":"Arturo Medina","image":{"@type":"ImageObject","inLanguage":"es-MX","@id":"https:\/\/nitu.mx\/#\/schema\/person\/image\/","url":"https:\/\/nitu.mx\/wp-content\/uploads\/2024\/04\/4A315622-1904-4D5C-B022-878CDC840E04-90x90-1.jpeg","contentUrl":"https:\/\/nitu.mx\/wp-content\/uploads\/2024\/04\/4A315622-1904-4D5C-B022-878CDC840E04-90x90-1.jpeg","width":90,"height":90,"caption":"Arturo Medina"},"logo":{"@id":"https:\/\/nitu.mx\/#\/schema\/person\/image\/"},"description":"Director NITU.mx, Egresado de la Escuela de Periodismo Carlos Septi\u00e9n Garc\u00eda. Periodista y analista especializado en turismo desde hace 35 a\u00f1os, radicado en Canc\u00fan Q.Roo. arturo@nitu.mx","sameAs":["https:\/\/nitu.mx","https:\/\/www.facebook.com\/NITUmx\/","medinacancun","https:\/\/twitter.com\/@Arturo_Medina_G"]},{"@type":"Person","@id":"https:\/\/nitu.mx\/#\/schema\/person\/4a28fe9bd65924f7c90623773daf1b0b","name":"Redacci\u00f3n","image":{"@type":"ImageObject","inLanguage":"es-MX","@id":"https:\/\/nitu.mx\/#\/schema\/person\/image\/","url":"https:\/\/secure.gravatar.com\/avatar\/5dd011c8ccfc5cd7e4c81e42252aab38?s=96&d=mm&r=g","contentUrl":"https:\/\/secure.gravatar.com\/avatar\/5dd011c8ccfc5cd7e4c81e42252aab38?s=96&d=mm&r=g","caption":"Redacci\u00f3n"},"url":"https:\/\/nitu.mx\/index.php\/author\/redaccion\/"}]}},"views":240,"_links":{"self":[{"href":"https:\/\/nitu.mx\/index.php\/wp-json\/wp\/v2\/posts\/38207"}],"collection":[{"href":"https:\/\/nitu.mx\/index.php\/wp-json\/wp\/v2\/posts"}],"about":[{"href":"https:\/\/nitu.mx\/index.php\/wp-json\/wp\/v2\/types\/post"}],"author":[{"embeddable":true,"href":"https:\/\/nitu.mx\/index.php\/wp-json\/wp\/v2\/users\/17"}],"replies":[{"embeddable":true,"href":"https:\/\/nitu.mx\/index.php\/wp-json\/wp\/v2\/comments?post=38207"}],"version-history":[{"count":4,"href":"https:\/\/nitu.mx\/index.php\/wp-json\/wp\/v2\/posts\/38207\/revisions"}],"predecessor-version":[{"id":38233,"href":"https:\/\/nitu.mx\/index.php\/wp-json\/wp\/v2\/posts\/38207\/revisions\/38233"}],"wp:featuredmedia":[{"embeddable":true,"href":"https:\/\/nitu.mx\/index.php\/wp-json\/wp\/v2\/media\/38223"}],"wp:attachment":[{"href":"https:\/\/nitu.mx\/index.php\/wp-json\/wp\/v2\/media?parent=38207"}],"wp:term":[{"taxonomy":"category","embeddable":true,"href":"https:\/\/nitu.mx\/index.php\/wp-json\/wp\/v2\/categories?post=38207"},{"taxonomy":"post_tag","embeddable":true,"href":"https:\/\/nitu.mx\/index.php\/wp-json\/wp\/v2\/tags?post=38207"}],"curies":[{"name":"wp","href":"https:\/\/api.w.org\/{rel}","templated":true}]}}