{"id":3820,"date":"2016-11-11T01:08:23","date_gmt":"2016-11-11T06:08:23","guid":{"rendered":"http:\/\/www.dev.nitu.mx\/?p=3820"},"modified":"2016-11-11T01:27:40","modified_gmt":"2016-11-11T06:27:40","slug":"aero-ana-volara-tokio-cdmx-en-febrero-del-2017","status":"publish","type":"post","link":"https:\/\/nitu.mx\/index.php\/2016\/11\/11\/aero-ana-volara-tokio-cdmx-en-febrero-del-2017\/","title":{"rendered":"All Nippon Airways volar\u00e1 Tokio-CDMX en febrero del 2017"},"content":{"rendered":"<p><span style=\"color: #000000; font-family: Calibri;\">La aerol\u00ednea japonesa All Nippon Airways (ANA) anunci\u00f3 el comienzo de su ruta Tokio y la Ciudad de M\u00e9xico a partir del 15 de febrero de 2017.<\/span><\/p>\n<p><span style=\"color: #000000; font-family: Calibri;\">Con esto, ANA ser\u00e1 la primera aerol\u00ednea que opera vuelos diarios sin escalas entre Jap\u00f3n y M\u00e9xico, informa Milenio. <\/span><\/p>\n<p><span style=\"color: #000000; font-family: Calibri;\">\u201cTenemos el orgullo de ser la primera aerol\u00ednea en operar vuelos diarios sin escalas entre Jap\u00f3n y M\u00e9xico para atender mejor la creciente demanda de viajes de negocios y de placer entre nuestros dos pa\u00edses\u201d, dijo el presidente y director general de ANA, Osamu Shinobe.<\/span><\/p>\n<p><span style=\"color: #000000; font-family: Calibri;\">La Ciudad de M\u00e9xico ser\u00e1 el destino internacional n\u00famero 42 en la red de ANA.<\/span><\/p>\n<p><span style=\"color: #000000; font-family: Calibri;\">El vuelo tendr\u00e1 una capacidad de transporte de 169 pasajeros, 46 en clase ejecutiva y 123 en clase econ\u00f3mica.<\/span><\/p>\n","protected":false},"excerpt":{"rendered":"<p>La aerol\u00ednea japonesa All Nippon Airways (ANA) anunci\u00f3 el comienzo de su ruta Tokio y la Ciudad de M\u00e9xico a partir del 15 de febrero de 2017. Con esto, ANA ser\u00e1 la primera aerol\u00ednea que opera vuelos diarios sin escalas entre Jap\u00f3n y M\u00e9xico, informa Milenio. \u201cTenemos el orgullo de ser la primera aerol\u00ednea en [&hellip;]<\/p>\n","protected":false},"author":17,"featured_media":3850,"comment_status":"open","ping_status":"open","sticky":false,"template":"","format":"standard","meta":{"footnotes":""},"categories":[29,6],"tags":[1615,125,231,68,1616,1232],"yoast_head":"<!-- This site is optimized with the Yoast SEO plugin v22.2 - https:\/\/yoast.com\/wordpress\/plugins\/seo\/ -->\n<title>All Nippon Airways volar\u00e1 Tokio-CDMX en febrero del 2017 - Nitu - Noticias de la Industria Turistica<\/title>\n<meta name=\"robots\" content=\"index, follow, max-snippet:-1, max-image-preview:large, max-video-preview:-1\" \/>\n<link rel=\"canonical\" href=\"https:\/\/nitu.mx\/index.php\/2016\/11\/11\/aero-ana-volara-tokio-cdmx-en-febrero-del-2017\/\" \/>\n<meta name=\"twitter:card\" content=\"summary_large_image\" \/>\n<meta name=\"twitter:title\" content=\"All Nippon Airways volar\u00e1 Tokio-CDMX en febrero del 2017 - Nitu - Noticias de la Industria Turistica\" \/>\n<meta name=\"twitter:description\" content=\"La aerol\u00ednea japonesa All Nippon Airways (ANA) anunci\u00f3 el comienzo de su ruta Tokio y la Ciudad de M\u00e9xico a partir del 15 de febrero de 2017. Con esto, ANA ser\u00e1 la primera aerol\u00ednea que opera vuelos diarios sin escalas entre Jap\u00f3n y M\u00e9xico, informa Milenio. \u201cTenemos el orgullo de ser la primera aerol\u00ednea en [&hellip;]\" \/>\n<meta name=\"twitter:image\" content=\"https:\/\/nitu.mx\/wp-content\/uploads\/2016\/11\/ALL-NIPPON-AIRWAYS.jpg\" \/>\n<meta name=\"twitter:creator\" content=\"@NITUmx\" \/>\n<meta name=\"twitter:site\" content=\"@Arturo_Medina_G\" \/>\n<meta name=\"twitter:label1\" content=\"Escrito por\" \/>\n\t<meta name=\"twitter:data1\" content=\"Redacci\u00f3n\" \/>\n\t<meta name=\"twitter:label2\" content=\"Tiempo de lectura\" \/>\n\t<meta name=\"twitter:data2\" content=\"1 minuto\" \/>\n<script type=\"application\/ld+json\" class=\"yoast-schema-graph\">{\"@context\":\"https:\/\/schema.org\",\"@graph\":[{\"@type\":\"Article\",\"@id\":\"https:\/\/nitu.mx\/index.php\/2016\/11\/11\/aero-ana-volara-tokio-cdmx-en-febrero-del-2017\/#article\",\"isPartOf\":{\"@id\":\"https:\/\/nitu.mx\/index.php\/2016\/11\/11\/aero-ana-volara-tokio-cdmx-en-febrero-del-2017\/\"},\"author\":{\"name\":\"Redacci\u00f3n\",\"@id\":\"https:\/\/nitu.mx\/#\/schema\/person\/4a28fe9bd65924f7c90623773daf1b0b\"},\"headline\":\"All Nippon Airways volar\u00e1 Tokio-CDMX en febrero del 2017\",\"datePublished\":\"2016-11-11T06:08:23+00:00\",\"dateModified\":\"2016-11-11T06:27:40+00:00\",\"mainEntityOfPage\":{\"@id\":\"https:\/\/nitu.mx\/index.php\/2016\/11\/11\/aero-ana-volara-tokio-cdmx-en-febrero-del-2017\/\"},\"wordCount\":139,\"commentCount\":0,\"publisher\":{\"@id\":\"https:\/\/nitu.mx\/#\/schema\/person\/ae7a53426417292d3dd07b45a33e01bc\"},\"image\":{\"@id\":\"https:\/\/nitu.mx\/index.php\/2016\/11\/11\/aero-ana-volara-tokio-cdmx-en-febrero-del-2017\/#primaryimage\"},\"thumbnailUrl\":\"https:\/\/nitu.mx\/wp-content\/uploads\/2016\/11\/ALL-NIPPON-AIRWAYS.jpg\",\"keywords\":[\"All Nippon Airways (ANA)\",\"Ciudad de M\u00e9xico\",\"Jap\u00f3n\",\"M\u00e9xico\",\"Osamu Shinobe\",\"Tokio\"],\"articleSection\":[\"Aerol\u00edneas\",\"M\u00e9xico\"],\"inLanguage\":\"es-MX\",\"potentialAction\":[{\"@type\":\"CommentAction\",\"name\":\"Comment\",\"target\":[\"https:\/\/nitu.mx\/index.php\/2016\/11\/11\/aero-ana-volara-tokio-cdmx-en-febrero-del-2017\/#respond\"]}]},{\"@type\":\"WebPage\",\"@id\":\"https:\/\/nitu.mx\/index.php\/2016\/11\/11\/aero-ana-volara-tokio-cdmx-en-febrero-del-2017\/\",\"url\":\"https:\/\/nitu.mx\/index.php\/2016\/11\/11\/aero-ana-volara-tokio-cdmx-en-febrero-del-2017\/\",\"name\":\"All Nippon Airways volar\u00e1 Tokio-CDMX en febrero del 2017 - Nitu - Noticias de la Industria Turistica\",\"isPartOf\":{\"@id\":\"https:\/\/nitu.mx\/#website\"},\"primaryImageOfPage\":{\"@id\":\"https:\/\/nitu.mx\/index.php\/2016\/11\/11\/aero-ana-volara-tokio-cdmx-en-febrero-del-2017\/#primaryimage\"},\"image\":{\"@id\":\"https:\/\/nitu.mx\/index.php\/2016\/11\/11\/aero-ana-volara-tokio-cdmx-en-febrero-del-2017\/#primaryimage\"},\"thumbnailUrl\":\"https:\/\/nitu.mx\/wp-content\/uploads\/2016\/11\/ALL-NIPPON-AIRWAYS.jpg\",\"datePublished\":\"2016-11-11T06:08:23+00:00\",\"dateModified\":\"2016-11-11T06:27:40+00:00\",\"breadcrumb\":{\"@id\":\"https:\/\/nitu.mx\/index.php\/2016\/11\/11\/aero-ana-volara-tokio-cdmx-en-febrero-del-2017\/#breadcrumb\"},\"inLanguage\":\"es-MX\",\"potentialAction\":[{\"@type\":\"ReadAction\",\"target\":[\"https:\/\/nitu.mx\/index.php\/2016\/11\/11\/aero-ana-volara-tokio-cdmx-en-febrero-del-2017\/\"]}]},{\"@type\":\"ImageObject\",\"inLanguage\":\"es-MX\",\"@id\":\"https:\/\/nitu.mx\/index.php\/2016\/11\/11\/aero-ana-volara-tokio-cdmx-en-febrero-del-2017\/#primaryimage\",\"url\":\"https:\/\/nitu.mx\/wp-content\/uploads\/2016\/11\/ALL-NIPPON-AIRWAYS.jpg\",\"contentUrl\":\"https:\/\/nitu.mx\/wp-content\/uploads\/2016\/11\/ALL-NIPPON-AIRWAYS.jpg\",\"width\":1191,\"height\":743,\"caption\":\"ANA\"},{\"@type\":\"BreadcrumbList\",\"@id\":\"https:\/\/nitu.mx\/index.php\/2016\/11\/11\/aero-ana-volara-tokio-cdmx-en-febrero-del-2017\/#breadcrumb\",\"itemListElement\":[{\"@type\":\"ListItem\",\"position\":1,\"name\":\"Inicio\",\"item\":\"https:\/\/nitu.mx\/\"},{\"@type\":\"ListItem\",\"position\":2,\"name\":\"All Nippon Airways volar\u00e1 Tokio-CDMX en febrero del 2017\"}]},{\"@type\":\"WebSite\",\"@id\":\"https:\/\/nitu.mx\/#website\",\"url\":\"https:\/\/nitu.mx\/\",\"name\":\"Nitu - Noticias de la Industria Turistica\",\"description\":\"Noticias de la Industria Turistica\",\"publisher\":{\"@id\":\"https:\/\/nitu.mx\/#\/schema\/person\/ae7a53426417292d3dd07b45a33e01bc\"},\"alternateName\":\"Noticias de la Industria Turistica\",\"potentialAction\":[{\"@type\":\"SearchAction\",\"target\":{\"@type\":\"EntryPoint\",\"urlTemplate\":\"https:\/\/nitu.mx\/?s={search_term_string}\"},\"query-input\":\"required name=search_term_string\"}],\"inLanguage\":\"es-MX\"},{\"@type\":[\"Person\",\"Organization\"],\"@id\":\"https:\/\/nitu.mx\/#\/schema\/person\/ae7a53426417292d3dd07b45a33e01bc\",\"name\":\"Arturo Medina\",\"image\":{\"@type\":\"ImageObject\",\"inLanguage\":\"es-MX\",\"@id\":\"https:\/\/nitu.mx\/#\/schema\/person\/image\/\",\"url\":\"https:\/\/nitu.mx\/wp-content\/uploads\/2024\/04\/4A315622-1904-4D5C-B022-878CDC840E04-90x90-1.jpeg\",\"contentUrl\":\"https:\/\/nitu.mx\/wp-content\/uploads\/2024\/04\/4A315622-1904-4D5C-B022-878CDC840E04-90x90-1.jpeg\",\"width\":90,\"height\":90,\"caption\":\"Arturo Medina\"},\"logo\":{\"@id\":\"https:\/\/nitu.mx\/#\/schema\/person\/image\/\"},\"description\":\"Director NITU.mx, Egresado de la Escuela de Periodismo Carlos Septi\u00e9n Garc\u00eda. Periodista y analista especializado en turismo desde hace 35 a\u00f1os, radicado en Canc\u00fan Q.Roo. arturo@nitu.mx\",\"sameAs\":[\"https:\/\/nitu.mx\",\"https:\/\/www.facebook.com\/NITUmx\/\",\"medinacancun\",\"https:\/\/twitter.com\/@Arturo_Medina_G\"]},{\"@type\":\"Person\",\"@id\":\"https:\/\/nitu.mx\/#\/schema\/person\/4a28fe9bd65924f7c90623773daf1b0b\",\"name\":\"Redacci\u00f3n\",\"image\":{\"@type\":\"ImageObject\",\"inLanguage\":\"es-MX\",\"@id\":\"https:\/\/nitu.mx\/#\/schema\/person\/image\/\",\"url\":\"https:\/\/secure.gravatar.com\/avatar\/5dd011c8ccfc5cd7e4c81e42252aab38?s=96&d=mm&r=g\",\"contentUrl\":\"https:\/\/secure.gravatar.com\/avatar\/5dd011c8ccfc5cd7e4c81e42252aab38?s=96&d=mm&r=g\",\"caption\":\"Redacci\u00f3n\"},\"url\":\"https:\/\/nitu.mx\/index.php\/author\/redaccion\/\"}]}<\/script>\n<!-- \/ Yoast SEO plugin. -->","yoast_head_json":{"title":"All Nippon Airways volar\u00e1 Tokio-CDMX en febrero del 2017 - Nitu - Noticias de la Industria Turistica","robots":{"index":"index","follow":"follow","max-snippet":"max-snippet:-1","max-image-preview":"max-image-preview:large","max-video-preview":"max-video-preview:-1"},"canonical":"https:\/\/nitu.mx\/index.php\/2016\/11\/11\/aero-ana-volara-tokio-cdmx-en-febrero-del-2017\/","twitter_card":"summary_large_image","twitter_title":"All Nippon Airways volar\u00e1 Tokio-CDMX en febrero del 2017 - Nitu - Noticias de la Industria Turistica","twitter_description":"La aerol\u00ednea japonesa All Nippon Airways (ANA) anunci\u00f3 el comienzo de su ruta Tokio y la Ciudad de M\u00e9xico a partir del 15 de febrero de 2017. Con esto, ANA ser\u00e1 la primera aerol\u00ednea que opera vuelos diarios sin escalas entre Jap\u00f3n y M\u00e9xico, informa Milenio. \u201cTenemos el orgullo de ser la primera aerol\u00ednea en [&hellip;]","twitter_image":"https:\/\/nitu.mx\/wp-content\/uploads\/2016\/11\/ALL-NIPPON-AIRWAYS.jpg","twitter_creator":"@NITUmx","twitter_site":"@Arturo_Medina_G","twitter_misc":{"Escrito por":"Redacci\u00f3n","Tiempo de lectura":"1 minuto"},"schema":{"@context":"https:\/\/schema.org","@graph":[{"@type":"Article","@id":"https:\/\/nitu.mx\/index.php\/2016\/11\/11\/aero-ana-volara-tokio-cdmx-en-febrero-del-2017\/#article","isPartOf":{"@id":"https:\/\/nitu.mx\/index.php\/2016\/11\/11\/aero-ana-volara-tokio-cdmx-en-febrero-del-2017\/"},"author":{"name":"Redacci\u00f3n","@id":"https:\/\/nitu.mx\/#\/schema\/person\/4a28fe9bd65924f7c90623773daf1b0b"},"headline":"All Nippon Airways volar\u00e1 Tokio-CDMX en febrero del 2017","datePublished":"2016-11-11T06:08:23+00:00","dateModified":"2016-11-11T06:27:40+00:00","mainEntityOfPage":{"@id":"https:\/\/nitu.mx\/index.php\/2016\/11\/11\/aero-ana-volara-tokio-cdmx-en-febrero-del-2017\/"},"wordCount":139,"commentCount":0,"publisher":{"@id":"https:\/\/nitu.mx\/#\/schema\/person\/ae7a53426417292d3dd07b45a33e01bc"},"image":{"@id":"https:\/\/nitu.mx\/index.php\/2016\/11\/11\/aero-ana-volara-tokio-cdmx-en-febrero-del-2017\/#primaryimage"},"thumbnailUrl":"https:\/\/nitu.mx\/wp-content\/uploads\/2016\/11\/ALL-NIPPON-AIRWAYS.jpg","keywords":["All Nippon Airways (ANA)","Ciudad de M\u00e9xico","Jap\u00f3n","M\u00e9xico","Osamu Shinobe","Tokio"],"articleSection":["Aerol\u00edneas","M\u00e9xico"],"inLanguage":"es-MX","potentialAction":[{"@type":"CommentAction","name":"Comment","target":["https:\/\/nitu.mx\/index.php\/2016\/11\/11\/aero-ana-volara-tokio-cdmx-en-febrero-del-2017\/#respond"]}]},{"@type":"WebPage","@id":"https:\/\/nitu.mx\/index.php\/2016\/11\/11\/aero-ana-volara-tokio-cdmx-en-febrero-del-2017\/","url":"https:\/\/nitu.mx\/index.php\/2016\/11\/11\/aero-ana-volara-tokio-cdmx-en-febrero-del-2017\/","name":"All Nippon Airways volar\u00e1 Tokio-CDMX en febrero del 2017 - Nitu - Noticias de la Industria Turistica","isPartOf":{"@id":"https:\/\/nitu.mx\/#website"},"primaryImageOfPage":{"@id":"https:\/\/nitu.mx\/index.php\/2016\/11\/11\/aero-ana-volara-tokio-cdmx-en-febrero-del-2017\/#primaryimage"},"image":{"@id":"https:\/\/nitu.mx\/index.php\/2016\/11\/11\/aero-ana-volara-tokio-cdmx-en-febrero-del-2017\/#primaryimage"},"thumbnailUrl":"https:\/\/nitu.mx\/wp-content\/uploads\/2016\/11\/ALL-NIPPON-AIRWAYS.jpg","datePublished":"2016-11-11T06:08:23+00:00","dateModified":"2016-11-11T06:27:40+00:00","breadcrumb":{"@id":"https:\/\/nitu.mx\/index.php\/2016\/11\/11\/aero-ana-volara-tokio-cdmx-en-febrero-del-2017\/#breadcrumb"},"inLanguage":"es-MX","potentialAction":[{"@type":"ReadAction","target":["https:\/\/nitu.mx\/index.php\/2016\/11\/11\/aero-ana-volara-tokio-cdmx-en-febrero-del-2017\/"]}]},{"@type":"ImageObject","inLanguage":"es-MX","@id":"https:\/\/nitu.mx\/index.php\/2016\/11\/11\/aero-ana-volara-tokio-cdmx-en-febrero-del-2017\/#primaryimage","url":"https:\/\/nitu.mx\/wp-content\/uploads\/2016\/11\/ALL-NIPPON-AIRWAYS.jpg","contentUrl":"https:\/\/nitu.mx\/wp-content\/uploads\/2016\/11\/ALL-NIPPON-AIRWAYS.jpg","width":1191,"height":743,"caption":"ANA"},{"@type":"BreadcrumbList","@id":"https:\/\/nitu.mx\/index.php\/2016\/11\/11\/aero-ana-volara-tokio-cdmx-en-febrero-del-2017\/#breadcrumb","itemListElement":[{"@type":"ListItem","position":1,"name":"Inicio","item":"https:\/\/nitu.mx\/"},{"@type":"ListItem","position":2,"name":"All Nippon Airways volar\u00e1 Tokio-CDMX en febrero del 2017"}]},{"@type":"WebSite","@id":"https:\/\/nitu.mx\/#website","url":"https:\/\/nitu.mx\/","name":"Nitu - Noticias de la Industria Turistica","description":"Noticias de la Industria Turistica","publisher":{"@id":"https:\/\/nitu.mx\/#\/schema\/person\/ae7a53426417292d3dd07b45a33e01bc"},"alternateName":"Noticias de la Industria Turistica","potentialAction":[{"@type":"SearchAction","target":{"@type":"EntryPoint","urlTemplate":"https:\/\/nitu.mx\/?s={search_term_string}"},"query-input":"required name=search_term_string"}],"inLanguage":"es-MX"},{"@type":["Person","Organization"],"@id":"https:\/\/nitu.mx\/#\/schema\/person\/ae7a53426417292d3dd07b45a33e01bc","name":"Arturo Medina","image":{"@type":"ImageObject","inLanguage":"es-MX","@id":"https:\/\/nitu.mx\/#\/schema\/person\/image\/","url":"https:\/\/nitu.mx\/wp-content\/uploads\/2024\/04\/4A315622-1904-4D5C-B022-878CDC840E04-90x90-1.jpeg","contentUrl":"https:\/\/nitu.mx\/wp-content\/uploads\/2024\/04\/4A315622-1904-4D5C-B022-878CDC840E04-90x90-1.jpeg","width":90,"height":90,"caption":"Arturo Medina"},"logo":{"@id":"https:\/\/nitu.mx\/#\/schema\/person\/image\/"},"description":"Director NITU.mx, Egresado de la Escuela de Periodismo Carlos Septi\u00e9n Garc\u00eda. Periodista y analista especializado en turismo desde hace 35 a\u00f1os, radicado en Canc\u00fan Q.Roo. arturo@nitu.mx","sameAs":["https:\/\/nitu.mx","https:\/\/www.facebook.com\/NITUmx\/","medinacancun","https:\/\/twitter.com\/@Arturo_Medina_G"]},{"@type":"Person","@id":"https:\/\/nitu.mx\/#\/schema\/person\/4a28fe9bd65924f7c90623773daf1b0b","name":"Redacci\u00f3n","image":{"@type":"ImageObject","inLanguage":"es-MX","@id":"https:\/\/nitu.mx\/#\/schema\/person\/image\/","url":"https:\/\/secure.gravatar.com\/avatar\/5dd011c8ccfc5cd7e4c81e42252aab38?s=96&d=mm&r=g","contentUrl":"https:\/\/secure.gravatar.com\/avatar\/5dd011c8ccfc5cd7e4c81e42252aab38?s=96&d=mm&r=g","caption":"Redacci\u00f3n"},"url":"https:\/\/nitu.mx\/index.php\/author\/redaccion\/"}]}},"views":260,"_links":{"self":[{"href":"https:\/\/nitu.mx\/index.php\/wp-json\/wp\/v2\/posts\/3820"}],"collection":[{"href":"https:\/\/nitu.mx\/index.php\/wp-json\/wp\/v2\/posts"}],"about":[{"href":"https:\/\/nitu.mx\/index.php\/wp-json\/wp\/v2\/types\/post"}],"author":[{"embeddable":true,"href":"https:\/\/nitu.mx\/index.php\/wp-json\/wp\/v2\/users\/17"}],"replies":[{"embeddable":true,"href":"https:\/\/nitu.mx\/index.php\/wp-json\/wp\/v2\/comments?post=3820"}],"version-history":[{"count":4,"href":"https:\/\/nitu.mx\/index.php\/wp-json\/wp\/v2\/posts\/3820\/revisions"}],"predecessor-version":[{"id":3851,"href":"https:\/\/nitu.mx\/index.php\/wp-json\/wp\/v2\/posts\/3820\/revisions\/3851"}],"wp:featuredmedia":[{"embeddable":true,"href":"https:\/\/nitu.mx\/index.php\/wp-json\/wp\/v2\/media\/3850"}],"wp:attachment":[{"href":"https:\/\/nitu.mx\/index.php\/wp-json\/wp\/v2\/media?parent=3820"}],"wp:term":[{"taxonomy":"category","embeddable":true,"href":"https:\/\/nitu.mx\/index.php\/wp-json\/wp\/v2\/categories?post=3820"},{"taxonomy":"post_tag","embeddable":true,"href":"https:\/\/nitu.mx\/index.php\/wp-json\/wp\/v2\/tags?post=3820"}],"curies":[{"name":"wp","href":"https:\/\/api.w.org\/{rel}","templated":true}]}}