{"id":38176,"date":"2019-12-11T01:18:44","date_gmt":"2019-12-11T06:18:44","guid":{"rendered":"https:\/\/www.dev.nitu.mx\/?p=38176"},"modified":"2019-12-11T01:51:27","modified_gmt":"2019-12-11T06:51:27","slug":"gobierno-de-quintana-roo-rescato-embarcacion-sargacera","status":"publish","type":"post","link":"https:\/\/nitu.mx\/index.php\/2019\/12\/11\/gobierno-de-quintana-roo-rescato-embarcacion-sargacera\/","title":{"rendered":"Gobierno de Quintana Roo rescat\u00f3 embarcaci\u00f3n sargacera"},"content":{"rendered":"<p>Gracias al esfuerzo conjunto del gobierno de Quintana Roo con la Secretar\u00eda de Marina, se rescat\u00f3 y repar\u00f3 la embarcaci\u00f3n sargacera que hab\u00eda permanecido abandonada en Puerto Morelos y que ahora servir\u00e1 para atender la recolecci\u00f3n en altamar de sargazo.<\/p>\n<p>El gobernador Carlos Joaqu\u00edn anunci\u00f3 que entrar\u00e1 en operaci\u00f3n para atender la temporada de sargazo que seg\u00fan proyecciones de cient\u00edficos iniciar\u00e1 en la primavera de 2020. (<a title=\"Analizan en Puerto Morelos opciones para aprovechamiento de sargazo\" href=\"https:\/\/www.dev.nitu.mx\/index.php\/2019\/12\/03\/analizan-en-puerto-morelos-opciones-para-aprovechamiento-de-sargazo\/\" rel=\"bookmark\">Analizan en Puerto Morelos opciones para aprovechamiento de sargazo<\/a>).<\/p>\n<p>Personal de la Semar atrac\u00f3 el barco sargacero que operar\u00e1 en el muelle de Punta Sam.<\/p>\n<p>A esta embarcaci\u00f3n se sumar\u00e1n otras cuatro que la Marina construye en su astillero de Coatzacoalcos, Veracruz y tiene capacidad para recolectar hasta 80 toneladas diarias de sargazo.<\/p>\n","protected":false},"excerpt":{"rendered":"<p>Gracias al esfuerzo conjunto del gobierno de Quintana Roo con la Secretar\u00eda de Marina, se rescat\u00f3 y repar\u00f3 la embarcaci\u00f3n sargacera que hab\u00eda permanecido abandonada en Puerto Morelos y que ahora servir\u00e1 para atender la recolecci\u00f3n en altamar de sargazo. El gobernador Carlos Joaqu\u00edn anunci\u00f3 que entrar\u00e1 en operaci\u00f3n para atender la temporada de sargazo [&hellip;]<\/p>\n","protected":false},"author":17,"featured_media":38187,"comment_status":"open","ping_status":"open","sticky":false,"template":"","format":"standard","meta":{"footnotes":""},"categories":[5,6],"tags":[384,18272,86,260,6700],"yoast_head":"<!-- This site is optimized with the Yoast SEO plugin v22.2 - https:\/\/yoast.com\/wordpress\/plugins\/seo\/ -->\n<title>Gobierno de Quintana Roo rescat\u00f3 embarcaci\u00f3n sargacera - Nitu - Noticias de la Industria Turistica<\/title>\n<meta name=\"description\" content=\"La Secretar\u00eda de Marina, se rescat\u00f3 y repar\u00f3 la embarcaci\u00f3n sargacera que hab\u00eda permanecido abandonada en Puerto Morelos.\" \/>\n<meta name=\"robots\" content=\"index, follow, max-snippet:-1, max-image-preview:large, max-video-preview:-1\" \/>\n<link rel=\"canonical\" href=\"https:\/\/nitu.mx\/index.php\/2019\/12\/11\/gobierno-de-quintana-roo-rescato-embarcacion-sargacera\/\" \/>\n<meta name=\"twitter:card\" content=\"summary_large_image\" \/>\n<meta name=\"twitter:title\" content=\"Gobierno de Quintana Roo rescat\u00f3 embarcaci\u00f3n sargacera - Nitu - Noticias de la Industria Turistica\" \/>\n<meta name=\"twitter:description\" content=\"La Secretar\u00eda de Marina, se rescat\u00f3 y repar\u00f3 la embarcaci\u00f3n sargacera que hab\u00eda permanecido abandonada en Puerto Morelos.\" \/>\n<meta name=\"twitter:image\" content=\"https:\/\/nitu.mx\/wp-content\/uploads\/2019\/12\/Sargacera.jpg\" \/>\n<meta name=\"twitter:creator\" content=\"@NITUmx\" \/>\n<meta name=\"twitter:site\" content=\"@Arturo_Medina_G\" \/>\n<meta name=\"twitter:label1\" content=\"Escrito por\" \/>\n\t<meta name=\"twitter:data1\" content=\"Redacci\u00f3n\" \/>\n\t<meta name=\"twitter:label2\" content=\"Tiempo de lectura\" \/>\n\t<meta name=\"twitter:data2\" content=\"1 minuto\" \/>\n<script type=\"application\/ld+json\" class=\"yoast-schema-graph\">{\"@context\":\"https:\/\/schema.org\",\"@graph\":[{\"@type\":\"Article\",\"@id\":\"https:\/\/nitu.mx\/index.php\/2019\/12\/11\/gobierno-de-quintana-roo-rescato-embarcacion-sargacera\/#article\",\"isPartOf\":{\"@id\":\"https:\/\/nitu.mx\/index.php\/2019\/12\/11\/gobierno-de-quintana-roo-rescato-embarcacion-sargacera\/\"},\"author\":{\"name\":\"Redacci\u00f3n\",\"@id\":\"https:\/\/nitu.mx\/#\/schema\/person\/4a28fe9bd65924f7c90623773daf1b0b\"},\"headline\":\"Gobierno de Quintana Roo rescat\u00f3 embarcaci\u00f3n sargacera\",\"datePublished\":\"2019-12-11T06:18:44+00:00\",\"dateModified\":\"2019-12-11T06:51:27+00:00\",\"mainEntityOfPage\":{\"@id\":\"https:\/\/nitu.mx\/index.php\/2019\/12\/11\/gobierno-de-quintana-roo-rescato-embarcacion-sargacera\/\"},\"wordCount\":135,\"commentCount\":0,\"publisher\":{\"@id\":\"https:\/\/nitu.mx\/#\/schema\/person\/ae7a53426417292d3dd07b45a33e01bc\"},\"image\":{\"@id\":\"https:\/\/nitu.mx\/index.php\/2019\/12\/11\/gobierno-de-quintana-roo-rescato-embarcacion-sargacera\/#primaryimage\"},\"thumbnailUrl\":\"https:\/\/nitu.mx\/wp-content\/uploads\/2019\/12\/Sargacera.jpg\",\"keywords\":[\"Carlos Joaqu\u00edn\",\"embarcaci\u00f3n sargacera\",\"Puerto Morelos\",\"Quintana Roo\",\"Secretar\u00eda de Marina\"],\"articleSection\":[\"Destinos\",\"M\u00e9xico\"],\"inLanguage\":\"es-MX\",\"potentialAction\":[{\"@type\":\"CommentAction\",\"name\":\"Comment\",\"target\":[\"https:\/\/nitu.mx\/index.php\/2019\/12\/11\/gobierno-de-quintana-roo-rescato-embarcacion-sargacera\/#respond\"]}]},{\"@type\":\"WebPage\",\"@id\":\"https:\/\/nitu.mx\/index.php\/2019\/12\/11\/gobierno-de-quintana-roo-rescato-embarcacion-sargacera\/\",\"url\":\"https:\/\/nitu.mx\/index.php\/2019\/12\/11\/gobierno-de-quintana-roo-rescato-embarcacion-sargacera\/\",\"name\":\"Gobierno de Quintana Roo rescat\u00f3 embarcaci\u00f3n sargacera - Nitu - Noticias de la Industria Turistica\",\"isPartOf\":{\"@id\":\"https:\/\/nitu.mx\/#website\"},\"primaryImageOfPage\":{\"@id\":\"https:\/\/nitu.mx\/index.php\/2019\/12\/11\/gobierno-de-quintana-roo-rescato-embarcacion-sargacera\/#primaryimage\"},\"image\":{\"@id\":\"https:\/\/nitu.mx\/index.php\/2019\/12\/11\/gobierno-de-quintana-roo-rescato-embarcacion-sargacera\/#primaryimage\"},\"thumbnailUrl\":\"https:\/\/nitu.mx\/wp-content\/uploads\/2019\/12\/Sargacera.jpg\",\"datePublished\":\"2019-12-11T06:18:44+00:00\",\"dateModified\":\"2019-12-11T06:51:27+00:00\",\"description\":\"La Secretar\u00eda de Marina, se rescat\u00f3 y repar\u00f3 la embarcaci\u00f3n sargacera que hab\u00eda permanecido abandonada en Puerto Morelos.\",\"breadcrumb\":{\"@id\":\"https:\/\/nitu.mx\/index.php\/2019\/12\/11\/gobierno-de-quintana-roo-rescato-embarcacion-sargacera\/#breadcrumb\"},\"inLanguage\":\"es-MX\",\"potentialAction\":[{\"@type\":\"ReadAction\",\"target\":[\"https:\/\/nitu.mx\/index.php\/2019\/12\/11\/gobierno-de-quintana-roo-rescato-embarcacion-sargacera\/\"]}]},{\"@type\":\"ImageObject\",\"inLanguage\":\"es-MX\",\"@id\":\"https:\/\/nitu.mx\/index.php\/2019\/12\/11\/gobierno-de-quintana-roo-rescato-embarcacion-sargacera\/#primaryimage\",\"url\":\"https:\/\/nitu.mx\/wp-content\/uploads\/2019\/12\/Sargacera.jpg\",\"contentUrl\":\"https:\/\/nitu.mx\/wp-content\/uploads\/2019\/12\/Sargacera.jpg\",\"width\":850,\"height\":480,\"caption\":\"Sargacera\"},{\"@type\":\"BreadcrumbList\",\"@id\":\"https:\/\/nitu.mx\/index.php\/2019\/12\/11\/gobierno-de-quintana-roo-rescato-embarcacion-sargacera\/#breadcrumb\",\"itemListElement\":[{\"@type\":\"ListItem\",\"position\":1,\"name\":\"Inicio\",\"item\":\"https:\/\/nitu.mx\/\"},{\"@type\":\"ListItem\",\"position\":2,\"name\":\"Gobierno de Quintana Roo rescat\u00f3 embarcaci\u00f3n sargacera\"}]},{\"@type\":\"WebSite\",\"@id\":\"https:\/\/nitu.mx\/#website\",\"url\":\"https:\/\/nitu.mx\/\",\"name\":\"Nitu - Noticias de la Industria Turistica\",\"description\":\"Noticias de la Industria Turistica\",\"publisher\":{\"@id\":\"https:\/\/nitu.mx\/#\/schema\/person\/ae7a53426417292d3dd07b45a33e01bc\"},\"alternateName\":\"Noticias de la Industria Turistica\",\"potentialAction\":[{\"@type\":\"SearchAction\",\"target\":{\"@type\":\"EntryPoint\",\"urlTemplate\":\"https:\/\/nitu.mx\/?s={search_term_string}\"},\"query-input\":\"required name=search_term_string\"}],\"inLanguage\":\"es-MX\"},{\"@type\":[\"Person\",\"Organization\"],\"@id\":\"https:\/\/nitu.mx\/#\/schema\/person\/ae7a53426417292d3dd07b45a33e01bc\",\"name\":\"Arturo Medina\",\"image\":{\"@type\":\"ImageObject\",\"inLanguage\":\"es-MX\",\"@id\":\"https:\/\/nitu.mx\/#\/schema\/person\/image\/\",\"url\":\"https:\/\/nitu.mx\/wp-content\/uploads\/2024\/04\/4A315622-1904-4D5C-B022-878CDC840E04-90x90-1.jpeg\",\"contentUrl\":\"https:\/\/nitu.mx\/wp-content\/uploads\/2024\/04\/4A315622-1904-4D5C-B022-878CDC840E04-90x90-1.jpeg\",\"width\":90,\"height\":90,\"caption\":\"Arturo Medina\"},\"logo\":{\"@id\":\"https:\/\/nitu.mx\/#\/schema\/person\/image\/\"},\"description\":\"Director NITU.mx, Egresado de la Escuela de Periodismo Carlos Septi\u00e9n Garc\u00eda. Periodista y analista especializado en turismo desde hace 35 a\u00f1os, radicado en Canc\u00fan Q.Roo. arturo@nitu.mx\",\"sameAs\":[\"https:\/\/nitu.mx\",\"https:\/\/www.facebook.com\/NITUmx\/\",\"medinacancun\",\"https:\/\/twitter.com\/@Arturo_Medina_G\"]},{\"@type\":\"Person\",\"@id\":\"https:\/\/nitu.mx\/#\/schema\/person\/4a28fe9bd65924f7c90623773daf1b0b\",\"name\":\"Redacci\u00f3n\",\"image\":{\"@type\":\"ImageObject\",\"inLanguage\":\"es-MX\",\"@id\":\"https:\/\/nitu.mx\/#\/schema\/person\/image\/\",\"url\":\"https:\/\/secure.gravatar.com\/avatar\/5dd011c8ccfc5cd7e4c81e42252aab38?s=96&d=mm&r=g\",\"contentUrl\":\"https:\/\/secure.gravatar.com\/avatar\/5dd011c8ccfc5cd7e4c81e42252aab38?s=96&d=mm&r=g\",\"caption\":\"Redacci\u00f3n\"},\"url\":\"https:\/\/nitu.mx\/index.php\/author\/redaccion\/\"}]}<\/script>\n<!-- \/ Yoast SEO plugin. -->","yoast_head_json":{"title":"Gobierno de Quintana Roo rescat\u00f3 embarcaci\u00f3n sargacera - Nitu - Noticias de la Industria Turistica","description":"La Secretar\u00eda de Marina, se rescat\u00f3 y repar\u00f3 la embarcaci\u00f3n sargacera que hab\u00eda permanecido abandonada en Puerto Morelos.","robots":{"index":"index","follow":"follow","max-snippet":"max-snippet:-1","max-image-preview":"max-image-preview:large","max-video-preview":"max-video-preview:-1"},"canonical":"https:\/\/nitu.mx\/index.php\/2019\/12\/11\/gobierno-de-quintana-roo-rescato-embarcacion-sargacera\/","twitter_card":"summary_large_image","twitter_title":"Gobierno de Quintana Roo rescat\u00f3 embarcaci\u00f3n sargacera - Nitu - Noticias de la Industria Turistica","twitter_description":"La Secretar\u00eda de Marina, se rescat\u00f3 y repar\u00f3 la embarcaci\u00f3n sargacera que hab\u00eda permanecido abandonada en Puerto Morelos.","twitter_image":"https:\/\/nitu.mx\/wp-content\/uploads\/2019\/12\/Sargacera.jpg","twitter_creator":"@NITUmx","twitter_site":"@Arturo_Medina_G","twitter_misc":{"Escrito por":"Redacci\u00f3n","Tiempo de lectura":"1 minuto"},"schema":{"@context":"https:\/\/schema.org","@graph":[{"@type":"Article","@id":"https:\/\/nitu.mx\/index.php\/2019\/12\/11\/gobierno-de-quintana-roo-rescato-embarcacion-sargacera\/#article","isPartOf":{"@id":"https:\/\/nitu.mx\/index.php\/2019\/12\/11\/gobierno-de-quintana-roo-rescato-embarcacion-sargacera\/"},"author":{"name":"Redacci\u00f3n","@id":"https:\/\/nitu.mx\/#\/schema\/person\/4a28fe9bd65924f7c90623773daf1b0b"},"headline":"Gobierno de Quintana Roo rescat\u00f3 embarcaci\u00f3n sargacera","datePublished":"2019-12-11T06:18:44+00:00","dateModified":"2019-12-11T06:51:27+00:00","mainEntityOfPage":{"@id":"https:\/\/nitu.mx\/index.php\/2019\/12\/11\/gobierno-de-quintana-roo-rescato-embarcacion-sargacera\/"},"wordCount":135,"commentCount":0,"publisher":{"@id":"https:\/\/nitu.mx\/#\/schema\/person\/ae7a53426417292d3dd07b45a33e01bc"},"image":{"@id":"https:\/\/nitu.mx\/index.php\/2019\/12\/11\/gobierno-de-quintana-roo-rescato-embarcacion-sargacera\/#primaryimage"},"thumbnailUrl":"https:\/\/nitu.mx\/wp-content\/uploads\/2019\/12\/Sargacera.jpg","keywords":["Carlos Joaqu\u00edn","embarcaci\u00f3n sargacera","Puerto Morelos","Quintana Roo","Secretar\u00eda de Marina"],"articleSection":["Destinos","M\u00e9xico"],"inLanguage":"es-MX","potentialAction":[{"@type":"CommentAction","name":"Comment","target":["https:\/\/nitu.mx\/index.php\/2019\/12\/11\/gobierno-de-quintana-roo-rescato-embarcacion-sargacera\/#respond"]}]},{"@type":"WebPage","@id":"https:\/\/nitu.mx\/index.php\/2019\/12\/11\/gobierno-de-quintana-roo-rescato-embarcacion-sargacera\/","url":"https:\/\/nitu.mx\/index.php\/2019\/12\/11\/gobierno-de-quintana-roo-rescato-embarcacion-sargacera\/","name":"Gobierno de Quintana Roo rescat\u00f3 embarcaci\u00f3n sargacera - Nitu - Noticias de la Industria Turistica","isPartOf":{"@id":"https:\/\/nitu.mx\/#website"},"primaryImageOfPage":{"@id":"https:\/\/nitu.mx\/index.php\/2019\/12\/11\/gobierno-de-quintana-roo-rescato-embarcacion-sargacera\/#primaryimage"},"image":{"@id":"https:\/\/nitu.mx\/index.php\/2019\/12\/11\/gobierno-de-quintana-roo-rescato-embarcacion-sargacera\/#primaryimage"},"thumbnailUrl":"https:\/\/nitu.mx\/wp-content\/uploads\/2019\/12\/Sargacera.jpg","datePublished":"2019-12-11T06:18:44+00:00","dateModified":"2019-12-11T06:51:27+00:00","description":"La Secretar\u00eda de Marina, se rescat\u00f3 y repar\u00f3 la embarcaci\u00f3n sargacera que hab\u00eda permanecido abandonada en Puerto Morelos.","breadcrumb":{"@id":"https:\/\/nitu.mx\/index.php\/2019\/12\/11\/gobierno-de-quintana-roo-rescato-embarcacion-sargacera\/#breadcrumb"},"inLanguage":"es-MX","potentialAction":[{"@type":"ReadAction","target":["https:\/\/nitu.mx\/index.php\/2019\/12\/11\/gobierno-de-quintana-roo-rescato-embarcacion-sargacera\/"]}]},{"@type":"ImageObject","inLanguage":"es-MX","@id":"https:\/\/nitu.mx\/index.php\/2019\/12\/11\/gobierno-de-quintana-roo-rescato-embarcacion-sargacera\/#primaryimage","url":"https:\/\/nitu.mx\/wp-content\/uploads\/2019\/12\/Sargacera.jpg","contentUrl":"https:\/\/nitu.mx\/wp-content\/uploads\/2019\/12\/Sargacera.jpg","width":850,"height":480,"caption":"Sargacera"},{"@type":"BreadcrumbList","@id":"https:\/\/nitu.mx\/index.php\/2019\/12\/11\/gobierno-de-quintana-roo-rescato-embarcacion-sargacera\/#breadcrumb","itemListElement":[{"@type":"ListItem","position":1,"name":"Inicio","item":"https:\/\/nitu.mx\/"},{"@type":"ListItem","position":2,"name":"Gobierno de Quintana Roo rescat\u00f3 embarcaci\u00f3n sargacera"}]},{"@type":"WebSite","@id":"https:\/\/nitu.mx\/#website","url":"https:\/\/nitu.mx\/","name":"Nitu - Noticias de la Industria Turistica","description":"Noticias de la Industria Turistica","publisher":{"@id":"https:\/\/nitu.mx\/#\/schema\/person\/ae7a53426417292d3dd07b45a33e01bc"},"alternateName":"Noticias de la Industria Turistica","potentialAction":[{"@type":"SearchAction","target":{"@type":"EntryPoint","urlTemplate":"https:\/\/nitu.mx\/?s={search_term_string}"},"query-input":"required name=search_term_string"}],"inLanguage":"es-MX"},{"@type":["Person","Organization"],"@id":"https:\/\/nitu.mx\/#\/schema\/person\/ae7a53426417292d3dd07b45a33e01bc","name":"Arturo Medina","image":{"@type":"ImageObject","inLanguage":"es-MX","@id":"https:\/\/nitu.mx\/#\/schema\/person\/image\/","url":"https:\/\/nitu.mx\/wp-content\/uploads\/2024\/04\/4A315622-1904-4D5C-B022-878CDC840E04-90x90-1.jpeg","contentUrl":"https:\/\/nitu.mx\/wp-content\/uploads\/2024\/04\/4A315622-1904-4D5C-B022-878CDC840E04-90x90-1.jpeg","width":90,"height":90,"caption":"Arturo Medina"},"logo":{"@id":"https:\/\/nitu.mx\/#\/schema\/person\/image\/"},"description":"Director NITU.mx, Egresado de la Escuela de Periodismo Carlos Septi\u00e9n Garc\u00eda. Periodista y analista especializado en turismo desde hace 35 a\u00f1os, radicado en Canc\u00fan Q.Roo. arturo@nitu.mx","sameAs":["https:\/\/nitu.mx","https:\/\/www.facebook.com\/NITUmx\/","medinacancun","https:\/\/twitter.com\/@Arturo_Medina_G"]},{"@type":"Person","@id":"https:\/\/nitu.mx\/#\/schema\/person\/4a28fe9bd65924f7c90623773daf1b0b","name":"Redacci\u00f3n","image":{"@type":"ImageObject","inLanguage":"es-MX","@id":"https:\/\/nitu.mx\/#\/schema\/person\/image\/","url":"https:\/\/secure.gravatar.com\/avatar\/5dd011c8ccfc5cd7e4c81e42252aab38?s=96&d=mm&r=g","contentUrl":"https:\/\/secure.gravatar.com\/avatar\/5dd011c8ccfc5cd7e4c81e42252aab38?s=96&d=mm&r=g","caption":"Redacci\u00f3n"},"url":"https:\/\/nitu.mx\/index.php\/author\/redaccion\/"}]}},"views":263,"_links":{"self":[{"href":"https:\/\/nitu.mx\/index.php\/wp-json\/wp\/v2\/posts\/38176"}],"collection":[{"href":"https:\/\/nitu.mx\/index.php\/wp-json\/wp\/v2\/posts"}],"about":[{"href":"https:\/\/nitu.mx\/index.php\/wp-json\/wp\/v2\/types\/post"}],"author":[{"embeddable":true,"href":"https:\/\/nitu.mx\/index.php\/wp-json\/wp\/v2\/users\/17"}],"replies":[{"embeddable":true,"href":"https:\/\/nitu.mx\/index.php\/wp-json\/wp\/v2\/comments?post=38176"}],"version-history":[{"count":2,"href":"https:\/\/nitu.mx\/index.php\/wp-json\/wp\/v2\/posts\/38176\/revisions"}],"predecessor-version":[{"id":38188,"href":"https:\/\/nitu.mx\/index.php\/wp-json\/wp\/v2\/posts\/38176\/revisions\/38188"}],"wp:featuredmedia":[{"embeddable":true,"href":"https:\/\/nitu.mx\/index.php\/wp-json\/wp\/v2\/media\/38187"}],"wp:attachment":[{"href":"https:\/\/nitu.mx\/index.php\/wp-json\/wp\/v2\/media?parent=38176"}],"wp:term":[{"taxonomy":"category","embeddable":true,"href":"https:\/\/nitu.mx\/index.php\/wp-json\/wp\/v2\/categories?post=38176"},{"taxonomy":"post_tag","embeddable":true,"href":"https:\/\/nitu.mx\/index.php\/wp-json\/wp\/v2\/tags?post=38176"}],"curies":[{"name":"wp","href":"https:\/\/api.w.org\/{rel}","templated":true}]}}