{"id":38165,"date":"2019-12-11T01:37:46","date_gmt":"2019-12-11T06:37:46","guid":{"rendered":"https:\/\/www.dev.nitu.mx\/?p=38165"},"modified":"2019-12-11T01:52:03","modified_gmt":"2019-12-11T06:52:03","slug":"quintana-roo-continua-la-lucha-por-la-preservacion-de-sus-bosques","status":"publish","type":"post","link":"https:\/\/nitu.mx\/index.php\/2019\/12\/11\/quintana-roo-continua-la-lucha-por-la-preservacion-de-sus-bosques\/","title":{"rendered":"Quintana Roo contin\u00faa la lucha por la preservaci\u00f3n de sus bosques"},"content":{"rendered":"<p>Para el fortalecimiento de la cultura de la prevenci\u00f3n y conservaci\u00f3n de los ecosistemas forestales y la biodiversidad existente en el Estado de la mano con la Federaci\u00f3n se anunci\u00f3 la propuesta de veda para 22 pol\u00edgonos que ocupan alrededor de 9 mil 736 hect\u00e1reas de territorio quintanarroense por afectaci\u00f3n importante de la biodiversidad. Esto como parte de las acciones para conservar los recursos naturales que hacen al estado atractivo para el turismo.<\/p>\n<p>En este marco se entregaron reconocimientos a aquellos combatientes forestales que, por su entrega, trayectoria y experiencia se han desempe\u00f1ado en tan loable labor<\/p>\n<p>El gobierno de Quintana Roo contin\u00faa trabajando de la mano de la Federaci\u00f3n en la planificaci\u00f3n del sector forestal, as\u00ed como en la preservaci\u00f3n de los bosques y en el fortalecimiento de la cultura de la prevenci\u00f3n y conservaci\u00f3n, acorde a la pol\u00edtica de la administraci\u00f3n del Gobernador Carlos Joaqu\u00edn, expres\u00f3 el secretario de Ecolog\u00eda y Medio Ambiente Alfredo Arellano Guillermo durante la Sesi\u00f3n del Consejo Estatal Forestal.<\/p>\n<p>En la Sesi\u00f3n que se efectu\u00f3 en la capital del Estado, el titular de SEMA Alfredo Arellano anunci\u00f3 la propuesta de veda para 22 pol\u00edgonos (9736 hect\u00e1reas aproximadamente) en los que se han presentado incendios relevantes (superficies grandes), por incendios ocasionados intencionalmente para cambio de uso de suelo, por actividades inmobiliarias y agropecuarias, incendios recurrentes y por afectaci\u00f3n importante de la biodiversidad.<\/p>\n<p>Por su parte el suplente legal de la Comisi\u00f3n Nacional Forestal Rom\u00e1n Uriel Castillo Carballo inform\u00f3 que este a\u00f1o se ejercieron $11,922,064.01 para apoyar en el Estado a los due\u00f1os y poseedores de bosques, selvas, manglares, humedales y zonas \u00e1ridas, distribuidos en programas para la conservaci\u00f3n de la biodiversidad, certificaci\u00f3n de la cadena de custodia, acompa\u00f1amiento especializado en administraci\u00f3n y en la unidad de manejo forestal. (<a title=\"Dos incendios consumen la reserva de Sian Ka\u2019an, en Quintana Roo\" href=\"https:\/\/www.dev.nitu.mx\/index.php\/2019\/07\/15\/dos-incendios-consumen-la-reserva-de-sian-kaan-en-quintana-roo\/\" rel=\"bookmark\">Dos incendios consumen la reserva de Sian Ka\u2019an, en Quintana Roo<\/a>).<\/p>\n<p>As\u00ed como en el programa de integraci\u00f3n y organizaci\u00f3n de redes de valor forestal, proyectos productivos forestales para mujeres 2019, inversi\u00f3n para el abasto y la industrializaci\u00f3n forestal dirigida a empresas forestales comunitarias, unidad productora de germoplasma, &#8220;mantenimiento de rodal semillero\u201d, desarrollo forestal comunitario, en cursos y talleres.<\/p>\n<p>En la Sesi\u00f3n Ramiro Sabido de la CONAFOR inform\u00f3 el resultado de la temporada de incendios forestales 2019. Se atendieron 59 incidentes que afectaron una superficie de 12 mil 795 hect\u00e1reas, en los que las principales causas fueron efectuadas por cazadores (20), actividades agropecuarias (17), intencionales (9), quema de basureros (6), fumadores (5), derecho de v\u00eda (1) y por causa desconocida (1).<\/p>\n<p>En este marco la Gerencia Nacional de la CONAFOR y el Gobierno del Estado entreg\u00f3 reconocimientos a aquellos combatientes forestales que, por su entrega, trayectoria y experiencia, en acciones de prevenci\u00f3n, control y combate de incendios forestales se han desempe\u00f1ado en tan loable labor en la reci\u00e9n concluida temporada de prevenci\u00f3n, combate y control de incendios forestales 2019.<\/p>\n","protected":false},"excerpt":{"rendered":"<p>Para el fortalecimiento de la cultura de la prevenci\u00f3n y conservaci\u00f3n de los ecosistemas forestales y la biodiversidad existente en el Estado de la mano con la Federaci\u00f3n se anunci\u00f3 la propuesta de veda para 22 pol\u00edgonos que ocupan alrededor de 9 mil 736 hect\u00e1reas de territorio quintanarroense por afectaci\u00f3n importante de la biodiversidad. Esto [&hellip;]<\/p>\n","protected":false},"author":17,"featured_media":38195,"comment_status":"open","ping_status":"open","sticky":false,"template":"","format":"standard","meta":{"footnotes":""},"categories":[5,6],"tags":[18259,18258,43,384,18217,7338],"yoast_head":"<!-- This site is optimized with the Yoast SEO plugin v22.2 - https:\/\/yoast.com\/wordpress\/plugins\/seo\/ -->\n<title>Quintana Roo contin\u00faa la lucha por la preservaci\u00f3n de sus bosques - Nitu - Noticias de la Industria Turistica<\/title>\n<meta name=\"description\" content=\"Para el fortalecimiento de la cultura de la prevenci\u00f3n y conservaci\u00f3n de los ecosistemas forestales y la biodiversidad existente en el Estado.\" \/>\n<meta name=\"robots\" content=\"index, follow, max-snippet:-1, max-image-preview:large, max-video-preview:-1\" \/>\n<link rel=\"canonical\" href=\"https:\/\/nitu.mx\/index.php\/2019\/12\/11\/quintana-roo-continua-la-lucha-por-la-preservacion-de-sus-bosques\/\" \/>\n<meta name=\"twitter:card\" content=\"summary_large_image\" \/>\n<meta name=\"twitter:title\" content=\"Quintana Roo contin\u00faa la lucha por la preservaci\u00f3n de sus bosques - Nitu - Noticias de la Industria Turistica\" \/>\n<meta name=\"twitter:description\" content=\"Para el fortalecimiento de la cultura de la prevenci\u00f3n y conservaci\u00f3n de los ecosistemas forestales y la biodiversidad existente en el Estado.\" \/>\n<meta name=\"twitter:image\" content=\"https:\/\/nitu.mx\/wp-content\/uploads\/2019\/12\/Bosques-Quintana-Roo.jpg\" \/>\n<meta name=\"twitter:creator\" content=\"@NITUmx\" \/>\n<meta name=\"twitter:site\" content=\"@Arturo_Medina_G\" \/>\n<meta name=\"twitter:label1\" content=\"Escrito por\" \/>\n\t<meta name=\"twitter:data1\" content=\"Redacci\u00f3n\" \/>\n\t<meta name=\"twitter:label2\" content=\"Tiempo de lectura\" \/>\n\t<meta name=\"twitter:data2\" content=\"2 minutos\" \/>\n<script type=\"application\/ld+json\" class=\"yoast-schema-graph\">{\"@context\":\"https:\/\/schema.org\",\"@graph\":[{\"@type\":\"Article\",\"@id\":\"https:\/\/nitu.mx\/index.php\/2019\/12\/11\/quintana-roo-continua-la-lucha-por-la-preservacion-de-sus-bosques\/#article\",\"isPartOf\":{\"@id\":\"https:\/\/nitu.mx\/index.php\/2019\/12\/11\/quintana-roo-continua-la-lucha-por-la-preservacion-de-sus-bosques\/\"},\"author\":{\"name\":\"Redacci\u00f3n\",\"@id\":\"https:\/\/nitu.mx\/#\/schema\/person\/4a28fe9bd65924f7c90623773daf1b0b\"},\"headline\":\"Quintana Roo contin\u00faa la lucha por la preservaci\u00f3n de sus bosques\",\"datePublished\":\"2019-12-11T06:37:46+00:00\",\"dateModified\":\"2019-12-11T06:52:03+00:00\",\"mainEntityOfPage\":{\"@id\":\"https:\/\/nitu.mx\/index.php\/2019\/12\/11\/quintana-roo-continua-la-lucha-por-la-preservacion-de-sus-bosques\/\"},\"wordCount\":508,\"commentCount\":0,\"publisher\":{\"@id\":\"https:\/\/nitu.mx\/#\/schema\/person\/ae7a53426417292d3dd07b45a33e01bc\"},\"image\":{\"@id\":\"https:\/\/nitu.mx\/index.php\/2019\/12\/11\/quintana-roo-continua-la-lucha-por-la-preservacion-de-sus-bosques\/#primaryimage\"},\"thumbnailUrl\":\"https:\/\/nitu.mx\/wp-content\/uploads\/2019\/12\/Bosques-Quintana-Roo.jpg\",\"keywords\":[\"Arellano Guillermo\",\"Bosques\",\"Canc\u00fan\",\"Carlos Joaqu\u00edn\",\"Conservaci\u00f3n\",\"SEMA\"],\"articleSection\":[\"Destinos\",\"M\u00e9xico\"],\"inLanguage\":\"es-MX\",\"potentialAction\":[{\"@type\":\"CommentAction\",\"name\":\"Comment\",\"target\":[\"https:\/\/nitu.mx\/index.php\/2019\/12\/11\/quintana-roo-continua-la-lucha-por-la-preservacion-de-sus-bosques\/#respond\"]}]},{\"@type\":\"WebPage\",\"@id\":\"https:\/\/nitu.mx\/index.php\/2019\/12\/11\/quintana-roo-continua-la-lucha-por-la-preservacion-de-sus-bosques\/\",\"url\":\"https:\/\/nitu.mx\/index.php\/2019\/12\/11\/quintana-roo-continua-la-lucha-por-la-preservacion-de-sus-bosques\/\",\"name\":\"Quintana Roo contin\u00faa la lucha por la preservaci\u00f3n de sus bosques - Nitu - Noticias de la Industria Turistica\",\"isPartOf\":{\"@id\":\"https:\/\/nitu.mx\/#website\"},\"primaryImageOfPage\":{\"@id\":\"https:\/\/nitu.mx\/index.php\/2019\/12\/11\/quintana-roo-continua-la-lucha-por-la-preservacion-de-sus-bosques\/#primaryimage\"},\"image\":{\"@id\":\"https:\/\/nitu.mx\/index.php\/2019\/12\/11\/quintana-roo-continua-la-lucha-por-la-preservacion-de-sus-bosques\/#primaryimage\"},\"thumbnailUrl\":\"https:\/\/nitu.mx\/wp-content\/uploads\/2019\/12\/Bosques-Quintana-Roo.jpg\",\"datePublished\":\"2019-12-11T06:37:46+00:00\",\"dateModified\":\"2019-12-11T06:52:03+00:00\",\"description\":\"Para el fortalecimiento de la cultura de la prevenci\u00f3n y conservaci\u00f3n de los ecosistemas forestales y la biodiversidad existente en el Estado.\",\"breadcrumb\":{\"@id\":\"https:\/\/nitu.mx\/index.php\/2019\/12\/11\/quintana-roo-continua-la-lucha-por-la-preservacion-de-sus-bosques\/#breadcrumb\"},\"inLanguage\":\"es-MX\",\"potentialAction\":[{\"@type\":\"ReadAction\",\"target\":[\"https:\/\/nitu.mx\/index.php\/2019\/12\/11\/quintana-roo-continua-la-lucha-por-la-preservacion-de-sus-bosques\/\"]}]},{\"@type\":\"ImageObject\",\"inLanguage\":\"es-MX\",\"@id\":\"https:\/\/nitu.mx\/index.php\/2019\/12\/11\/quintana-roo-continua-la-lucha-por-la-preservacion-de-sus-bosques\/#primaryimage\",\"url\":\"https:\/\/nitu.mx\/wp-content\/uploads\/2019\/12\/Bosques-Quintana-Roo.jpg\",\"contentUrl\":\"https:\/\/nitu.mx\/wp-content\/uploads\/2019\/12\/Bosques-Quintana-Roo.jpg\",\"width\":850,\"height\":480,\"caption\":\"Bosques Quintana Roo\"},{\"@type\":\"BreadcrumbList\",\"@id\":\"https:\/\/nitu.mx\/index.php\/2019\/12\/11\/quintana-roo-continua-la-lucha-por-la-preservacion-de-sus-bosques\/#breadcrumb\",\"itemListElement\":[{\"@type\":\"ListItem\",\"position\":1,\"name\":\"Inicio\",\"item\":\"https:\/\/nitu.mx\/\"},{\"@type\":\"ListItem\",\"position\":2,\"name\":\"Quintana Roo contin\u00faa la lucha por la preservaci\u00f3n de sus bosques\"}]},{\"@type\":\"WebSite\",\"@id\":\"https:\/\/nitu.mx\/#website\",\"url\":\"https:\/\/nitu.mx\/\",\"name\":\"Nitu - Noticias de la Industria Turistica\",\"description\":\"Noticias de la Industria Turistica\",\"publisher\":{\"@id\":\"https:\/\/nitu.mx\/#\/schema\/person\/ae7a53426417292d3dd07b45a33e01bc\"},\"alternateName\":\"Noticias de la Industria Turistica\",\"potentialAction\":[{\"@type\":\"SearchAction\",\"target\":{\"@type\":\"EntryPoint\",\"urlTemplate\":\"https:\/\/nitu.mx\/?s={search_term_string}\"},\"query-input\":\"required name=search_term_string\"}],\"inLanguage\":\"es-MX\"},{\"@type\":[\"Person\",\"Organization\"],\"@id\":\"https:\/\/nitu.mx\/#\/schema\/person\/ae7a53426417292d3dd07b45a33e01bc\",\"name\":\"Arturo Medina\",\"image\":{\"@type\":\"ImageObject\",\"inLanguage\":\"es-MX\",\"@id\":\"https:\/\/nitu.mx\/#\/schema\/person\/image\/\",\"url\":\"https:\/\/nitu.mx\/wp-content\/uploads\/2024\/04\/4A315622-1904-4D5C-B022-878CDC840E04-90x90-1.jpeg\",\"contentUrl\":\"https:\/\/nitu.mx\/wp-content\/uploads\/2024\/04\/4A315622-1904-4D5C-B022-878CDC840E04-90x90-1.jpeg\",\"width\":90,\"height\":90,\"caption\":\"Arturo Medina\"},\"logo\":{\"@id\":\"https:\/\/nitu.mx\/#\/schema\/person\/image\/\"},\"description\":\"Director NITU.mx, Egresado de la Escuela de Periodismo Carlos Septi\u00e9n Garc\u00eda. Periodista y analista especializado en turismo desde hace 35 a\u00f1os, radicado en Canc\u00fan Q.Roo. arturo@nitu.mx\",\"sameAs\":[\"https:\/\/nitu.mx\",\"https:\/\/www.facebook.com\/NITUmx\/\",\"medinacancun\",\"https:\/\/twitter.com\/@Arturo_Medina_G\"]},{\"@type\":\"Person\",\"@id\":\"https:\/\/nitu.mx\/#\/schema\/person\/4a28fe9bd65924f7c90623773daf1b0b\",\"name\":\"Redacci\u00f3n\",\"image\":{\"@type\":\"ImageObject\",\"inLanguage\":\"es-MX\",\"@id\":\"https:\/\/nitu.mx\/#\/schema\/person\/image\/\",\"url\":\"https:\/\/secure.gravatar.com\/avatar\/5dd011c8ccfc5cd7e4c81e42252aab38?s=96&d=mm&r=g\",\"contentUrl\":\"https:\/\/secure.gravatar.com\/avatar\/5dd011c8ccfc5cd7e4c81e42252aab38?s=96&d=mm&r=g\",\"caption\":\"Redacci\u00f3n\"},\"url\":\"https:\/\/nitu.mx\/index.php\/author\/redaccion\/\"}]}<\/script>\n<!-- \/ Yoast SEO plugin. -->","yoast_head_json":{"title":"Quintana Roo contin\u00faa la lucha por la preservaci\u00f3n de sus bosques - Nitu - Noticias de la Industria Turistica","description":"Para el fortalecimiento de la cultura de la prevenci\u00f3n y conservaci\u00f3n de los ecosistemas forestales y la biodiversidad existente en el Estado.","robots":{"index":"index","follow":"follow","max-snippet":"max-snippet:-1","max-image-preview":"max-image-preview:large","max-video-preview":"max-video-preview:-1"},"canonical":"https:\/\/nitu.mx\/index.php\/2019\/12\/11\/quintana-roo-continua-la-lucha-por-la-preservacion-de-sus-bosques\/","twitter_card":"summary_large_image","twitter_title":"Quintana Roo contin\u00faa la lucha por la preservaci\u00f3n de sus bosques - Nitu - Noticias de la Industria Turistica","twitter_description":"Para el fortalecimiento de la cultura de la prevenci\u00f3n y conservaci\u00f3n de los ecosistemas forestales y la biodiversidad existente en el Estado.","twitter_image":"https:\/\/nitu.mx\/wp-content\/uploads\/2019\/12\/Bosques-Quintana-Roo.jpg","twitter_creator":"@NITUmx","twitter_site":"@Arturo_Medina_G","twitter_misc":{"Escrito por":"Redacci\u00f3n","Tiempo de lectura":"2 minutos"},"schema":{"@context":"https:\/\/schema.org","@graph":[{"@type":"Article","@id":"https:\/\/nitu.mx\/index.php\/2019\/12\/11\/quintana-roo-continua-la-lucha-por-la-preservacion-de-sus-bosques\/#article","isPartOf":{"@id":"https:\/\/nitu.mx\/index.php\/2019\/12\/11\/quintana-roo-continua-la-lucha-por-la-preservacion-de-sus-bosques\/"},"author":{"name":"Redacci\u00f3n","@id":"https:\/\/nitu.mx\/#\/schema\/person\/4a28fe9bd65924f7c90623773daf1b0b"},"headline":"Quintana Roo contin\u00faa la lucha por la preservaci\u00f3n de sus bosques","datePublished":"2019-12-11T06:37:46+00:00","dateModified":"2019-12-11T06:52:03+00:00","mainEntityOfPage":{"@id":"https:\/\/nitu.mx\/index.php\/2019\/12\/11\/quintana-roo-continua-la-lucha-por-la-preservacion-de-sus-bosques\/"},"wordCount":508,"commentCount":0,"publisher":{"@id":"https:\/\/nitu.mx\/#\/schema\/person\/ae7a53426417292d3dd07b45a33e01bc"},"image":{"@id":"https:\/\/nitu.mx\/index.php\/2019\/12\/11\/quintana-roo-continua-la-lucha-por-la-preservacion-de-sus-bosques\/#primaryimage"},"thumbnailUrl":"https:\/\/nitu.mx\/wp-content\/uploads\/2019\/12\/Bosques-Quintana-Roo.jpg","keywords":["Arellano Guillermo","Bosques","Canc\u00fan","Carlos Joaqu\u00edn","Conservaci\u00f3n","SEMA"],"articleSection":["Destinos","M\u00e9xico"],"inLanguage":"es-MX","potentialAction":[{"@type":"CommentAction","name":"Comment","target":["https:\/\/nitu.mx\/index.php\/2019\/12\/11\/quintana-roo-continua-la-lucha-por-la-preservacion-de-sus-bosques\/#respond"]}]},{"@type":"WebPage","@id":"https:\/\/nitu.mx\/index.php\/2019\/12\/11\/quintana-roo-continua-la-lucha-por-la-preservacion-de-sus-bosques\/","url":"https:\/\/nitu.mx\/index.php\/2019\/12\/11\/quintana-roo-continua-la-lucha-por-la-preservacion-de-sus-bosques\/","name":"Quintana Roo contin\u00faa la lucha por la preservaci\u00f3n de sus bosques - Nitu - Noticias de la Industria Turistica","isPartOf":{"@id":"https:\/\/nitu.mx\/#website"},"primaryImageOfPage":{"@id":"https:\/\/nitu.mx\/index.php\/2019\/12\/11\/quintana-roo-continua-la-lucha-por-la-preservacion-de-sus-bosques\/#primaryimage"},"image":{"@id":"https:\/\/nitu.mx\/index.php\/2019\/12\/11\/quintana-roo-continua-la-lucha-por-la-preservacion-de-sus-bosques\/#primaryimage"},"thumbnailUrl":"https:\/\/nitu.mx\/wp-content\/uploads\/2019\/12\/Bosques-Quintana-Roo.jpg","datePublished":"2019-12-11T06:37:46+00:00","dateModified":"2019-12-11T06:52:03+00:00","description":"Para el fortalecimiento de la cultura de la prevenci\u00f3n y conservaci\u00f3n de los ecosistemas forestales y la biodiversidad existente en el Estado.","breadcrumb":{"@id":"https:\/\/nitu.mx\/index.php\/2019\/12\/11\/quintana-roo-continua-la-lucha-por-la-preservacion-de-sus-bosques\/#breadcrumb"},"inLanguage":"es-MX","potentialAction":[{"@type":"ReadAction","target":["https:\/\/nitu.mx\/index.php\/2019\/12\/11\/quintana-roo-continua-la-lucha-por-la-preservacion-de-sus-bosques\/"]}]},{"@type":"ImageObject","inLanguage":"es-MX","@id":"https:\/\/nitu.mx\/index.php\/2019\/12\/11\/quintana-roo-continua-la-lucha-por-la-preservacion-de-sus-bosques\/#primaryimage","url":"https:\/\/nitu.mx\/wp-content\/uploads\/2019\/12\/Bosques-Quintana-Roo.jpg","contentUrl":"https:\/\/nitu.mx\/wp-content\/uploads\/2019\/12\/Bosques-Quintana-Roo.jpg","width":850,"height":480,"caption":"Bosques Quintana Roo"},{"@type":"BreadcrumbList","@id":"https:\/\/nitu.mx\/index.php\/2019\/12\/11\/quintana-roo-continua-la-lucha-por-la-preservacion-de-sus-bosques\/#breadcrumb","itemListElement":[{"@type":"ListItem","position":1,"name":"Inicio","item":"https:\/\/nitu.mx\/"},{"@type":"ListItem","position":2,"name":"Quintana Roo contin\u00faa la lucha por la preservaci\u00f3n de sus bosques"}]},{"@type":"WebSite","@id":"https:\/\/nitu.mx\/#website","url":"https:\/\/nitu.mx\/","name":"Nitu - Noticias de la Industria Turistica","description":"Noticias de la Industria Turistica","publisher":{"@id":"https:\/\/nitu.mx\/#\/schema\/person\/ae7a53426417292d3dd07b45a33e01bc"},"alternateName":"Noticias de la Industria Turistica","potentialAction":[{"@type":"SearchAction","target":{"@type":"EntryPoint","urlTemplate":"https:\/\/nitu.mx\/?s={search_term_string}"},"query-input":"required name=search_term_string"}],"inLanguage":"es-MX"},{"@type":["Person","Organization"],"@id":"https:\/\/nitu.mx\/#\/schema\/person\/ae7a53426417292d3dd07b45a33e01bc","name":"Arturo Medina","image":{"@type":"ImageObject","inLanguage":"es-MX","@id":"https:\/\/nitu.mx\/#\/schema\/person\/image\/","url":"https:\/\/nitu.mx\/wp-content\/uploads\/2024\/04\/4A315622-1904-4D5C-B022-878CDC840E04-90x90-1.jpeg","contentUrl":"https:\/\/nitu.mx\/wp-content\/uploads\/2024\/04\/4A315622-1904-4D5C-B022-878CDC840E04-90x90-1.jpeg","width":90,"height":90,"caption":"Arturo Medina"},"logo":{"@id":"https:\/\/nitu.mx\/#\/schema\/person\/image\/"},"description":"Director NITU.mx, Egresado de la Escuela de Periodismo Carlos Septi\u00e9n Garc\u00eda. Periodista y analista especializado en turismo desde hace 35 a\u00f1os, radicado en Canc\u00fan Q.Roo. arturo@nitu.mx","sameAs":["https:\/\/nitu.mx","https:\/\/www.facebook.com\/NITUmx\/","medinacancun","https:\/\/twitter.com\/@Arturo_Medina_G"]},{"@type":"Person","@id":"https:\/\/nitu.mx\/#\/schema\/person\/4a28fe9bd65924f7c90623773daf1b0b","name":"Redacci\u00f3n","image":{"@type":"ImageObject","inLanguage":"es-MX","@id":"https:\/\/nitu.mx\/#\/schema\/person\/image\/","url":"https:\/\/secure.gravatar.com\/avatar\/5dd011c8ccfc5cd7e4c81e42252aab38?s=96&d=mm&r=g","contentUrl":"https:\/\/secure.gravatar.com\/avatar\/5dd011c8ccfc5cd7e4c81e42252aab38?s=96&d=mm&r=g","caption":"Redacci\u00f3n"},"url":"https:\/\/nitu.mx\/index.php\/author\/redaccion\/"}]}},"views":391,"_links":{"self":[{"href":"https:\/\/nitu.mx\/index.php\/wp-json\/wp\/v2\/posts\/38165"}],"collection":[{"href":"https:\/\/nitu.mx\/index.php\/wp-json\/wp\/v2\/posts"}],"about":[{"href":"https:\/\/nitu.mx\/index.php\/wp-json\/wp\/v2\/types\/post"}],"author":[{"embeddable":true,"href":"https:\/\/nitu.mx\/index.php\/wp-json\/wp\/v2\/users\/17"}],"replies":[{"embeddable":true,"href":"https:\/\/nitu.mx\/index.php\/wp-json\/wp\/v2\/comments?post=38165"}],"version-history":[{"count":3,"href":"https:\/\/nitu.mx\/index.php\/wp-json\/wp\/v2\/posts\/38165\/revisions"}],"predecessor-version":[{"id":38196,"href":"https:\/\/nitu.mx\/index.php\/wp-json\/wp\/v2\/posts\/38165\/revisions\/38196"}],"wp:featuredmedia":[{"embeddable":true,"href":"https:\/\/nitu.mx\/index.php\/wp-json\/wp\/v2\/media\/38195"}],"wp:attachment":[{"href":"https:\/\/nitu.mx\/index.php\/wp-json\/wp\/v2\/media?parent=38165"}],"wp:term":[{"taxonomy":"category","embeddable":true,"href":"https:\/\/nitu.mx\/index.php\/wp-json\/wp\/v2\/categories?post=38165"},{"taxonomy":"post_tag","embeddable":true,"href":"https:\/\/nitu.mx\/index.php\/wp-json\/wp\/v2\/tags?post=38165"}],"curies":[{"name":"wp","href":"https:\/\/api.w.org\/{rel}","templated":true}]}}