{"id":38132,"date":"2019-12-10T00:52:12","date_gmt":"2019-12-10T05:52:12","guid":{"rendered":"https:\/\/www.dev.nitu.mx\/?p=38132"},"modified":"2019-12-10T10:42:58","modified_gmt":"2019-12-10T15:42:58","slug":"interjet-preve-incremento-superior-al-10-por-ciento-en-el-flujo-de-pasajeros","status":"publish","type":"post","link":"https:\/\/nitu.mx\/index.php\/2019\/12\/10\/interjet-preve-incremento-superior-al-10-por-ciento-en-el-flujo-de-pasajeros\/","title":{"rendered":"Interjet prev\u00e9 incremento superior al 10 por ciento en el flujo de pasajeros"},"content":{"rendered":"<p>Interjet inform\u00f3 este domingo que prev\u00e9 cerrar con un incremento superior al 10 por ciento en el flujo de pasajeros para el cierre de este a\u00f1o en sus rutas nacionales y extranjeras.<\/p>\n<p>A trav\u00e9s de un comunicado, la aerol\u00ednea se\u00f1al\u00f3 que lo anterior gracias al fortalecimiento de su plan estrat\u00e9gico de expansi\u00f3n con una oferta comercial basada en la optimizaci\u00f3n de la log\u00edstica de procesos e itinerarios, as\u00ed como del uso de su flota en beneficio de sus clientes y aliados comerciales.<\/p>\n<p>\u201cSe estima cerrar este a\u00f1o con la atenci\u00f3n de m\u00e1s de 15 millones 250 mil pasajeros. A nivel internacional y nacional, se prev\u00e9 un aumento de 27 y 5 por ciento, respectivamente, con relaci\u00f3n al mismo periodo de 2018.<\/p>\n<p>El factor de ocupaci\u00f3n se ubica este a\u00f1o en 85.4 por ciento, seis puntos arriba del reportado el a\u00f1o pasado, que registr\u00f3 80.9 por ciento\u201d, afirm\u00f3 la l\u00ednea a\u00e9rea.<\/p>\n<p>Al cierre del a\u00f1o la empresa sum\u00f3 una oferta total de 55 destinos en 10 pa\u00edses, con un total de 87 rutas, de las cuales 42 son dom\u00e9sticas y 45 internacionales, con lo que atiende a trav\u00e9s de m\u00e1s de 360 operaciones diarias.<\/p>\n<p>\u201cInterjet continuar\u00e1 con el crecimiento de su flota, con su estrategia de apertura de nuevas rutas y el reforzamiento de frecuencias, siempre brindando un servicio de transportaci\u00f3n de excelencia y de alto valor para sus pasajeros,\u201d asegur\u00f3 William Shaw, director general de la aerol\u00ednea. (El Financiero)<\/p>\n","protected":false},"excerpt":{"rendered":"<p>Interjet inform\u00f3 este domingo que prev\u00e9 cerrar con un incremento superior al 10 por ciento en el flujo de pasajeros para el cierre de este a\u00f1o en sus rutas nacionales y extranjeras. A trav\u00e9s de un comunicado, la aerol\u00ednea se\u00f1al\u00f3 que lo anterior gracias al fortalecimiento de su plan estrat\u00e9gico de expansi\u00f3n con una oferta [&hellip;]<\/p>\n","protected":false},"author":17,"featured_media":32075,"comment_status":"open","ping_status":"open","sticky":false,"template":"","format":"standard","meta":{"footnotes":""},"categories":[29,6],"tags":[18257,4349,11246,172,7398,9306],"yoast_head":"<!-- This site is optimized with the Yoast SEO plugin v22.2 - https:\/\/yoast.com\/wordpress\/plugins\/seo\/ -->\n<title>Interjet prev\u00e9 incremento superior al 10 por ciento en el flujo de pasajeros - Nitu - Noticias de la Industria Turistica<\/title>\n<meta name=\"description\" content=\"Interjet inform\u00f3 este domingo que prev\u00e9 cerrar con un incremento superior al 10 por ciento en el flujo de pasajeros para el cierre de este a\u00f1o.\" \/>\n<meta name=\"robots\" content=\"index, follow, max-snippet:-1, max-image-preview:large, max-video-preview:-1\" \/>\n<link rel=\"canonical\" href=\"https:\/\/nitu.mx\/index.php\/2019\/12\/10\/interjet-preve-incremento-superior-al-10-por-ciento-en-el-flujo-de-pasajeros\/\" \/>\n<meta name=\"twitter:card\" content=\"summary_large_image\" \/>\n<meta name=\"twitter:title\" content=\"Interjet prev\u00e9 incremento superior al 10 por ciento en el flujo de pasajeros - Nitu - Noticias de la Industria Turistica\" \/>\n<meta name=\"twitter:description\" content=\"Interjet inform\u00f3 este domingo que prev\u00e9 cerrar con un incremento superior al 10 por ciento en el flujo de pasajeros para el cierre de este a\u00f1o.\" \/>\n<meta name=\"twitter:image\" content=\"https:\/\/nitu.mx\/wp-content\/uploads\/2019\/05\/Interjet-qatar.jpg\" \/>\n<meta name=\"twitter:creator\" content=\"@NITUmx\" \/>\n<meta name=\"twitter:site\" content=\"@Arturo_Medina_G\" \/>\n<meta name=\"twitter:label1\" content=\"Escrito por\" \/>\n\t<meta name=\"twitter:data1\" content=\"Redacci\u00f3n\" \/>\n\t<meta name=\"twitter:label2\" content=\"Tiempo de lectura\" \/>\n\t<meta name=\"twitter:data2\" content=\"1 minuto\" \/>\n<script type=\"application\/ld+json\" class=\"yoast-schema-graph\">{\"@context\":\"https:\/\/schema.org\",\"@graph\":[{\"@type\":\"Article\",\"@id\":\"https:\/\/nitu.mx\/index.php\/2019\/12\/10\/interjet-preve-incremento-superior-al-10-por-ciento-en-el-flujo-de-pasajeros\/#article\",\"isPartOf\":{\"@id\":\"https:\/\/nitu.mx\/index.php\/2019\/12\/10\/interjet-preve-incremento-superior-al-10-por-ciento-en-el-flujo-de-pasajeros\/\"},\"author\":{\"name\":\"Redacci\u00f3n\",\"@id\":\"https:\/\/nitu.mx\/#\/schema\/person\/4a28fe9bd65924f7c90623773daf1b0b\"},\"headline\":\"Interjet prev\u00e9 incremento superior al 10 por ciento en el flujo de pasajeros\",\"datePublished\":\"2019-12-10T05:52:12+00:00\",\"dateModified\":\"2019-12-10T15:42:58+00:00\",\"mainEntityOfPage\":{\"@id\":\"https:\/\/nitu.mx\/index.php\/2019\/12\/10\/interjet-preve-incremento-superior-al-10-por-ciento-en-el-flujo-de-pasajeros\/\"},\"wordCount\":261,\"commentCount\":0,\"publisher\":{\"@id\":\"https:\/\/nitu.mx\/#\/schema\/person\/ae7a53426417292d3dd07b45a33e01bc\"},\"image\":{\"@id\":\"https:\/\/nitu.mx\/index.php\/2019\/12\/10\/interjet-preve-incremento-superior-al-10-por-ciento-en-el-flujo-de-pasajeros\/#primaryimage\"},\"thumbnailUrl\":\"https:\/\/nitu.mx\/wp-content\/uploads\/2019\/05\/Interjet-qatar.jpg\",\"keywords\":[\"Cierre de a\u00f1o\",\"Expansi\u00f3n\",\"flujo de pasajeros\",\"Interjet\",\"ocupaci\u00f3n hotelera\",\"rutas nacionales\"],\"articleSection\":[\"Aerol\u00edneas\",\"M\u00e9xico\"],\"inLanguage\":\"es-MX\",\"potentialAction\":[{\"@type\":\"CommentAction\",\"name\":\"Comment\",\"target\":[\"https:\/\/nitu.mx\/index.php\/2019\/12\/10\/interjet-preve-incremento-superior-al-10-por-ciento-en-el-flujo-de-pasajeros\/#respond\"]}]},{\"@type\":\"WebPage\",\"@id\":\"https:\/\/nitu.mx\/index.php\/2019\/12\/10\/interjet-preve-incremento-superior-al-10-por-ciento-en-el-flujo-de-pasajeros\/\",\"url\":\"https:\/\/nitu.mx\/index.php\/2019\/12\/10\/interjet-preve-incremento-superior-al-10-por-ciento-en-el-flujo-de-pasajeros\/\",\"name\":\"Interjet prev\u00e9 incremento superior al 10 por ciento en el flujo de pasajeros - Nitu - Noticias de la Industria Turistica\",\"isPartOf\":{\"@id\":\"https:\/\/nitu.mx\/#website\"},\"primaryImageOfPage\":{\"@id\":\"https:\/\/nitu.mx\/index.php\/2019\/12\/10\/interjet-preve-incremento-superior-al-10-por-ciento-en-el-flujo-de-pasajeros\/#primaryimage\"},\"image\":{\"@id\":\"https:\/\/nitu.mx\/index.php\/2019\/12\/10\/interjet-preve-incremento-superior-al-10-por-ciento-en-el-flujo-de-pasajeros\/#primaryimage\"},\"thumbnailUrl\":\"https:\/\/nitu.mx\/wp-content\/uploads\/2019\/05\/Interjet-qatar.jpg\",\"datePublished\":\"2019-12-10T05:52:12+00:00\",\"dateModified\":\"2019-12-10T15:42:58+00:00\",\"description\":\"Interjet inform\u00f3 este domingo que prev\u00e9 cerrar con un incremento superior al 10 por ciento en el flujo de pasajeros para el cierre de este a\u00f1o.\",\"breadcrumb\":{\"@id\":\"https:\/\/nitu.mx\/index.php\/2019\/12\/10\/interjet-preve-incremento-superior-al-10-por-ciento-en-el-flujo-de-pasajeros\/#breadcrumb\"},\"inLanguage\":\"es-MX\",\"potentialAction\":[{\"@type\":\"ReadAction\",\"target\":[\"https:\/\/nitu.mx\/index.php\/2019\/12\/10\/interjet-preve-incremento-superior-al-10-por-ciento-en-el-flujo-de-pasajeros\/\"]}]},{\"@type\":\"ImageObject\",\"inLanguage\":\"es-MX\",\"@id\":\"https:\/\/nitu.mx\/index.php\/2019\/12\/10\/interjet-preve-incremento-superior-al-10-por-ciento-en-el-flujo-de-pasajeros\/#primaryimage\",\"url\":\"https:\/\/nitu.mx\/wp-content\/uploads\/2019\/05\/Interjet-qatar.jpg\",\"contentUrl\":\"https:\/\/nitu.mx\/wp-content\/uploads\/2019\/05\/Interjet-qatar.jpg\",\"width\":850,\"height\":480,\"caption\":\"Interjet qatar narda\"},{\"@type\":\"BreadcrumbList\",\"@id\":\"https:\/\/nitu.mx\/index.php\/2019\/12\/10\/interjet-preve-incremento-superior-al-10-por-ciento-en-el-flujo-de-pasajeros\/#breadcrumb\",\"itemListElement\":[{\"@type\":\"ListItem\",\"position\":1,\"name\":\"Inicio\",\"item\":\"https:\/\/nitu.mx\/\"},{\"@type\":\"ListItem\",\"position\":2,\"name\":\"Interjet prev\u00e9 incremento superior al 10 por ciento en el flujo de pasajeros\"}]},{\"@type\":\"WebSite\",\"@id\":\"https:\/\/nitu.mx\/#website\",\"url\":\"https:\/\/nitu.mx\/\",\"name\":\"Nitu - Noticias de la Industria Turistica\",\"description\":\"Noticias de la Industria Turistica\",\"publisher\":{\"@id\":\"https:\/\/nitu.mx\/#\/schema\/person\/ae7a53426417292d3dd07b45a33e01bc\"},\"alternateName\":\"Noticias de la Industria Turistica\",\"potentialAction\":[{\"@type\":\"SearchAction\",\"target\":{\"@type\":\"EntryPoint\",\"urlTemplate\":\"https:\/\/nitu.mx\/?s={search_term_string}\"},\"query-input\":\"required name=search_term_string\"}],\"inLanguage\":\"es-MX\"},{\"@type\":[\"Person\",\"Organization\"],\"@id\":\"https:\/\/nitu.mx\/#\/schema\/person\/ae7a53426417292d3dd07b45a33e01bc\",\"name\":\"Arturo Medina\",\"image\":{\"@type\":\"ImageObject\",\"inLanguage\":\"es-MX\",\"@id\":\"https:\/\/nitu.mx\/#\/schema\/person\/image\/\",\"url\":\"https:\/\/nitu.mx\/wp-content\/uploads\/2024\/04\/4A315622-1904-4D5C-B022-878CDC840E04-90x90-1.jpeg\",\"contentUrl\":\"https:\/\/nitu.mx\/wp-content\/uploads\/2024\/04\/4A315622-1904-4D5C-B022-878CDC840E04-90x90-1.jpeg\",\"width\":90,\"height\":90,\"caption\":\"Arturo Medina\"},\"logo\":{\"@id\":\"https:\/\/nitu.mx\/#\/schema\/person\/image\/\"},\"description\":\"Director NITU.mx, Egresado de la Escuela de Periodismo Carlos Septi\u00e9n Garc\u00eda. Periodista y analista especializado en turismo desde hace 35 a\u00f1os, radicado en Canc\u00fan Q.Roo. arturo@nitu.mx\",\"sameAs\":[\"https:\/\/nitu.mx\",\"https:\/\/www.facebook.com\/NITUmx\/\",\"medinacancun\",\"https:\/\/twitter.com\/@Arturo_Medina_G\"]},{\"@type\":\"Person\",\"@id\":\"https:\/\/nitu.mx\/#\/schema\/person\/4a28fe9bd65924f7c90623773daf1b0b\",\"name\":\"Redacci\u00f3n\",\"image\":{\"@type\":\"ImageObject\",\"inLanguage\":\"es-MX\",\"@id\":\"https:\/\/nitu.mx\/#\/schema\/person\/image\/\",\"url\":\"https:\/\/secure.gravatar.com\/avatar\/5dd011c8ccfc5cd7e4c81e42252aab38?s=96&d=mm&r=g\",\"contentUrl\":\"https:\/\/secure.gravatar.com\/avatar\/5dd011c8ccfc5cd7e4c81e42252aab38?s=96&d=mm&r=g\",\"caption\":\"Redacci\u00f3n\"},\"url\":\"https:\/\/nitu.mx\/index.php\/author\/redaccion\/\"}]}<\/script>\n<!-- \/ Yoast SEO plugin. -->","yoast_head_json":{"title":"Interjet prev\u00e9 incremento superior al 10 por ciento en el flujo de pasajeros - Nitu - Noticias de la Industria Turistica","description":"Interjet inform\u00f3 este domingo que prev\u00e9 cerrar con un incremento superior al 10 por ciento en el flujo de pasajeros para el cierre de este a\u00f1o.","robots":{"index":"index","follow":"follow","max-snippet":"max-snippet:-1","max-image-preview":"max-image-preview:large","max-video-preview":"max-video-preview:-1"},"canonical":"https:\/\/nitu.mx\/index.php\/2019\/12\/10\/interjet-preve-incremento-superior-al-10-por-ciento-en-el-flujo-de-pasajeros\/","twitter_card":"summary_large_image","twitter_title":"Interjet prev\u00e9 incremento superior al 10 por ciento en el flujo de pasajeros - Nitu - Noticias de la Industria Turistica","twitter_description":"Interjet inform\u00f3 este domingo que prev\u00e9 cerrar con un incremento superior al 10 por ciento en el flujo de pasajeros para el cierre de este a\u00f1o.","twitter_image":"https:\/\/nitu.mx\/wp-content\/uploads\/2019\/05\/Interjet-qatar.jpg","twitter_creator":"@NITUmx","twitter_site":"@Arturo_Medina_G","twitter_misc":{"Escrito por":"Redacci\u00f3n","Tiempo de lectura":"1 minuto"},"schema":{"@context":"https:\/\/schema.org","@graph":[{"@type":"Article","@id":"https:\/\/nitu.mx\/index.php\/2019\/12\/10\/interjet-preve-incremento-superior-al-10-por-ciento-en-el-flujo-de-pasajeros\/#article","isPartOf":{"@id":"https:\/\/nitu.mx\/index.php\/2019\/12\/10\/interjet-preve-incremento-superior-al-10-por-ciento-en-el-flujo-de-pasajeros\/"},"author":{"name":"Redacci\u00f3n","@id":"https:\/\/nitu.mx\/#\/schema\/person\/4a28fe9bd65924f7c90623773daf1b0b"},"headline":"Interjet prev\u00e9 incremento superior al 10 por ciento en el flujo de pasajeros","datePublished":"2019-12-10T05:52:12+00:00","dateModified":"2019-12-10T15:42:58+00:00","mainEntityOfPage":{"@id":"https:\/\/nitu.mx\/index.php\/2019\/12\/10\/interjet-preve-incremento-superior-al-10-por-ciento-en-el-flujo-de-pasajeros\/"},"wordCount":261,"commentCount":0,"publisher":{"@id":"https:\/\/nitu.mx\/#\/schema\/person\/ae7a53426417292d3dd07b45a33e01bc"},"image":{"@id":"https:\/\/nitu.mx\/index.php\/2019\/12\/10\/interjet-preve-incremento-superior-al-10-por-ciento-en-el-flujo-de-pasajeros\/#primaryimage"},"thumbnailUrl":"https:\/\/nitu.mx\/wp-content\/uploads\/2019\/05\/Interjet-qatar.jpg","keywords":["Cierre de a\u00f1o","Expansi\u00f3n","flujo de pasajeros","Interjet","ocupaci\u00f3n hotelera","rutas nacionales"],"articleSection":["Aerol\u00edneas","M\u00e9xico"],"inLanguage":"es-MX","potentialAction":[{"@type":"CommentAction","name":"Comment","target":["https:\/\/nitu.mx\/index.php\/2019\/12\/10\/interjet-preve-incremento-superior-al-10-por-ciento-en-el-flujo-de-pasajeros\/#respond"]}]},{"@type":"WebPage","@id":"https:\/\/nitu.mx\/index.php\/2019\/12\/10\/interjet-preve-incremento-superior-al-10-por-ciento-en-el-flujo-de-pasajeros\/","url":"https:\/\/nitu.mx\/index.php\/2019\/12\/10\/interjet-preve-incremento-superior-al-10-por-ciento-en-el-flujo-de-pasajeros\/","name":"Interjet prev\u00e9 incremento superior al 10 por ciento en el flujo de pasajeros - Nitu - Noticias de la Industria Turistica","isPartOf":{"@id":"https:\/\/nitu.mx\/#website"},"primaryImageOfPage":{"@id":"https:\/\/nitu.mx\/index.php\/2019\/12\/10\/interjet-preve-incremento-superior-al-10-por-ciento-en-el-flujo-de-pasajeros\/#primaryimage"},"image":{"@id":"https:\/\/nitu.mx\/index.php\/2019\/12\/10\/interjet-preve-incremento-superior-al-10-por-ciento-en-el-flujo-de-pasajeros\/#primaryimage"},"thumbnailUrl":"https:\/\/nitu.mx\/wp-content\/uploads\/2019\/05\/Interjet-qatar.jpg","datePublished":"2019-12-10T05:52:12+00:00","dateModified":"2019-12-10T15:42:58+00:00","description":"Interjet inform\u00f3 este domingo que prev\u00e9 cerrar con un incremento superior al 10 por ciento en el flujo de pasajeros para el cierre de este a\u00f1o.","breadcrumb":{"@id":"https:\/\/nitu.mx\/index.php\/2019\/12\/10\/interjet-preve-incremento-superior-al-10-por-ciento-en-el-flujo-de-pasajeros\/#breadcrumb"},"inLanguage":"es-MX","potentialAction":[{"@type":"ReadAction","target":["https:\/\/nitu.mx\/index.php\/2019\/12\/10\/interjet-preve-incremento-superior-al-10-por-ciento-en-el-flujo-de-pasajeros\/"]}]},{"@type":"ImageObject","inLanguage":"es-MX","@id":"https:\/\/nitu.mx\/index.php\/2019\/12\/10\/interjet-preve-incremento-superior-al-10-por-ciento-en-el-flujo-de-pasajeros\/#primaryimage","url":"https:\/\/nitu.mx\/wp-content\/uploads\/2019\/05\/Interjet-qatar.jpg","contentUrl":"https:\/\/nitu.mx\/wp-content\/uploads\/2019\/05\/Interjet-qatar.jpg","width":850,"height":480,"caption":"Interjet qatar narda"},{"@type":"BreadcrumbList","@id":"https:\/\/nitu.mx\/index.php\/2019\/12\/10\/interjet-preve-incremento-superior-al-10-por-ciento-en-el-flujo-de-pasajeros\/#breadcrumb","itemListElement":[{"@type":"ListItem","position":1,"name":"Inicio","item":"https:\/\/nitu.mx\/"},{"@type":"ListItem","position":2,"name":"Interjet prev\u00e9 incremento superior al 10 por ciento en el flujo de pasajeros"}]},{"@type":"WebSite","@id":"https:\/\/nitu.mx\/#website","url":"https:\/\/nitu.mx\/","name":"Nitu - Noticias de la Industria Turistica","description":"Noticias de la Industria Turistica","publisher":{"@id":"https:\/\/nitu.mx\/#\/schema\/person\/ae7a53426417292d3dd07b45a33e01bc"},"alternateName":"Noticias de la Industria Turistica","potentialAction":[{"@type":"SearchAction","target":{"@type":"EntryPoint","urlTemplate":"https:\/\/nitu.mx\/?s={search_term_string}"},"query-input":"required name=search_term_string"}],"inLanguage":"es-MX"},{"@type":["Person","Organization"],"@id":"https:\/\/nitu.mx\/#\/schema\/person\/ae7a53426417292d3dd07b45a33e01bc","name":"Arturo Medina","image":{"@type":"ImageObject","inLanguage":"es-MX","@id":"https:\/\/nitu.mx\/#\/schema\/person\/image\/","url":"https:\/\/nitu.mx\/wp-content\/uploads\/2024\/04\/4A315622-1904-4D5C-B022-878CDC840E04-90x90-1.jpeg","contentUrl":"https:\/\/nitu.mx\/wp-content\/uploads\/2024\/04\/4A315622-1904-4D5C-B022-878CDC840E04-90x90-1.jpeg","width":90,"height":90,"caption":"Arturo Medina"},"logo":{"@id":"https:\/\/nitu.mx\/#\/schema\/person\/image\/"},"description":"Director NITU.mx, Egresado de la Escuela de Periodismo Carlos Septi\u00e9n Garc\u00eda. Periodista y analista especializado en turismo desde hace 35 a\u00f1os, radicado en Canc\u00fan Q.Roo. arturo@nitu.mx","sameAs":["https:\/\/nitu.mx","https:\/\/www.facebook.com\/NITUmx\/","medinacancun","https:\/\/twitter.com\/@Arturo_Medina_G"]},{"@type":"Person","@id":"https:\/\/nitu.mx\/#\/schema\/person\/4a28fe9bd65924f7c90623773daf1b0b","name":"Redacci\u00f3n","image":{"@type":"ImageObject","inLanguage":"es-MX","@id":"https:\/\/nitu.mx\/#\/schema\/person\/image\/","url":"https:\/\/secure.gravatar.com\/avatar\/5dd011c8ccfc5cd7e4c81e42252aab38?s=96&d=mm&r=g","contentUrl":"https:\/\/secure.gravatar.com\/avatar\/5dd011c8ccfc5cd7e4c81e42252aab38?s=96&d=mm&r=g","caption":"Redacci\u00f3n"},"url":"https:\/\/nitu.mx\/index.php\/author\/redaccion\/"}]}},"views":377,"_links":{"self":[{"href":"https:\/\/nitu.mx\/index.php\/wp-json\/wp\/v2\/posts\/38132"}],"collection":[{"href":"https:\/\/nitu.mx\/index.php\/wp-json\/wp\/v2\/posts"}],"about":[{"href":"https:\/\/nitu.mx\/index.php\/wp-json\/wp\/v2\/types\/post"}],"author":[{"embeddable":true,"href":"https:\/\/nitu.mx\/index.php\/wp-json\/wp\/v2\/users\/17"}],"replies":[{"embeddable":true,"href":"https:\/\/nitu.mx\/index.php\/wp-json\/wp\/v2\/comments?post=38132"}],"version-history":[{"count":1,"href":"https:\/\/nitu.mx\/index.php\/wp-json\/wp\/v2\/posts\/38132\/revisions"}],"predecessor-version":[{"id":38133,"href":"https:\/\/nitu.mx\/index.php\/wp-json\/wp\/v2\/posts\/38132\/revisions\/38133"}],"wp:featuredmedia":[{"embeddable":true,"href":"https:\/\/nitu.mx\/index.php\/wp-json\/wp\/v2\/media\/32075"}],"wp:attachment":[{"href":"https:\/\/nitu.mx\/index.php\/wp-json\/wp\/v2\/media?parent=38132"}],"wp:term":[{"taxonomy":"category","embeddable":true,"href":"https:\/\/nitu.mx\/index.php\/wp-json\/wp\/v2\/categories?post=38132"},{"taxonomy":"post_tag","embeddable":true,"href":"https:\/\/nitu.mx\/index.php\/wp-json\/wp\/v2\/tags?post=38132"}],"curies":[{"name":"wp","href":"https:\/\/api.w.org\/{rel}","templated":true}]}}