{"id":38121,"date":"2019-12-10T00:48:55","date_gmt":"2019-12-10T05:48:55","guid":{"rendered":"https:\/\/www.dev.nitu.mx\/?p=38121"},"modified":"2019-12-10T10:21:14","modified_gmt":"2019-12-10T15:21:14","slug":"viva-aerobus-se-fija-la-meta-de-transportar-20-millones-de-pasajeros-en-2020","status":"publish","type":"post","link":"https:\/\/nitu.mx\/index.php\/2019\/12\/10\/viva-aerobus-se-fija-la-meta-de-transportar-20-millones-de-pasajeros-en-2020\/","title":{"rendered":"Viva Aerobus se fija la meta de transportar 20 millones de pasajeros en 2020"},"content":{"rendered":"<p>En lo que va de este a\u00f1o, Viva Aerobus ha superado en cinco ocasiones la meta de un mill\u00f3n de pasajeros mensuales, lo que lo lleva a plantearse su nueva meta para el 2020, de transportar a 20 millones de viajeros.<\/p>\n<p>De acuerdo con la aerol\u00ednea que dirige Juan Carlos Zuazua, de enero a noviembre de este a\u00f1o ya super\u00f3 la cifra de pasajeros lograda en 2018, con 10.88 millones de clientes, lo que representa un crecimiento de 20 por ciento.<\/p>\n<p>Adem\u00e1s, los meses de junio, julio, agosto, octubre y noviembre de 2019, Viva Aerobus moviliz\u00f3 a poco m\u00e1s de un mill\u00f3n de pasajeros, lo que apunta a que cerrar\u00e1 el a\u00f1o con 12 millones de pasajeros.<\/p>\n<p>Para el ejecutivo, el optimismo tambi\u00e9n se debe a que pese al incremento en la red de rutas, que favoreci\u00f3 el n\u00famero de pasajeros transportados, los niveles de ocupaci\u00f3n rondan el 90 por ciento, por lo que el crecimiento en todos los factores es a doble d\u00edgito.<\/p>\n<p>La capacidad total de Viva Aerobus, medida en asientos disponibles por kil\u00f3metro, aument\u00f3 25 por ciento en estos 11 meses del a\u00f1o, comparado con el periodo enero-noviembre de 2018.<\/p>\n<p>Para lograr la meta planteada en 2020, la compa\u00f1\u00eda a\u00e9rea deber\u00e1 transportar un promedio de poco m\u00e1s 1.6 millones de pasajeros mensualmente, lo que representa todo un reto para la propia aerol\u00ednea como a nivel industria. (<a title=\"Viva Aerobus incorporar\u00e1 tecnolog\u00eda de reconocimiento facial para 2020\" href=\"https:\/\/www.dev.nitu.mx\/index.php\/2019\/11\/28\/viva-aerobus-incorporara-tecnologia-reconocimiento-facial-para-2020\/\" rel=\"bookmark\">Viva Aerobus incorporar\u00e1 tecnolog\u00eda de reconocimiento facial para 2020<\/a>).<\/p>\n<p>Sin embargo, la apuesta de Juan Carlos Zuazua se apoya en el diferencial del servicio de Viva Aerobus, que va desde la tarifa m\u00e1s baja del mercado, el n\u00famero de rutas exclusivas que opera al interior de la rep\u00fablica, y el descentralizar su operaci\u00f3n en cinco bases en el pa\u00eds, d\u00e1ndole oportunidad de seguir creciendo en mercados con mucho potencial.<\/p>\n","protected":false},"excerpt":{"rendered":"<p>En lo que va de este a\u00f1o, Viva Aerobus ha superado en cinco ocasiones la meta de un mill\u00f3n de pasajeros mensuales, lo que lo lleva a plantearse su nueva meta para el 2020, de transportar a 20 millones de viajeros. De acuerdo con la aerol\u00ednea que dirige Juan Carlos Zuazua, de enero a noviembre [&hellip;]<\/p>\n","protected":false},"author":18,"featured_media":28322,"comment_status":"open","ping_status":"open","sticky":false,"template":"","format":"standard","meta":{"footnotes":""},"categories":[29,6],"tags":[295,2102],"yoast_head":"<!-- This site is optimized with the Yoast SEO plugin v22.2 - https:\/\/yoast.com\/wordpress\/plugins\/seo\/ -->\n<title>Viva Aerobus se fija la meta de transportar 20 millones de pasajeros en 2020 - Nitu - Noticias de la Industria Turistica<\/title>\n<meta name=\"description\" content=\"Viva Aerobus ha superado en cinco ocasiones la meta de un mill\u00f3n de pasajeros mensuales, lo que lo lleva a plantearse su nueva meta para el 2020.\" \/>\n<meta name=\"robots\" content=\"index, follow, max-snippet:-1, max-image-preview:large, max-video-preview:-1\" \/>\n<link rel=\"canonical\" href=\"https:\/\/nitu.mx\/index.php\/2019\/12\/10\/viva-aerobus-se-fija-la-meta-de-transportar-20-millones-de-pasajeros-en-2020\/\" \/>\n<meta name=\"twitter:card\" content=\"summary_large_image\" \/>\n<meta name=\"twitter:title\" content=\"Viva Aerobus se fija la meta de transportar 20 millones de pasajeros en 2020 - Nitu - Noticias de la Industria Turistica\" \/>\n<meta name=\"twitter:description\" content=\"Viva Aerobus ha superado en cinco ocasiones la meta de un mill\u00f3n de pasajeros mensuales, lo que lo lleva a plantearse su nueva meta para el 2020.\" \/>\n<meta name=\"twitter:image\" content=\"https:\/\/nitu.mx\/wp-content\/uploads\/2019\/01\/Viva-Aerobus-Puebla.jpg\" \/>\n<meta name=\"twitter:creator\" content=\"@NITUmx\" \/>\n<meta name=\"twitter:site\" content=\"@Arturo_Medina_G\" \/>\n<meta name=\"twitter:label1\" content=\"Escrito por\" \/>\n\t<meta name=\"twitter:data1\" content=\"Guadalupe Sixto\" \/>\n\t<meta name=\"twitter:label2\" content=\"Tiempo de lectura\" \/>\n\t<meta name=\"twitter:data2\" content=\"2 minutos\" \/>\n<script type=\"application\/ld+json\" class=\"yoast-schema-graph\">{\"@context\":\"https:\/\/schema.org\",\"@graph\":[{\"@type\":\"Article\",\"@id\":\"https:\/\/nitu.mx\/index.php\/2019\/12\/10\/viva-aerobus-se-fija-la-meta-de-transportar-20-millones-de-pasajeros-en-2020\/#article\",\"isPartOf\":{\"@id\":\"https:\/\/nitu.mx\/index.php\/2019\/12\/10\/viva-aerobus-se-fija-la-meta-de-transportar-20-millones-de-pasajeros-en-2020\/\"},\"author\":{\"name\":\"Guadalupe Sixto\",\"@id\":\"https:\/\/nitu.mx\/#\/schema\/person\/3df3082b5e46037e3f13614d28ee0b77\"},\"headline\":\"Viva Aerobus se fija la meta de transportar 20 millones de pasajeros en 2020\",\"datePublished\":\"2019-12-10T05:48:55+00:00\",\"dateModified\":\"2019-12-10T15:21:14+00:00\",\"mainEntityOfPage\":{\"@id\":\"https:\/\/nitu.mx\/index.php\/2019\/12\/10\/viva-aerobus-se-fija-la-meta-de-transportar-20-millones-de-pasajeros-en-2020\/\"},\"wordCount\":321,\"commentCount\":0,\"publisher\":{\"@id\":\"https:\/\/nitu.mx\/#\/schema\/person\/ae7a53426417292d3dd07b45a33e01bc\"},\"image\":{\"@id\":\"https:\/\/nitu.mx\/index.php\/2019\/12\/10\/viva-aerobus-se-fija-la-meta-de-transportar-20-millones-de-pasajeros-en-2020\/#primaryimage\"},\"thumbnailUrl\":\"https:\/\/nitu.mx\/wp-content\/uploads\/2019\/01\/Viva-Aerobus-Puebla.jpg\",\"keywords\":[\"Juan Carlos Zuazua\",\"Viva Aerobus\"],\"articleSection\":[\"Aerol\u00edneas\",\"M\u00e9xico\"],\"inLanguage\":\"es-MX\",\"potentialAction\":[{\"@type\":\"CommentAction\",\"name\":\"Comment\",\"target\":[\"https:\/\/nitu.mx\/index.php\/2019\/12\/10\/viva-aerobus-se-fija-la-meta-de-transportar-20-millones-de-pasajeros-en-2020\/#respond\"]}]},{\"@type\":\"WebPage\",\"@id\":\"https:\/\/nitu.mx\/index.php\/2019\/12\/10\/viva-aerobus-se-fija-la-meta-de-transportar-20-millones-de-pasajeros-en-2020\/\",\"url\":\"https:\/\/nitu.mx\/index.php\/2019\/12\/10\/viva-aerobus-se-fija-la-meta-de-transportar-20-millones-de-pasajeros-en-2020\/\",\"name\":\"Viva Aerobus se fija la meta de transportar 20 millones de pasajeros en 2020 - Nitu - Noticias de la Industria Turistica\",\"isPartOf\":{\"@id\":\"https:\/\/nitu.mx\/#website\"},\"primaryImageOfPage\":{\"@id\":\"https:\/\/nitu.mx\/index.php\/2019\/12\/10\/viva-aerobus-se-fija-la-meta-de-transportar-20-millones-de-pasajeros-en-2020\/#primaryimage\"},\"image\":{\"@id\":\"https:\/\/nitu.mx\/index.php\/2019\/12\/10\/viva-aerobus-se-fija-la-meta-de-transportar-20-millones-de-pasajeros-en-2020\/#primaryimage\"},\"thumbnailUrl\":\"https:\/\/nitu.mx\/wp-content\/uploads\/2019\/01\/Viva-Aerobus-Puebla.jpg\",\"datePublished\":\"2019-12-10T05:48:55+00:00\",\"dateModified\":\"2019-12-10T15:21:14+00:00\",\"description\":\"Viva Aerobus ha superado en cinco ocasiones la meta de un mill\u00f3n de pasajeros mensuales, lo que lo lleva a plantearse su nueva meta para el 2020.\",\"breadcrumb\":{\"@id\":\"https:\/\/nitu.mx\/index.php\/2019\/12\/10\/viva-aerobus-se-fija-la-meta-de-transportar-20-millones-de-pasajeros-en-2020\/#breadcrumb\"},\"inLanguage\":\"es-MX\",\"potentialAction\":[{\"@type\":\"ReadAction\",\"target\":[\"https:\/\/nitu.mx\/index.php\/2019\/12\/10\/viva-aerobus-se-fija-la-meta-de-transportar-20-millones-de-pasajeros-en-2020\/\"]}]},{\"@type\":\"ImageObject\",\"inLanguage\":\"es-MX\",\"@id\":\"https:\/\/nitu.mx\/index.php\/2019\/12\/10\/viva-aerobus-se-fija-la-meta-de-transportar-20-millones-de-pasajeros-en-2020\/#primaryimage\",\"url\":\"https:\/\/nitu.mx\/wp-content\/uploads\/2019\/01\/Viva-Aerobus-Puebla.jpg\",\"contentUrl\":\"https:\/\/nitu.mx\/wp-content\/uploads\/2019\/01\/Viva-Aerobus-Puebla.jpg\",\"width\":850,\"height\":480,\"caption\":\"Viva Aerobus Puebla\"},{\"@type\":\"BreadcrumbList\",\"@id\":\"https:\/\/nitu.mx\/index.php\/2019\/12\/10\/viva-aerobus-se-fija-la-meta-de-transportar-20-millones-de-pasajeros-en-2020\/#breadcrumb\",\"itemListElement\":[{\"@type\":\"ListItem\",\"position\":1,\"name\":\"Inicio\",\"item\":\"https:\/\/nitu.mx\/\"},{\"@type\":\"ListItem\",\"position\":2,\"name\":\"Viva Aerobus se fija la meta de transportar 20 millones de pasajeros en 2020\"}]},{\"@type\":\"WebSite\",\"@id\":\"https:\/\/nitu.mx\/#website\",\"url\":\"https:\/\/nitu.mx\/\",\"name\":\"Nitu - Noticias de la Industria Turistica\",\"description\":\"Noticias de la Industria Turistica\",\"publisher\":{\"@id\":\"https:\/\/nitu.mx\/#\/schema\/person\/ae7a53426417292d3dd07b45a33e01bc\"},\"alternateName\":\"Noticias de la Industria Turistica\",\"potentialAction\":[{\"@type\":\"SearchAction\",\"target\":{\"@type\":\"EntryPoint\",\"urlTemplate\":\"https:\/\/nitu.mx\/?s={search_term_string}\"},\"query-input\":\"required name=search_term_string\"}],\"inLanguage\":\"es-MX\"},{\"@type\":[\"Person\",\"Organization\"],\"@id\":\"https:\/\/nitu.mx\/#\/schema\/person\/ae7a53426417292d3dd07b45a33e01bc\",\"name\":\"Arturo Medina\",\"image\":{\"@type\":\"ImageObject\",\"inLanguage\":\"es-MX\",\"@id\":\"https:\/\/nitu.mx\/#\/schema\/person\/image\/\",\"url\":\"https:\/\/nitu.mx\/wp-content\/uploads\/2024\/04\/4A315622-1904-4D5C-B022-878CDC840E04-90x90-1.jpeg\",\"contentUrl\":\"https:\/\/nitu.mx\/wp-content\/uploads\/2024\/04\/4A315622-1904-4D5C-B022-878CDC840E04-90x90-1.jpeg\",\"width\":90,\"height\":90,\"caption\":\"Arturo Medina\"},\"logo\":{\"@id\":\"https:\/\/nitu.mx\/#\/schema\/person\/image\/\"},\"description\":\"Director NITU.mx, Egresado de la Escuela de Periodismo Carlos Septi\u00e9n Garc\u00eda. Periodista y analista especializado en turismo desde hace 35 a\u00f1os, radicado en Canc\u00fan Q.Roo. arturo@nitu.mx\",\"sameAs\":[\"https:\/\/nitu.mx\",\"https:\/\/www.facebook.com\/NITUmx\/\",\"medinacancun\",\"https:\/\/twitter.com\/@Arturo_Medina_G\"]},{\"@type\":\"Person\",\"@id\":\"https:\/\/nitu.mx\/#\/schema\/person\/3df3082b5e46037e3f13614d28ee0b77\",\"name\":\"Guadalupe Sixto\",\"image\":{\"@type\":\"ImageObject\",\"inLanguage\":\"es-MX\",\"@id\":\"https:\/\/nitu.mx\/#\/schema\/person\/image\/\",\"url\":\"https:\/\/secure.gravatar.com\/avatar\/13914e1b0e1919e91f9539de4dc584c4?s=96&d=mm&r=g\",\"contentUrl\":\"https:\/\/secure.gravatar.com\/avatar\/13914e1b0e1919e91f9539de4dc584c4?s=96&d=mm&r=g\",\"caption\":\"Guadalupe Sixto\"},\"url\":\"https:\/\/nitu.mx\/index.php\/author\/gsixto\/\"}]}<\/script>\n<!-- \/ Yoast SEO plugin. -->","yoast_head_json":{"title":"Viva Aerobus se fija la meta de transportar 20 millones de pasajeros en 2020 - Nitu - Noticias de la Industria Turistica","description":"Viva Aerobus ha superado en cinco ocasiones la meta de un mill\u00f3n de pasajeros mensuales, lo que lo lleva a plantearse su nueva meta para el 2020.","robots":{"index":"index","follow":"follow","max-snippet":"max-snippet:-1","max-image-preview":"max-image-preview:large","max-video-preview":"max-video-preview:-1"},"canonical":"https:\/\/nitu.mx\/index.php\/2019\/12\/10\/viva-aerobus-se-fija-la-meta-de-transportar-20-millones-de-pasajeros-en-2020\/","twitter_card":"summary_large_image","twitter_title":"Viva Aerobus se fija la meta de transportar 20 millones de pasajeros en 2020 - Nitu - Noticias de la Industria Turistica","twitter_description":"Viva Aerobus ha superado en cinco ocasiones la meta de un mill\u00f3n de pasajeros mensuales, lo que lo lleva a plantearse su nueva meta para el 2020.","twitter_image":"https:\/\/nitu.mx\/wp-content\/uploads\/2019\/01\/Viva-Aerobus-Puebla.jpg","twitter_creator":"@NITUmx","twitter_site":"@Arturo_Medina_G","twitter_misc":{"Escrito por":"Guadalupe Sixto","Tiempo de lectura":"2 minutos"},"schema":{"@context":"https:\/\/schema.org","@graph":[{"@type":"Article","@id":"https:\/\/nitu.mx\/index.php\/2019\/12\/10\/viva-aerobus-se-fija-la-meta-de-transportar-20-millones-de-pasajeros-en-2020\/#article","isPartOf":{"@id":"https:\/\/nitu.mx\/index.php\/2019\/12\/10\/viva-aerobus-se-fija-la-meta-de-transportar-20-millones-de-pasajeros-en-2020\/"},"author":{"name":"Guadalupe Sixto","@id":"https:\/\/nitu.mx\/#\/schema\/person\/3df3082b5e46037e3f13614d28ee0b77"},"headline":"Viva Aerobus se fija la meta de transportar 20 millones de pasajeros en 2020","datePublished":"2019-12-10T05:48:55+00:00","dateModified":"2019-12-10T15:21:14+00:00","mainEntityOfPage":{"@id":"https:\/\/nitu.mx\/index.php\/2019\/12\/10\/viva-aerobus-se-fija-la-meta-de-transportar-20-millones-de-pasajeros-en-2020\/"},"wordCount":321,"commentCount":0,"publisher":{"@id":"https:\/\/nitu.mx\/#\/schema\/person\/ae7a53426417292d3dd07b45a33e01bc"},"image":{"@id":"https:\/\/nitu.mx\/index.php\/2019\/12\/10\/viva-aerobus-se-fija-la-meta-de-transportar-20-millones-de-pasajeros-en-2020\/#primaryimage"},"thumbnailUrl":"https:\/\/nitu.mx\/wp-content\/uploads\/2019\/01\/Viva-Aerobus-Puebla.jpg","keywords":["Juan Carlos Zuazua","Viva Aerobus"],"articleSection":["Aerol\u00edneas","M\u00e9xico"],"inLanguage":"es-MX","potentialAction":[{"@type":"CommentAction","name":"Comment","target":["https:\/\/nitu.mx\/index.php\/2019\/12\/10\/viva-aerobus-se-fija-la-meta-de-transportar-20-millones-de-pasajeros-en-2020\/#respond"]}]},{"@type":"WebPage","@id":"https:\/\/nitu.mx\/index.php\/2019\/12\/10\/viva-aerobus-se-fija-la-meta-de-transportar-20-millones-de-pasajeros-en-2020\/","url":"https:\/\/nitu.mx\/index.php\/2019\/12\/10\/viva-aerobus-se-fija-la-meta-de-transportar-20-millones-de-pasajeros-en-2020\/","name":"Viva Aerobus se fija la meta de transportar 20 millones de pasajeros en 2020 - Nitu - Noticias de la Industria Turistica","isPartOf":{"@id":"https:\/\/nitu.mx\/#website"},"primaryImageOfPage":{"@id":"https:\/\/nitu.mx\/index.php\/2019\/12\/10\/viva-aerobus-se-fija-la-meta-de-transportar-20-millones-de-pasajeros-en-2020\/#primaryimage"},"image":{"@id":"https:\/\/nitu.mx\/index.php\/2019\/12\/10\/viva-aerobus-se-fija-la-meta-de-transportar-20-millones-de-pasajeros-en-2020\/#primaryimage"},"thumbnailUrl":"https:\/\/nitu.mx\/wp-content\/uploads\/2019\/01\/Viva-Aerobus-Puebla.jpg","datePublished":"2019-12-10T05:48:55+00:00","dateModified":"2019-12-10T15:21:14+00:00","description":"Viva Aerobus ha superado en cinco ocasiones la meta de un mill\u00f3n de pasajeros mensuales, lo que lo lleva a plantearse su nueva meta para el 2020.","breadcrumb":{"@id":"https:\/\/nitu.mx\/index.php\/2019\/12\/10\/viva-aerobus-se-fija-la-meta-de-transportar-20-millones-de-pasajeros-en-2020\/#breadcrumb"},"inLanguage":"es-MX","potentialAction":[{"@type":"ReadAction","target":["https:\/\/nitu.mx\/index.php\/2019\/12\/10\/viva-aerobus-se-fija-la-meta-de-transportar-20-millones-de-pasajeros-en-2020\/"]}]},{"@type":"ImageObject","inLanguage":"es-MX","@id":"https:\/\/nitu.mx\/index.php\/2019\/12\/10\/viva-aerobus-se-fija-la-meta-de-transportar-20-millones-de-pasajeros-en-2020\/#primaryimage","url":"https:\/\/nitu.mx\/wp-content\/uploads\/2019\/01\/Viva-Aerobus-Puebla.jpg","contentUrl":"https:\/\/nitu.mx\/wp-content\/uploads\/2019\/01\/Viva-Aerobus-Puebla.jpg","width":850,"height":480,"caption":"Viva Aerobus Puebla"},{"@type":"BreadcrumbList","@id":"https:\/\/nitu.mx\/index.php\/2019\/12\/10\/viva-aerobus-se-fija-la-meta-de-transportar-20-millones-de-pasajeros-en-2020\/#breadcrumb","itemListElement":[{"@type":"ListItem","position":1,"name":"Inicio","item":"https:\/\/nitu.mx\/"},{"@type":"ListItem","position":2,"name":"Viva Aerobus se fija la meta de transportar 20 millones de pasajeros en 2020"}]},{"@type":"WebSite","@id":"https:\/\/nitu.mx\/#website","url":"https:\/\/nitu.mx\/","name":"Nitu - Noticias de la Industria Turistica","description":"Noticias de la Industria Turistica","publisher":{"@id":"https:\/\/nitu.mx\/#\/schema\/person\/ae7a53426417292d3dd07b45a33e01bc"},"alternateName":"Noticias de la Industria Turistica","potentialAction":[{"@type":"SearchAction","target":{"@type":"EntryPoint","urlTemplate":"https:\/\/nitu.mx\/?s={search_term_string}"},"query-input":"required name=search_term_string"}],"inLanguage":"es-MX"},{"@type":["Person","Organization"],"@id":"https:\/\/nitu.mx\/#\/schema\/person\/ae7a53426417292d3dd07b45a33e01bc","name":"Arturo Medina","image":{"@type":"ImageObject","inLanguage":"es-MX","@id":"https:\/\/nitu.mx\/#\/schema\/person\/image\/","url":"https:\/\/nitu.mx\/wp-content\/uploads\/2024\/04\/4A315622-1904-4D5C-B022-878CDC840E04-90x90-1.jpeg","contentUrl":"https:\/\/nitu.mx\/wp-content\/uploads\/2024\/04\/4A315622-1904-4D5C-B022-878CDC840E04-90x90-1.jpeg","width":90,"height":90,"caption":"Arturo Medina"},"logo":{"@id":"https:\/\/nitu.mx\/#\/schema\/person\/image\/"},"description":"Director NITU.mx, Egresado de la Escuela de Periodismo Carlos Septi\u00e9n Garc\u00eda. Periodista y analista especializado en turismo desde hace 35 a\u00f1os, radicado en Canc\u00fan Q.Roo. arturo@nitu.mx","sameAs":["https:\/\/nitu.mx","https:\/\/www.facebook.com\/NITUmx\/","medinacancun","https:\/\/twitter.com\/@Arturo_Medina_G"]},{"@type":"Person","@id":"https:\/\/nitu.mx\/#\/schema\/person\/3df3082b5e46037e3f13614d28ee0b77","name":"Guadalupe Sixto","image":{"@type":"ImageObject","inLanguage":"es-MX","@id":"https:\/\/nitu.mx\/#\/schema\/person\/image\/","url":"https:\/\/secure.gravatar.com\/avatar\/13914e1b0e1919e91f9539de4dc584c4?s=96&d=mm&r=g","contentUrl":"https:\/\/secure.gravatar.com\/avatar\/13914e1b0e1919e91f9539de4dc584c4?s=96&d=mm&r=g","caption":"Guadalupe Sixto"},"url":"https:\/\/nitu.mx\/index.php\/author\/gsixto\/"}]}},"views":436,"_links":{"self":[{"href":"https:\/\/nitu.mx\/index.php\/wp-json\/wp\/v2\/posts\/38121"}],"collection":[{"href":"https:\/\/nitu.mx\/index.php\/wp-json\/wp\/v2\/posts"}],"about":[{"href":"https:\/\/nitu.mx\/index.php\/wp-json\/wp\/v2\/types\/post"}],"author":[{"embeddable":true,"href":"https:\/\/nitu.mx\/index.php\/wp-json\/wp\/v2\/users\/18"}],"replies":[{"embeddable":true,"href":"https:\/\/nitu.mx\/index.php\/wp-json\/wp\/v2\/comments?post=38121"}],"version-history":[{"count":5,"href":"https:\/\/nitu.mx\/index.php\/wp-json\/wp\/v2\/posts\/38121\/revisions"}],"predecessor-version":[{"id":38152,"href":"https:\/\/nitu.mx\/index.php\/wp-json\/wp\/v2\/posts\/38121\/revisions\/38152"}],"wp:featuredmedia":[{"embeddable":true,"href":"https:\/\/nitu.mx\/index.php\/wp-json\/wp\/v2\/media\/28322"}],"wp:attachment":[{"href":"https:\/\/nitu.mx\/index.php\/wp-json\/wp\/v2\/media?parent=38121"}],"wp:term":[{"taxonomy":"category","embeddable":true,"href":"https:\/\/nitu.mx\/index.php\/wp-json\/wp\/v2\/categories?post=38121"},{"taxonomy":"post_tag","embeddable":true,"href":"https:\/\/nitu.mx\/index.php\/wp-json\/wp\/v2\/tags?post=38121"}],"curies":[{"name":"wp","href":"https:\/\/api.w.org\/{rel}","templated":true}]}}