{"id":38108,"date":"2019-12-09T01:37:32","date_gmt":"2019-12-09T06:37:32","guid":{"rendered":"https:\/\/www.dev.nitu.mx\/?p=38108"},"modified":"2019-12-11T01:55:33","modified_gmt":"2019-12-11T06:55:33","slug":"aterriza-hoy-en-cdmx-emirates-la-afrenta-de-aeromexico","status":"publish","type":"post","link":"https:\/\/nitu.mx\/index.php\/2019\/12\/09\/aterriza-hoy-en-cdmx-emirates-la-afrenta-de-aeromexico\/","title":{"rendered":"Aterriza hoy en CDMX Emirates, la afrenta de Aerom\u00e9xico"},"content":{"rendered":"<p>Pese a todas las voces que se opon\u00edan a la llegada de la aerol\u00ednea \u00e1rabe, este lunes aterriza en M\u00e9xico el primer vuelo de Emirates, procedente de Barcelona, Espa\u00f1a, a donde lleg\u00f3 desde Dub\u00e1i, como lo anunci\u00f3 formalmente desde julio pasado.<\/p>\n<p>Tal como estaba programado, el vuelo EK 255 parti\u00f3 a las 3:30 horas del lunes (aproximadamente las 17:30 del domingo en M\u00e9xico), para llegar a las 8:00 a Barcelona y de ah\u00ed partir\u00e1 a las 9:55. Se espera que aterrice en el Aeropuerto Internacional de la Ciudad de M\u00e9xico (AICM) a las 16:15 horas.<\/p>\n<p>El largo peregrinar de Emirates para volar a nuestro pa\u00eds inici\u00f3 hace casi dos a\u00f1os, cuando la administraci\u00f3n pasada solo se le autoriz\u00f3 operar tres frecuencias semanales, cuando la compa\u00f1\u00eda ar\u00e1biga quer\u00eda volar diario, pues de lo contrario no ser\u00eda \u201crentable\u201d la ruta, acusaron en ese entonces los directivos.<\/p>\n<p>El panorama cambi\u00f3 cuando llegaron las nuevas autoridades de la Secretar\u00eda de Comunicaciones y Transportes (SCT) y de la Direcci\u00f3n General de Aeron\u00e1utica Civil (DGAC), quienes dieron carta abierta para que Emirates tuviera su frecuencia diaria, un slot en horario privilegiado en el aeropuerto capitalino, y abrir la quinta libertad a\u00e9rea para poder hacer la escala en un tercer pa\u00eds (Espa\u00f1a).<\/p>\n<p>La divisi\u00f3n en la industria se hizo latente, pues mientras Aerom\u00e9xico, sus pilotos agrupados en ASPA, un grupo de legisladores y otros organismos argumentan un golpe a la industria y los empleos en M\u00e9xico, al permitir transportar pasajeros entre Barcelona y M\u00e9xico, ruta a la que ha apostado la aerol\u00ednea bandera de M\u00e9xico.<\/p>\n<p>Sin embargo, otros jugadores de la industria, principalmente operadoras mayoristas y agentes de viajes, aplauden la autorizaci\u00f3n para la llegada de Emirates, destacando el nivel de competencia y viajeros que llegar\u00eda al pa\u00eds.\u00a0<a title=\"Mantiene ASPA protesta ante llegada de Emirates\" href=\"https:\/\/www.dev.nitu.mx\/index.php\/2019\/11\/08\/mantiene-aspa-protesta-ante-llegada-de-emirates\/\" rel=\"bookmark\">(Mantiene ASPA protesta ante llegada de Emirates<\/a>).<\/p>\n<p>La dependencia a cargo de Javier Jim\u00e9nez Espri\u00fa se mantuvo con un perfil bajo durante toda esta controversia, asegurando que no hab\u00eda dado a\u00fan los permisos para la llegada de Emirates, aunque \u00e9sta ya promocionaba el vuelo por distintos medios.<\/p>\n<p>Fue finalmente el 7 de noviembre cuando se anunci\u00f3 oficialmente que la SCT dio el permiso a la l\u00ednea a\u00e9rea, para iniciar operaciones este 9 de diciembre.\u00a0<a title=\"Emirates recibe permiso para comenzar operaciones en CDMX en diciembre\" href=\"https:\/\/www.dev.nitu.mx\/index.php\/2019\/11\/06\/emirates-recibe-permiso-para-comenzar-operaciones-en-cdmx-en-diciembre\/\" rel=\"bookmark\">(Emirates recibe permiso para comenzar operaciones en CDMX en diciembre<\/a>).<\/p>\n<p>As\u00ed, en las pr\u00f3ximas horas llegar\u00e1 al AICM el primer vuelo de Emirates, empleando un Boeing 777-200, con capacidad para 264 asientos en clase turista y 28 en primera clase.<\/p>\n","protected":false},"excerpt":{"rendered":"<p>Pese a todas las voces que se opon\u00edan a la llegada de la aerol\u00ednea \u00e1rabe, este lunes aterriza en M\u00e9xico el primer vuelo de Emirates, procedente de Barcelona, Espa\u00f1a, a donde lleg\u00f3 desde Dub\u00e1i, como lo anunci\u00f3 formalmente desde julio pasado. Tal como estaba programado, el vuelo EK 255 parti\u00f3 a las 3:30 horas del [&hellip;]<\/p>\n","protected":false},"author":5,"featured_media":38111,"comment_status":"open","ping_status":"open","sticky":false,"template":"","format":"standard","meta":{"footnotes":""},"categories":[29,374],"tags":[30,294,3113,292,2596,3280,11202,925],"yoast_head":"<!-- This site is optimized with the Yoast SEO plugin v22.2 - https:\/\/yoast.com\/wordpress\/plugins\/seo\/ -->\n<title>Aterriza hoy en CDMX Emirates, la afrenta de Aerom\u00e9xico - Nitu - Noticias de la Industria Turistica<\/title>\n<meta name=\"description\" content=\"Este lunes aterriza en M\u00e9xico el primer vuelo de Emirates, procedente de Barcelona, Espa\u00f1a, a donde lleg\u00f3 desde Dub\u00e1i, como lo anunci\u00f3 desde julio pasado.\" \/>\n<meta name=\"robots\" content=\"index, follow, max-snippet:-1, max-image-preview:large, max-video-preview:-1\" \/>\n<link rel=\"canonical\" href=\"https:\/\/nitu.mx\/index.php\/2019\/12\/09\/aterriza-hoy-en-cdmx-emirates-la-afrenta-de-aeromexico\/\" \/>\n<meta name=\"twitter:card\" content=\"summary_large_image\" \/>\n<meta name=\"twitter:title\" content=\"Aterriza hoy en CDMX Emirates, la afrenta de Aerom\u00e9xico - Nitu - Noticias de la Industria Turistica\" \/>\n<meta name=\"twitter:description\" content=\"Este lunes aterriza en M\u00e9xico el primer vuelo de Emirates, procedente de Barcelona, Espa\u00f1a, a donde lleg\u00f3 desde Dub\u00e1i, como lo anunci\u00f3 desde julio pasado.\" \/>\n<meta name=\"twitter:image\" content=\"https:\/\/nitu.mx\/wp-content\/uploads\/2019\/12\/Emirates-M\u00e9xico.jpg\" \/>\n<meta name=\"twitter:creator\" content=\"@NITUmx\" \/>\n<meta name=\"twitter:site\" content=\"@Arturo_Medina_G\" \/>\n<meta name=\"twitter:label1\" content=\"Escrito por\" \/>\n\t<meta name=\"twitter:data1\" content=\"Mari Soto\" \/>\n\t<meta name=\"twitter:label2\" content=\"Tiempo de lectura\" \/>\n\t<meta name=\"twitter:data2\" content=\"2 minutos\" \/>\n<script type=\"application\/ld+json\" class=\"yoast-schema-graph\">{\"@context\":\"https:\/\/schema.org\",\"@graph\":[{\"@type\":\"Article\",\"@id\":\"https:\/\/nitu.mx\/index.php\/2019\/12\/09\/aterriza-hoy-en-cdmx-emirates-la-afrenta-de-aeromexico\/#article\",\"isPartOf\":{\"@id\":\"https:\/\/nitu.mx\/index.php\/2019\/12\/09\/aterriza-hoy-en-cdmx-emirates-la-afrenta-de-aeromexico\/\"},\"author\":{\"name\":\"Mari Soto\",\"@id\":\"https:\/\/nitu.mx\/#\/schema\/person\/afc52e313e27e660739556d421d3d6b4\"},\"headline\":\"Aterriza hoy en CDMX Emirates, la afrenta de Aerom\u00e9xico\",\"datePublished\":\"2019-12-09T06:37:32+00:00\",\"dateModified\":\"2019-12-11T06:55:33+00:00\",\"mainEntityOfPage\":{\"@id\":\"https:\/\/nitu.mx\/index.php\/2019\/12\/09\/aterriza-hoy-en-cdmx-emirates-la-afrenta-de-aeromexico\/\"},\"wordCount\":440,\"commentCount\":0,\"publisher\":{\"@id\":\"https:\/\/nitu.mx\/#\/schema\/person\/ae7a53426417292d3dd07b45a33e01bc\"},\"image\":{\"@id\":\"https:\/\/nitu.mx\/index.php\/2019\/12\/09\/aterriza-hoy-en-cdmx-emirates-la-afrenta-de-aeromexico\/#primaryimage\"},\"thumbnailUrl\":\"https:\/\/nitu.mx\/wp-content\/uploads\/2019\/12\/Emirates-M\u00e9xico.jpg\",\"keywords\":[\"Aerom\u00e9xico\",\"AICM\",\"Barcelona\",\"DGAC\",\"Dub\u00e1i\",\"Emirates\",\"Javier Jim\u00e9nez Espri\u00fa\",\"SCT\"],\"articleSection\":[\"Aerol\u00edneas\",\"Internacional\"],\"inLanguage\":\"es-MX\",\"potentialAction\":[{\"@type\":\"CommentAction\",\"name\":\"Comment\",\"target\":[\"https:\/\/nitu.mx\/index.php\/2019\/12\/09\/aterriza-hoy-en-cdmx-emirates-la-afrenta-de-aeromexico\/#respond\"]}]},{\"@type\":\"WebPage\",\"@id\":\"https:\/\/nitu.mx\/index.php\/2019\/12\/09\/aterriza-hoy-en-cdmx-emirates-la-afrenta-de-aeromexico\/\",\"url\":\"https:\/\/nitu.mx\/index.php\/2019\/12\/09\/aterriza-hoy-en-cdmx-emirates-la-afrenta-de-aeromexico\/\",\"name\":\"Aterriza hoy en CDMX Emirates, la afrenta de Aerom\u00e9xico - Nitu - Noticias de la Industria Turistica\",\"isPartOf\":{\"@id\":\"https:\/\/nitu.mx\/#website\"},\"primaryImageOfPage\":{\"@id\":\"https:\/\/nitu.mx\/index.php\/2019\/12\/09\/aterriza-hoy-en-cdmx-emirates-la-afrenta-de-aeromexico\/#primaryimage\"},\"image\":{\"@id\":\"https:\/\/nitu.mx\/index.php\/2019\/12\/09\/aterriza-hoy-en-cdmx-emirates-la-afrenta-de-aeromexico\/#primaryimage\"},\"thumbnailUrl\":\"https:\/\/nitu.mx\/wp-content\/uploads\/2019\/12\/Emirates-M\u00e9xico.jpg\",\"datePublished\":\"2019-12-09T06:37:32+00:00\",\"dateModified\":\"2019-12-11T06:55:33+00:00\",\"description\":\"Este lunes aterriza en M\u00e9xico el primer vuelo de Emirates, procedente de Barcelona, Espa\u00f1a, a donde lleg\u00f3 desde Dub\u00e1i, como lo anunci\u00f3 desde julio pasado.\",\"breadcrumb\":{\"@id\":\"https:\/\/nitu.mx\/index.php\/2019\/12\/09\/aterriza-hoy-en-cdmx-emirates-la-afrenta-de-aeromexico\/#breadcrumb\"},\"inLanguage\":\"es-MX\",\"potentialAction\":[{\"@type\":\"ReadAction\",\"target\":[\"https:\/\/nitu.mx\/index.php\/2019\/12\/09\/aterriza-hoy-en-cdmx-emirates-la-afrenta-de-aeromexico\/\"]}]},{\"@type\":\"ImageObject\",\"inLanguage\":\"es-MX\",\"@id\":\"https:\/\/nitu.mx\/index.php\/2019\/12\/09\/aterriza-hoy-en-cdmx-emirates-la-afrenta-de-aeromexico\/#primaryimage\",\"url\":\"https:\/\/nitu.mx\/wp-content\/uploads\/2019\/12\/Emirates-M\u00e9xico.jpg\",\"contentUrl\":\"https:\/\/nitu.mx\/wp-content\/uploads\/2019\/12\/Emirates-M\u00e9xico.jpg\",\"width\":850,\"height\":480,\"caption\":\"Emirates\"},{\"@type\":\"BreadcrumbList\",\"@id\":\"https:\/\/nitu.mx\/index.php\/2019\/12\/09\/aterriza-hoy-en-cdmx-emirates-la-afrenta-de-aeromexico\/#breadcrumb\",\"itemListElement\":[{\"@type\":\"ListItem\",\"position\":1,\"name\":\"Inicio\",\"item\":\"https:\/\/nitu.mx\/\"},{\"@type\":\"ListItem\",\"position\":2,\"name\":\"Aterriza hoy en CDMX Emirates, la afrenta de Aerom\u00e9xico\"}]},{\"@type\":\"WebSite\",\"@id\":\"https:\/\/nitu.mx\/#website\",\"url\":\"https:\/\/nitu.mx\/\",\"name\":\"Nitu - Noticias de la Industria Turistica\",\"description\":\"Noticias de la Industria Turistica\",\"publisher\":{\"@id\":\"https:\/\/nitu.mx\/#\/schema\/person\/ae7a53426417292d3dd07b45a33e01bc\"},\"alternateName\":\"Noticias de la Industria Turistica\",\"potentialAction\":[{\"@type\":\"SearchAction\",\"target\":{\"@type\":\"EntryPoint\",\"urlTemplate\":\"https:\/\/nitu.mx\/?s={search_term_string}\"},\"query-input\":\"required name=search_term_string\"}],\"inLanguage\":\"es-MX\"},{\"@type\":[\"Person\",\"Organization\"],\"@id\":\"https:\/\/nitu.mx\/#\/schema\/person\/ae7a53426417292d3dd07b45a33e01bc\",\"name\":\"Arturo Medina\",\"image\":{\"@type\":\"ImageObject\",\"inLanguage\":\"es-MX\",\"@id\":\"https:\/\/nitu.mx\/#\/schema\/person\/image\/\",\"url\":\"https:\/\/nitu.mx\/wp-content\/uploads\/2024\/04\/4A315622-1904-4D5C-B022-878CDC840E04-90x90-1.jpeg\",\"contentUrl\":\"https:\/\/nitu.mx\/wp-content\/uploads\/2024\/04\/4A315622-1904-4D5C-B022-878CDC840E04-90x90-1.jpeg\",\"width\":90,\"height\":90,\"caption\":\"Arturo Medina\"},\"logo\":{\"@id\":\"https:\/\/nitu.mx\/#\/schema\/person\/image\/\"},\"description\":\"Director NITU.mx, Egresado de la Escuela de Periodismo Carlos Septi\u00e9n Garc\u00eda. Periodista y analista especializado en turismo desde hace 35 a\u00f1os, radicado en Canc\u00fan Q.Roo. arturo@nitu.mx\",\"sameAs\":[\"https:\/\/nitu.mx\",\"https:\/\/www.facebook.com\/NITUmx\/\",\"medinacancun\",\"https:\/\/twitter.com\/@Arturo_Medina_G\"]},{\"@type\":\"Person\",\"@id\":\"https:\/\/nitu.mx\/#\/schema\/person\/afc52e313e27e660739556d421d3d6b4\",\"name\":\"Mari Soto\",\"image\":{\"@type\":\"ImageObject\",\"inLanguage\":\"es-MX\",\"@id\":\"https:\/\/nitu.mx\/#\/schema\/person\/image\/\",\"url\":\"https:\/\/secure.gravatar.com\/avatar\/2619c282a180a20d89fcaea82a6736e2?s=96&d=mm&r=g\",\"contentUrl\":\"https:\/\/secure.gravatar.com\/avatar\/2619c282a180a20d89fcaea82a6736e2?s=96&d=mm&r=g\",\"caption\":\"Mari Soto\"},\"sameAs\":[\"https:\/\/nitu.mx\"],\"url\":\"https:\/\/nitu.mx\/index.php\/author\/guadalupe\/\"}]}<\/script>\n<!-- \/ Yoast SEO plugin. -->","yoast_head_json":{"title":"Aterriza hoy en CDMX Emirates, la afrenta de Aerom\u00e9xico - Nitu - Noticias de la Industria Turistica","description":"Este lunes aterriza en M\u00e9xico el primer vuelo de Emirates, procedente de Barcelona, Espa\u00f1a, a donde lleg\u00f3 desde Dub\u00e1i, como lo anunci\u00f3 desde julio pasado.","robots":{"index":"index","follow":"follow","max-snippet":"max-snippet:-1","max-image-preview":"max-image-preview:large","max-video-preview":"max-video-preview:-1"},"canonical":"https:\/\/nitu.mx\/index.php\/2019\/12\/09\/aterriza-hoy-en-cdmx-emirates-la-afrenta-de-aeromexico\/","twitter_card":"summary_large_image","twitter_title":"Aterriza hoy en CDMX Emirates, la afrenta de Aerom\u00e9xico - Nitu - Noticias de la Industria Turistica","twitter_description":"Este lunes aterriza en M\u00e9xico el primer vuelo de Emirates, procedente de Barcelona, Espa\u00f1a, a donde lleg\u00f3 desde Dub\u00e1i, como lo anunci\u00f3 desde julio pasado.","twitter_image":"https:\/\/nitu.mx\/wp-content\/uploads\/2019\/12\/Emirates-M\u00e9xico.jpg","twitter_creator":"@NITUmx","twitter_site":"@Arturo_Medina_G","twitter_misc":{"Escrito por":"Mari Soto","Tiempo de lectura":"2 minutos"},"schema":{"@context":"https:\/\/schema.org","@graph":[{"@type":"Article","@id":"https:\/\/nitu.mx\/index.php\/2019\/12\/09\/aterriza-hoy-en-cdmx-emirates-la-afrenta-de-aeromexico\/#article","isPartOf":{"@id":"https:\/\/nitu.mx\/index.php\/2019\/12\/09\/aterriza-hoy-en-cdmx-emirates-la-afrenta-de-aeromexico\/"},"author":{"name":"Mari Soto","@id":"https:\/\/nitu.mx\/#\/schema\/person\/afc52e313e27e660739556d421d3d6b4"},"headline":"Aterriza hoy en CDMX Emirates, la afrenta de Aerom\u00e9xico","datePublished":"2019-12-09T06:37:32+00:00","dateModified":"2019-12-11T06:55:33+00:00","mainEntityOfPage":{"@id":"https:\/\/nitu.mx\/index.php\/2019\/12\/09\/aterriza-hoy-en-cdmx-emirates-la-afrenta-de-aeromexico\/"},"wordCount":440,"commentCount":0,"publisher":{"@id":"https:\/\/nitu.mx\/#\/schema\/person\/ae7a53426417292d3dd07b45a33e01bc"},"image":{"@id":"https:\/\/nitu.mx\/index.php\/2019\/12\/09\/aterriza-hoy-en-cdmx-emirates-la-afrenta-de-aeromexico\/#primaryimage"},"thumbnailUrl":"https:\/\/nitu.mx\/wp-content\/uploads\/2019\/12\/Emirates-M\u00e9xico.jpg","keywords":["Aerom\u00e9xico","AICM","Barcelona","DGAC","Dub\u00e1i","Emirates","Javier Jim\u00e9nez Espri\u00fa","SCT"],"articleSection":["Aerol\u00edneas","Internacional"],"inLanguage":"es-MX","potentialAction":[{"@type":"CommentAction","name":"Comment","target":["https:\/\/nitu.mx\/index.php\/2019\/12\/09\/aterriza-hoy-en-cdmx-emirates-la-afrenta-de-aeromexico\/#respond"]}]},{"@type":"WebPage","@id":"https:\/\/nitu.mx\/index.php\/2019\/12\/09\/aterriza-hoy-en-cdmx-emirates-la-afrenta-de-aeromexico\/","url":"https:\/\/nitu.mx\/index.php\/2019\/12\/09\/aterriza-hoy-en-cdmx-emirates-la-afrenta-de-aeromexico\/","name":"Aterriza hoy en CDMX Emirates, la afrenta de Aerom\u00e9xico - Nitu - Noticias de la Industria Turistica","isPartOf":{"@id":"https:\/\/nitu.mx\/#website"},"primaryImageOfPage":{"@id":"https:\/\/nitu.mx\/index.php\/2019\/12\/09\/aterriza-hoy-en-cdmx-emirates-la-afrenta-de-aeromexico\/#primaryimage"},"image":{"@id":"https:\/\/nitu.mx\/index.php\/2019\/12\/09\/aterriza-hoy-en-cdmx-emirates-la-afrenta-de-aeromexico\/#primaryimage"},"thumbnailUrl":"https:\/\/nitu.mx\/wp-content\/uploads\/2019\/12\/Emirates-M\u00e9xico.jpg","datePublished":"2019-12-09T06:37:32+00:00","dateModified":"2019-12-11T06:55:33+00:00","description":"Este lunes aterriza en M\u00e9xico el primer vuelo de Emirates, procedente de Barcelona, Espa\u00f1a, a donde lleg\u00f3 desde Dub\u00e1i, como lo anunci\u00f3 desde julio pasado.","breadcrumb":{"@id":"https:\/\/nitu.mx\/index.php\/2019\/12\/09\/aterriza-hoy-en-cdmx-emirates-la-afrenta-de-aeromexico\/#breadcrumb"},"inLanguage":"es-MX","potentialAction":[{"@type":"ReadAction","target":["https:\/\/nitu.mx\/index.php\/2019\/12\/09\/aterriza-hoy-en-cdmx-emirates-la-afrenta-de-aeromexico\/"]}]},{"@type":"ImageObject","inLanguage":"es-MX","@id":"https:\/\/nitu.mx\/index.php\/2019\/12\/09\/aterriza-hoy-en-cdmx-emirates-la-afrenta-de-aeromexico\/#primaryimage","url":"https:\/\/nitu.mx\/wp-content\/uploads\/2019\/12\/Emirates-M\u00e9xico.jpg","contentUrl":"https:\/\/nitu.mx\/wp-content\/uploads\/2019\/12\/Emirates-M\u00e9xico.jpg","width":850,"height":480,"caption":"Emirates"},{"@type":"BreadcrumbList","@id":"https:\/\/nitu.mx\/index.php\/2019\/12\/09\/aterriza-hoy-en-cdmx-emirates-la-afrenta-de-aeromexico\/#breadcrumb","itemListElement":[{"@type":"ListItem","position":1,"name":"Inicio","item":"https:\/\/nitu.mx\/"},{"@type":"ListItem","position":2,"name":"Aterriza hoy en CDMX Emirates, la afrenta de Aerom\u00e9xico"}]},{"@type":"WebSite","@id":"https:\/\/nitu.mx\/#website","url":"https:\/\/nitu.mx\/","name":"Nitu - Noticias de la Industria Turistica","description":"Noticias de la Industria Turistica","publisher":{"@id":"https:\/\/nitu.mx\/#\/schema\/person\/ae7a53426417292d3dd07b45a33e01bc"},"alternateName":"Noticias de la Industria Turistica","potentialAction":[{"@type":"SearchAction","target":{"@type":"EntryPoint","urlTemplate":"https:\/\/nitu.mx\/?s={search_term_string}"},"query-input":"required name=search_term_string"}],"inLanguage":"es-MX"},{"@type":["Person","Organization"],"@id":"https:\/\/nitu.mx\/#\/schema\/person\/ae7a53426417292d3dd07b45a33e01bc","name":"Arturo Medina","image":{"@type":"ImageObject","inLanguage":"es-MX","@id":"https:\/\/nitu.mx\/#\/schema\/person\/image\/","url":"https:\/\/nitu.mx\/wp-content\/uploads\/2024\/04\/4A315622-1904-4D5C-B022-878CDC840E04-90x90-1.jpeg","contentUrl":"https:\/\/nitu.mx\/wp-content\/uploads\/2024\/04\/4A315622-1904-4D5C-B022-878CDC840E04-90x90-1.jpeg","width":90,"height":90,"caption":"Arturo Medina"},"logo":{"@id":"https:\/\/nitu.mx\/#\/schema\/person\/image\/"},"description":"Director NITU.mx, Egresado de la Escuela de Periodismo Carlos Septi\u00e9n Garc\u00eda. Periodista y analista especializado en turismo desde hace 35 a\u00f1os, radicado en Canc\u00fan Q.Roo. arturo@nitu.mx","sameAs":["https:\/\/nitu.mx","https:\/\/www.facebook.com\/NITUmx\/","medinacancun","https:\/\/twitter.com\/@Arturo_Medina_G"]},{"@type":"Person","@id":"https:\/\/nitu.mx\/#\/schema\/person\/afc52e313e27e660739556d421d3d6b4","name":"Mari Soto","image":{"@type":"ImageObject","inLanguage":"es-MX","@id":"https:\/\/nitu.mx\/#\/schema\/person\/image\/","url":"https:\/\/secure.gravatar.com\/avatar\/2619c282a180a20d89fcaea82a6736e2?s=96&d=mm&r=g","contentUrl":"https:\/\/secure.gravatar.com\/avatar\/2619c282a180a20d89fcaea82a6736e2?s=96&d=mm&r=g","caption":"Mari Soto"},"sameAs":["https:\/\/nitu.mx"],"url":"https:\/\/nitu.mx\/index.php\/author\/guadalupe\/"}]}},"views":449,"_links":{"self":[{"href":"https:\/\/nitu.mx\/index.php\/wp-json\/wp\/v2\/posts\/38108"}],"collection":[{"href":"https:\/\/nitu.mx\/index.php\/wp-json\/wp\/v2\/posts"}],"about":[{"href":"https:\/\/nitu.mx\/index.php\/wp-json\/wp\/v2\/types\/post"}],"author":[{"embeddable":true,"href":"https:\/\/nitu.mx\/index.php\/wp-json\/wp\/v2\/users\/5"}],"replies":[{"embeddable":true,"href":"https:\/\/nitu.mx\/index.php\/wp-json\/wp\/v2\/comments?post=38108"}],"version-history":[{"count":3,"href":"https:\/\/nitu.mx\/index.php\/wp-json\/wp\/v2\/posts\/38108\/revisions"}],"predecessor-version":[{"id":38153,"href":"https:\/\/nitu.mx\/index.php\/wp-json\/wp\/v2\/posts\/38108\/revisions\/38153"}],"wp:featuredmedia":[{"embeddable":true,"href":"https:\/\/nitu.mx\/index.php\/wp-json\/wp\/v2\/media\/38111"}],"wp:attachment":[{"href":"https:\/\/nitu.mx\/index.php\/wp-json\/wp\/v2\/media?parent=38108"}],"wp:term":[{"taxonomy":"category","embeddable":true,"href":"https:\/\/nitu.mx\/index.php\/wp-json\/wp\/v2\/categories?post=38108"},{"taxonomy":"post_tag","embeddable":true,"href":"https:\/\/nitu.mx\/index.php\/wp-json\/wp\/v2\/tags?post=38108"}],"curies":[{"name":"wp","href":"https:\/\/api.w.org\/{rel}","templated":true}]}}