{"id":37992,"date":"2019-12-04T01:29:08","date_gmt":"2019-12-04T06:29:08","guid":{"rendered":"https:\/\/www.dev.nitu.mx\/?p=37992"},"modified":"2019-12-04T02:40:43","modified_gmt":"2019-12-04T07:40:43","slug":"feria-de-leon-abre-la-agenda-turistica-de-guanajuato-para-el-2020","status":"publish","type":"post","link":"https:\/\/nitu.mx\/index.php\/2019\/12\/04\/feria-de-leon-abre-la-agenda-turistica-de-guanajuato-para-el-2020\/","title":{"rendered":"Feria de Le\u00f3n abre la agenda tur\u00edstica de Guanajuato para el 2020"},"content":{"rendered":"<p>&nbsp;<\/p>\n<p>La edici\u00f3n de 2020 de la Feria Estatal de Le\u00f3n se realizar\u00e1 del 10 de enero al 4 de febrero en Le\u00f3n, Guanajuato, la cual es la m\u00e1s antigua del pa\u00eds con 144 a\u00f1os de existencia y se encuentra a la altura de la de San Marcos en importancia.<\/p>\n<p>A lo largo de 26 d\u00edas los asistentes podr\u00e1n disfrutar de un show internacional en el que se invertir\u00e1n 525 millones de pesos en el pol\u00edgono ferial: 90 millones ser\u00e1n para el Parque Explora, 200 millones para ampliar el Poliforum y se convierta en el recinto ferial m\u00e1s grande de M\u00e9xico y mejor equipado; mientras que para la\u00a0Feria de Le\u00f3n\u00a0ser\u00e1n 235 millones de pesos para proyectos de crecimiento en la explanada y otros espacios.<\/p>\n<p>Se espera la presencia de 6 millones de asistentes, una derrama econ\u00f3mica de 3 mil millones de pesos y se contempla que 129 mil turistas se hospeden en alg\u00fan hotel de la entidad.<\/p>\n<p>Diego Sinhue Rodr\u00edguez Vallejo, gobernador del estado de Guanajuato coment\u00f3 que es la Feria m\u00e1s importante del pa\u00eds. &#8220;Tiene un recinto \u00fanico con acceso controlado para saber la cantidad de visitantes que recibe. Estoy seguro que vamos a romper el r\u00e9cord de 6 millones de visitantes haciendo un trabajo en equipo\u201d, destac\u00f3.<\/p>\n<p>\u201cLa Feria de Le\u00f3n es la oportunidad de seguir reafirm\u00e1ndonos como sociedad. La feria es un espacio donde podemos convivir en perfecta armon\u00eda\u201d, consider\u00f3 el alcalde de Le\u00f3n, H\u00e9ctor L\u00f3pez Santillana.<\/p>\n<p>El presidente del Patronato de la Feria Estatal de Le\u00f3n, Juan Carlos Mu\u00f1oz M\u00e1rquez, enmarc\u00f3 el trabajo de la feria en 7 ejes, entre los que destacan ser una feria para todos, innovadora, de oportunidades, un referente a nivel nacional, una feria de todo el a\u00f1o y generar expectativa para seguir haciendo de la Feria de Le\u00f3n, la mejor feria familiar del pa\u00eds y del mundo. (<a title=\"La Feria de Le\u00f3n recibe este a\u00f1o a Yucat\u00e1n como estado invitado\" href=\"https:\/\/www.dev.nitu.mx\/index.php\/2019\/01\/07\/la-feria-de-leon-recibe-este-ano-a-yucatan-como-estado-invitado\/\" rel=\"bookmark\">La Feria de Le\u00f3n recibe este a\u00f1o a Yucat\u00e1n como estado invitado<\/a>).<\/p>\n<p>\u201cSomos la \u00fanica feria del pa\u00eds con estas dimensiones, que es visitada por m\u00e1s de 6 millones de personas, lo que lo convierte en uno de los eventos m\u00e1s visitados del mundo. Despu\u00e9s del October Fest en Alemania, somos la feria que m\u00e1s gente recibe en el mundo\u201d, puntualiz\u00f3 Juan Carlos Mu\u00f1oz M\u00e1rquez, presidente del Patronato de la Feria Estatal de Le\u00f3n.<\/p>\n<p>Durante los d\u00edas que durar\u00e1 la Feria, Le\u00f3n se vestir\u00e1 de fiesta con espect\u00e1culos de talla internacional como el show in\u00e9ditoDestino. Un viaje por M\u00e9xico, creado exclusivamente para la Feria de Le\u00f3n por talento nacional, en el que participar\u00e1n acr\u00f3batas de 17 nacionalidades.<\/p>\n<p>Una de las mayores atracciones ser\u00e1 la presentaci\u00f3n por primera vez en el Teatro del Pueblo del DJ internacional Steve Aoki. Los conciertos de Steve se caracterizan por ser una gran fiesta, en la cual, no pod\u00edan faltar los pasteles.<\/p>\n<p>Adem\u00e1s por primera ocasi\u00f3n se contar\u00e1 con municipio, estado y pa\u00eds como invitados especiales: San Miguel de Allende, Tamaulipas y Jap\u00f3n, respectivamente.<\/p>\n","protected":false},"excerpt":{"rendered":"<p>&nbsp; La edici\u00f3n de 2020 de la Feria Estatal de Le\u00f3n se realizar\u00e1 del 10 de enero al 4 de febrero en Le\u00f3n, Guanajuato, la cual es la m\u00e1s antigua del pa\u00eds con 144 a\u00f1os de existencia y se encuentra a la altura de la de San Marcos en importancia. A lo largo de 26 [&hellip;]<\/p>\n","protected":false},"author":18,"featured_media":37995,"comment_status":"open","ping_status":"open","sticky":false,"template":"","format":"standard","meta":{"footnotes":""},"categories":[5],"tags":[12342,18213,511,60],"yoast_head":"<!-- This site is optimized with the Yoast SEO plugin v22.2 - https:\/\/yoast.com\/wordpress\/plugins\/seo\/ -->\n<title>Feria de Le\u00f3n abre la agenda tur\u00edstica de Guanajuato para el 2020 - Nitu - Noticias de la Industria Turistica<\/title>\n<meta name=\"description\" content=\"La Feria Estatal de Le\u00f3n se realizar\u00e1 del 10 de enero al 4 de febrero en Le\u00f3n, Guanajuato, la cual es la m\u00e1s antigua del pa\u00eds con 144 a\u00f1os de existencia.\" \/>\n<meta name=\"robots\" content=\"index, follow, max-snippet:-1, max-image-preview:large, max-video-preview:-1\" \/>\n<link rel=\"canonical\" href=\"https:\/\/nitu.mx\/index.php\/2019\/12\/04\/feria-de-leon-abre-la-agenda-turistica-de-guanajuato-para-el-2020\/\" \/>\n<meta name=\"twitter:card\" content=\"summary_large_image\" \/>\n<meta name=\"twitter:title\" content=\"Feria de Le\u00f3n abre la agenda tur\u00edstica de Guanajuato para el 2020 - Nitu - Noticias de la Industria Turistica\" \/>\n<meta name=\"twitter:description\" content=\"La Feria Estatal de Le\u00f3n se realizar\u00e1 del 10 de enero al 4 de febrero en Le\u00f3n, Guanajuato, la cual es la m\u00e1s antigua del pa\u00eds con 144 a\u00f1os de existencia.\" \/>\n<meta name=\"twitter:image\" content=\"https:\/\/nitu.mx\/wp-content\/uploads\/2019\/12\/Feria-de-Leon-2020.jpg\" \/>\n<meta name=\"twitter:creator\" content=\"@NITUmx\" \/>\n<meta name=\"twitter:site\" content=\"@Arturo_Medina_G\" \/>\n<meta name=\"twitter:label1\" content=\"Escrito por\" \/>\n\t<meta name=\"twitter:data1\" content=\"Guadalupe Sixto\" \/>\n\t<meta name=\"twitter:label2\" content=\"Tiempo de lectura\" \/>\n\t<meta name=\"twitter:data2\" content=\"3 minutos\" \/>\n<script type=\"application\/ld+json\" class=\"yoast-schema-graph\">{\"@context\":\"https:\/\/schema.org\",\"@graph\":[{\"@type\":\"Article\",\"@id\":\"https:\/\/nitu.mx\/index.php\/2019\/12\/04\/feria-de-leon-abre-la-agenda-turistica-de-guanajuato-para-el-2020\/#article\",\"isPartOf\":{\"@id\":\"https:\/\/nitu.mx\/index.php\/2019\/12\/04\/feria-de-leon-abre-la-agenda-turistica-de-guanajuato-para-el-2020\/\"},\"author\":{\"name\":\"Guadalupe Sixto\",\"@id\":\"https:\/\/nitu.mx\/#\/schema\/person\/3df3082b5e46037e3f13614d28ee0b77\"},\"headline\":\"Feria de Le\u00f3n abre la agenda tur\u00edstica de Guanajuato para el 2020\",\"datePublished\":\"2019-12-04T06:29:08+00:00\",\"dateModified\":\"2019-12-04T07:40:43+00:00\",\"mainEntityOfPage\":{\"@id\":\"https:\/\/nitu.mx\/index.php\/2019\/12\/04\/feria-de-leon-abre-la-agenda-turistica-de-guanajuato-para-el-2020\/\"},\"wordCount\":542,\"commentCount\":0,\"publisher\":{\"@id\":\"https:\/\/nitu.mx\/#\/schema\/person\/ae7a53426417292d3dd07b45a33e01bc\"},\"image\":{\"@id\":\"https:\/\/nitu.mx\/index.php\/2019\/12\/04\/feria-de-leon-abre-la-agenda-turistica-de-guanajuato-para-el-2020\/#primaryimage\"},\"thumbnailUrl\":\"https:\/\/nitu.mx\/wp-content\/uploads\/2019\/12\/Feria-de-Leon-2020.jpg\",\"keywords\":[\"Diego Sinhue Rodr\u00edguez\",\"Feria Estatal de Le\u00f3n\",\"Guanajuato\",\"Le\u00f3n\"],\"articleSection\":[\"Destinos\"],\"inLanguage\":\"es-MX\",\"potentialAction\":[{\"@type\":\"CommentAction\",\"name\":\"Comment\",\"target\":[\"https:\/\/nitu.mx\/index.php\/2019\/12\/04\/feria-de-leon-abre-la-agenda-turistica-de-guanajuato-para-el-2020\/#respond\"]}]},{\"@type\":\"WebPage\",\"@id\":\"https:\/\/nitu.mx\/index.php\/2019\/12\/04\/feria-de-leon-abre-la-agenda-turistica-de-guanajuato-para-el-2020\/\",\"url\":\"https:\/\/nitu.mx\/index.php\/2019\/12\/04\/feria-de-leon-abre-la-agenda-turistica-de-guanajuato-para-el-2020\/\",\"name\":\"Feria de Le\u00f3n abre la agenda tur\u00edstica de Guanajuato para el 2020 - Nitu - Noticias de la Industria Turistica\",\"isPartOf\":{\"@id\":\"https:\/\/nitu.mx\/#website\"},\"primaryImageOfPage\":{\"@id\":\"https:\/\/nitu.mx\/index.php\/2019\/12\/04\/feria-de-leon-abre-la-agenda-turistica-de-guanajuato-para-el-2020\/#primaryimage\"},\"image\":{\"@id\":\"https:\/\/nitu.mx\/index.php\/2019\/12\/04\/feria-de-leon-abre-la-agenda-turistica-de-guanajuato-para-el-2020\/#primaryimage\"},\"thumbnailUrl\":\"https:\/\/nitu.mx\/wp-content\/uploads\/2019\/12\/Feria-de-Leon-2020.jpg\",\"datePublished\":\"2019-12-04T06:29:08+00:00\",\"dateModified\":\"2019-12-04T07:40:43+00:00\",\"description\":\"La Feria Estatal de Le\u00f3n se realizar\u00e1 del 10 de enero al 4 de febrero en Le\u00f3n, Guanajuato, la cual es la m\u00e1s antigua del pa\u00eds con 144 a\u00f1os de existencia.\",\"breadcrumb\":{\"@id\":\"https:\/\/nitu.mx\/index.php\/2019\/12\/04\/feria-de-leon-abre-la-agenda-turistica-de-guanajuato-para-el-2020\/#breadcrumb\"},\"inLanguage\":\"es-MX\",\"potentialAction\":[{\"@type\":\"ReadAction\",\"target\":[\"https:\/\/nitu.mx\/index.php\/2019\/12\/04\/feria-de-leon-abre-la-agenda-turistica-de-guanajuato-para-el-2020\/\"]}]},{\"@type\":\"ImageObject\",\"inLanguage\":\"es-MX\",\"@id\":\"https:\/\/nitu.mx\/index.php\/2019\/12\/04\/feria-de-leon-abre-la-agenda-turistica-de-guanajuato-para-el-2020\/#primaryimage\",\"url\":\"https:\/\/nitu.mx\/wp-content\/uploads\/2019\/12\/Feria-de-Leon-2020.jpg\",\"contentUrl\":\"https:\/\/nitu.mx\/wp-content\/uploads\/2019\/12\/Feria-de-Leon-2020.jpg\",\"width\":850,\"height\":480,\"caption\":\"Feria de Leon 2020\"},{\"@type\":\"BreadcrumbList\",\"@id\":\"https:\/\/nitu.mx\/index.php\/2019\/12\/04\/feria-de-leon-abre-la-agenda-turistica-de-guanajuato-para-el-2020\/#breadcrumb\",\"itemListElement\":[{\"@type\":\"ListItem\",\"position\":1,\"name\":\"Inicio\",\"item\":\"https:\/\/nitu.mx\/\"},{\"@type\":\"ListItem\",\"position\":2,\"name\":\"Feria de Le\u00f3n abre la agenda tur\u00edstica de Guanajuato para el 2020\"}]},{\"@type\":\"WebSite\",\"@id\":\"https:\/\/nitu.mx\/#website\",\"url\":\"https:\/\/nitu.mx\/\",\"name\":\"Nitu - Noticias de la Industria Turistica\",\"description\":\"Noticias de la Industria Turistica\",\"publisher\":{\"@id\":\"https:\/\/nitu.mx\/#\/schema\/person\/ae7a53426417292d3dd07b45a33e01bc\"},\"alternateName\":\"Noticias de la Industria Turistica\",\"potentialAction\":[{\"@type\":\"SearchAction\",\"target\":{\"@type\":\"EntryPoint\",\"urlTemplate\":\"https:\/\/nitu.mx\/?s={search_term_string}\"},\"query-input\":\"required name=search_term_string\"}],\"inLanguage\":\"es-MX\"},{\"@type\":[\"Person\",\"Organization\"],\"@id\":\"https:\/\/nitu.mx\/#\/schema\/person\/ae7a53426417292d3dd07b45a33e01bc\",\"name\":\"Arturo Medina\",\"image\":{\"@type\":\"ImageObject\",\"inLanguage\":\"es-MX\",\"@id\":\"https:\/\/nitu.mx\/#\/schema\/person\/image\/\",\"url\":\"https:\/\/nitu.mx\/wp-content\/uploads\/2024\/04\/4A315622-1904-4D5C-B022-878CDC840E04-90x90-1.jpeg\",\"contentUrl\":\"https:\/\/nitu.mx\/wp-content\/uploads\/2024\/04\/4A315622-1904-4D5C-B022-878CDC840E04-90x90-1.jpeg\",\"width\":90,\"height\":90,\"caption\":\"Arturo Medina\"},\"logo\":{\"@id\":\"https:\/\/nitu.mx\/#\/schema\/person\/image\/\"},\"description\":\"Director NITU.mx, Egresado de la Escuela de Periodismo Carlos Septi\u00e9n Garc\u00eda. Periodista y analista especializado en turismo desde hace 35 a\u00f1os, radicado en Canc\u00fan Q.Roo. arturo@nitu.mx\",\"sameAs\":[\"https:\/\/nitu.mx\",\"https:\/\/www.facebook.com\/NITUmx\/\",\"medinacancun\",\"https:\/\/twitter.com\/@Arturo_Medina_G\"]},{\"@type\":\"Person\",\"@id\":\"https:\/\/nitu.mx\/#\/schema\/person\/3df3082b5e46037e3f13614d28ee0b77\",\"name\":\"Guadalupe Sixto\",\"image\":{\"@type\":\"ImageObject\",\"inLanguage\":\"es-MX\",\"@id\":\"https:\/\/nitu.mx\/#\/schema\/person\/image\/\",\"url\":\"https:\/\/secure.gravatar.com\/avatar\/13914e1b0e1919e91f9539de4dc584c4?s=96&d=mm&r=g\",\"contentUrl\":\"https:\/\/secure.gravatar.com\/avatar\/13914e1b0e1919e91f9539de4dc584c4?s=96&d=mm&r=g\",\"caption\":\"Guadalupe Sixto\"},\"url\":\"https:\/\/nitu.mx\/index.php\/author\/gsixto\/\"}]}<\/script>\n<!-- \/ Yoast SEO plugin. -->","yoast_head_json":{"title":"Feria de Le\u00f3n abre la agenda tur\u00edstica de Guanajuato para el 2020 - Nitu - Noticias de la Industria Turistica","description":"La Feria Estatal de Le\u00f3n se realizar\u00e1 del 10 de enero al 4 de febrero en Le\u00f3n, Guanajuato, la cual es la m\u00e1s antigua del pa\u00eds con 144 a\u00f1os de existencia.","robots":{"index":"index","follow":"follow","max-snippet":"max-snippet:-1","max-image-preview":"max-image-preview:large","max-video-preview":"max-video-preview:-1"},"canonical":"https:\/\/nitu.mx\/index.php\/2019\/12\/04\/feria-de-leon-abre-la-agenda-turistica-de-guanajuato-para-el-2020\/","twitter_card":"summary_large_image","twitter_title":"Feria de Le\u00f3n abre la agenda tur\u00edstica de Guanajuato para el 2020 - Nitu - Noticias de la Industria Turistica","twitter_description":"La Feria Estatal de Le\u00f3n se realizar\u00e1 del 10 de enero al 4 de febrero en Le\u00f3n, Guanajuato, la cual es la m\u00e1s antigua del pa\u00eds con 144 a\u00f1os de existencia.","twitter_image":"https:\/\/nitu.mx\/wp-content\/uploads\/2019\/12\/Feria-de-Leon-2020.jpg","twitter_creator":"@NITUmx","twitter_site":"@Arturo_Medina_G","twitter_misc":{"Escrito por":"Guadalupe Sixto","Tiempo de lectura":"3 minutos"},"schema":{"@context":"https:\/\/schema.org","@graph":[{"@type":"Article","@id":"https:\/\/nitu.mx\/index.php\/2019\/12\/04\/feria-de-leon-abre-la-agenda-turistica-de-guanajuato-para-el-2020\/#article","isPartOf":{"@id":"https:\/\/nitu.mx\/index.php\/2019\/12\/04\/feria-de-leon-abre-la-agenda-turistica-de-guanajuato-para-el-2020\/"},"author":{"name":"Guadalupe Sixto","@id":"https:\/\/nitu.mx\/#\/schema\/person\/3df3082b5e46037e3f13614d28ee0b77"},"headline":"Feria de Le\u00f3n abre la agenda tur\u00edstica de Guanajuato para el 2020","datePublished":"2019-12-04T06:29:08+00:00","dateModified":"2019-12-04T07:40:43+00:00","mainEntityOfPage":{"@id":"https:\/\/nitu.mx\/index.php\/2019\/12\/04\/feria-de-leon-abre-la-agenda-turistica-de-guanajuato-para-el-2020\/"},"wordCount":542,"commentCount":0,"publisher":{"@id":"https:\/\/nitu.mx\/#\/schema\/person\/ae7a53426417292d3dd07b45a33e01bc"},"image":{"@id":"https:\/\/nitu.mx\/index.php\/2019\/12\/04\/feria-de-leon-abre-la-agenda-turistica-de-guanajuato-para-el-2020\/#primaryimage"},"thumbnailUrl":"https:\/\/nitu.mx\/wp-content\/uploads\/2019\/12\/Feria-de-Leon-2020.jpg","keywords":["Diego Sinhue Rodr\u00edguez","Feria Estatal de Le\u00f3n","Guanajuato","Le\u00f3n"],"articleSection":["Destinos"],"inLanguage":"es-MX","potentialAction":[{"@type":"CommentAction","name":"Comment","target":["https:\/\/nitu.mx\/index.php\/2019\/12\/04\/feria-de-leon-abre-la-agenda-turistica-de-guanajuato-para-el-2020\/#respond"]}]},{"@type":"WebPage","@id":"https:\/\/nitu.mx\/index.php\/2019\/12\/04\/feria-de-leon-abre-la-agenda-turistica-de-guanajuato-para-el-2020\/","url":"https:\/\/nitu.mx\/index.php\/2019\/12\/04\/feria-de-leon-abre-la-agenda-turistica-de-guanajuato-para-el-2020\/","name":"Feria de Le\u00f3n abre la agenda tur\u00edstica de Guanajuato para el 2020 - Nitu - Noticias de la Industria Turistica","isPartOf":{"@id":"https:\/\/nitu.mx\/#website"},"primaryImageOfPage":{"@id":"https:\/\/nitu.mx\/index.php\/2019\/12\/04\/feria-de-leon-abre-la-agenda-turistica-de-guanajuato-para-el-2020\/#primaryimage"},"image":{"@id":"https:\/\/nitu.mx\/index.php\/2019\/12\/04\/feria-de-leon-abre-la-agenda-turistica-de-guanajuato-para-el-2020\/#primaryimage"},"thumbnailUrl":"https:\/\/nitu.mx\/wp-content\/uploads\/2019\/12\/Feria-de-Leon-2020.jpg","datePublished":"2019-12-04T06:29:08+00:00","dateModified":"2019-12-04T07:40:43+00:00","description":"La Feria Estatal de Le\u00f3n se realizar\u00e1 del 10 de enero al 4 de febrero en Le\u00f3n, Guanajuato, la cual es la m\u00e1s antigua del pa\u00eds con 144 a\u00f1os de existencia.","breadcrumb":{"@id":"https:\/\/nitu.mx\/index.php\/2019\/12\/04\/feria-de-leon-abre-la-agenda-turistica-de-guanajuato-para-el-2020\/#breadcrumb"},"inLanguage":"es-MX","potentialAction":[{"@type":"ReadAction","target":["https:\/\/nitu.mx\/index.php\/2019\/12\/04\/feria-de-leon-abre-la-agenda-turistica-de-guanajuato-para-el-2020\/"]}]},{"@type":"ImageObject","inLanguage":"es-MX","@id":"https:\/\/nitu.mx\/index.php\/2019\/12\/04\/feria-de-leon-abre-la-agenda-turistica-de-guanajuato-para-el-2020\/#primaryimage","url":"https:\/\/nitu.mx\/wp-content\/uploads\/2019\/12\/Feria-de-Leon-2020.jpg","contentUrl":"https:\/\/nitu.mx\/wp-content\/uploads\/2019\/12\/Feria-de-Leon-2020.jpg","width":850,"height":480,"caption":"Feria de Leon 2020"},{"@type":"BreadcrumbList","@id":"https:\/\/nitu.mx\/index.php\/2019\/12\/04\/feria-de-leon-abre-la-agenda-turistica-de-guanajuato-para-el-2020\/#breadcrumb","itemListElement":[{"@type":"ListItem","position":1,"name":"Inicio","item":"https:\/\/nitu.mx\/"},{"@type":"ListItem","position":2,"name":"Feria de Le\u00f3n abre la agenda tur\u00edstica de Guanajuato para el 2020"}]},{"@type":"WebSite","@id":"https:\/\/nitu.mx\/#website","url":"https:\/\/nitu.mx\/","name":"Nitu - Noticias de la Industria Turistica","description":"Noticias de la Industria Turistica","publisher":{"@id":"https:\/\/nitu.mx\/#\/schema\/person\/ae7a53426417292d3dd07b45a33e01bc"},"alternateName":"Noticias de la Industria Turistica","potentialAction":[{"@type":"SearchAction","target":{"@type":"EntryPoint","urlTemplate":"https:\/\/nitu.mx\/?s={search_term_string}"},"query-input":"required name=search_term_string"}],"inLanguage":"es-MX"},{"@type":["Person","Organization"],"@id":"https:\/\/nitu.mx\/#\/schema\/person\/ae7a53426417292d3dd07b45a33e01bc","name":"Arturo Medina","image":{"@type":"ImageObject","inLanguage":"es-MX","@id":"https:\/\/nitu.mx\/#\/schema\/person\/image\/","url":"https:\/\/nitu.mx\/wp-content\/uploads\/2024\/04\/4A315622-1904-4D5C-B022-878CDC840E04-90x90-1.jpeg","contentUrl":"https:\/\/nitu.mx\/wp-content\/uploads\/2024\/04\/4A315622-1904-4D5C-B022-878CDC840E04-90x90-1.jpeg","width":90,"height":90,"caption":"Arturo Medina"},"logo":{"@id":"https:\/\/nitu.mx\/#\/schema\/person\/image\/"},"description":"Director NITU.mx, Egresado de la Escuela de Periodismo Carlos Septi\u00e9n Garc\u00eda. Periodista y analista especializado en turismo desde hace 35 a\u00f1os, radicado en Canc\u00fan Q.Roo. arturo@nitu.mx","sameAs":["https:\/\/nitu.mx","https:\/\/www.facebook.com\/NITUmx\/","medinacancun","https:\/\/twitter.com\/@Arturo_Medina_G"]},{"@type":"Person","@id":"https:\/\/nitu.mx\/#\/schema\/person\/3df3082b5e46037e3f13614d28ee0b77","name":"Guadalupe Sixto","image":{"@type":"ImageObject","inLanguage":"es-MX","@id":"https:\/\/nitu.mx\/#\/schema\/person\/image\/","url":"https:\/\/secure.gravatar.com\/avatar\/13914e1b0e1919e91f9539de4dc584c4?s=96&d=mm&r=g","contentUrl":"https:\/\/secure.gravatar.com\/avatar\/13914e1b0e1919e91f9539de4dc584c4?s=96&d=mm&r=g","caption":"Guadalupe Sixto"},"url":"https:\/\/nitu.mx\/index.php\/author\/gsixto\/"}]}},"views":312,"_links":{"self":[{"href":"https:\/\/nitu.mx\/index.php\/wp-json\/wp\/v2\/posts\/37992"}],"collection":[{"href":"https:\/\/nitu.mx\/index.php\/wp-json\/wp\/v2\/posts"}],"about":[{"href":"https:\/\/nitu.mx\/index.php\/wp-json\/wp\/v2\/types\/post"}],"author":[{"embeddable":true,"href":"https:\/\/nitu.mx\/index.php\/wp-json\/wp\/v2\/users\/18"}],"replies":[{"embeddable":true,"href":"https:\/\/nitu.mx\/index.php\/wp-json\/wp\/v2\/comments?post=37992"}],"version-history":[{"count":3,"href":"https:\/\/nitu.mx\/index.php\/wp-json\/wp\/v2\/posts\/37992\/revisions"}],"predecessor-version":[{"id":37996,"href":"https:\/\/nitu.mx\/index.php\/wp-json\/wp\/v2\/posts\/37992\/revisions\/37996"}],"wp:featuredmedia":[{"embeddable":true,"href":"https:\/\/nitu.mx\/index.php\/wp-json\/wp\/v2\/media\/37995"}],"wp:attachment":[{"href":"https:\/\/nitu.mx\/index.php\/wp-json\/wp\/v2\/media?parent=37992"}],"wp:term":[{"taxonomy":"category","embeddable":true,"href":"https:\/\/nitu.mx\/index.php\/wp-json\/wp\/v2\/categories?post=37992"},{"taxonomy":"post_tag","embeddable":true,"href":"https:\/\/nitu.mx\/index.php\/wp-json\/wp\/v2\/tags?post=37992"}],"curies":[{"name":"wp","href":"https:\/\/api.w.org\/{rel}","templated":true}]}}