{"id":37982,"date":"2019-12-04T02:08:31","date_gmt":"2019-12-04T07:08:31","guid":{"rendered":"https:\/\/www.dev.nitu.mx\/?p=37982"},"modified":"2019-12-04T02:43:03","modified_gmt":"2019-12-04T07:43:03","slug":"proteccion-civil-de-puerto-morelos-cierra-actividades-de-la-temporada-de-huracanes","status":"publish","type":"post","link":"https:\/\/nitu.mx\/index.php\/2019\/12\/04\/proteccion-civil-de-puerto-morelos-cierra-actividades-de-la-temporada-de-huracanes\/","title":{"rendered":"Protecci\u00f3n civil de Puerto Morelos cierra actividades de la Temporada de Huracanes"},"content":{"rendered":"<p>Con la terminaci\u00f3n de la temporada de huracanes, que fue del 1 de junio al 30 de noviembre, la Coordinaci\u00f3n de Protecci\u00f3n de Puerto Morelos da por concluido el programa de actividades implementado en ese per\u00edodo para garantizar la seguridad de los habitantes, inform\u00f3 su titular, Guillermo Morales L\u00f3pez.<\/p>\n<p>\u201cComo cada a\u00f1o, el gobierno de Puerto Morelos, por instrucciones de la presidenta municipal Laura Fern\u00e1ndez Pi\u00f1a, se incorpor\u00f3 a los protocolos de seguimiento y atenci\u00f3n a la formaci\u00f3n de ciclones tropicales en la Cuenca del Atl\u00e1ntico, en prevenci\u00f3n a la amenaza que podr\u00eda representar a nuestras comunidades\u201d, indic\u00f3.<\/p>\n<p>Cit\u00f3 entre las acciones cumplidas: la instalaci\u00f3n puntual del Comit\u00e9 Operativo Especializado en Fen\u00f3menos Hidrometeorol\u00f3gicos Temporada 2019 y la asignaci\u00f3n de tareas a los 12 Subcomit\u00e9s que lo conforman; la estrecha coordinaci\u00f3n y la asesor\u00eda de las secretar\u00edas de la Defensa Nacional (Sedena) y de Marina (Semar).<\/p>\n<p>Asimismo se impartieron cursos de capacitaci\u00f3n a m\u00e1s de 1,500 personas en hoteles, escuelas y grupos de la sociedad civil, se alistaron 22 refugios temporales y se llev\u00f3 a cabo una campa\u00f1a de difusi\u00f3n para mantener informada a la ciudadan\u00eda.<\/p>\n<p>Durante todo el per\u00edodo, dijo, se puso a disposici\u00f3n el n\u00famero telef\u00f3nico 9982939001 para casos de emergencia o consultas sobre la temporada de huracanes, adem\u00e1s de los reportes a trav\u00e9s del 911.<\/p>\n<p>El funcionario destac\u00f3 el trabajo previo a la temporada como es el mantenimiento y desazolve de pozos que operaron con eficacia y la respuesta al momento de las contingencias por parte de la Direcci\u00f3n de Servicios P\u00fablicos, Bomberos, Seguridad P\u00fablica y Protecci\u00f3n Civil.<\/p>\n<p>Guillermo Morales describi\u00f3 que los pron\u00f3sticos alertaban una actividad promedio de 13 posibles formaciones; inici\u00f3 con \u201cAndrea\u201d que apareci\u00f3 antes de la temporada y despu\u00e9s de un lapso de calma surgi\u00f3 \u201cBarry\u201d en julio; posteriormente, en agosto, surge \u201cChantal\u201d.<\/p>\n<p>En inicios de septiembre apareci\u00f3 \u201cDorian\u201d que lleg\u00f3 a ser hurac\u00e1n mayor, despu\u00e9s hubo tres tormentas tropicales; \u201cHumberto\u201d se form\u00f3 a mediados de ese con categor\u00eda de hurac\u00e1n mayor; en resumen, en septiembre se formaron tres huracanes mayores y 5 tormentas tropicales. En tanto, en octubre se registraron tres tormentas, una depresi\u00f3n tropical y un hurac\u00e1n; en noviembre, dos tormentas.<\/p>\n<p>Tambi\u00e9n este a\u00f1o de manera at\u00edpica se presentaron incendios forestales hasta el mes de agosto que tuvieron actividad pr\u00f3xima a la poblaci\u00f3n y fueron atendidos con oportunidad evitando da\u00f1os, concluy\u00f3.<\/p>\n","protected":false},"excerpt":{"rendered":"<p>Con la terminaci\u00f3n de la temporada de huracanes, que fue del 1 de junio al 30 de noviembre, la Coordinaci\u00f3n de Protecci\u00f3n de Puerto Morelos da por concluido el programa de actividades implementado en ese per\u00edodo para garantizar la seguridad de los habitantes, inform\u00f3 su titular, Guillermo Morales L\u00f3pez. \u201cComo cada a\u00f1o, el gobierno de [&hellip;]<\/p>\n","protected":false},"author":17,"featured_media":6210,"comment_status":"open","ping_status":"open","sticky":false,"template":"","format":"standard","meta":{"footnotes":""},"categories":[5,6],"tags":[11364,18209,18208,18205,18207,3591,12496,86,260,18206,9422],"yoast_head":"<!-- This site is optimized with the Yoast SEO plugin v22.2 - https:\/\/yoast.com\/wordpress\/plugins\/seo\/ -->\n<title>Protecci\u00f3n civil de Puerto Morelos cierra actividades de la Temporada de Huracanes - Nitu - Noticias de la Industria Turistica<\/title>\n<meta name=\"robots\" content=\"index, follow, max-snippet:-1, max-image-preview:large, max-video-preview:-1\" \/>\n<link rel=\"canonical\" href=\"https:\/\/nitu.mx\/index.php\/2019\/12\/04\/proteccion-civil-de-puerto-morelos-cierra-actividades-de-la-temporada-de-huracanes\/\" \/>\n<meta name=\"twitter:card\" content=\"summary_large_image\" \/>\n<meta name=\"twitter:title\" content=\"Protecci\u00f3n civil de Puerto Morelos cierra actividades de la Temporada de Huracanes - Nitu - Noticias de la Industria Turistica\" \/>\n<meta name=\"twitter:description\" content=\"Con la terminaci\u00f3n de la temporada de huracanes, que fue del 1 de junio al 30 de noviembre, la Coordinaci\u00f3n de Protecci\u00f3n de Puerto Morelos da por concluido el programa de actividades implementado en ese per\u00edodo para garantizar la seguridad de los habitantes, inform\u00f3 su titular, Guillermo Morales L\u00f3pez. \u201cComo cada a\u00f1o, el gobierno de [&hellip;]\" \/>\n<meta name=\"twitter:image\" content=\"https:\/\/nitu.mx\/wp-content\/uploads\/2017\/01\/puerto-morelos-fitur.jpg\" \/>\n<meta name=\"twitter:creator\" content=\"@NITUmx\" \/>\n<meta name=\"twitter:site\" content=\"@Arturo_Medina_G\" \/>\n<meta name=\"twitter:label1\" content=\"Escrito por\" \/>\n\t<meta name=\"twitter:data1\" content=\"Redacci\u00f3n\" \/>\n\t<meta name=\"twitter:label2\" content=\"Tiempo de lectura\" \/>\n\t<meta name=\"twitter:data2\" content=\"2 minutos\" \/>\n<script type=\"application\/ld+json\" class=\"yoast-schema-graph\">{\"@context\":\"https:\/\/schema.org\",\"@graph\":[{\"@type\":\"Article\",\"@id\":\"https:\/\/nitu.mx\/index.php\/2019\/12\/04\/proteccion-civil-de-puerto-morelos-cierra-actividades-de-la-temporada-de-huracanes\/#article\",\"isPartOf\":{\"@id\":\"https:\/\/nitu.mx\/index.php\/2019\/12\/04\/proteccion-civil-de-puerto-morelos-cierra-actividades-de-la-temporada-de-huracanes\/\"},\"author\":{\"name\":\"Redacci\u00f3n\",\"@id\":\"https:\/\/nitu.mx\/#\/schema\/person\/4a28fe9bd65924f7c90623773daf1b0b\"},\"headline\":\"Protecci\u00f3n civil de Puerto Morelos cierra actividades de la Temporada de Huracanes\",\"datePublished\":\"2019-12-04T07:08:31+00:00\",\"dateModified\":\"2019-12-04T07:43:03+00:00\",\"mainEntityOfPage\":{\"@id\":\"https:\/\/nitu.mx\/index.php\/2019\/12\/04\/proteccion-civil-de-puerto-morelos-cierra-actividades-de-la-temporada-de-huracanes\/\"},\"wordCount\":442,\"commentCount\":0,\"publisher\":{\"@id\":\"https:\/\/nitu.mx\/#\/schema\/person\/ae7a53426417292d3dd07b45a33e01bc\"},\"image\":{\"@id\":\"https:\/\/nitu.mx\/index.php\/2019\/12\/04\/proteccion-civil-de-puerto-morelos-cierra-actividades-de-la-temporada-de-huracanes\/#primaryimage\"},\"thumbnailUrl\":\"https:\/\/nitu.mx\/wp-content\/uploads\/2017\/01\/puerto-morelos-fitur.jpg\",\"keywords\":[\"ciudadan\u00eda\",\"dependencias municipales\",\"e corporaciones federales\",\"escuelas\",\"Guillermo Morales L\u00f3pez\",\"Hoteles\",\"operativo\",\"Puerto Morelos\",\"Quintana Roo\",\"refugios temporales\",\"sociedad civil\"],\"articleSection\":[\"Destinos\",\"M\u00e9xico\"],\"inLanguage\":\"es-MX\",\"potentialAction\":[{\"@type\":\"CommentAction\",\"name\":\"Comment\",\"target\":[\"https:\/\/nitu.mx\/index.php\/2019\/12\/04\/proteccion-civil-de-puerto-morelos-cierra-actividades-de-la-temporada-de-huracanes\/#respond\"]}]},{\"@type\":\"WebPage\",\"@id\":\"https:\/\/nitu.mx\/index.php\/2019\/12\/04\/proteccion-civil-de-puerto-morelos-cierra-actividades-de-la-temporada-de-huracanes\/\",\"url\":\"https:\/\/nitu.mx\/index.php\/2019\/12\/04\/proteccion-civil-de-puerto-morelos-cierra-actividades-de-la-temporada-de-huracanes\/\",\"name\":\"Protecci\u00f3n civil de Puerto Morelos cierra actividades de la Temporada de Huracanes - Nitu - Noticias de la Industria Turistica\",\"isPartOf\":{\"@id\":\"https:\/\/nitu.mx\/#website\"},\"primaryImageOfPage\":{\"@id\":\"https:\/\/nitu.mx\/index.php\/2019\/12\/04\/proteccion-civil-de-puerto-morelos-cierra-actividades-de-la-temporada-de-huracanes\/#primaryimage\"},\"image\":{\"@id\":\"https:\/\/nitu.mx\/index.php\/2019\/12\/04\/proteccion-civil-de-puerto-morelos-cierra-actividades-de-la-temporada-de-huracanes\/#primaryimage\"},\"thumbnailUrl\":\"https:\/\/nitu.mx\/wp-content\/uploads\/2017\/01\/puerto-morelos-fitur.jpg\",\"datePublished\":\"2019-12-04T07:08:31+00:00\",\"dateModified\":\"2019-12-04T07:43:03+00:00\",\"breadcrumb\":{\"@id\":\"https:\/\/nitu.mx\/index.php\/2019\/12\/04\/proteccion-civil-de-puerto-morelos-cierra-actividades-de-la-temporada-de-huracanes\/#breadcrumb\"},\"inLanguage\":\"es-MX\",\"potentialAction\":[{\"@type\":\"ReadAction\",\"target\":[\"https:\/\/nitu.mx\/index.php\/2019\/12\/04\/proteccion-civil-de-puerto-morelos-cierra-actividades-de-la-temporada-de-huracanes\/\"]}]},{\"@type\":\"ImageObject\",\"inLanguage\":\"es-MX\",\"@id\":\"https:\/\/nitu.mx\/index.php\/2019\/12\/04\/proteccion-civil-de-puerto-morelos-cierra-actividades-de-la-temporada-de-huracanes\/#primaryimage\",\"url\":\"https:\/\/nitu.mx\/wp-content\/uploads\/2017\/01\/puerto-morelos-fitur.jpg\",\"contentUrl\":\"https:\/\/nitu.mx\/wp-content\/uploads\/2017\/01\/puerto-morelos-fitur.jpg\",\"width\":850,\"height\":480,\"caption\":\"puerto morelos festival de los oc\u00e9anos\"},{\"@type\":\"BreadcrumbList\",\"@id\":\"https:\/\/nitu.mx\/index.php\/2019\/12\/04\/proteccion-civil-de-puerto-morelos-cierra-actividades-de-la-temporada-de-huracanes\/#breadcrumb\",\"itemListElement\":[{\"@type\":\"ListItem\",\"position\":1,\"name\":\"Inicio\",\"item\":\"https:\/\/nitu.mx\/\"},{\"@type\":\"ListItem\",\"position\":2,\"name\":\"Protecci\u00f3n civil de Puerto Morelos cierra actividades de la Temporada de Huracanes\"}]},{\"@type\":\"WebSite\",\"@id\":\"https:\/\/nitu.mx\/#website\",\"url\":\"https:\/\/nitu.mx\/\",\"name\":\"Nitu - Noticias de la Industria Turistica\",\"description\":\"Noticias de la Industria Turistica\",\"publisher\":{\"@id\":\"https:\/\/nitu.mx\/#\/schema\/person\/ae7a53426417292d3dd07b45a33e01bc\"},\"alternateName\":\"Noticias de la Industria Turistica\",\"potentialAction\":[{\"@type\":\"SearchAction\",\"target\":{\"@type\":\"EntryPoint\",\"urlTemplate\":\"https:\/\/nitu.mx\/?s={search_term_string}\"},\"query-input\":\"required name=search_term_string\"}],\"inLanguage\":\"es-MX\"},{\"@type\":[\"Person\",\"Organization\"],\"@id\":\"https:\/\/nitu.mx\/#\/schema\/person\/ae7a53426417292d3dd07b45a33e01bc\",\"name\":\"Arturo Medina\",\"image\":{\"@type\":\"ImageObject\",\"inLanguage\":\"es-MX\",\"@id\":\"https:\/\/nitu.mx\/#\/schema\/person\/image\/\",\"url\":\"https:\/\/nitu.mx\/wp-content\/uploads\/2024\/04\/4A315622-1904-4D5C-B022-878CDC840E04-90x90-1.jpeg\",\"contentUrl\":\"https:\/\/nitu.mx\/wp-content\/uploads\/2024\/04\/4A315622-1904-4D5C-B022-878CDC840E04-90x90-1.jpeg\",\"width\":90,\"height\":90,\"caption\":\"Arturo Medina\"},\"logo\":{\"@id\":\"https:\/\/nitu.mx\/#\/schema\/person\/image\/\"},\"description\":\"Director NITU.mx, Egresado de la Escuela de Periodismo Carlos Septi\u00e9n Garc\u00eda. Periodista y analista especializado en turismo desde hace 35 a\u00f1os, radicado en Canc\u00fan Q.Roo. arturo@nitu.mx\",\"sameAs\":[\"https:\/\/nitu.mx\",\"https:\/\/www.facebook.com\/NITUmx\/\",\"medinacancun\",\"https:\/\/twitter.com\/@Arturo_Medina_G\"]},{\"@type\":\"Person\",\"@id\":\"https:\/\/nitu.mx\/#\/schema\/person\/4a28fe9bd65924f7c90623773daf1b0b\",\"name\":\"Redacci\u00f3n\",\"image\":{\"@type\":\"ImageObject\",\"inLanguage\":\"es-MX\",\"@id\":\"https:\/\/nitu.mx\/#\/schema\/person\/image\/\",\"url\":\"https:\/\/secure.gravatar.com\/avatar\/5dd011c8ccfc5cd7e4c81e42252aab38?s=96&d=mm&r=g\",\"contentUrl\":\"https:\/\/secure.gravatar.com\/avatar\/5dd011c8ccfc5cd7e4c81e42252aab38?s=96&d=mm&r=g\",\"caption\":\"Redacci\u00f3n\"},\"url\":\"https:\/\/nitu.mx\/index.php\/author\/redaccion\/\"}]}<\/script>\n<!-- \/ Yoast SEO plugin. -->","yoast_head_json":{"title":"Protecci\u00f3n civil de Puerto Morelos cierra actividades de la Temporada de Huracanes - Nitu - Noticias de la Industria Turistica","robots":{"index":"index","follow":"follow","max-snippet":"max-snippet:-1","max-image-preview":"max-image-preview:large","max-video-preview":"max-video-preview:-1"},"canonical":"https:\/\/nitu.mx\/index.php\/2019\/12\/04\/proteccion-civil-de-puerto-morelos-cierra-actividades-de-la-temporada-de-huracanes\/","twitter_card":"summary_large_image","twitter_title":"Protecci\u00f3n civil de Puerto Morelos cierra actividades de la Temporada de Huracanes - Nitu - Noticias de la Industria Turistica","twitter_description":"Con la terminaci\u00f3n de la temporada de huracanes, que fue del 1 de junio al 30 de noviembre, la Coordinaci\u00f3n de Protecci\u00f3n de Puerto Morelos da por concluido el programa de actividades implementado en ese per\u00edodo para garantizar la seguridad de los habitantes, inform\u00f3 su titular, Guillermo Morales L\u00f3pez. \u201cComo cada a\u00f1o, el gobierno de [&hellip;]","twitter_image":"https:\/\/nitu.mx\/wp-content\/uploads\/2017\/01\/puerto-morelos-fitur.jpg","twitter_creator":"@NITUmx","twitter_site":"@Arturo_Medina_G","twitter_misc":{"Escrito por":"Redacci\u00f3n","Tiempo de lectura":"2 minutos"},"schema":{"@context":"https:\/\/schema.org","@graph":[{"@type":"Article","@id":"https:\/\/nitu.mx\/index.php\/2019\/12\/04\/proteccion-civil-de-puerto-morelos-cierra-actividades-de-la-temporada-de-huracanes\/#article","isPartOf":{"@id":"https:\/\/nitu.mx\/index.php\/2019\/12\/04\/proteccion-civil-de-puerto-morelos-cierra-actividades-de-la-temporada-de-huracanes\/"},"author":{"name":"Redacci\u00f3n","@id":"https:\/\/nitu.mx\/#\/schema\/person\/4a28fe9bd65924f7c90623773daf1b0b"},"headline":"Protecci\u00f3n civil de Puerto Morelos cierra actividades de la Temporada de Huracanes","datePublished":"2019-12-04T07:08:31+00:00","dateModified":"2019-12-04T07:43:03+00:00","mainEntityOfPage":{"@id":"https:\/\/nitu.mx\/index.php\/2019\/12\/04\/proteccion-civil-de-puerto-morelos-cierra-actividades-de-la-temporada-de-huracanes\/"},"wordCount":442,"commentCount":0,"publisher":{"@id":"https:\/\/nitu.mx\/#\/schema\/person\/ae7a53426417292d3dd07b45a33e01bc"},"image":{"@id":"https:\/\/nitu.mx\/index.php\/2019\/12\/04\/proteccion-civil-de-puerto-morelos-cierra-actividades-de-la-temporada-de-huracanes\/#primaryimage"},"thumbnailUrl":"https:\/\/nitu.mx\/wp-content\/uploads\/2017\/01\/puerto-morelos-fitur.jpg","keywords":["ciudadan\u00eda","dependencias municipales","e corporaciones federales","escuelas","Guillermo Morales L\u00f3pez","Hoteles","operativo","Puerto Morelos","Quintana Roo","refugios temporales","sociedad civil"],"articleSection":["Destinos","M\u00e9xico"],"inLanguage":"es-MX","potentialAction":[{"@type":"CommentAction","name":"Comment","target":["https:\/\/nitu.mx\/index.php\/2019\/12\/04\/proteccion-civil-de-puerto-morelos-cierra-actividades-de-la-temporada-de-huracanes\/#respond"]}]},{"@type":"WebPage","@id":"https:\/\/nitu.mx\/index.php\/2019\/12\/04\/proteccion-civil-de-puerto-morelos-cierra-actividades-de-la-temporada-de-huracanes\/","url":"https:\/\/nitu.mx\/index.php\/2019\/12\/04\/proteccion-civil-de-puerto-morelos-cierra-actividades-de-la-temporada-de-huracanes\/","name":"Protecci\u00f3n civil de Puerto Morelos cierra actividades de la Temporada de Huracanes - Nitu - Noticias de la Industria Turistica","isPartOf":{"@id":"https:\/\/nitu.mx\/#website"},"primaryImageOfPage":{"@id":"https:\/\/nitu.mx\/index.php\/2019\/12\/04\/proteccion-civil-de-puerto-morelos-cierra-actividades-de-la-temporada-de-huracanes\/#primaryimage"},"image":{"@id":"https:\/\/nitu.mx\/index.php\/2019\/12\/04\/proteccion-civil-de-puerto-morelos-cierra-actividades-de-la-temporada-de-huracanes\/#primaryimage"},"thumbnailUrl":"https:\/\/nitu.mx\/wp-content\/uploads\/2017\/01\/puerto-morelos-fitur.jpg","datePublished":"2019-12-04T07:08:31+00:00","dateModified":"2019-12-04T07:43:03+00:00","breadcrumb":{"@id":"https:\/\/nitu.mx\/index.php\/2019\/12\/04\/proteccion-civil-de-puerto-morelos-cierra-actividades-de-la-temporada-de-huracanes\/#breadcrumb"},"inLanguage":"es-MX","potentialAction":[{"@type":"ReadAction","target":["https:\/\/nitu.mx\/index.php\/2019\/12\/04\/proteccion-civil-de-puerto-morelos-cierra-actividades-de-la-temporada-de-huracanes\/"]}]},{"@type":"ImageObject","inLanguage":"es-MX","@id":"https:\/\/nitu.mx\/index.php\/2019\/12\/04\/proteccion-civil-de-puerto-morelos-cierra-actividades-de-la-temporada-de-huracanes\/#primaryimage","url":"https:\/\/nitu.mx\/wp-content\/uploads\/2017\/01\/puerto-morelos-fitur.jpg","contentUrl":"https:\/\/nitu.mx\/wp-content\/uploads\/2017\/01\/puerto-morelos-fitur.jpg","width":850,"height":480,"caption":"puerto morelos festival de los oc\u00e9anos"},{"@type":"BreadcrumbList","@id":"https:\/\/nitu.mx\/index.php\/2019\/12\/04\/proteccion-civil-de-puerto-morelos-cierra-actividades-de-la-temporada-de-huracanes\/#breadcrumb","itemListElement":[{"@type":"ListItem","position":1,"name":"Inicio","item":"https:\/\/nitu.mx\/"},{"@type":"ListItem","position":2,"name":"Protecci\u00f3n civil de Puerto Morelos cierra actividades de la Temporada de Huracanes"}]},{"@type":"WebSite","@id":"https:\/\/nitu.mx\/#website","url":"https:\/\/nitu.mx\/","name":"Nitu - Noticias de la Industria Turistica","description":"Noticias de la Industria Turistica","publisher":{"@id":"https:\/\/nitu.mx\/#\/schema\/person\/ae7a53426417292d3dd07b45a33e01bc"},"alternateName":"Noticias de la Industria Turistica","potentialAction":[{"@type":"SearchAction","target":{"@type":"EntryPoint","urlTemplate":"https:\/\/nitu.mx\/?s={search_term_string}"},"query-input":"required name=search_term_string"}],"inLanguage":"es-MX"},{"@type":["Person","Organization"],"@id":"https:\/\/nitu.mx\/#\/schema\/person\/ae7a53426417292d3dd07b45a33e01bc","name":"Arturo Medina","image":{"@type":"ImageObject","inLanguage":"es-MX","@id":"https:\/\/nitu.mx\/#\/schema\/person\/image\/","url":"https:\/\/nitu.mx\/wp-content\/uploads\/2024\/04\/4A315622-1904-4D5C-B022-878CDC840E04-90x90-1.jpeg","contentUrl":"https:\/\/nitu.mx\/wp-content\/uploads\/2024\/04\/4A315622-1904-4D5C-B022-878CDC840E04-90x90-1.jpeg","width":90,"height":90,"caption":"Arturo Medina"},"logo":{"@id":"https:\/\/nitu.mx\/#\/schema\/person\/image\/"},"description":"Director NITU.mx, Egresado de la Escuela de Periodismo Carlos Septi\u00e9n Garc\u00eda. Periodista y analista especializado en turismo desde hace 35 a\u00f1os, radicado en Canc\u00fan Q.Roo. arturo@nitu.mx","sameAs":["https:\/\/nitu.mx","https:\/\/www.facebook.com\/NITUmx\/","medinacancun","https:\/\/twitter.com\/@Arturo_Medina_G"]},{"@type":"Person","@id":"https:\/\/nitu.mx\/#\/schema\/person\/4a28fe9bd65924f7c90623773daf1b0b","name":"Redacci\u00f3n","image":{"@type":"ImageObject","inLanguage":"es-MX","@id":"https:\/\/nitu.mx\/#\/schema\/person\/image\/","url":"https:\/\/secure.gravatar.com\/avatar\/5dd011c8ccfc5cd7e4c81e42252aab38?s=96&d=mm&r=g","contentUrl":"https:\/\/secure.gravatar.com\/avatar\/5dd011c8ccfc5cd7e4c81e42252aab38?s=96&d=mm&r=g","caption":"Redacci\u00f3n"},"url":"https:\/\/nitu.mx\/index.php\/author\/redaccion\/"}]}},"views":328,"_links":{"self":[{"href":"https:\/\/nitu.mx\/index.php\/wp-json\/wp\/v2\/posts\/37982"}],"collection":[{"href":"https:\/\/nitu.mx\/index.php\/wp-json\/wp\/v2\/posts"}],"about":[{"href":"https:\/\/nitu.mx\/index.php\/wp-json\/wp\/v2\/types\/post"}],"author":[{"embeddable":true,"href":"https:\/\/nitu.mx\/index.php\/wp-json\/wp\/v2\/users\/17"}],"replies":[{"embeddable":true,"href":"https:\/\/nitu.mx\/index.php\/wp-json\/wp\/v2\/comments?post=37982"}],"version-history":[{"count":3,"href":"https:\/\/nitu.mx\/index.php\/wp-json\/wp\/v2\/posts\/37982\/revisions"}],"predecessor-version":[{"id":38007,"href":"https:\/\/nitu.mx\/index.php\/wp-json\/wp\/v2\/posts\/37982\/revisions\/38007"}],"wp:featuredmedia":[{"embeddable":true,"href":"https:\/\/nitu.mx\/index.php\/wp-json\/wp\/v2\/media\/6210"}],"wp:attachment":[{"href":"https:\/\/nitu.mx\/index.php\/wp-json\/wp\/v2\/media?parent=37982"}],"wp:term":[{"taxonomy":"category","embeddable":true,"href":"https:\/\/nitu.mx\/index.php\/wp-json\/wp\/v2\/categories?post=37982"},{"taxonomy":"post_tag","embeddable":true,"href":"https:\/\/nitu.mx\/index.php\/wp-json\/wp\/v2\/tags?post=37982"}],"curies":[{"name":"wp","href":"https:\/\/api.w.org\/{rel}","templated":true}]}}