{"id":37928,"date":"2019-12-03T01:05:15","date_gmt":"2019-12-03T06:05:15","guid":{"rendered":"https:\/\/www.dev.nitu.mx\/?p=37928"},"modified":"2019-12-03T01:17:48","modified_gmt":"2019-12-03T06:17:48","slug":"por-celebracion-de-accion-de-gracias-caribe-mexicano-alcanzara-ocupacion-hotelera-del-85","status":"publish","type":"post","link":"https:\/\/nitu.mx\/index.php\/2019\/12\/03\/por-celebracion-de-accion-de-gracias-caribe-mexicano-alcanzara-ocupacion-hotelera-del-85\/","title":{"rendered":"Por celebraci\u00f3n de Acci\u00f3n de Gracias, Caribe Mexicano alcanzar\u00e1 ocupaci\u00f3n hotelera del 85%"},"content":{"rendered":"<p>El feriado en Estados Unidos por la celebraci\u00f3n del \u201cD\u00eda de Acci\u00f3n de Gracias\u201d permiti\u00f3 que los principales destinos tur\u00edsticos del Caribe Mexicano, Canc\u00fan, Puerto Morelos y Playa del Carmen, alcanzaran promedio de ocupaci\u00f3n hotelera del 85%.<\/p>\n<p>De acuerdo con informaci\u00f3n proporcionada por Aeropuertos del Sureste (Asur), el aeropuerto internacional de Canc\u00fan report\u00f3 cerca de mil operaciones entre el s\u00e1bado y domingo.<\/p>\n<p>En ese sentido, se indic\u00f3 que el 30 de noviembre se programaron 521 operaciones, 354 internacionales y 167 nacionales, mientras que el domingo 1 de diciembre fueron 460, de las cuales 178 fueron del interior del pa\u00eds y 282 del extranjero.<\/p>\n<p>El director de la oficina municipal de Turismo en Benito Ju\u00e1rez, Francisco L\u00f3pez Reyes explic\u00f3 que la afluencia de turistas de Estados Unidos y Canad\u00e1 que aprovecharon el feriado por el \u201cd\u00eda de Acci\u00f3n de Gracias\u201d, permiti\u00f3 aumentar entre un 3 y un 5% la ocupaci\u00f3n hotelera del destino, por lo que se alcanzaron niveles del 85% en general.<\/p>\n<p>Destac\u00f3 que se trata de cifras que anticipaban los libros de reservaciones, pero que de acuerdo con las tendencias y cifras de reservaciones y asientos de avi\u00f3n que preparan las aerol\u00edneas, en las pr\u00f3ximas semanas la afluencia de paseantes ser\u00e1 mayor hasta alcanzar topes importantes para las fiestas de Navidad y A\u00f1o Nuevo, as\u00ed como para el invierno en general.<\/p>\n<p>A su vez, el secretario municipal de Desarrollo Econ\u00f3mico y Turismo de Puerto Morelos, H\u00e9ctor Tamayo S\u00e1nchez, explic\u00f3 que el destino alcanz\u00f3 este fin de semana promedio de ocupaci\u00f3n del 85%. (<a title=\"Ocupaci\u00f3n hotelera del Caribe Mexicano se recupera gracias a D\u00eda de Muertos\" href=\"https:\/\/www.dev.nitu.mx\/index.php\/2019\/11\/05\/ocupacion-hotelera-del-caribe-mexicano-se-recupera-gracias-a-dia-de-muertos\/\" rel=\"bookmark\">Ocupaci\u00f3n hotelera del Caribe Mexicano se recupera gracias a D\u00eda de Muertos<\/a>).<\/p>\n<p>Asever\u00f3 que la afluencia que se tiene es clave para empezar a preparar lo que ser\u00e1 la atenci\u00f3n de los visitantes nacionales y extranjeros que se espera\u00a0 lleguen para los festejos de Navidad, Fin de A\u00f1o y el Invierno.<\/p>\n<p>En ese sentido, indic\u00f3 que de acuerdo con las cifras de reservaciones que se manejan en los hoteles de Puerto Morelos,\u00a0 se espera alcanzar promedios de ocupaci\u00f3n del 95% e incluso algunos lugares ya pr\u00e1cticamente cerraron a la venta algunas fechas.<\/p>\n<p>\u201cEstar\u00edamos hablando de 15 d\u00edas, dos semanas con llenos, algunos picos por encima del 95% cerca de la Navidad y el A\u00f1o Nuevo\u201d, asever\u00f3.<\/p>\n<p>En Playa del Carmen, el festival de Jazz de la Riviera Maya, le dio un respiro al sector tur\u00edstico y gastron\u00f3mico con la llegada de visitantes que disfrutaron durante tres d\u00edas de este evento musical al que se espera una asistencia diaria de 15 mil personas a playa Mamitas del 29 de noviembre al 1 de diciembre.<\/p>\n<p>En ese sentido, el director de Turismo, Jes\u00fas Pastor Mart\u00edn Medina, inform\u00f3 que al coincidir con el d\u00eda de Acci\u00f3n de Gracias y el llamado Black Friday, tambi\u00e9n conocido como \u201cViernes Negro\u201d, se registr\u00f3 la llegada de mucho turismo norteamericano, \u201camantes de la buena m\u00fasica\u201d, quienes a\u00f1o con a\u00f1o apartan sus boletos para viajar en esta \u00e9poca y disfrutar del Festival de Jazz.<\/p>\n<p>Seg\u00fan dijo, durante este fin de semana de Festival, se prev\u00e9 que la ocupaci\u00f3n hotelera \u2013sobre todo en la zona Centro de la ciudad-, se incremente hasta en 10 puntos porcentuales, ya que adem\u00e1s de pernotar los asistentes en los centros de hospedaje, al finalizar el festival disfrutan de la Quinta Avenida y de su oferta comercial y gastron\u00f3mica. (Palco Noticias)<\/p>\n","protected":false},"excerpt":{"rendered":"<p>El feriado en Estados Unidos por la celebraci\u00f3n del \u201cD\u00eda de Acci\u00f3n de Gracias\u201d permiti\u00f3 que los principales destinos tur\u00edsticos del Caribe Mexicano, Canc\u00fan, Puerto Morelos y Playa del Carmen, alcanzaran promedio de ocupaci\u00f3n hotelera del 85%. De acuerdo con informaci\u00f3n proporcionada por Aeropuertos del Sureste (Asur), el aeropuerto internacional de Canc\u00fan report\u00f3 cerca de [&hellip;]<\/p>\n","protected":false},"author":17,"featured_media":25607,"comment_status":"open","ping_status":"open","sticky":false,"template":"","format":"standard","meta":{"footnotes":""},"categories":[5,6],"tags":[198,83,18180,18181,7398],"yoast_head":"<!-- This site is optimized with the Yoast SEO plugin v22.2 - https:\/\/yoast.com\/wordpress\/plugins\/seo\/ -->\n<title>Por celebraci\u00f3n de Acci\u00f3n de Gracias, Caribe Mexicano alcanzar\u00e1 ocupaci\u00f3n hotelera del 85% - Nitu - Noticias de la Industria Turistica<\/title>\n<meta name=\"description\" content=\"D\u00eda de Acci\u00f3n de Gracias\u201d permiti\u00f3 que los principales destinos tur\u00edsticos del Caribe Mexicano alcanzaran promedio de ocupaci\u00f3n hotelera del 85%.\" \/>\n<meta name=\"robots\" content=\"index, follow, max-snippet:-1, max-image-preview:large, max-video-preview:-1\" \/>\n<link rel=\"canonical\" href=\"https:\/\/nitu.mx\/index.php\/2019\/12\/03\/por-celebracion-de-accion-de-gracias-caribe-mexicano-alcanzara-ocupacion-hotelera-del-85\/\" \/>\n<meta name=\"twitter:card\" content=\"summary_large_image\" \/>\n<meta name=\"twitter:title\" content=\"Por celebraci\u00f3n de Acci\u00f3n de Gracias, Caribe Mexicano alcanzar\u00e1 ocupaci\u00f3n hotelera del 85% - Nitu - Noticias de la Industria Turistica\" \/>\n<meta name=\"twitter:description\" content=\"D\u00eda de Acci\u00f3n de Gracias\u201d permiti\u00f3 que los principales destinos tur\u00edsticos del Caribe Mexicano alcanzaran promedio de ocupaci\u00f3n hotelera del 85%.\" \/>\n<meta name=\"twitter:image\" content=\"https:\/\/nitu.mx\/wp-content\/uploads\/2018\/10\/Caribe-mexicano-trump.jpg\" \/>\n<meta name=\"twitter:creator\" content=\"@NITUmx\" \/>\n<meta name=\"twitter:site\" content=\"@Arturo_Medina_G\" \/>\n<meta name=\"twitter:label1\" content=\"Escrito por\" \/>\n\t<meta name=\"twitter:data1\" content=\"Redacci\u00f3n\" \/>\n\t<meta name=\"twitter:label2\" content=\"Tiempo de lectura\" \/>\n\t<meta name=\"twitter:data2\" content=\"3 minutos\" \/>\n<script type=\"application\/ld+json\" class=\"yoast-schema-graph\">{\"@context\":\"https:\/\/schema.org\",\"@graph\":[{\"@type\":\"Article\",\"@id\":\"https:\/\/nitu.mx\/index.php\/2019\/12\/03\/por-celebracion-de-accion-de-gracias-caribe-mexicano-alcanzara-ocupacion-hotelera-del-85\/#article\",\"isPartOf\":{\"@id\":\"https:\/\/nitu.mx\/index.php\/2019\/12\/03\/por-celebracion-de-accion-de-gracias-caribe-mexicano-alcanzara-ocupacion-hotelera-del-85\/\"},\"author\":{\"name\":\"Redacci\u00f3n\",\"@id\":\"https:\/\/nitu.mx\/#\/schema\/person\/4a28fe9bd65924f7c90623773daf1b0b\"},\"headline\":\"Por celebraci\u00f3n de Acci\u00f3n de Gracias, Caribe Mexicano alcanzar\u00e1 ocupaci\u00f3n hotelera del 85%\",\"datePublished\":\"2019-12-03T06:05:15+00:00\",\"dateModified\":\"2019-12-03T06:17:48+00:00\",\"mainEntityOfPage\":{\"@id\":\"https:\/\/nitu.mx\/index.php\/2019\/12\/03\/por-celebracion-de-accion-de-gracias-caribe-mexicano-alcanzara-ocupacion-hotelera-del-85\/\"},\"wordCount\":592,\"commentCount\":0,\"publisher\":{\"@id\":\"https:\/\/nitu.mx\/#\/schema\/person\/ae7a53426417292d3dd07b45a33e01bc\"},\"image\":{\"@id\":\"https:\/\/nitu.mx\/index.php\/2019\/12\/03\/por-celebracion-de-accion-de-gracias-caribe-mexicano-alcanzara-ocupacion-hotelera-del-85\/#primaryimage\"},\"thumbnailUrl\":\"https:\/\/nitu.mx\/wp-content\/uploads\/2018\/10\/Caribe-mexicano-trump.jpg\",\"keywords\":[\"ASUR\",\"Caribe mexicano\",\"D\u00eda de Acci\u00f3n de Gracias\",\"Francisco L\u00f3pez\",\"ocupaci\u00f3n hotelera\"],\"articleSection\":[\"Destinos\",\"M\u00e9xico\"],\"inLanguage\":\"es-MX\",\"potentialAction\":[{\"@type\":\"CommentAction\",\"name\":\"Comment\",\"target\":[\"https:\/\/nitu.mx\/index.php\/2019\/12\/03\/por-celebracion-de-accion-de-gracias-caribe-mexicano-alcanzara-ocupacion-hotelera-del-85\/#respond\"]}]},{\"@type\":\"WebPage\",\"@id\":\"https:\/\/nitu.mx\/index.php\/2019\/12\/03\/por-celebracion-de-accion-de-gracias-caribe-mexicano-alcanzara-ocupacion-hotelera-del-85\/\",\"url\":\"https:\/\/nitu.mx\/index.php\/2019\/12\/03\/por-celebracion-de-accion-de-gracias-caribe-mexicano-alcanzara-ocupacion-hotelera-del-85\/\",\"name\":\"Por celebraci\u00f3n de Acci\u00f3n de Gracias, Caribe Mexicano alcanzar\u00e1 ocupaci\u00f3n hotelera del 85% - Nitu - Noticias de la Industria Turistica\",\"isPartOf\":{\"@id\":\"https:\/\/nitu.mx\/#website\"},\"primaryImageOfPage\":{\"@id\":\"https:\/\/nitu.mx\/index.php\/2019\/12\/03\/por-celebracion-de-accion-de-gracias-caribe-mexicano-alcanzara-ocupacion-hotelera-del-85\/#primaryimage\"},\"image\":{\"@id\":\"https:\/\/nitu.mx\/index.php\/2019\/12\/03\/por-celebracion-de-accion-de-gracias-caribe-mexicano-alcanzara-ocupacion-hotelera-del-85\/#primaryimage\"},\"thumbnailUrl\":\"https:\/\/nitu.mx\/wp-content\/uploads\/2018\/10\/Caribe-mexicano-trump.jpg\",\"datePublished\":\"2019-12-03T06:05:15+00:00\",\"dateModified\":\"2019-12-03T06:17:48+00:00\",\"description\":\"D\u00eda de Acci\u00f3n de Gracias\u201d permiti\u00f3 que los principales destinos tur\u00edsticos del Caribe Mexicano alcanzaran promedio de ocupaci\u00f3n hotelera del 85%.\",\"breadcrumb\":{\"@id\":\"https:\/\/nitu.mx\/index.php\/2019\/12\/03\/por-celebracion-de-accion-de-gracias-caribe-mexicano-alcanzara-ocupacion-hotelera-del-85\/#breadcrumb\"},\"inLanguage\":\"es-MX\",\"potentialAction\":[{\"@type\":\"ReadAction\",\"target\":[\"https:\/\/nitu.mx\/index.php\/2019\/12\/03\/por-celebracion-de-accion-de-gracias-caribe-mexicano-alcanzara-ocupacion-hotelera-del-85\/\"]}]},{\"@type\":\"ImageObject\",\"inLanguage\":\"es-MX\",\"@id\":\"https:\/\/nitu.mx\/index.php\/2019\/12\/03\/por-celebracion-de-accion-de-gracias-caribe-mexicano-alcanzara-ocupacion-hotelera-del-85\/#primaryimage\",\"url\":\"https:\/\/nitu.mx\/wp-content\/uploads\/2018\/10\/Caribe-mexicano-trump.jpg\",\"contentUrl\":\"https:\/\/nitu.mx\/wp-content\/uploads\/2018\/10\/Caribe-mexicano-trump.jpg\",\"width\":850,\"height\":480,\"caption\":\"Caribe mexicano trump amav\"},{\"@type\":\"BreadcrumbList\",\"@id\":\"https:\/\/nitu.mx\/index.php\/2019\/12\/03\/por-celebracion-de-accion-de-gracias-caribe-mexicano-alcanzara-ocupacion-hotelera-del-85\/#breadcrumb\",\"itemListElement\":[{\"@type\":\"ListItem\",\"position\":1,\"name\":\"Inicio\",\"item\":\"https:\/\/nitu.mx\/\"},{\"@type\":\"ListItem\",\"position\":2,\"name\":\"Por celebraci\u00f3n de Acci\u00f3n de Gracias, Caribe Mexicano alcanzar\u00e1 ocupaci\u00f3n hotelera del 85%\"}]},{\"@type\":\"WebSite\",\"@id\":\"https:\/\/nitu.mx\/#website\",\"url\":\"https:\/\/nitu.mx\/\",\"name\":\"Nitu - Noticias de la Industria Turistica\",\"description\":\"Noticias de la Industria Turistica\",\"publisher\":{\"@id\":\"https:\/\/nitu.mx\/#\/schema\/person\/ae7a53426417292d3dd07b45a33e01bc\"},\"alternateName\":\"Noticias de la Industria Turistica\",\"potentialAction\":[{\"@type\":\"SearchAction\",\"target\":{\"@type\":\"EntryPoint\",\"urlTemplate\":\"https:\/\/nitu.mx\/?s={search_term_string}\"},\"query-input\":\"required name=search_term_string\"}],\"inLanguage\":\"es-MX\"},{\"@type\":[\"Person\",\"Organization\"],\"@id\":\"https:\/\/nitu.mx\/#\/schema\/person\/ae7a53426417292d3dd07b45a33e01bc\",\"name\":\"Arturo Medina\",\"image\":{\"@type\":\"ImageObject\",\"inLanguage\":\"es-MX\",\"@id\":\"https:\/\/nitu.mx\/#\/schema\/person\/image\/\",\"url\":\"https:\/\/nitu.mx\/wp-content\/uploads\/2024\/04\/4A315622-1904-4D5C-B022-878CDC840E04-90x90-1.jpeg\",\"contentUrl\":\"https:\/\/nitu.mx\/wp-content\/uploads\/2024\/04\/4A315622-1904-4D5C-B022-878CDC840E04-90x90-1.jpeg\",\"width\":90,\"height\":90,\"caption\":\"Arturo Medina\"},\"logo\":{\"@id\":\"https:\/\/nitu.mx\/#\/schema\/person\/image\/\"},\"description\":\"Director NITU.mx, Egresado de la Escuela de Periodismo Carlos Septi\u00e9n Garc\u00eda. Periodista y analista especializado en turismo desde hace 35 a\u00f1os, radicado en Canc\u00fan Q.Roo. arturo@nitu.mx\",\"sameAs\":[\"https:\/\/nitu.mx\",\"https:\/\/www.facebook.com\/NITUmx\/\",\"medinacancun\",\"https:\/\/twitter.com\/@Arturo_Medina_G\"]},{\"@type\":\"Person\",\"@id\":\"https:\/\/nitu.mx\/#\/schema\/person\/4a28fe9bd65924f7c90623773daf1b0b\",\"name\":\"Redacci\u00f3n\",\"image\":{\"@type\":\"ImageObject\",\"inLanguage\":\"es-MX\",\"@id\":\"https:\/\/nitu.mx\/#\/schema\/person\/image\/\",\"url\":\"https:\/\/secure.gravatar.com\/avatar\/5dd011c8ccfc5cd7e4c81e42252aab38?s=96&d=mm&r=g\",\"contentUrl\":\"https:\/\/secure.gravatar.com\/avatar\/5dd011c8ccfc5cd7e4c81e42252aab38?s=96&d=mm&r=g\",\"caption\":\"Redacci\u00f3n\"},\"url\":\"https:\/\/nitu.mx\/index.php\/author\/redaccion\/\"}]}<\/script>\n<!-- \/ Yoast SEO plugin. -->","yoast_head_json":{"title":"Por celebraci\u00f3n de Acci\u00f3n de Gracias, Caribe Mexicano alcanzar\u00e1 ocupaci\u00f3n hotelera del 85% - Nitu - Noticias de la Industria Turistica","description":"D\u00eda de Acci\u00f3n de Gracias\u201d permiti\u00f3 que los principales destinos tur\u00edsticos del Caribe Mexicano alcanzaran promedio de ocupaci\u00f3n hotelera del 85%.","robots":{"index":"index","follow":"follow","max-snippet":"max-snippet:-1","max-image-preview":"max-image-preview:large","max-video-preview":"max-video-preview:-1"},"canonical":"https:\/\/nitu.mx\/index.php\/2019\/12\/03\/por-celebracion-de-accion-de-gracias-caribe-mexicano-alcanzara-ocupacion-hotelera-del-85\/","twitter_card":"summary_large_image","twitter_title":"Por celebraci\u00f3n de Acci\u00f3n de Gracias, Caribe Mexicano alcanzar\u00e1 ocupaci\u00f3n hotelera del 85% - Nitu - Noticias de la Industria Turistica","twitter_description":"D\u00eda de Acci\u00f3n de Gracias\u201d permiti\u00f3 que los principales destinos tur\u00edsticos del Caribe Mexicano alcanzaran promedio de ocupaci\u00f3n hotelera del 85%.","twitter_image":"https:\/\/nitu.mx\/wp-content\/uploads\/2018\/10\/Caribe-mexicano-trump.jpg","twitter_creator":"@NITUmx","twitter_site":"@Arturo_Medina_G","twitter_misc":{"Escrito por":"Redacci\u00f3n","Tiempo de lectura":"3 minutos"},"schema":{"@context":"https:\/\/schema.org","@graph":[{"@type":"Article","@id":"https:\/\/nitu.mx\/index.php\/2019\/12\/03\/por-celebracion-de-accion-de-gracias-caribe-mexicano-alcanzara-ocupacion-hotelera-del-85\/#article","isPartOf":{"@id":"https:\/\/nitu.mx\/index.php\/2019\/12\/03\/por-celebracion-de-accion-de-gracias-caribe-mexicano-alcanzara-ocupacion-hotelera-del-85\/"},"author":{"name":"Redacci\u00f3n","@id":"https:\/\/nitu.mx\/#\/schema\/person\/4a28fe9bd65924f7c90623773daf1b0b"},"headline":"Por celebraci\u00f3n de Acci\u00f3n de Gracias, Caribe Mexicano alcanzar\u00e1 ocupaci\u00f3n hotelera del 85%","datePublished":"2019-12-03T06:05:15+00:00","dateModified":"2019-12-03T06:17:48+00:00","mainEntityOfPage":{"@id":"https:\/\/nitu.mx\/index.php\/2019\/12\/03\/por-celebracion-de-accion-de-gracias-caribe-mexicano-alcanzara-ocupacion-hotelera-del-85\/"},"wordCount":592,"commentCount":0,"publisher":{"@id":"https:\/\/nitu.mx\/#\/schema\/person\/ae7a53426417292d3dd07b45a33e01bc"},"image":{"@id":"https:\/\/nitu.mx\/index.php\/2019\/12\/03\/por-celebracion-de-accion-de-gracias-caribe-mexicano-alcanzara-ocupacion-hotelera-del-85\/#primaryimage"},"thumbnailUrl":"https:\/\/nitu.mx\/wp-content\/uploads\/2018\/10\/Caribe-mexicano-trump.jpg","keywords":["ASUR","Caribe mexicano","D\u00eda de Acci\u00f3n de Gracias","Francisco L\u00f3pez","ocupaci\u00f3n hotelera"],"articleSection":["Destinos","M\u00e9xico"],"inLanguage":"es-MX","potentialAction":[{"@type":"CommentAction","name":"Comment","target":["https:\/\/nitu.mx\/index.php\/2019\/12\/03\/por-celebracion-de-accion-de-gracias-caribe-mexicano-alcanzara-ocupacion-hotelera-del-85\/#respond"]}]},{"@type":"WebPage","@id":"https:\/\/nitu.mx\/index.php\/2019\/12\/03\/por-celebracion-de-accion-de-gracias-caribe-mexicano-alcanzara-ocupacion-hotelera-del-85\/","url":"https:\/\/nitu.mx\/index.php\/2019\/12\/03\/por-celebracion-de-accion-de-gracias-caribe-mexicano-alcanzara-ocupacion-hotelera-del-85\/","name":"Por celebraci\u00f3n de Acci\u00f3n de Gracias, Caribe Mexicano alcanzar\u00e1 ocupaci\u00f3n hotelera del 85% - Nitu - Noticias de la Industria Turistica","isPartOf":{"@id":"https:\/\/nitu.mx\/#website"},"primaryImageOfPage":{"@id":"https:\/\/nitu.mx\/index.php\/2019\/12\/03\/por-celebracion-de-accion-de-gracias-caribe-mexicano-alcanzara-ocupacion-hotelera-del-85\/#primaryimage"},"image":{"@id":"https:\/\/nitu.mx\/index.php\/2019\/12\/03\/por-celebracion-de-accion-de-gracias-caribe-mexicano-alcanzara-ocupacion-hotelera-del-85\/#primaryimage"},"thumbnailUrl":"https:\/\/nitu.mx\/wp-content\/uploads\/2018\/10\/Caribe-mexicano-trump.jpg","datePublished":"2019-12-03T06:05:15+00:00","dateModified":"2019-12-03T06:17:48+00:00","description":"D\u00eda de Acci\u00f3n de Gracias\u201d permiti\u00f3 que los principales destinos tur\u00edsticos del Caribe Mexicano alcanzaran promedio de ocupaci\u00f3n hotelera del 85%.","breadcrumb":{"@id":"https:\/\/nitu.mx\/index.php\/2019\/12\/03\/por-celebracion-de-accion-de-gracias-caribe-mexicano-alcanzara-ocupacion-hotelera-del-85\/#breadcrumb"},"inLanguage":"es-MX","potentialAction":[{"@type":"ReadAction","target":["https:\/\/nitu.mx\/index.php\/2019\/12\/03\/por-celebracion-de-accion-de-gracias-caribe-mexicano-alcanzara-ocupacion-hotelera-del-85\/"]}]},{"@type":"ImageObject","inLanguage":"es-MX","@id":"https:\/\/nitu.mx\/index.php\/2019\/12\/03\/por-celebracion-de-accion-de-gracias-caribe-mexicano-alcanzara-ocupacion-hotelera-del-85\/#primaryimage","url":"https:\/\/nitu.mx\/wp-content\/uploads\/2018\/10\/Caribe-mexicano-trump.jpg","contentUrl":"https:\/\/nitu.mx\/wp-content\/uploads\/2018\/10\/Caribe-mexicano-trump.jpg","width":850,"height":480,"caption":"Caribe mexicano trump amav"},{"@type":"BreadcrumbList","@id":"https:\/\/nitu.mx\/index.php\/2019\/12\/03\/por-celebracion-de-accion-de-gracias-caribe-mexicano-alcanzara-ocupacion-hotelera-del-85\/#breadcrumb","itemListElement":[{"@type":"ListItem","position":1,"name":"Inicio","item":"https:\/\/nitu.mx\/"},{"@type":"ListItem","position":2,"name":"Por celebraci\u00f3n de Acci\u00f3n de Gracias, Caribe Mexicano alcanzar\u00e1 ocupaci\u00f3n hotelera del 85%"}]},{"@type":"WebSite","@id":"https:\/\/nitu.mx\/#website","url":"https:\/\/nitu.mx\/","name":"Nitu - Noticias de la Industria Turistica","description":"Noticias de la Industria Turistica","publisher":{"@id":"https:\/\/nitu.mx\/#\/schema\/person\/ae7a53426417292d3dd07b45a33e01bc"},"alternateName":"Noticias de la Industria Turistica","potentialAction":[{"@type":"SearchAction","target":{"@type":"EntryPoint","urlTemplate":"https:\/\/nitu.mx\/?s={search_term_string}"},"query-input":"required name=search_term_string"}],"inLanguage":"es-MX"},{"@type":["Person","Organization"],"@id":"https:\/\/nitu.mx\/#\/schema\/person\/ae7a53426417292d3dd07b45a33e01bc","name":"Arturo Medina","image":{"@type":"ImageObject","inLanguage":"es-MX","@id":"https:\/\/nitu.mx\/#\/schema\/person\/image\/","url":"https:\/\/nitu.mx\/wp-content\/uploads\/2024\/04\/4A315622-1904-4D5C-B022-878CDC840E04-90x90-1.jpeg","contentUrl":"https:\/\/nitu.mx\/wp-content\/uploads\/2024\/04\/4A315622-1904-4D5C-B022-878CDC840E04-90x90-1.jpeg","width":90,"height":90,"caption":"Arturo Medina"},"logo":{"@id":"https:\/\/nitu.mx\/#\/schema\/person\/image\/"},"description":"Director NITU.mx, Egresado de la Escuela de Periodismo Carlos Septi\u00e9n Garc\u00eda. Periodista y analista especializado en turismo desde hace 35 a\u00f1os, radicado en Canc\u00fan Q.Roo. arturo@nitu.mx","sameAs":["https:\/\/nitu.mx","https:\/\/www.facebook.com\/NITUmx\/","medinacancun","https:\/\/twitter.com\/@Arturo_Medina_G"]},{"@type":"Person","@id":"https:\/\/nitu.mx\/#\/schema\/person\/4a28fe9bd65924f7c90623773daf1b0b","name":"Redacci\u00f3n","image":{"@type":"ImageObject","inLanguage":"es-MX","@id":"https:\/\/nitu.mx\/#\/schema\/person\/image\/","url":"https:\/\/secure.gravatar.com\/avatar\/5dd011c8ccfc5cd7e4c81e42252aab38?s=96&d=mm&r=g","contentUrl":"https:\/\/secure.gravatar.com\/avatar\/5dd011c8ccfc5cd7e4c81e42252aab38?s=96&d=mm&r=g","caption":"Redacci\u00f3n"},"url":"https:\/\/nitu.mx\/index.php\/author\/redaccion\/"}]}},"views":250,"_links":{"self":[{"href":"https:\/\/nitu.mx\/index.php\/wp-json\/wp\/v2\/posts\/37928"}],"collection":[{"href":"https:\/\/nitu.mx\/index.php\/wp-json\/wp\/v2\/posts"}],"about":[{"href":"https:\/\/nitu.mx\/index.php\/wp-json\/wp\/v2\/types\/post"}],"author":[{"embeddable":true,"href":"https:\/\/nitu.mx\/index.php\/wp-json\/wp\/v2\/users\/17"}],"replies":[{"embeddable":true,"href":"https:\/\/nitu.mx\/index.php\/wp-json\/wp\/v2\/comments?post=37928"}],"version-history":[{"count":4,"href":"https:\/\/nitu.mx\/index.php\/wp-json\/wp\/v2\/posts\/37928\/revisions"}],"predecessor-version":[{"id":37954,"href":"https:\/\/nitu.mx\/index.php\/wp-json\/wp\/v2\/posts\/37928\/revisions\/37954"}],"wp:featuredmedia":[{"embeddable":true,"href":"https:\/\/nitu.mx\/index.php\/wp-json\/wp\/v2\/media\/25607"}],"wp:attachment":[{"href":"https:\/\/nitu.mx\/index.php\/wp-json\/wp\/v2\/media?parent=37928"}],"wp:term":[{"taxonomy":"category","embeddable":true,"href":"https:\/\/nitu.mx\/index.php\/wp-json\/wp\/v2\/categories?post=37928"},{"taxonomy":"post_tag","embeddable":true,"href":"https:\/\/nitu.mx\/index.php\/wp-json\/wp\/v2\/tags?post=37928"}],"curies":[{"name":"wp","href":"https:\/\/api.w.org\/{rel}","templated":true}]}}