{"id":37924,"date":"2019-12-03T01:04:33","date_gmt":"2019-12-03T06:04:33","guid":{"rendered":"https:\/\/www.dev.nitu.mx\/?p=37924"},"modified":"2019-12-03T01:16:24","modified_gmt":"2019-12-03T06:16:24","slug":"repuntan-reservaciones-del-mercado-estadounidense-en-quintana-roo-para-el-mes-de-diciembre","status":"publish","type":"post","link":"https:\/\/nitu.mx\/index.php\/2019\/12\/03\/repuntan-reservaciones-del-mercado-estadounidense-en-quintana-roo-para-el-mes-de-diciembre\/","title":{"rendered":"Repuntan reservaciones del mercado estadounidense en Quintana Roo para el mes de diciembre"},"content":{"rendered":"<p>La Secretaria de Turismo en el estado de Quintana Roo, Marisol Vanegas P\u00e9rez, anunci\u00f3 el repunte de las reservaciones del mercado estadounidense para la temporada decembrina para los diferentes destinos del estado, luego de que registrara una desaceleraci\u00f3n desde hace un par de meses.<\/p>\n<p>La titular de la Sedetur en la entidad, dijo que la temporada vacacional que se avecina tiene contentos a los operadores de servicios tur\u00edsticos, quienes tambi\u00e9n se encuentran satisfechos ante esta noticia.<\/p>\n<p>\u201cEstamos muy contentos, por m\u00e1s de dos d\u00edas nos han confirmado nuestros mayoristas de los mercados a los cuales queremos tener m\u00e1s atenci\u00f3n que es el mercado que ten\u00edamos desaceleraci\u00f3n en su demanda, el mercado americano. En la \u00faltima reuni\u00f3n en Advisor y en las ferias a las que asiste tanto el CPTQ y la Secretar\u00eda de Turismo confirmar que se est\u00e1n reactivando sus reservaciones y est\u00e1n muy positivas\u201d, asegur\u00f3 la funcionaria.<\/p>\n<p>A\u00f1adi\u00f3 que parte tambi\u00e9n de la ca\u00edda de este mercado se debi\u00f3 a la remodelaci\u00f3n de las flotillas de las aerol\u00edneas, qui\u00e9nes al cambiar sus unidades por aviones m\u00e1s grandes, tuvieron que eliminar los vuelos de las peque\u00f1as ciudades y dejar solamente los de mayor demanda.<\/p>\n<p>\u201cEl fen\u00f3meno que hab\u00eda afectado esta desaceleraci\u00f3n ten\u00eda que ver con la conformaci\u00f3n de los vuelos, el cambio de los equipos en muchas de las l\u00edneas \u00e1reas hab\u00eda hecho que quitaran los equipos peque\u00f1os para poner equipos m\u00e1s grandes y quitar vuelos en ciudades intermedias y dejarlo \u00fanicamente en ciudades grandes, eso ocasion\u00f3 esta din\u00e1mica\u201d, explic\u00f3.<\/p>\n<p>Dijo que esta situaci\u00f3n ya est\u00e1 solucionada, pues las aerol\u00edneas ya han comenzado a reactivar dichos vuelos, por lo que las reservas no solo se prev\u00e9 que incrementen para el mes de diciembre, sino para el resto del 2020.<\/p>\n<p>Respecto a los otros mercados, la titular de la Sedetur asegur\u00f3 que tambi\u00e9n han tenido un crecimiento favorable, al registrar un repunte de hasta un ocho por ciento, lo cual ha beneficiado a la actividad hotelera y dem\u00e1s \u00e1reas tur\u00edsticas. (La Verdad).<\/p>\n","protected":false},"excerpt":{"rendered":"<p>La Secretaria de Turismo en el estado de Quintana Roo, Marisol Vanegas P\u00e9rez, anunci\u00f3 el repunte de las reservaciones del mercado estadounidense para la temporada decembrina para los diferentes destinos del estado, luego de que registrara una desaceleraci\u00f3n desde hace un par de meses. La titular de la Sedetur en la entidad, dijo que la [&hellip;]<\/p>\n","protected":false},"author":17,"featured_media":16228,"comment_status":"open","ping_status":"open","sticky":false,"template":"","format":"standard","meta":{"footnotes":""},"categories":[5,2],"tags":[686,18177,18178,18176,18179],"yoast_head":"<!-- This site is optimized with the Yoast SEO plugin v22.2 - https:\/\/yoast.com\/wordpress\/plugins\/seo\/ -->\n<title>Repuntan reservaciones del mercado estadounidense en Quintana Roo para el mes de diciembre - Nitu - Noticias de la Industria Turistica<\/title>\n<meta name=\"description\" content=\"La Secretaria de Turismo en el estado de Quintana Roo, Marisol Vanegas P\u00e9rez, anunci\u00f3 el repunte de las reservaciones del mercado estadounidense.\" \/>\n<meta name=\"robots\" content=\"index, follow, max-snippet:-1, max-image-preview:large, max-video-preview:-1\" \/>\n<link rel=\"canonical\" href=\"https:\/\/nitu.mx\/index.php\/2019\/12\/03\/repuntan-reservaciones-del-mercado-estadounidense-en-quintana-roo-para-el-mes-de-diciembre\/\" \/>\n<meta name=\"twitter:card\" content=\"summary_large_image\" \/>\n<meta name=\"twitter:title\" content=\"Repuntan reservaciones del mercado estadounidense en Quintana Roo para el mes de diciembre - Nitu - Noticias de la Industria Turistica\" \/>\n<meta name=\"twitter:description\" content=\"La Secretaria de Turismo en el estado de Quintana Roo, Marisol Vanegas P\u00e9rez, anunci\u00f3 el repunte de las reservaciones del mercado estadounidense.\" \/>\n<meta name=\"twitter:image\" content=\"https:\/\/nitu.mx\/wp-content\/uploads\/2018\/01\/inicio-ley-seca-en-quintana-roo-5017d85f9c0a8187c64503c81e8645da.jpg\" \/>\n<meta name=\"twitter:creator\" content=\"@NITUmx\" \/>\n<meta name=\"twitter:site\" content=\"@Arturo_Medina_G\" \/>\n<meta name=\"twitter:label1\" content=\"Escrito por\" \/>\n\t<meta name=\"twitter:data1\" content=\"Redacci\u00f3n\" \/>\n\t<meta name=\"twitter:label2\" content=\"Tiempo de lectura\" \/>\n\t<meta name=\"twitter:data2\" content=\"2 minutos\" \/>\n<script type=\"application\/ld+json\" class=\"yoast-schema-graph\">{\"@context\":\"https:\/\/schema.org\",\"@graph\":[{\"@type\":\"Article\",\"@id\":\"https:\/\/nitu.mx\/index.php\/2019\/12\/03\/repuntan-reservaciones-del-mercado-estadounidense-en-quintana-roo-para-el-mes-de-diciembre\/#article\",\"isPartOf\":{\"@id\":\"https:\/\/nitu.mx\/index.php\/2019\/12\/03\/repuntan-reservaciones-del-mercado-estadounidense-en-quintana-roo-para-el-mes-de-diciembre\/\"},\"author\":{\"name\":\"Redacci\u00f3n\",\"@id\":\"https:\/\/nitu.mx\/#\/schema\/person\/4a28fe9bd65924f7c90623773daf1b0b\"},\"headline\":\"Repuntan reservaciones del mercado estadounidense en Quintana Roo para el mes de diciembre\",\"datePublished\":\"2019-12-03T06:04:33+00:00\",\"dateModified\":\"2019-12-03T06:16:24+00:00\",\"mainEntityOfPage\":{\"@id\":\"https:\/\/nitu.mx\/index.php\/2019\/12\/03\/repuntan-reservaciones-del-mercado-estadounidense-en-quintana-roo-para-el-mes-de-diciembre\/\"},\"wordCount\":380,\"commentCount\":0,\"publisher\":{\"@id\":\"https:\/\/nitu.mx\/#\/schema\/person\/ae7a53426417292d3dd07b45a33e01bc\"},\"image\":{\"@id\":\"https:\/\/nitu.mx\/index.php\/2019\/12\/03\/repuntan-reservaciones-del-mercado-estadounidense-en-quintana-roo-para-el-mes-de-diciembre\/#primaryimage\"},\"thumbnailUrl\":\"https:\/\/nitu.mx\/wp-content\/uploads\/2018\/01\/inicio-ley-seca-en-quintana-roo-5017d85f9c0a8187c64503c81e8645da.jpg\",\"keywords\":[\"Marisol Vanegas P\u00e9rez\",\"repunte\",\"reservaciones del mercado estadounidense\",\"Secretar\u00eda de Turismo en el estado de Quintana Roo\",\"temporada decembrinas\"],\"articleSection\":[\"Destinos\",\"Hoteles\"],\"inLanguage\":\"es-MX\",\"potentialAction\":[{\"@type\":\"CommentAction\",\"name\":\"Comment\",\"target\":[\"https:\/\/nitu.mx\/index.php\/2019\/12\/03\/repuntan-reservaciones-del-mercado-estadounidense-en-quintana-roo-para-el-mes-de-diciembre\/#respond\"]}]},{\"@type\":\"WebPage\",\"@id\":\"https:\/\/nitu.mx\/index.php\/2019\/12\/03\/repuntan-reservaciones-del-mercado-estadounidense-en-quintana-roo-para-el-mes-de-diciembre\/\",\"url\":\"https:\/\/nitu.mx\/index.php\/2019\/12\/03\/repuntan-reservaciones-del-mercado-estadounidense-en-quintana-roo-para-el-mes-de-diciembre\/\",\"name\":\"Repuntan reservaciones del mercado estadounidense en Quintana Roo para el mes de diciembre - Nitu - Noticias de la Industria Turistica\",\"isPartOf\":{\"@id\":\"https:\/\/nitu.mx\/#website\"},\"primaryImageOfPage\":{\"@id\":\"https:\/\/nitu.mx\/index.php\/2019\/12\/03\/repuntan-reservaciones-del-mercado-estadounidense-en-quintana-roo-para-el-mes-de-diciembre\/#primaryimage\"},\"image\":{\"@id\":\"https:\/\/nitu.mx\/index.php\/2019\/12\/03\/repuntan-reservaciones-del-mercado-estadounidense-en-quintana-roo-para-el-mes-de-diciembre\/#primaryimage\"},\"thumbnailUrl\":\"https:\/\/nitu.mx\/wp-content\/uploads\/2018\/01\/inicio-ley-seca-en-quintana-roo-5017d85f9c0a8187c64503c81e8645da.jpg\",\"datePublished\":\"2019-12-03T06:04:33+00:00\",\"dateModified\":\"2019-12-03T06:16:24+00:00\",\"description\":\"La Secretaria de Turismo en el estado de Quintana Roo, Marisol Vanegas P\u00e9rez, anunci\u00f3 el repunte de las reservaciones del mercado estadounidense.\",\"breadcrumb\":{\"@id\":\"https:\/\/nitu.mx\/index.php\/2019\/12\/03\/repuntan-reservaciones-del-mercado-estadounidense-en-quintana-roo-para-el-mes-de-diciembre\/#breadcrumb\"},\"inLanguage\":\"es-MX\",\"potentialAction\":[{\"@type\":\"ReadAction\",\"target\":[\"https:\/\/nitu.mx\/index.php\/2019\/12\/03\/repuntan-reservaciones-del-mercado-estadounidense-en-quintana-roo-para-el-mes-de-diciembre\/\"]}]},{\"@type\":\"ImageObject\",\"inLanguage\":\"es-MX\",\"@id\":\"https:\/\/nitu.mx\/index.php\/2019\/12\/03\/repuntan-reservaciones-del-mercado-estadounidense-en-quintana-roo-para-el-mes-de-diciembre\/#primaryimage\",\"url\":\"https:\/\/nitu.mx\/wp-content\/uploads\/2018\/01\/inicio-ley-seca-en-quintana-roo-5017d85f9c0a8187c64503c81e8645da.jpg\",\"contentUrl\":\"https:\/\/nitu.mx\/wp-content\/uploads\/2018\/01\/inicio-ley-seca-en-quintana-roo-5017d85f9c0a8187c64503c81e8645da.jpg\",\"width\":1000,\"height\":600,\"caption\":\"Quintana roo\"},{\"@type\":\"BreadcrumbList\",\"@id\":\"https:\/\/nitu.mx\/index.php\/2019\/12\/03\/repuntan-reservaciones-del-mercado-estadounidense-en-quintana-roo-para-el-mes-de-diciembre\/#breadcrumb\",\"itemListElement\":[{\"@type\":\"ListItem\",\"position\":1,\"name\":\"Inicio\",\"item\":\"https:\/\/nitu.mx\/\"},{\"@type\":\"ListItem\",\"position\":2,\"name\":\"Repuntan reservaciones del mercado estadounidense en Quintana Roo para el mes de diciembre\"}]},{\"@type\":\"WebSite\",\"@id\":\"https:\/\/nitu.mx\/#website\",\"url\":\"https:\/\/nitu.mx\/\",\"name\":\"Nitu - Noticias de la Industria Turistica\",\"description\":\"Noticias de la Industria Turistica\",\"publisher\":{\"@id\":\"https:\/\/nitu.mx\/#\/schema\/person\/ae7a53426417292d3dd07b45a33e01bc\"},\"alternateName\":\"Noticias de la Industria Turistica\",\"potentialAction\":[{\"@type\":\"SearchAction\",\"target\":{\"@type\":\"EntryPoint\",\"urlTemplate\":\"https:\/\/nitu.mx\/?s={search_term_string}\"},\"query-input\":\"required name=search_term_string\"}],\"inLanguage\":\"es-MX\"},{\"@type\":[\"Person\",\"Organization\"],\"@id\":\"https:\/\/nitu.mx\/#\/schema\/person\/ae7a53426417292d3dd07b45a33e01bc\",\"name\":\"Arturo Medina\",\"image\":{\"@type\":\"ImageObject\",\"inLanguage\":\"es-MX\",\"@id\":\"https:\/\/nitu.mx\/#\/schema\/person\/image\/\",\"url\":\"https:\/\/nitu.mx\/wp-content\/uploads\/2024\/04\/4A315622-1904-4D5C-B022-878CDC840E04-90x90-1.jpeg\",\"contentUrl\":\"https:\/\/nitu.mx\/wp-content\/uploads\/2024\/04\/4A315622-1904-4D5C-B022-878CDC840E04-90x90-1.jpeg\",\"width\":90,\"height\":90,\"caption\":\"Arturo Medina\"},\"logo\":{\"@id\":\"https:\/\/nitu.mx\/#\/schema\/person\/image\/\"},\"description\":\"Director NITU.mx, Egresado de la Escuela de Periodismo Carlos Septi\u00e9n Garc\u00eda. Periodista y analista especializado en turismo desde hace 35 a\u00f1os, radicado en Canc\u00fan Q.Roo. arturo@nitu.mx\",\"sameAs\":[\"https:\/\/nitu.mx\",\"https:\/\/www.facebook.com\/NITUmx\/\",\"medinacancun\",\"https:\/\/twitter.com\/@Arturo_Medina_G\"]},{\"@type\":\"Person\",\"@id\":\"https:\/\/nitu.mx\/#\/schema\/person\/4a28fe9bd65924f7c90623773daf1b0b\",\"name\":\"Redacci\u00f3n\",\"image\":{\"@type\":\"ImageObject\",\"inLanguage\":\"es-MX\",\"@id\":\"https:\/\/nitu.mx\/#\/schema\/person\/image\/\",\"url\":\"https:\/\/secure.gravatar.com\/avatar\/5dd011c8ccfc5cd7e4c81e42252aab38?s=96&d=mm&r=g\",\"contentUrl\":\"https:\/\/secure.gravatar.com\/avatar\/5dd011c8ccfc5cd7e4c81e42252aab38?s=96&d=mm&r=g\",\"caption\":\"Redacci\u00f3n\"},\"url\":\"https:\/\/nitu.mx\/index.php\/author\/redaccion\/\"}]}<\/script>\n<!-- \/ Yoast SEO plugin. -->","yoast_head_json":{"title":"Repuntan reservaciones del mercado estadounidense en Quintana Roo para el mes de diciembre - Nitu - Noticias de la Industria Turistica","description":"La Secretaria de Turismo en el estado de Quintana Roo, Marisol Vanegas P\u00e9rez, anunci\u00f3 el repunte de las reservaciones del mercado estadounidense.","robots":{"index":"index","follow":"follow","max-snippet":"max-snippet:-1","max-image-preview":"max-image-preview:large","max-video-preview":"max-video-preview:-1"},"canonical":"https:\/\/nitu.mx\/index.php\/2019\/12\/03\/repuntan-reservaciones-del-mercado-estadounidense-en-quintana-roo-para-el-mes-de-diciembre\/","twitter_card":"summary_large_image","twitter_title":"Repuntan reservaciones del mercado estadounidense en Quintana Roo para el mes de diciembre - Nitu - Noticias de la Industria Turistica","twitter_description":"La Secretaria de Turismo en el estado de Quintana Roo, Marisol Vanegas P\u00e9rez, anunci\u00f3 el repunte de las reservaciones del mercado estadounidense.","twitter_image":"https:\/\/nitu.mx\/wp-content\/uploads\/2018\/01\/inicio-ley-seca-en-quintana-roo-5017d85f9c0a8187c64503c81e8645da.jpg","twitter_creator":"@NITUmx","twitter_site":"@Arturo_Medina_G","twitter_misc":{"Escrito por":"Redacci\u00f3n","Tiempo de lectura":"2 minutos"},"schema":{"@context":"https:\/\/schema.org","@graph":[{"@type":"Article","@id":"https:\/\/nitu.mx\/index.php\/2019\/12\/03\/repuntan-reservaciones-del-mercado-estadounidense-en-quintana-roo-para-el-mes-de-diciembre\/#article","isPartOf":{"@id":"https:\/\/nitu.mx\/index.php\/2019\/12\/03\/repuntan-reservaciones-del-mercado-estadounidense-en-quintana-roo-para-el-mes-de-diciembre\/"},"author":{"name":"Redacci\u00f3n","@id":"https:\/\/nitu.mx\/#\/schema\/person\/4a28fe9bd65924f7c90623773daf1b0b"},"headline":"Repuntan reservaciones del mercado estadounidense en Quintana Roo para el mes de diciembre","datePublished":"2019-12-03T06:04:33+00:00","dateModified":"2019-12-03T06:16:24+00:00","mainEntityOfPage":{"@id":"https:\/\/nitu.mx\/index.php\/2019\/12\/03\/repuntan-reservaciones-del-mercado-estadounidense-en-quintana-roo-para-el-mes-de-diciembre\/"},"wordCount":380,"commentCount":0,"publisher":{"@id":"https:\/\/nitu.mx\/#\/schema\/person\/ae7a53426417292d3dd07b45a33e01bc"},"image":{"@id":"https:\/\/nitu.mx\/index.php\/2019\/12\/03\/repuntan-reservaciones-del-mercado-estadounidense-en-quintana-roo-para-el-mes-de-diciembre\/#primaryimage"},"thumbnailUrl":"https:\/\/nitu.mx\/wp-content\/uploads\/2018\/01\/inicio-ley-seca-en-quintana-roo-5017d85f9c0a8187c64503c81e8645da.jpg","keywords":["Marisol Vanegas P\u00e9rez","repunte","reservaciones del mercado estadounidense","Secretar\u00eda de Turismo en el estado de Quintana Roo","temporada decembrinas"],"articleSection":["Destinos","Hoteles"],"inLanguage":"es-MX","potentialAction":[{"@type":"CommentAction","name":"Comment","target":["https:\/\/nitu.mx\/index.php\/2019\/12\/03\/repuntan-reservaciones-del-mercado-estadounidense-en-quintana-roo-para-el-mes-de-diciembre\/#respond"]}]},{"@type":"WebPage","@id":"https:\/\/nitu.mx\/index.php\/2019\/12\/03\/repuntan-reservaciones-del-mercado-estadounidense-en-quintana-roo-para-el-mes-de-diciembre\/","url":"https:\/\/nitu.mx\/index.php\/2019\/12\/03\/repuntan-reservaciones-del-mercado-estadounidense-en-quintana-roo-para-el-mes-de-diciembre\/","name":"Repuntan reservaciones del mercado estadounidense en Quintana Roo para el mes de diciembre - Nitu - Noticias de la Industria Turistica","isPartOf":{"@id":"https:\/\/nitu.mx\/#website"},"primaryImageOfPage":{"@id":"https:\/\/nitu.mx\/index.php\/2019\/12\/03\/repuntan-reservaciones-del-mercado-estadounidense-en-quintana-roo-para-el-mes-de-diciembre\/#primaryimage"},"image":{"@id":"https:\/\/nitu.mx\/index.php\/2019\/12\/03\/repuntan-reservaciones-del-mercado-estadounidense-en-quintana-roo-para-el-mes-de-diciembre\/#primaryimage"},"thumbnailUrl":"https:\/\/nitu.mx\/wp-content\/uploads\/2018\/01\/inicio-ley-seca-en-quintana-roo-5017d85f9c0a8187c64503c81e8645da.jpg","datePublished":"2019-12-03T06:04:33+00:00","dateModified":"2019-12-03T06:16:24+00:00","description":"La Secretaria de Turismo en el estado de Quintana Roo, Marisol Vanegas P\u00e9rez, anunci\u00f3 el repunte de las reservaciones del mercado estadounidense.","breadcrumb":{"@id":"https:\/\/nitu.mx\/index.php\/2019\/12\/03\/repuntan-reservaciones-del-mercado-estadounidense-en-quintana-roo-para-el-mes-de-diciembre\/#breadcrumb"},"inLanguage":"es-MX","potentialAction":[{"@type":"ReadAction","target":["https:\/\/nitu.mx\/index.php\/2019\/12\/03\/repuntan-reservaciones-del-mercado-estadounidense-en-quintana-roo-para-el-mes-de-diciembre\/"]}]},{"@type":"ImageObject","inLanguage":"es-MX","@id":"https:\/\/nitu.mx\/index.php\/2019\/12\/03\/repuntan-reservaciones-del-mercado-estadounidense-en-quintana-roo-para-el-mes-de-diciembre\/#primaryimage","url":"https:\/\/nitu.mx\/wp-content\/uploads\/2018\/01\/inicio-ley-seca-en-quintana-roo-5017d85f9c0a8187c64503c81e8645da.jpg","contentUrl":"https:\/\/nitu.mx\/wp-content\/uploads\/2018\/01\/inicio-ley-seca-en-quintana-roo-5017d85f9c0a8187c64503c81e8645da.jpg","width":1000,"height":600,"caption":"Quintana roo"},{"@type":"BreadcrumbList","@id":"https:\/\/nitu.mx\/index.php\/2019\/12\/03\/repuntan-reservaciones-del-mercado-estadounidense-en-quintana-roo-para-el-mes-de-diciembre\/#breadcrumb","itemListElement":[{"@type":"ListItem","position":1,"name":"Inicio","item":"https:\/\/nitu.mx\/"},{"@type":"ListItem","position":2,"name":"Repuntan reservaciones del mercado estadounidense en Quintana Roo para el mes de diciembre"}]},{"@type":"WebSite","@id":"https:\/\/nitu.mx\/#website","url":"https:\/\/nitu.mx\/","name":"Nitu - Noticias de la Industria Turistica","description":"Noticias de la Industria Turistica","publisher":{"@id":"https:\/\/nitu.mx\/#\/schema\/person\/ae7a53426417292d3dd07b45a33e01bc"},"alternateName":"Noticias de la Industria Turistica","potentialAction":[{"@type":"SearchAction","target":{"@type":"EntryPoint","urlTemplate":"https:\/\/nitu.mx\/?s={search_term_string}"},"query-input":"required name=search_term_string"}],"inLanguage":"es-MX"},{"@type":["Person","Organization"],"@id":"https:\/\/nitu.mx\/#\/schema\/person\/ae7a53426417292d3dd07b45a33e01bc","name":"Arturo Medina","image":{"@type":"ImageObject","inLanguage":"es-MX","@id":"https:\/\/nitu.mx\/#\/schema\/person\/image\/","url":"https:\/\/nitu.mx\/wp-content\/uploads\/2024\/04\/4A315622-1904-4D5C-B022-878CDC840E04-90x90-1.jpeg","contentUrl":"https:\/\/nitu.mx\/wp-content\/uploads\/2024\/04\/4A315622-1904-4D5C-B022-878CDC840E04-90x90-1.jpeg","width":90,"height":90,"caption":"Arturo Medina"},"logo":{"@id":"https:\/\/nitu.mx\/#\/schema\/person\/image\/"},"description":"Director NITU.mx, Egresado de la Escuela de Periodismo Carlos Septi\u00e9n Garc\u00eda. Periodista y analista especializado en turismo desde hace 35 a\u00f1os, radicado en Canc\u00fan Q.Roo. arturo@nitu.mx","sameAs":["https:\/\/nitu.mx","https:\/\/www.facebook.com\/NITUmx\/","medinacancun","https:\/\/twitter.com\/@Arturo_Medina_G"]},{"@type":"Person","@id":"https:\/\/nitu.mx\/#\/schema\/person\/4a28fe9bd65924f7c90623773daf1b0b","name":"Redacci\u00f3n","image":{"@type":"ImageObject","inLanguage":"es-MX","@id":"https:\/\/nitu.mx\/#\/schema\/person\/image\/","url":"https:\/\/secure.gravatar.com\/avatar\/5dd011c8ccfc5cd7e4c81e42252aab38?s=96&d=mm&r=g","contentUrl":"https:\/\/secure.gravatar.com\/avatar\/5dd011c8ccfc5cd7e4c81e42252aab38?s=96&d=mm&r=g","caption":"Redacci\u00f3n"},"url":"https:\/\/nitu.mx\/index.php\/author\/redaccion\/"}]}},"views":210,"_links":{"self":[{"href":"https:\/\/nitu.mx\/index.php\/wp-json\/wp\/v2\/posts\/37924"}],"collection":[{"href":"https:\/\/nitu.mx\/index.php\/wp-json\/wp\/v2\/posts"}],"about":[{"href":"https:\/\/nitu.mx\/index.php\/wp-json\/wp\/v2\/types\/post"}],"author":[{"embeddable":true,"href":"https:\/\/nitu.mx\/index.php\/wp-json\/wp\/v2\/users\/17"}],"replies":[{"embeddable":true,"href":"https:\/\/nitu.mx\/index.php\/wp-json\/wp\/v2\/comments?post=37924"}],"version-history":[{"count":4,"href":"https:\/\/nitu.mx\/index.php\/wp-json\/wp\/v2\/posts\/37924\/revisions"}],"predecessor-version":[{"id":37960,"href":"https:\/\/nitu.mx\/index.php\/wp-json\/wp\/v2\/posts\/37924\/revisions\/37960"}],"wp:featuredmedia":[{"embeddable":true,"href":"https:\/\/nitu.mx\/index.php\/wp-json\/wp\/v2\/media\/16228"}],"wp:attachment":[{"href":"https:\/\/nitu.mx\/index.php\/wp-json\/wp\/v2\/media?parent=37924"}],"wp:term":[{"taxonomy":"category","embeddable":true,"href":"https:\/\/nitu.mx\/index.php\/wp-json\/wp\/v2\/categories?post=37924"},{"taxonomy":"post_tag","embeddable":true,"href":"https:\/\/nitu.mx\/index.php\/wp-json\/wp\/v2\/tags?post=37924"}],"curies":[{"name":"wp","href":"https:\/\/api.w.org\/{rel}","templated":true}]}}