{"id":37814,"date":"2019-11-28T00:09:22","date_gmt":"2019-11-28T05:09:22","guid":{"rendered":"https:\/\/www.dev.nitu.mx\/?p=37814"},"modified":"2019-11-28T00:46:43","modified_gmt":"2019-11-28T05:46:43","slug":"promovera-actriz-brasilena-cancun-y-la-riviera-maya","status":"publish","type":"post","link":"https:\/\/nitu.mx\/index.php\/2019\/11\/28\/promovera-actriz-brasilena-cancun-y-la-riviera-maya\/","title":{"rendered":"Promover\u00e1 actriz brasile\u00f1a Canc\u00fan y la Riviera Maya"},"content":{"rendered":"<p>&nbsp;<\/p>\n<p>La marca cancunense Vacacionante formaliz\u00f3 una alianza internacional con la actriz brasile\u00f1a Deborah Secco para promover Canc\u00fan y la Riviera Maya.<\/p>\n<p>En d\u00edas pasados se llev\u00f3 a cabo la filmaci\u00f3n de la campa\u00f1a Partiu Caribe, de Vacacionante,\u00a0 marca perteneciente a Marketing 4 Sunset Group, empresa cancunense liderada por\u00a0 Erika Garc\u00eda y Orlando Arroyo Marroqu\u00edn.<\/p>\n<p>Vacacionante es un programa dedicado a la promoci\u00f3n y venta de paquetes tur\u00edsticos al mercado latinoamericano e hispanoparlante en Estados Unidos y Canad\u00e1.<\/p>\n<p>Como parte de los esfuerzos de marketing, en esta ocasi\u00f3n realiz\u00f3 una alianza internacional con la actriz brasile\u00f1a Deborah Secco, con el fin de incrementar el posicionamiento de la marca en Brasil.<\/p>\n<p>La actriz tiene una carrera de m\u00e1s de 30 a\u00f1os, en los cuales ha participado en diversas campa\u00f1as publicitarias y ha realizado un importante trabajo en televisi\u00f3n, cine y teatro. Ha sido imagen de marcas como O Botic\u00e1rio, HOPE, Hawaiian, Crystal, Coca-Cola y Volkswagen.<\/p>\n<p>Adem\u00e1s, ha destacado en portadas de algunas de revistas importantes, como Top Magazine, Bazaar, Glamour, Marie Clarie, Trip, Fitness, Fresco, Joyce Pascowitch, GQ, VIP, Cool Magazine y WOW. Actualmente filma la telenovela Salve-se Quem Puder que se estrenar\u00e1 en 2020 con diversas locaciones en Canc\u00fan. (<a title=\"Cancunense Vacacionante realiza alianza internacional\u00a0 para promover Canc\u00fan en Brasil\" href=\"https:\/\/www.dev.nitu.mx\/index.php\/2019\/11\/12\/cancunense-vacacionante-realiza-alianza-internacional-para-promover-cancun-en-brasil\/\" rel=\"bookmark\">Cancunense Vacacionante realiza alianza internacional\u00a0 para promover Canc\u00fan en Brasil<\/a>).<\/p>\n<p>Por su parte, Vacacionante tiene una larga experiencia en el campo de alianzas con celebridades. Anteriormente ha realizado exitosas campa\u00f1as con personalidades como Julio C\u00e9sar Ch\u00e1vez, Rafa M\u00e1rquez, La Chilindrina, Iv\u00e1n Zamorano, entre otros, las cuales atrajeron a m\u00e1s de 120 mil turistas al Caribe mexicano.<\/p>\n<p>La campa\u00f1a Partiu Caribe ser\u00e1 lanzada a inicios de 2020\u00a0 con una gran inversi\u00f3n en pautas de TeVe y redes sociales y se espera que genere la venta de alrededor de 2 mil 580 paquetes vacacionales. Entre las locaciones que podr\u00e1n verse en el comercial est\u00e1n Hacienda Tres R\u00edos Resort Spa &amp; Nature Park, Sunset Royal Beach Resort y Sunset Admiral Yacht Club &amp; Marina, propiedades de Grupo Sunset World. (Infoquintanaroo).<\/p>\n","protected":false},"excerpt":{"rendered":"<p>&nbsp; La marca cancunense Vacacionante formaliz\u00f3 una alianza internacional con la actriz brasile\u00f1a Deborah Secco para promover Canc\u00fan y la Riviera Maya. En d\u00edas pasados se llev\u00f3 a cabo la filmaci\u00f3n de la campa\u00f1a Partiu Caribe, de Vacacionante,\u00a0 marca perteneciente a Marketing 4 Sunset Group, empresa cancunense liderada por\u00a0 Erika Garc\u00eda y Orlando Arroyo Marroqu\u00edn. [&hellip;]<\/p>\n","protected":false},"author":17,"featured_media":37824,"comment_status":"open","ping_status":"open","sticky":false,"template":"","format":"standard","meta":{"footnotes":""},"categories":[5,12],"tags":[43,17906,17908,18107,80],"yoast_head":"<!-- This site is optimized with the Yoast SEO plugin v22.2 - https:\/\/yoast.com\/wordpress\/plugins\/seo\/ -->\n<title>Promover\u00e1 actriz brasile\u00f1a Canc\u00fan y la Riviera Maya - Nitu - Noticias de la Industria Turistica<\/title>\n<meta name=\"description\" content=\"La marca cancunense Vacacionante formaliz\u00f3 una alianza internacional con la actriz brasile\u00f1a Deborah Secco para promover Canc\u00fan y la Riviera Maya.\" \/>\n<meta name=\"robots\" content=\"index, follow, max-snippet:-1, max-image-preview:large, max-video-preview:-1\" \/>\n<link rel=\"canonical\" href=\"https:\/\/nitu.mx\/index.php\/2019\/11\/28\/promovera-actriz-brasilena-cancun-y-la-riviera-maya\/\" \/>\n<meta name=\"twitter:card\" content=\"summary_large_image\" \/>\n<meta name=\"twitter:title\" content=\"Promover\u00e1 actriz brasile\u00f1a Canc\u00fan y la Riviera Maya - Nitu - Noticias de la Industria Turistica\" \/>\n<meta name=\"twitter:description\" content=\"La marca cancunense Vacacionante formaliz\u00f3 una alianza internacional con la actriz brasile\u00f1a Deborah Secco para promover Canc\u00fan y la Riviera Maya.\" \/>\n<meta name=\"twitter:image\" content=\"https:\/\/nitu.mx\/wp-content\/uploads\/2019\/11\/camapan\u0303a-actriz-brasilen\u0303a.jpg\" \/>\n<meta name=\"twitter:creator\" content=\"@NITUmx\" \/>\n<meta name=\"twitter:site\" content=\"@Arturo_Medina_G\" \/>\n<meta name=\"twitter:label1\" content=\"Escrito por\" \/>\n\t<meta name=\"twitter:data1\" content=\"Redacci\u00f3n\" \/>\n\t<meta name=\"twitter:label2\" content=\"Tiempo de lectura\" \/>\n\t<meta name=\"twitter:data2\" content=\"2 minutos\" \/>\n<script type=\"application\/ld+json\" class=\"yoast-schema-graph\">{\"@context\":\"https:\/\/schema.org\",\"@graph\":[{\"@type\":\"Article\",\"@id\":\"https:\/\/nitu.mx\/index.php\/2019\/11\/28\/promovera-actriz-brasilena-cancun-y-la-riviera-maya\/#article\",\"isPartOf\":{\"@id\":\"https:\/\/nitu.mx\/index.php\/2019\/11\/28\/promovera-actriz-brasilena-cancun-y-la-riviera-maya\/\"},\"author\":{\"name\":\"Redacci\u00f3n\",\"@id\":\"https:\/\/nitu.mx\/#\/schema\/person\/4a28fe9bd65924f7c90623773daf1b0b\"},\"headline\":\"Promover\u00e1 actriz brasile\u00f1a Canc\u00fan y la Riviera Maya\",\"datePublished\":\"2019-11-28T05:09:22+00:00\",\"dateModified\":\"2019-11-28T05:46:43+00:00\",\"mainEntityOfPage\":{\"@id\":\"https:\/\/nitu.mx\/index.php\/2019\/11\/28\/promovera-actriz-brasilena-cancun-y-la-riviera-maya\/\"},\"wordCount\":359,\"commentCount\":0,\"publisher\":{\"@id\":\"https:\/\/nitu.mx\/#\/schema\/person\/ae7a53426417292d3dd07b45a33e01bc\"},\"image\":{\"@id\":\"https:\/\/nitu.mx\/index.php\/2019\/11\/28\/promovera-actriz-brasilena-cancun-y-la-riviera-maya\/#primaryimage\"},\"thumbnailUrl\":\"https:\/\/nitu.mx\/wp-content\/uploads\/2019\/11\/camapan\u0303a-actriz-brasilen\u0303a.jpg\",\"keywords\":[\"Canc\u00fan\",\"Cancunense Vacacionante\",\"Deborah Secco\",\"la actriz brasile\u00f1a\",\"Riviera Maya\"],\"articleSection\":[\"Destinos\",\"Marketing\"],\"inLanguage\":\"es-MX\",\"potentialAction\":[{\"@type\":\"CommentAction\",\"name\":\"Comment\",\"target\":[\"https:\/\/nitu.mx\/index.php\/2019\/11\/28\/promovera-actriz-brasilena-cancun-y-la-riviera-maya\/#respond\"]}]},{\"@type\":\"WebPage\",\"@id\":\"https:\/\/nitu.mx\/index.php\/2019\/11\/28\/promovera-actriz-brasilena-cancun-y-la-riviera-maya\/\",\"url\":\"https:\/\/nitu.mx\/index.php\/2019\/11\/28\/promovera-actriz-brasilena-cancun-y-la-riviera-maya\/\",\"name\":\"Promover\u00e1 actriz brasile\u00f1a Canc\u00fan y la Riviera Maya - Nitu - Noticias de la Industria Turistica\",\"isPartOf\":{\"@id\":\"https:\/\/nitu.mx\/#website\"},\"primaryImageOfPage\":{\"@id\":\"https:\/\/nitu.mx\/index.php\/2019\/11\/28\/promovera-actriz-brasilena-cancun-y-la-riviera-maya\/#primaryimage\"},\"image\":{\"@id\":\"https:\/\/nitu.mx\/index.php\/2019\/11\/28\/promovera-actriz-brasilena-cancun-y-la-riviera-maya\/#primaryimage\"},\"thumbnailUrl\":\"https:\/\/nitu.mx\/wp-content\/uploads\/2019\/11\/camapan\u0303a-actriz-brasilen\u0303a.jpg\",\"datePublished\":\"2019-11-28T05:09:22+00:00\",\"dateModified\":\"2019-11-28T05:46:43+00:00\",\"description\":\"La marca cancunense Vacacionante formaliz\u00f3 una alianza internacional con la actriz brasile\u00f1a Deborah Secco para promover Canc\u00fan y la Riviera Maya.\",\"breadcrumb\":{\"@id\":\"https:\/\/nitu.mx\/index.php\/2019\/11\/28\/promovera-actriz-brasilena-cancun-y-la-riviera-maya\/#breadcrumb\"},\"inLanguage\":\"es-MX\",\"potentialAction\":[{\"@type\":\"ReadAction\",\"target\":[\"https:\/\/nitu.mx\/index.php\/2019\/11\/28\/promovera-actriz-brasilena-cancun-y-la-riviera-maya\/\"]}]},{\"@type\":\"ImageObject\",\"inLanguage\":\"es-MX\",\"@id\":\"https:\/\/nitu.mx\/index.php\/2019\/11\/28\/promovera-actriz-brasilena-cancun-y-la-riviera-maya\/#primaryimage\",\"url\":\"https:\/\/nitu.mx\/wp-content\/uploads\/2019\/11\/camapan\u0303a-actriz-brasilen\u0303a.jpg\",\"contentUrl\":\"https:\/\/nitu.mx\/wp-content\/uploads\/2019\/11\/camapan\u0303a-actriz-brasilen\u0303a.jpg\",\"width\":850,\"height\":480,\"caption\":\"camapan\u0303a actriz brasilen\u0303a\"},{\"@type\":\"BreadcrumbList\",\"@id\":\"https:\/\/nitu.mx\/index.php\/2019\/11\/28\/promovera-actriz-brasilena-cancun-y-la-riviera-maya\/#breadcrumb\",\"itemListElement\":[{\"@type\":\"ListItem\",\"position\":1,\"name\":\"Inicio\",\"item\":\"https:\/\/nitu.mx\/\"},{\"@type\":\"ListItem\",\"position\":2,\"name\":\"Promover\u00e1 actriz brasile\u00f1a Canc\u00fan y la Riviera Maya\"}]},{\"@type\":\"WebSite\",\"@id\":\"https:\/\/nitu.mx\/#website\",\"url\":\"https:\/\/nitu.mx\/\",\"name\":\"Nitu - Noticias de la Industria Turistica\",\"description\":\"Noticias de la Industria Turistica\",\"publisher\":{\"@id\":\"https:\/\/nitu.mx\/#\/schema\/person\/ae7a53426417292d3dd07b45a33e01bc\"},\"alternateName\":\"Noticias de la Industria Turistica\",\"potentialAction\":[{\"@type\":\"SearchAction\",\"target\":{\"@type\":\"EntryPoint\",\"urlTemplate\":\"https:\/\/nitu.mx\/?s={search_term_string}\"},\"query-input\":\"required name=search_term_string\"}],\"inLanguage\":\"es-MX\"},{\"@type\":[\"Person\",\"Organization\"],\"@id\":\"https:\/\/nitu.mx\/#\/schema\/person\/ae7a53426417292d3dd07b45a33e01bc\",\"name\":\"Arturo Medina\",\"image\":{\"@type\":\"ImageObject\",\"inLanguage\":\"es-MX\",\"@id\":\"https:\/\/nitu.mx\/#\/schema\/person\/image\/\",\"url\":\"https:\/\/nitu.mx\/wp-content\/uploads\/2024\/04\/4A315622-1904-4D5C-B022-878CDC840E04-90x90-1.jpeg\",\"contentUrl\":\"https:\/\/nitu.mx\/wp-content\/uploads\/2024\/04\/4A315622-1904-4D5C-B022-878CDC840E04-90x90-1.jpeg\",\"width\":90,\"height\":90,\"caption\":\"Arturo Medina\"},\"logo\":{\"@id\":\"https:\/\/nitu.mx\/#\/schema\/person\/image\/\"},\"description\":\"Director NITU.mx, Egresado de la Escuela de Periodismo Carlos Septi\u00e9n Garc\u00eda. Periodista y analista especializado en turismo desde hace 35 a\u00f1os, radicado en Canc\u00fan Q.Roo. arturo@nitu.mx\",\"sameAs\":[\"https:\/\/nitu.mx\",\"https:\/\/www.facebook.com\/NITUmx\/\",\"medinacancun\",\"https:\/\/twitter.com\/@Arturo_Medina_G\"]},{\"@type\":\"Person\",\"@id\":\"https:\/\/nitu.mx\/#\/schema\/person\/4a28fe9bd65924f7c90623773daf1b0b\",\"name\":\"Redacci\u00f3n\",\"image\":{\"@type\":\"ImageObject\",\"inLanguage\":\"es-MX\",\"@id\":\"https:\/\/nitu.mx\/#\/schema\/person\/image\/\",\"url\":\"https:\/\/secure.gravatar.com\/avatar\/5dd011c8ccfc5cd7e4c81e42252aab38?s=96&d=mm&r=g\",\"contentUrl\":\"https:\/\/secure.gravatar.com\/avatar\/5dd011c8ccfc5cd7e4c81e42252aab38?s=96&d=mm&r=g\",\"caption\":\"Redacci\u00f3n\"},\"url\":\"https:\/\/nitu.mx\/index.php\/author\/redaccion\/\"}]}<\/script>\n<!-- \/ Yoast SEO plugin. -->","yoast_head_json":{"title":"Promover\u00e1 actriz brasile\u00f1a Canc\u00fan y la Riviera Maya - Nitu - Noticias de la Industria Turistica","description":"La marca cancunense Vacacionante formaliz\u00f3 una alianza internacional con la actriz brasile\u00f1a Deborah Secco para promover Canc\u00fan y la Riviera Maya.","robots":{"index":"index","follow":"follow","max-snippet":"max-snippet:-1","max-image-preview":"max-image-preview:large","max-video-preview":"max-video-preview:-1"},"canonical":"https:\/\/nitu.mx\/index.php\/2019\/11\/28\/promovera-actriz-brasilena-cancun-y-la-riviera-maya\/","twitter_card":"summary_large_image","twitter_title":"Promover\u00e1 actriz brasile\u00f1a Canc\u00fan y la Riviera Maya - Nitu - Noticias de la Industria Turistica","twitter_description":"La marca cancunense Vacacionante formaliz\u00f3 una alianza internacional con la actriz brasile\u00f1a Deborah Secco para promover Canc\u00fan y la Riviera Maya.","twitter_image":"https:\/\/nitu.mx\/wp-content\/uploads\/2019\/11\/camapan\u0303a-actriz-brasilen\u0303a.jpg","twitter_creator":"@NITUmx","twitter_site":"@Arturo_Medina_G","twitter_misc":{"Escrito por":"Redacci\u00f3n","Tiempo de lectura":"2 minutos"},"schema":{"@context":"https:\/\/schema.org","@graph":[{"@type":"Article","@id":"https:\/\/nitu.mx\/index.php\/2019\/11\/28\/promovera-actriz-brasilena-cancun-y-la-riviera-maya\/#article","isPartOf":{"@id":"https:\/\/nitu.mx\/index.php\/2019\/11\/28\/promovera-actriz-brasilena-cancun-y-la-riviera-maya\/"},"author":{"name":"Redacci\u00f3n","@id":"https:\/\/nitu.mx\/#\/schema\/person\/4a28fe9bd65924f7c90623773daf1b0b"},"headline":"Promover\u00e1 actriz brasile\u00f1a Canc\u00fan y la Riviera Maya","datePublished":"2019-11-28T05:09:22+00:00","dateModified":"2019-11-28T05:46:43+00:00","mainEntityOfPage":{"@id":"https:\/\/nitu.mx\/index.php\/2019\/11\/28\/promovera-actriz-brasilena-cancun-y-la-riviera-maya\/"},"wordCount":359,"commentCount":0,"publisher":{"@id":"https:\/\/nitu.mx\/#\/schema\/person\/ae7a53426417292d3dd07b45a33e01bc"},"image":{"@id":"https:\/\/nitu.mx\/index.php\/2019\/11\/28\/promovera-actriz-brasilena-cancun-y-la-riviera-maya\/#primaryimage"},"thumbnailUrl":"https:\/\/nitu.mx\/wp-content\/uploads\/2019\/11\/camapan\u0303a-actriz-brasilen\u0303a.jpg","keywords":["Canc\u00fan","Cancunense Vacacionante","Deborah Secco","la actriz brasile\u00f1a","Riviera Maya"],"articleSection":["Destinos","Marketing"],"inLanguage":"es-MX","potentialAction":[{"@type":"CommentAction","name":"Comment","target":["https:\/\/nitu.mx\/index.php\/2019\/11\/28\/promovera-actriz-brasilena-cancun-y-la-riviera-maya\/#respond"]}]},{"@type":"WebPage","@id":"https:\/\/nitu.mx\/index.php\/2019\/11\/28\/promovera-actriz-brasilena-cancun-y-la-riviera-maya\/","url":"https:\/\/nitu.mx\/index.php\/2019\/11\/28\/promovera-actriz-brasilena-cancun-y-la-riviera-maya\/","name":"Promover\u00e1 actriz brasile\u00f1a Canc\u00fan y la Riviera Maya - Nitu - Noticias de la Industria Turistica","isPartOf":{"@id":"https:\/\/nitu.mx\/#website"},"primaryImageOfPage":{"@id":"https:\/\/nitu.mx\/index.php\/2019\/11\/28\/promovera-actriz-brasilena-cancun-y-la-riviera-maya\/#primaryimage"},"image":{"@id":"https:\/\/nitu.mx\/index.php\/2019\/11\/28\/promovera-actriz-brasilena-cancun-y-la-riviera-maya\/#primaryimage"},"thumbnailUrl":"https:\/\/nitu.mx\/wp-content\/uploads\/2019\/11\/camapan\u0303a-actriz-brasilen\u0303a.jpg","datePublished":"2019-11-28T05:09:22+00:00","dateModified":"2019-11-28T05:46:43+00:00","description":"La marca cancunense Vacacionante formaliz\u00f3 una alianza internacional con la actriz brasile\u00f1a Deborah Secco para promover Canc\u00fan y la Riviera Maya.","breadcrumb":{"@id":"https:\/\/nitu.mx\/index.php\/2019\/11\/28\/promovera-actriz-brasilena-cancun-y-la-riviera-maya\/#breadcrumb"},"inLanguage":"es-MX","potentialAction":[{"@type":"ReadAction","target":["https:\/\/nitu.mx\/index.php\/2019\/11\/28\/promovera-actriz-brasilena-cancun-y-la-riviera-maya\/"]}]},{"@type":"ImageObject","inLanguage":"es-MX","@id":"https:\/\/nitu.mx\/index.php\/2019\/11\/28\/promovera-actriz-brasilena-cancun-y-la-riviera-maya\/#primaryimage","url":"https:\/\/nitu.mx\/wp-content\/uploads\/2019\/11\/camapan\u0303a-actriz-brasilen\u0303a.jpg","contentUrl":"https:\/\/nitu.mx\/wp-content\/uploads\/2019\/11\/camapan\u0303a-actriz-brasilen\u0303a.jpg","width":850,"height":480,"caption":"camapan\u0303a actriz brasilen\u0303a"},{"@type":"BreadcrumbList","@id":"https:\/\/nitu.mx\/index.php\/2019\/11\/28\/promovera-actriz-brasilena-cancun-y-la-riviera-maya\/#breadcrumb","itemListElement":[{"@type":"ListItem","position":1,"name":"Inicio","item":"https:\/\/nitu.mx\/"},{"@type":"ListItem","position":2,"name":"Promover\u00e1 actriz brasile\u00f1a Canc\u00fan y la Riviera Maya"}]},{"@type":"WebSite","@id":"https:\/\/nitu.mx\/#website","url":"https:\/\/nitu.mx\/","name":"Nitu - Noticias de la Industria Turistica","description":"Noticias de la Industria Turistica","publisher":{"@id":"https:\/\/nitu.mx\/#\/schema\/person\/ae7a53426417292d3dd07b45a33e01bc"},"alternateName":"Noticias de la Industria Turistica","potentialAction":[{"@type":"SearchAction","target":{"@type":"EntryPoint","urlTemplate":"https:\/\/nitu.mx\/?s={search_term_string}"},"query-input":"required name=search_term_string"}],"inLanguage":"es-MX"},{"@type":["Person","Organization"],"@id":"https:\/\/nitu.mx\/#\/schema\/person\/ae7a53426417292d3dd07b45a33e01bc","name":"Arturo Medina","image":{"@type":"ImageObject","inLanguage":"es-MX","@id":"https:\/\/nitu.mx\/#\/schema\/person\/image\/","url":"https:\/\/nitu.mx\/wp-content\/uploads\/2024\/04\/4A315622-1904-4D5C-B022-878CDC840E04-90x90-1.jpeg","contentUrl":"https:\/\/nitu.mx\/wp-content\/uploads\/2024\/04\/4A315622-1904-4D5C-B022-878CDC840E04-90x90-1.jpeg","width":90,"height":90,"caption":"Arturo Medina"},"logo":{"@id":"https:\/\/nitu.mx\/#\/schema\/person\/image\/"},"description":"Director NITU.mx, Egresado de la Escuela de Periodismo Carlos Septi\u00e9n Garc\u00eda. Periodista y analista especializado en turismo desde hace 35 a\u00f1os, radicado en Canc\u00fan Q.Roo. arturo@nitu.mx","sameAs":["https:\/\/nitu.mx","https:\/\/www.facebook.com\/NITUmx\/","medinacancun","https:\/\/twitter.com\/@Arturo_Medina_G"]},{"@type":"Person","@id":"https:\/\/nitu.mx\/#\/schema\/person\/4a28fe9bd65924f7c90623773daf1b0b","name":"Redacci\u00f3n","image":{"@type":"ImageObject","inLanguage":"es-MX","@id":"https:\/\/nitu.mx\/#\/schema\/person\/image\/","url":"https:\/\/secure.gravatar.com\/avatar\/5dd011c8ccfc5cd7e4c81e42252aab38?s=96&d=mm&r=g","contentUrl":"https:\/\/secure.gravatar.com\/avatar\/5dd011c8ccfc5cd7e4c81e42252aab38?s=96&d=mm&r=g","caption":"Redacci\u00f3n"},"url":"https:\/\/nitu.mx\/index.php\/author\/redaccion\/"}]}},"views":432,"_links":{"self":[{"href":"https:\/\/nitu.mx\/index.php\/wp-json\/wp\/v2\/posts\/37814"}],"collection":[{"href":"https:\/\/nitu.mx\/index.php\/wp-json\/wp\/v2\/posts"}],"about":[{"href":"https:\/\/nitu.mx\/index.php\/wp-json\/wp\/v2\/types\/post"}],"author":[{"embeddable":true,"href":"https:\/\/nitu.mx\/index.php\/wp-json\/wp\/v2\/users\/17"}],"replies":[{"embeddable":true,"href":"https:\/\/nitu.mx\/index.php\/wp-json\/wp\/v2\/comments?post=37814"}],"version-history":[{"count":4,"href":"https:\/\/nitu.mx\/index.php\/wp-json\/wp\/v2\/posts\/37814\/revisions"}],"predecessor-version":[{"id":37826,"href":"https:\/\/nitu.mx\/index.php\/wp-json\/wp\/v2\/posts\/37814\/revisions\/37826"}],"wp:featuredmedia":[{"embeddable":true,"href":"https:\/\/nitu.mx\/index.php\/wp-json\/wp\/v2\/media\/37824"}],"wp:attachment":[{"href":"https:\/\/nitu.mx\/index.php\/wp-json\/wp\/v2\/media?parent=37814"}],"wp:term":[{"taxonomy":"category","embeddable":true,"href":"https:\/\/nitu.mx\/index.php\/wp-json\/wp\/v2\/categories?post=37814"},{"taxonomy":"post_tag","embeddable":true,"href":"https:\/\/nitu.mx\/index.php\/wp-json\/wp\/v2\/tags?post=37814"}],"curies":[{"name":"wp","href":"https:\/\/api.w.org\/{rel}","templated":true}]}}