{"id":37764,"date":"2019-11-27T00:07:38","date_gmt":"2019-11-27T05:07:38","guid":{"rendered":"https:\/\/www.dev.nitu.mx\/?p=37764"},"modified":"2019-11-27T01:14:33","modified_gmt":"2019-11-27T06:14:33","slug":"lista-la-17a-edicion-del-riviera-maya-jazz-festival","status":"publish","type":"post","link":"https:\/\/nitu.mx\/index.php\/2019\/11\/27\/lista-la-17a-edicion-del-riviera-maya-jazz-festival\/","title":{"rendered":"Lista la 17\u00aa edici\u00f3n del Riviera Maya Jazz Festival"},"content":{"rendered":"<p>&nbsp;<\/p>\n<p>Todo est\u00e1 listo para que este viernes arranque la 17\u00aa edici\u00f3n del Riviera Maya Jazz Festival, una de las acciones incluidas en la estrategia de mercadotecnia y promoci\u00f3n de la Riviera Maya en los Estados Unidos, manifest\u00f3 Dar\u00edo Flota Ocampo, director del Consejo de Promoci\u00f3n Tur\u00edstica de Quintana Roo (CPTQ), quien desde hace 15 a\u00f1os forma parte del comit\u00e9 organizador.<\/p>\n<p>\u201cEl pasado s\u00e1bado llegaron los tractocamiones con la parte pesada del equipo de iluminaci\u00f3n y sonido y ya se est\u00e1 terminando de montar el escenario. Estamos listos para recibir a la gente en los conciertos de viernes, s\u00e1bado y domingo a partir de las 7 de la noche con entrada gratuita en Mamita\u2019s Beach Club, en un festival considerado entre los 10 mejores\u00a0 del mundo\u201d.<\/p>\n<p>Adem\u00e1s, desde la semana pasada, la Direcci\u00f3n de Cultura del Ayuntamiento, con apoyo de la Secretar\u00eda de Cultura federal, desarrolla un programa alterno al Riviera Maya Jazz Festival, que incluy\u00f3 presentaciones de grupos locales en diferentes puntos de Playa del Carmen y conferencias, de modo que el evento se enriqueci\u00f3 y del 23 de noviembre al 1 de diciembre se tendr\u00e1n actividades relacionadas con el jazz en Playa del Carmen.<\/p>\n<p>\u201cTendremos, como siempre, una combinaci\u00f3n de talento nacional e internacional, con una variedad en el origen de los m\u00fasicos\u201d.<\/p>\n<p>El entrevistado record\u00f3 que el Riviera Maya Jazz Festival se abrir\u00e1 el viernes con la m\u00fasica de una banda mexicana que se llama Sr. Mandril, la cual combina rock, funk, jazz; luego se presentar\u00e1 Magos Herrera, poseedora de una de las voces m\u00e1s expresivas del jazz contempor\u00e1neo, quien estuvo en la tercera edici\u00f3n del festival, en 2005, cuando el elenco incluy\u00f3 s\u00f3lo a mujeres mexicanas cantantes de jazz y hoy retorna con una carrera consolidada y exitos\u00edsima, y cierra el cubano Chucho Vald\u00e9s, uno de los mejores pianistas del mundo, catalogado entre los cuatro mejores jazzistas del orbe, con una banda que se llama Jazz Bat\u00e1, que hace remembranza a lo que cre\u00f3 en Cuba con el grupo Irakere, que revolucion\u00f3 el jazz al incorporar los instrumentos y el sonido africano.<\/p>\n<p>\u201cEl s\u00e1bado abrimos con una cantante mexicana muy joven, Natalia Marrokin, quien a su corta edad ya tiene muchos \u00e9xitos en su carrera, becada en la escuela de Berklee en Boston, quien interpreta soul y blues y dar\u00e1 paso al talento y la belleza de la brasile\u00f1a Eliane Elias y a su singular talento para fusionar el jazz con la bossa nova, y cerraremos con Trombone Shorty &amp; Orleans Avenue, de Nueva Orle\u00e1ns, un jazz muy tradicional\u201d.<\/p>\n<p>La creatividad de Natalia Marrokin endulzar\u00e1 la noche con canciones de soul y blues; la pianista brasile\u00f1a Eliane Elias deleitar\u00e1 al p\u00fablico con su singular talento para fusionar el jazz con la bossa nova, y con un trepidante y sensual espect\u00e1culo, Trombone Shorty &amp; Orleans Avenue te\u00f1ir\u00e1 de carisma y emoci\u00f3n el cierre del segundo d\u00eda del festival en el escenario de Mamita\u2019s Beach Club.<\/p>\n<p>El domingo abrir\u00e1 un cuarteto vocal, New York Voices, luego se presentar\u00e1 una banda que puede ser poco conocida, pero que en Inglaterra ha causado sensaci\u00f3n con su mezcla de funk y jazz; luego, PBug y cerramos con UB40, con pop reggae.<\/p>\n<p>\u201cSi bien el Festival es parte de la estrategia de mercadotecnia y promoci\u00f3n de la Riviera Maya en los Estados Unidos, la ventaja de que sea aqu\u00ed es que se ofrece a la gente local la oportunidad de disfrutar estos conciertos. Adem\u00e1s, es motivo de orgullo traer cada a\u00f1o a personalidades musicales de talla internacional que comparten su talento con los cerca de 50 mil seguidores que asisten gratuitamente\u201d.<\/p>\n<p>Por \u00faltimo, coment\u00f3 que ayer recibi\u00f3 el reporte de la agencia en Estados Unidos, la cual inform\u00f3 que ya hay 140 notas publicadas en medios internacionales sobre el Festival, las cuales han tenido un alcance de m\u00e1s de 20 millones de personas. (Palco Quintanarroense).\u00a0<a title=\"Playa del Carmen vibrar\u00e1 en la 17\u00aa edici\u00f3n de Riviera Maya Jazz Festival 2019\" href=\"https:\/\/www.dev.nitu.mx\/index.php\/2019\/10\/10\/playa-del-carmen-vibrara-en-la-17a-edicion-de-riviera-maya-jazz-festival-2019\/\" rel=\"bookmark\">(Playa del Carmen vibrar\u00e1 en la 17\u00aa edici\u00f3n de Riviera Maya Jazz Festival 2019<\/a>).<\/p>\n","protected":false},"excerpt":{"rendered":"<p>&nbsp; Todo est\u00e1 listo para que este viernes arranque la 17\u00aa edici\u00f3n del Riviera Maya Jazz Festival, una de las acciones incluidas en la estrategia de mercadotecnia y promoci\u00f3n de la Riviera Maya en los Estados Unidos, manifest\u00f3 Dar\u00edo Flota Ocampo, director del Consejo de Promoci\u00f3n Tur\u00edstica de Quintana Roo (CPTQ), quien desde hace 15 [&hellip;]<\/p>\n","protected":false},"author":17,"featured_media":27111,"comment_status":"open","ping_status":"open","sticky":false,"template":"","format":"standard","meta":{"footnotes":""},"categories":[5,12],"tags":[18069,43,405,260],"yoast_head":"<!-- This site is optimized with the Yoast SEO plugin v22.2 - https:\/\/yoast.com\/wordpress\/plugins\/seo\/ -->\n<title>Lista la 17\u00aa edici\u00f3n del Riviera Maya Jazz Festival - Nitu - Noticias de la Industria Turistica<\/title>\n<meta name=\"description\" content=\"Todo est\u00e1 listo para la 17\u00aa edici\u00f3n del Riviera Maya Jazz Festival, una de las acciones incluidas en la estrategia de mercadotecnia y promoci\u00f3n.\" \/>\n<meta name=\"robots\" content=\"index, follow, max-snippet:-1, max-image-preview:large, max-video-preview:-1\" \/>\n<link rel=\"canonical\" href=\"https:\/\/nitu.mx\/index.php\/2019\/11\/27\/lista-la-17a-edicion-del-riviera-maya-jazz-festival\/\" \/>\n<meta name=\"twitter:card\" content=\"summary_large_image\" \/>\n<meta name=\"twitter:title\" content=\"Lista la 17\u00aa edici\u00f3n del Riviera Maya Jazz Festival - Nitu - Noticias de la Industria Turistica\" \/>\n<meta name=\"twitter:description\" content=\"Todo est\u00e1 listo para la 17\u00aa edici\u00f3n del Riviera Maya Jazz Festival, una de las acciones incluidas en la estrategia de mercadotecnia y promoci\u00f3n.\" \/>\n<meta name=\"twitter:image\" content=\"https:\/\/nitu.mx\/wp-content\/uploads\/2018\/11\/Riviera-Maya-Jazz.jpg\" \/>\n<meta name=\"twitter:creator\" content=\"@NITUmx\" \/>\n<meta name=\"twitter:site\" content=\"@Arturo_Medina_G\" \/>\n<meta name=\"twitter:label1\" content=\"Escrito por\" \/>\n\t<meta name=\"twitter:data1\" content=\"Redacci\u00f3n\" \/>\n\t<meta name=\"twitter:label2\" content=\"Tiempo de lectura\" \/>\n\t<meta name=\"twitter:data2\" content=\"3 minutos\" \/>\n<script type=\"application\/ld+json\" class=\"yoast-schema-graph\">{\"@context\":\"https:\/\/schema.org\",\"@graph\":[{\"@type\":\"Article\",\"@id\":\"https:\/\/nitu.mx\/index.php\/2019\/11\/27\/lista-la-17a-edicion-del-riviera-maya-jazz-festival\/#article\",\"isPartOf\":{\"@id\":\"https:\/\/nitu.mx\/index.php\/2019\/11\/27\/lista-la-17a-edicion-del-riviera-maya-jazz-festival\/\"},\"author\":{\"name\":\"Redacci\u00f3n\",\"@id\":\"https:\/\/nitu.mx\/#\/schema\/person\/4a28fe9bd65924f7c90623773daf1b0b\"},\"headline\":\"Lista la 17\u00aa edici\u00f3n del Riviera Maya Jazz Festival\",\"datePublished\":\"2019-11-27T05:07:38+00:00\",\"dateModified\":\"2019-11-27T06:14:33+00:00\",\"mainEntityOfPage\":{\"@id\":\"https:\/\/nitu.mx\/index.php\/2019\/11\/27\/lista-la-17a-edicion-del-riviera-maya-jazz-festival\/\"},\"wordCount\":693,\"commentCount\":0,\"publisher\":{\"@id\":\"https:\/\/nitu.mx\/#\/schema\/person\/ae7a53426417292d3dd07b45a33e01bc\"},\"image\":{\"@id\":\"https:\/\/nitu.mx\/index.php\/2019\/11\/27\/lista-la-17a-edicion-del-riviera-maya-jazz-festival\/#primaryimage\"},\"thumbnailUrl\":\"https:\/\/nitu.mx\/wp-content\/uploads\/2018\/11\/Riviera-Maya-Jazz.jpg\",\"keywords\":[\"17\u00aa edici\u00f3n del Riviera Maya Jazz Festival\",\"Canc\u00fan\",\"Playa del Carmen\",\"Quintana Roo\"],\"articleSection\":[\"Destinos\",\"Marketing\"],\"inLanguage\":\"es-MX\",\"potentialAction\":[{\"@type\":\"CommentAction\",\"name\":\"Comment\",\"target\":[\"https:\/\/nitu.mx\/index.php\/2019\/11\/27\/lista-la-17a-edicion-del-riviera-maya-jazz-festival\/#respond\"]}]},{\"@type\":\"WebPage\",\"@id\":\"https:\/\/nitu.mx\/index.php\/2019\/11\/27\/lista-la-17a-edicion-del-riviera-maya-jazz-festival\/\",\"url\":\"https:\/\/nitu.mx\/index.php\/2019\/11\/27\/lista-la-17a-edicion-del-riviera-maya-jazz-festival\/\",\"name\":\"Lista la 17\u00aa edici\u00f3n del Riviera Maya Jazz Festival - Nitu - Noticias de la Industria Turistica\",\"isPartOf\":{\"@id\":\"https:\/\/nitu.mx\/#website\"},\"primaryImageOfPage\":{\"@id\":\"https:\/\/nitu.mx\/index.php\/2019\/11\/27\/lista-la-17a-edicion-del-riviera-maya-jazz-festival\/#primaryimage\"},\"image\":{\"@id\":\"https:\/\/nitu.mx\/index.php\/2019\/11\/27\/lista-la-17a-edicion-del-riviera-maya-jazz-festival\/#primaryimage\"},\"thumbnailUrl\":\"https:\/\/nitu.mx\/wp-content\/uploads\/2018\/11\/Riviera-Maya-Jazz.jpg\",\"datePublished\":\"2019-11-27T05:07:38+00:00\",\"dateModified\":\"2019-11-27T06:14:33+00:00\",\"description\":\"Todo est\u00e1 listo para la 17\u00aa edici\u00f3n del Riviera Maya Jazz Festival, una de las acciones incluidas en la estrategia de mercadotecnia y promoci\u00f3n.\",\"breadcrumb\":{\"@id\":\"https:\/\/nitu.mx\/index.php\/2019\/11\/27\/lista-la-17a-edicion-del-riviera-maya-jazz-festival\/#breadcrumb\"},\"inLanguage\":\"es-MX\",\"potentialAction\":[{\"@type\":\"ReadAction\",\"target\":[\"https:\/\/nitu.mx\/index.php\/2019\/11\/27\/lista-la-17a-edicion-del-riviera-maya-jazz-festival\/\"]}]},{\"@type\":\"ImageObject\",\"inLanguage\":\"es-MX\",\"@id\":\"https:\/\/nitu.mx\/index.php\/2019\/11\/27\/lista-la-17a-edicion-del-riviera-maya-jazz-festival\/#primaryimage\",\"url\":\"https:\/\/nitu.mx\/wp-content\/uploads\/2018\/11\/Riviera-Maya-Jazz.jpg\",\"contentUrl\":\"https:\/\/nitu.mx\/wp-content\/uploads\/2018\/11\/Riviera-Maya-Jazz.jpg\",\"width\":850,\"height\":480,\"caption\":\"Riviera Maya Jazz Festival\"},{\"@type\":\"BreadcrumbList\",\"@id\":\"https:\/\/nitu.mx\/index.php\/2019\/11\/27\/lista-la-17a-edicion-del-riviera-maya-jazz-festival\/#breadcrumb\",\"itemListElement\":[{\"@type\":\"ListItem\",\"position\":1,\"name\":\"Inicio\",\"item\":\"https:\/\/nitu.mx\/\"},{\"@type\":\"ListItem\",\"position\":2,\"name\":\"Lista la 17\u00aa edici\u00f3n del Riviera Maya Jazz Festival\"}]},{\"@type\":\"WebSite\",\"@id\":\"https:\/\/nitu.mx\/#website\",\"url\":\"https:\/\/nitu.mx\/\",\"name\":\"Nitu - Noticias de la Industria Turistica\",\"description\":\"Noticias de la Industria Turistica\",\"publisher\":{\"@id\":\"https:\/\/nitu.mx\/#\/schema\/person\/ae7a53426417292d3dd07b45a33e01bc\"},\"alternateName\":\"Noticias de la Industria Turistica\",\"potentialAction\":[{\"@type\":\"SearchAction\",\"target\":{\"@type\":\"EntryPoint\",\"urlTemplate\":\"https:\/\/nitu.mx\/?s={search_term_string}\"},\"query-input\":\"required name=search_term_string\"}],\"inLanguage\":\"es-MX\"},{\"@type\":[\"Person\",\"Organization\"],\"@id\":\"https:\/\/nitu.mx\/#\/schema\/person\/ae7a53426417292d3dd07b45a33e01bc\",\"name\":\"Arturo Medina\",\"image\":{\"@type\":\"ImageObject\",\"inLanguage\":\"es-MX\",\"@id\":\"https:\/\/nitu.mx\/#\/schema\/person\/image\/\",\"url\":\"https:\/\/nitu.mx\/wp-content\/uploads\/2024\/04\/4A315622-1904-4D5C-B022-878CDC840E04-90x90-1.jpeg\",\"contentUrl\":\"https:\/\/nitu.mx\/wp-content\/uploads\/2024\/04\/4A315622-1904-4D5C-B022-878CDC840E04-90x90-1.jpeg\",\"width\":90,\"height\":90,\"caption\":\"Arturo Medina\"},\"logo\":{\"@id\":\"https:\/\/nitu.mx\/#\/schema\/person\/image\/\"},\"description\":\"Director NITU.mx, Egresado de la Escuela de Periodismo Carlos Septi\u00e9n Garc\u00eda. Periodista y analista especializado en turismo desde hace 35 a\u00f1os, radicado en Canc\u00fan Q.Roo. arturo@nitu.mx\",\"sameAs\":[\"https:\/\/nitu.mx\",\"https:\/\/www.facebook.com\/NITUmx\/\",\"medinacancun\",\"https:\/\/twitter.com\/@Arturo_Medina_G\"]},{\"@type\":\"Person\",\"@id\":\"https:\/\/nitu.mx\/#\/schema\/person\/4a28fe9bd65924f7c90623773daf1b0b\",\"name\":\"Redacci\u00f3n\",\"image\":{\"@type\":\"ImageObject\",\"inLanguage\":\"es-MX\",\"@id\":\"https:\/\/nitu.mx\/#\/schema\/person\/image\/\",\"url\":\"https:\/\/secure.gravatar.com\/avatar\/5dd011c8ccfc5cd7e4c81e42252aab38?s=96&d=mm&r=g\",\"contentUrl\":\"https:\/\/secure.gravatar.com\/avatar\/5dd011c8ccfc5cd7e4c81e42252aab38?s=96&d=mm&r=g\",\"caption\":\"Redacci\u00f3n\"},\"url\":\"https:\/\/nitu.mx\/index.php\/author\/redaccion\/\"}]}<\/script>\n<!-- \/ Yoast SEO plugin. -->","yoast_head_json":{"title":"Lista la 17\u00aa edici\u00f3n del Riviera Maya Jazz Festival - Nitu - Noticias de la Industria Turistica","description":"Todo est\u00e1 listo para la 17\u00aa edici\u00f3n del Riviera Maya Jazz Festival, una de las acciones incluidas en la estrategia de mercadotecnia y promoci\u00f3n.","robots":{"index":"index","follow":"follow","max-snippet":"max-snippet:-1","max-image-preview":"max-image-preview:large","max-video-preview":"max-video-preview:-1"},"canonical":"https:\/\/nitu.mx\/index.php\/2019\/11\/27\/lista-la-17a-edicion-del-riviera-maya-jazz-festival\/","twitter_card":"summary_large_image","twitter_title":"Lista la 17\u00aa edici\u00f3n del Riviera Maya Jazz Festival - Nitu - Noticias de la Industria Turistica","twitter_description":"Todo est\u00e1 listo para la 17\u00aa edici\u00f3n del Riviera Maya Jazz Festival, una de las acciones incluidas en la estrategia de mercadotecnia y promoci\u00f3n.","twitter_image":"https:\/\/nitu.mx\/wp-content\/uploads\/2018\/11\/Riviera-Maya-Jazz.jpg","twitter_creator":"@NITUmx","twitter_site":"@Arturo_Medina_G","twitter_misc":{"Escrito por":"Redacci\u00f3n","Tiempo de lectura":"3 minutos"},"schema":{"@context":"https:\/\/schema.org","@graph":[{"@type":"Article","@id":"https:\/\/nitu.mx\/index.php\/2019\/11\/27\/lista-la-17a-edicion-del-riviera-maya-jazz-festival\/#article","isPartOf":{"@id":"https:\/\/nitu.mx\/index.php\/2019\/11\/27\/lista-la-17a-edicion-del-riviera-maya-jazz-festival\/"},"author":{"name":"Redacci\u00f3n","@id":"https:\/\/nitu.mx\/#\/schema\/person\/4a28fe9bd65924f7c90623773daf1b0b"},"headline":"Lista la 17\u00aa edici\u00f3n del Riviera Maya Jazz Festival","datePublished":"2019-11-27T05:07:38+00:00","dateModified":"2019-11-27T06:14:33+00:00","mainEntityOfPage":{"@id":"https:\/\/nitu.mx\/index.php\/2019\/11\/27\/lista-la-17a-edicion-del-riviera-maya-jazz-festival\/"},"wordCount":693,"commentCount":0,"publisher":{"@id":"https:\/\/nitu.mx\/#\/schema\/person\/ae7a53426417292d3dd07b45a33e01bc"},"image":{"@id":"https:\/\/nitu.mx\/index.php\/2019\/11\/27\/lista-la-17a-edicion-del-riviera-maya-jazz-festival\/#primaryimage"},"thumbnailUrl":"https:\/\/nitu.mx\/wp-content\/uploads\/2018\/11\/Riviera-Maya-Jazz.jpg","keywords":["17\u00aa edici\u00f3n del Riviera Maya Jazz Festival","Canc\u00fan","Playa del Carmen","Quintana Roo"],"articleSection":["Destinos","Marketing"],"inLanguage":"es-MX","potentialAction":[{"@type":"CommentAction","name":"Comment","target":["https:\/\/nitu.mx\/index.php\/2019\/11\/27\/lista-la-17a-edicion-del-riviera-maya-jazz-festival\/#respond"]}]},{"@type":"WebPage","@id":"https:\/\/nitu.mx\/index.php\/2019\/11\/27\/lista-la-17a-edicion-del-riviera-maya-jazz-festival\/","url":"https:\/\/nitu.mx\/index.php\/2019\/11\/27\/lista-la-17a-edicion-del-riviera-maya-jazz-festival\/","name":"Lista la 17\u00aa edici\u00f3n del Riviera Maya Jazz Festival - Nitu - Noticias de la Industria Turistica","isPartOf":{"@id":"https:\/\/nitu.mx\/#website"},"primaryImageOfPage":{"@id":"https:\/\/nitu.mx\/index.php\/2019\/11\/27\/lista-la-17a-edicion-del-riviera-maya-jazz-festival\/#primaryimage"},"image":{"@id":"https:\/\/nitu.mx\/index.php\/2019\/11\/27\/lista-la-17a-edicion-del-riviera-maya-jazz-festival\/#primaryimage"},"thumbnailUrl":"https:\/\/nitu.mx\/wp-content\/uploads\/2018\/11\/Riviera-Maya-Jazz.jpg","datePublished":"2019-11-27T05:07:38+00:00","dateModified":"2019-11-27T06:14:33+00:00","description":"Todo est\u00e1 listo para la 17\u00aa edici\u00f3n del Riviera Maya Jazz Festival, una de las acciones incluidas en la estrategia de mercadotecnia y promoci\u00f3n.","breadcrumb":{"@id":"https:\/\/nitu.mx\/index.php\/2019\/11\/27\/lista-la-17a-edicion-del-riviera-maya-jazz-festival\/#breadcrumb"},"inLanguage":"es-MX","potentialAction":[{"@type":"ReadAction","target":["https:\/\/nitu.mx\/index.php\/2019\/11\/27\/lista-la-17a-edicion-del-riviera-maya-jazz-festival\/"]}]},{"@type":"ImageObject","inLanguage":"es-MX","@id":"https:\/\/nitu.mx\/index.php\/2019\/11\/27\/lista-la-17a-edicion-del-riviera-maya-jazz-festival\/#primaryimage","url":"https:\/\/nitu.mx\/wp-content\/uploads\/2018\/11\/Riviera-Maya-Jazz.jpg","contentUrl":"https:\/\/nitu.mx\/wp-content\/uploads\/2018\/11\/Riviera-Maya-Jazz.jpg","width":850,"height":480,"caption":"Riviera Maya Jazz Festival"},{"@type":"BreadcrumbList","@id":"https:\/\/nitu.mx\/index.php\/2019\/11\/27\/lista-la-17a-edicion-del-riviera-maya-jazz-festival\/#breadcrumb","itemListElement":[{"@type":"ListItem","position":1,"name":"Inicio","item":"https:\/\/nitu.mx\/"},{"@type":"ListItem","position":2,"name":"Lista la 17\u00aa edici\u00f3n del Riviera Maya Jazz Festival"}]},{"@type":"WebSite","@id":"https:\/\/nitu.mx\/#website","url":"https:\/\/nitu.mx\/","name":"Nitu - Noticias de la Industria Turistica","description":"Noticias de la Industria Turistica","publisher":{"@id":"https:\/\/nitu.mx\/#\/schema\/person\/ae7a53426417292d3dd07b45a33e01bc"},"alternateName":"Noticias de la Industria Turistica","potentialAction":[{"@type":"SearchAction","target":{"@type":"EntryPoint","urlTemplate":"https:\/\/nitu.mx\/?s={search_term_string}"},"query-input":"required name=search_term_string"}],"inLanguage":"es-MX"},{"@type":["Person","Organization"],"@id":"https:\/\/nitu.mx\/#\/schema\/person\/ae7a53426417292d3dd07b45a33e01bc","name":"Arturo Medina","image":{"@type":"ImageObject","inLanguage":"es-MX","@id":"https:\/\/nitu.mx\/#\/schema\/person\/image\/","url":"https:\/\/nitu.mx\/wp-content\/uploads\/2024\/04\/4A315622-1904-4D5C-B022-878CDC840E04-90x90-1.jpeg","contentUrl":"https:\/\/nitu.mx\/wp-content\/uploads\/2024\/04\/4A315622-1904-4D5C-B022-878CDC840E04-90x90-1.jpeg","width":90,"height":90,"caption":"Arturo Medina"},"logo":{"@id":"https:\/\/nitu.mx\/#\/schema\/person\/image\/"},"description":"Director NITU.mx, Egresado de la Escuela de Periodismo Carlos Septi\u00e9n Garc\u00eda. Periodista y analista especializado en turismo desde hace 35 a\u00f1os, radicado en Canc\u00fan Q.Roo. arturo@nitu.mx","sameAs":["https:\/\/nitu.mx","https:\/\/www.facebook.com\/NITUmx\/","medinacancun","https:\/\/twitter.com\/@Arturo_Medina_G"]},{"@type":"Person","@id":"https:\/\/nitu.mx\/#\/schema\/person\/4a28fe9bd65924f7c90623773daf1b0b","name":"Redacci\u00f3n","image":{"@type":"ImageObject","inLanguage":"es-MX","@id":"https:\/\/nitu.mx\/#\/schema\/person\/image\/","url":"https:\/\/secure.gravatar.com\/avatar\/5dd011c8ccfc5cd7e4c81e42252aab38?s=96&d=mm&r=g","contentUrl":"https:\/\/secure.gravatar.com\/avatar\/5dd011c8ccfc5cd7e4c81e42252aab38?s=96&d=mm&r=g","caption":"Redacci\u00f3n"},"url":"https:\/\/nitu.mx\/index.php\/author\/redaccion\/"}]}},"views":473,"_links":{"self":[{"href":"https:\/\/nitu.mx\/index.php\/wp-json\/wp\/v2\/posts\/37764"}],"collection":[{"href":"https:\/\/nitu.mx\/index.php\/wp-json\/wp\/v2\/posts"}],"about":[{"href":"https:\/\/nitu.mx\/index.php\/wp-json\/wp\/v2\/types\/post"}],"author":[{"embeddable":true,"href":"https:\/\/nitu.mx\/index.php\/wp-json\/wp\/v2\/users\/17"}],"replies":[{"embeddable":true,"href":"https:\/\/nitu.mx\/index.php\/wp-json\/wp\/v2\/comments?post=37764"}],"version-history":[{"count":3,"href":"https:\/\/nitu.mx\/index.php\/wp-json\/wp\/v2\/posts\/37764\/revisions"}],"predecessor-version":[{"id":37787,"href":"https:\/\/nitu.mx\/index.php\/wp-json\/wp\/v2\/posts\/37764\/revisions\/37787"}],"wp:featuredmedia":[{"embeddable":true,"href":"https:\/\/nitu.mx\/index.php\/wp-json\/wp\/v2\/media\/27111"}],"wp:attachment":[{"href":"https:\/\/nitu.mx\/index.php\/wp-json\/wp\/v2\/media?parent=37764"}],"wp:term":[{"taxonomy":"category","embeddable":true,"href":"https:\/\/nitu.mx\/index.php\/wp-json\/wp\/v2\/categories?post=37764"},{"taxonomy":"post_tag","embeddable":true,"href":"https:\/\/nitu.mx\/index.php\/wp-json\/wp\/v2\/tags?post=37764"}],"curies":[{"name":"wp","href":"https:\/\/api.w.org\/{rel}","templated":true}]}}