{"id":37689,"date":"2019-11-25T00:34:13","date_gmt":"2019-11-25T05:34:13","guid":{"rendered":"https:\/\/www.dev.nitu.mx\/?p=37689"},"modified":"2019-11-25T00:54:25","modified_gmt":"2019-11-25T05:54:25","slug":"grand-sens-cancun-la-nueva-idea-de-oasis-hotels-abrira-el-proximo-10-de-diciembre","status":"publish","type":"post","link":"https:\/\/nitu.mx\/index.php\/2019\/11\/25\/grand-sens-cancun-la-nueva-idea-de-oasis-hotels-abrira-el-proximo-10-de-diciembre\/","title":{"rendered":"Grand Sens Canc\u00fan, la nueva idea de Oasis Hotels abrir\u00e1 el pr\u00f3ximo 10 de diciembre"},"content":{"rendered":"<p>&nbsp;<\/p>\n<p>El nuevo resort all inclusive de la cadena espa\u00f1ola Oasis de Pedro Pueyo, el &#8220;Grand Sens Canc\u00fan&#8221;, abrir\u00e1 sus puertas el pr\u00f3ximo 10 de diciembre de 2019. Se trata de un complejo solo para adultos que ofrecer\u00e1n espacios exclusivos y sofisticados con una valiosa colecci\u00f3n de actividades y experiencias, ideal para disfrutar una escapada rom\u00e1ntica en vacaciones.<\/p>\n<p>El hotel contar\u00e1 con 359 habitaciones, divididas en 147 Ocean View, 112 Sunset View y 100 Standard.<\/p>\n<p>Asimismo, los hu\u00e9spedes podr\u00e1n optar por alojarse en The Sian Ka\u2019an at Sens Canc\u00fan, un resort de lujo que ofrecer\u00e1 una experiencia de confort y estilo superior en sus 40 suites Sian Ka\u2019an, todas con balc\u00f3n o terraza (8 Sian Ka\u2019an Master Suite y 32 Sian Ka\u2019an Junior Suite); a la vez de brindar acceso a las \u00e1reas para adultos de The Pyramid at Grand Canc\u00fan a trav\u00e9s del servicio Luxury Sian Ka\u2019an Runaway e incluir atenci\u00f3n personalizada, beneficios Premium y el alquiler de auto para visitar Canc\u00fan y la Riviera Maya.<\/p>\n<p>En lo que respecta a la oferta gastron\u00f3mica, el Grand Sens Canc\u00fan posee m\u00faltiples bares y restaurantes de especialidades entre los que destaca el Benazuza -considerado como el n\u00famero 1 en el top 10 de restaurantes de M\u00e9xico y el 5to a nivel mundial seg\u00fan TripAdvisor- con deliciosos platos que combinan creativamente lo mejor de la cocina internacional, adem\u00e1s de exquisiteces culinarias con matices mexicanos.<\/p>\n<p>Dentro del resort, la diversi\u00f3n tomar\u00e1 un rumbo diferente al caer el sol con fiestas tem\u00e1ticas y espect\u00e1culos en vivo para adultos o eventos especiales que tienen lugar en los bares, piscinas (fiesta de la espuma), discotecas e incluso en un barco pirata.\u00a0<a title=\"AMResorts firma acuerdo con Oasis para administrar dos hoteles en Caribe Mexicano\" href=\"https:\/\/www.dev.nitu.mx\/index.php\/2019\/03\/13\/amresorts-firma-acuerdo-con-oasis-para-administrar-dos-hoteles-en-caribe-mexicano\/\" rel=\"bookmark\">(AMResorts firma acuerdo con Oasis para administrar dos hoteles en Caribe Mexicano<\/a>).<\/p>\n","protected":false},"excerpt":{"rendered":"<p>&nbsp; El nuevo resort all inclusive de la cadena espa\u00f1ola Oasis de Pedro Pueyo, el &#8220;Grand Sens Canc\u00fan&#8221;, abrir\u00e1 sus puertas el pr\u00f3ximo 10 de diciembre de 2019. Se trata de un complejo solo para adultos que ofrecer\u00e1n espacios exclusivos y sofisticados con una valiosa colecci\u00f3n de actividades y experiencias, ideal para disfrutar una escapada [&hellip;]<\/p>\n","protected":false},"author":3,"featured_media":37698,"comment_status":"open","ping_status":"open","sticky":false,"template":"","format":"standard","meta":{"footnotes":""},"categories":[5,2],"tags":[18048,5885,43,18049,18050,35],"yoast_head":"<!-- This site is optimized with the Yoast SEO plugin v22.2 - https:\/\/yoast.com\/wordpress\/plugins\/seo\/ -->\n<title>Grand Sens Canc\u00fan, la nueva idea de Oasis Hotels abrir\u00e1 el pr\u00f3ximo 10 de diciembre - Nitu - Noticias de la Industria Turistica<\/title>\n<meta name=\"description\" content=\"El nuevo resort all inclusive de la cadena espa\u00f1ola Oasis de Pedro Pueyo, el &quot;Grand Sens Canc\u00fan&quot;, abrir\u00e1 sus puertas el pr\u00f3ximo 10 de diciembre de 2019.\" \/>\n<meta name=\"robots\" content=\"index, follow, max-snippet:-1, max-image-preview:large, max-video-preview:-1\" \/>\n<link rel=\"canonical\" href=\"https:\/\/nitu.mx\/index.php\/2019\/11\/25\/grand-sens-cancun-la-nueva-idea-de-oasis-hotels-abrira-el-proximo-10-de-diciembre\/\" \/>\n<meta name=\"twitter:card\" content=\"summary_large_image\" \/>\n<meta name=\"twitter:title\" content=\"Grand Sens Canc\u00fan, la nueva idea de Oasis Hotels abrir\u00e1 el pr\u00f3ximo 10 de diciembre - Nitu - Noticias de la Industria Turistica\" \/>\n<meta name=\"twitter:description\" content=\"El nuevo resort all inclusive de la cadena espa\u00f1ola Oasis de Pedro Pueyo, el &quot;Grand Sens Canc\u00fan&quot;, abrir\u00e1 sus puertas el pr\u00f3ximo 10 de diciembre de 2019.\" \/>\n<meta name=\"twitter:image\" content=\"https:\/\/nitu.mx\/wp-content\/uploads\/2019\/11\/Grand-Sens-Canc\u00fan.jpg\" \/>\n<meta name=\"twitter:creator\" content=\"@NITUmx\" \/>\n<meta name=\"twitter:site\" content=\"@Arturo_Medina_G\" \/>\n<meta name=\"twitter:label1\" content=\"Escrito por\" \/>\n\t<meta name=\"twitter:data1\" content=\"Alejandra Moncisbays\" \/>\n\t<meta name=\"twitter:label2\" content=\"Tiempo de lectura\" \/>\n\t<meta name=\"twitter:data2\" content=\"2 minutos\" \/>\n<script type=\"application\/ld+json\" class=\"yoast-schema-graph\">{\"@context\":\"https:\/\/schema.org\",\"@graph\":[{\"@type\":\"Article\",\"@id\":\"https:\/\/nitu.mx\/index.php\/2019\/11\/25\/grand-sens-cancun-la-nueva-idea-de-oasis-hotels-abrira-el-proximo-10-de-diciembre\/#article\",\"isPartOf\":{\"@id\":\"https:\/\/nitu.mx\/index.php\/2019\/11\/25\/grand-sens-cancun-la-nueva-idea-de-oasis-hotels-abrira-el-proximo-10-de-diciembre\/\"},\"author\":{\"name\":\"Alejandra Moncisbays\",\"@id\":\"https:\/\/nitu.mx\/#\/schema\/person\/2ecd887b19dfd3382d1f14fc5acf24a8\"},\"headline\":\"Grand Sens Canc\u00fan, la nueva idea de Oasis Hotels abrir\u00e1 el pr\u00f3ximo 10 de diciembre\",\"datePublished\":\"2019-11-25T05:34:13+00:00\",\"dateModified\":\"2019-11-25T05:54:25+00:00\",\"mainEntityOfPage\":{\"@id\":\"https:\/\/nitu.mx\/index.php\/2019\/11\/25\/grand-sens-cancun-la-nueva-idea-de-oasis-hotels-abrira-el-proximo-10-de-diciembre\/\"},\"wordCount\":321,\"commentCount\":0,\"publisher\":{\"@id\":\"https:\/\/nitu.mx\/#\/schema\/person\/ae7a53426417292d3dd07b45a33e01bc\"},\"image\":{\"@id\":\"https:\/\/nitu.mx\/index.php\/2019\/11\/25\/grand-sens-cancun-la-nueva-idea-de-oasis-hotels-abrira-el-proximo-10-de-diciembre\/#primaryimage\"},\"thumbnailUrl\":\"https:\/\/nitu.mx\/wp-content\/uploads\/2019\/11\/Grand-Sens-Canc\u00fan.jpg\",\"keywords\":[\"Alejandra Teich\",\"all Inclusive\",\"Canc\u00fan\",\"Catalina Sydor\",\"Grand Sens Canc\u00fan\",\"Oasis\"],\"articleSection\":[\"Destinos\",\"Hoteles\"],\"inLanguage\":\"es-MX\",\"potentialAction\":[{\"@type\":\"CommentAction\",\"name\":\"Comment\",\"target\":[\"https:\/\/nitu.mx\/index.php\/2019\/11\/25\/grand-sens-cancun-la-nueva-idea-de-oasis-hotels-abrira-el-proximo-10-de-diciembre\/#respond\"]}]},{\"@type\":\"WebPage\",\"@id\":\"https:\/\/nitu.mx\/index.php\/2019\/11\/25\/grand-sens-cancun-la-nueva-idea-de-oasis-hotels-abrira-el-proximo-10-de-diciembre\/\",\"url\":\"https:\/\/nitu.mx\/index.php\/2019\/11\/25\/grand-sens-cancun-la-nueva-idea-de-oasis-hotels-abrira-el-proximo-10-de-diciembre\/\",\"name\":\"Grand Sens Canc\u00fan, la nueva idea de Oasis Hotels abrir\u00e1 el pr\u00f3ximo 10 de diciembre - Nitu - Noticias de la Industria Turistica\",\"isPartOf\":{\"@id\":\"https:\/\/nitu.mx\/#website\"},\"primaryImageOfPage\":{\"@id\":\"https:\/\/nitu.mx\/index.php\/2019\/11\/25\/grand-sens-cancun-la-nueva-idea-de-oasis-hotels-abrira-el-proximo-10-de-diciembre\/#primaryimage\"},\"image\":{\"@id\":\"https:\/\/nitu.mx\/index.php\/2019\/11\/25\/grand-sens-cancun-la-nueva-idea-de-oasis-hotels-abrira-el-proximo-10-de-diciembre\/#primaryimage\"},\"thumbnailUrl\":\"https:\/\/nitu.mx\/wp-content\/uploads\/2019\/11\/Grand-Sens-Canc\u00fan.jpg\",\"datePublished\":\"2019-11-25T05:34:13+00:00\",\"dateModified\":\"2019-11-25T05:54:25+00:00\",\"description\":\"El nuevo resort all inclusive de la cadena espa\u00f1ola Oasis de Pedro Pueyo, el \\\"Grand Sens Canc\u00fan\\\", abrir\u00e1 sus puertas el pr\u00f3ximo 10 de diciembre de 2019.\",\"breadcrumb\":{\"@id\":\"https:\/\/nitu.mx\/index.php\/2019\/11\/25\/grand-sens-cancun-la-nueva-idea-de-oasis-hotels-abrira-el-proximo-10-de-diciembre\/#breadcrumb\"},\"inLanguage\":\"es-MX\",\"potentialAction\":[{\"@type\":\"ReadAction\",\"target\":[\"https:\/\/nitu.mx\/index.php\/2019\/11\/25\/grand-sens-cancun-la-nueva-idea-de-oasis-hotels-abrira-el-proximo-10-de-diciembre\/\"]}]},{\"@type\":\"ImageObject\",\"inLanguage\":\"es-MX\",\"@id\":\"https:\/\/nitu.mx\/index.php\/2019\/11\/25\/grand-sens-cancun-la-nueva-idea-de-oasis-hotels-abrira-el-proximo-10-de-diciembre\/#primaryimage\",\"url\":\"https:\/\/nitu.mx\/wp-content\/uploads\/2019\/11\/Grand-Sens-Canc\u00fan.jpg\",\"contentUrl\":\"https:\/\/nitu.mx\/wp-content\/uploads\/2019\/11\/Grand-Sens-Canc\u00fan.jpg\",\"width\":850,\"height\":480,\"caption\":\"Grand Sens Canc\u00fan\"},{\"@type\":\"BreadcrumbList\",\"@id\":\"https:\/\/nitu.mx\/index.php\/2019\/11\/25\/grand-sens-cancun-la-nueva-idea-de-oasis-hotels-abrira-el-proximo-10-de-diciembre\/#breadcrumb\",\"itemListElement\":[{\"@type\":\"ListItem\",\"position\":1,\"name\":\"Inicio\",\"item\":\"https:\/\/nitu.mx\/\"},{\"@type\":\"ListItem\",\"position\":2,\"name\":\"Grand Sens Canc\u00fan, la nueva idea de Oasis Hotels abrir\u00e1 el pr\u00f3ximo 10 de diciembre\"}]},{\"@type\":\"WebSite\",\"@id\":\"https:\/\/nitu.mx\/#website\",\"url\":\"https:\/\/nitu.mx\/\",\"name\":\"Nitu - Noticias de la Industria Turistica\",\"description\":\"Noticias de la Industria Turistica\",\"publisher\":{\"@id\":\"https:\/\/nitu.mx\/#\/schema\/person\/ae7a53426417292d3dd07b45a33e01bc\"},\"alternateName\":\"Noticias de la Industria Turistica\",\"potentialAction\":[{\"@type\":\"SearchAction\",\"target\":{\"@type\":\"EntryPoint\",\"urlTemplate\":\"https:\/\/nitu.mx\/?s={search_term_string}\"},\"query-input\":\"required name=search_term_string\"}],\"inLanguage\":\"es-MX\"},{\"@type\":[\"Person\",\"Organization\"],\"@id\":\"https:\/\/nitu.mx\/#\/schema\/person\/ae7a53426417292d3dd07b45a33e01bc\",\"name\":\"Arturo Medina\",\"image\":{\"@type\":\"ImageObject\",\"inLanguage\":\"es-MX\",\"@id\":\"https:\/\/nitu.mx\/#\/schema\/person\/image\/\",\"url\":\"https:\/\/nitu.mx\/wp-content\/uploads\/2024\/04\/4A315622-1904-4D5C-B022-878CDC840E04-90x90-1.jpeg\",\"contentUrl\":\"https:\/\/nitu.mx\/wp-content\/uploads\/2024\/04\/4A315622-1904-4D5C-B022-878CDC840E04-90x90-1.jpeg\",\"width\":90,\"height\":90,\"caption\":\"Arturo Medina\"},\"logo\":{\"@id\":\"https:\/\/nitu.mx\/#\/schema\/person\/image\/\"},\"description\":\"Director NITU.mx, Egresado de la Escuela de Periodismo Carlos Septi\u00e9n Garc\u00eda. Periodista y analista especializado en turismo desde hace 35 a\u00f1os, radicado en Canc\u00fan Q.Roo. arturo@nitu.mx\",\"sameAs\":[\"https:\/\/nitu.mx\",\"https:\/\/www.facebook.com\/NITUmx\/\",\"medinacancun\",\"https:\/\/twitter.com\/@Arturo_Medina_G\"]},{\"@type\":\"Person\",\"@id\":\"https:\/\/nitu.mx\/#\/schema\/person\/2ecd887b19dfd3382d1f14fc5acf24a8\",\"name\":\"Alejandra Moncisbays\",\"image\":{\"@type\":\"ImageObject\",\"inLanguage\":\"es-MX\",\"@id\":\"https:\/\/nitu.mx\/#\/schema\/person\/image\/\",\"url\":\"https:\/\/secure.gravatar.com\/avatar\/e74f7af0be172b7804dacfd0bfbef787?s=96&d=mm&r=g\",\"contentUrl\":\"https:\/\/secure.gravatar.com\/avatar\/e74f7af0be172b7804dacfd0bfbef787?s=96&d=mm&r=g\",\"caption\":\"Alejandra Moncisbays\"},\"description\":\"Curs\u00e9 la carrera de Periodismo y Comunicaci\u00f3n en la Facultad de Estudios Profesionales Acatl\u00e1n. Vivo en Canc\u00fan desde hace 24 a\u00f1os. Fui reportera de La Tarde de Canc\u00fan, y Novedades de Quintana Roo, colabor\u00e9 en TVCUN, edit\u00e9 Cancun\u00edssimo y colabor\u00e9 en las revistas Latitud21, entre otras, con principal enfoque en los sectores empresarial y tur\u00edstico. Desde hace varios a\u00f1os soy Agente de Seguros con c\u00e9dula de la Comisi\u00f3n Nacional de Seguros y Fianzas. Actualmente, me desarrollo en los \u00e1mbitos del periodismo y el sector asegurador.\",\"sameAs\":[\"https:\/\/nitu.mx\"],\"url\":\"https:\/\/nitu.mx\/index.php\/author\/alejandra\/\"}]}<\/script>\n<!-- \/ Yoast SEO plugin. -->","yoast_head_json":{"title":"Grand Sens Canc\u00fan, la nueva idea de Oasis Hotels abrir\u00e1 el pr\u00f3ximo 10 de diciembre - Nitu - Noticias de la Industria Turistica","description":"El nuevo resort all inclusive de la cadena espa\u00f1ola Oasis de Pedro Pueyo, el \"Grand Sens Canc\u00fan\", abrir\u00e1 sus puertas el pr\u00f3ximo 10 de diciembre de 2019.","robots":{"index":"index","follow":"follow","max-snippet":"max-snippet:-1","max-image-preview":"max-image-preview:large","max-video-preview":"max-video-preview:-1"},"canonical":"https:\/\/nitu.mx\/index.php\/2019\/11\/25\/grand-sens-cancun-la-nueva-idea-de-oasis-hotels-abrira-el-proximo-10-de-diciembre\/","twitter_card":"summary_large_image","twitter_title":"Grand Sens Canc\u00fan, la nueva idea de Oasis Hotels abrir\u00e1 el pr\u00f3ximo 10 de diciembre - Nitu - Noticias de la Industria Turistica","twitter_description":"El nuevo resort all inclusive de la cadena espa\u00f1ola Oasis de Pedro Pueyo, el \"Grand Sens Canc\u00fan\", abrir\u00e1 sus puertas el pr\u00f3ximo 10 de diciembre de 2019.","twitter_image":"https:\/\/nitu.mx\/wp-content\/uploads\/2019\/11\/Grand-Sens-Canc\u00fan.jpg","twitter_creator":"@NITUmx","twitter_site":"@Arturo_Medina_G","twitter_misc":{"Escrito por":"Alejandra Moncisbays","Tiempo de lectura":"2 minutos"},"schema":{"@context":"https:\/\/schema.org","@graph":[{"@type":"Article","@id":"https:\/\/nitu.mx\/index.php\/2019\/11\/25\/grand-sens-cancun-la-nueva-idea-de-oasis-hotels-abrira-el-proximo-10-de-diciembre\/#article","isPartOf":{"@id":"https:\/\/nitu.mx\/index.php\/2019\/11\/25\/grand-sens-cancun-la-nueva-idea-de-oasis-hotels-abrira-el-proximo-10-de-diciembre\/"},"author":{"name":"Alejandra Moncisbays","@id":"https:\/\/nitu.mx\/#\/schema\/person\/2ecd887b19dfd3382d1f14fc5acf24a8"},"headline":"Grand Sens Canc\u00fan, la nueva idea de Oasis Hotels abrir\u00e1 el pr\u00f3ximo 10 de diciembre","datePublished":"2019-11-25T05:34:13+00:00","dateModified":"2019-11-25T05:54:25+00:00","mainEntityOfPage":{"@id":"https:\/\/nitu.mx\/index.php\/2019\/11\/25\/grand-sens-cancun-la-nueva-idea-de-oasis-hotels-abrira-el-proximo-10-de-diciembre\/"},"wordCount":321,"commentCount":0,"publisher":{"@id":"https:\/\/nitu.mx\/#\/schema\/person\/ae7a53426417292d3dd07b45a33e01bc"},"image":{"@id":"https:\/\/nitu.mx\/index.php\/2019\/11\/25\/grand-sens-cancun-la-nueva-idea-de-oasis-hotels-abrira-el-proximo-10-de-diciembre\/#primaryimage"},"thumbnailUrl":"https:\/\/nitu.mx\/wp-content\/uploads\/2019\/11\/Grand-Sens-Canc\u00fan.jpg","keywords":["Alejandra Teich","all Inclusive","Canc\u00fan","Catalina Sydor","Grand Sens Canc\u00fan","Oasis"],"articleSection":["Destinos","Hoteles"],"inLanguage":"es-MX","potentialAction":[{"@type":"CommentAction","name":"Comment","target":["https:\/\/nitu.mx\/index.php\/2019\/11\/25\/grand-sens-cancun-la-nueva-idea-de-oasis-hotels-abrira-el-proximo-10-de-diciembre\/#respond"]}]},{"@type":"WebPage","@id":"https:\/\/nitu.mx\/index.php\/2019\/11\/25\/grand-sens-cancun-la-nueva-idea-de-oasis-hotels-abrira-el-proximo-10-de-diciembre\/","url":"https:\/\/nitu.mx\/index.php\/2019\/11\/25\/grand-sens-cancun-la-nueva-idea-de-oasis-hotels-abrira-el-proximo-10-de-diciembre\/","name":"Grand Sens Canc\u00fan, la nueva idea de Oasis Hotels abrir\u00e1 el pr\u00f3ximo 10 de diciembre - Nitu - Noticias de la Industria Turistica","isPartOf":{"@id":"https:\/\/nitu.mx\/#website"},"primaryImageOfPage":{"@id":"https:\/\/nitu.mx\/index.php\/2019\/11\/25\/grand-sens-cancun-la-nueva-idea-de-oasis-hotels-abrira-el-proximo-10-de-diciembre\/#primaryimage"},"image":{"@id":"https:\/\/nitu.mx\/index.php\/2019\/11\/25\/grand-sens-cancun-la-nueva-idea-de-oasis-hotels-abrira-el-proximo-10-de-diciembre\/#primaryimage"},"thumbnailUrl":"https:\/\/nitu.mx\/wp-content\/uploads\/2019\/11\/Grand-Sens-Canc\u00fan.jpg","datePublished":"2019-11-25T05:34:13+00:00","dateModified":"2019-11-25T05:54:25+00:00","description":"El nuevo resort all inclusive de la cadena espa\u00f1ola Oasis de Pedro Pueyo, el \"Grand Sens Canc\u00fan\", abrir\u00e1 sus puertas el pr\u00f3ximo 10 de diciembre de 2019.","breadcrumb":{"@id":"https:\/\/nitu.mx\/index.php\/2019\/11\/25\/grand-sens-cancun-la-nueva-idea-de-oasis-hotels-abrira-el-proximo-10-de-diciembre\/#breadcrumb"},"inLanguage":"es-MX","potentialAction":[{"@type":"ReadAction","target":["https:\/\/nitu.mx\/index.php\/2019\/11\/25\/grand-sens-cancun-la-nueva-idea-de-oasis-hotels-abrira-el-proximo-10-de-diciembre\/"]}]},{"@type":"ImageObject","inLanguage":"es-MX","@id":"https:\/\/nitu.mx\/index.php\/2019\/11\/25\/grand-sens-cancun-la-nueva-idea-de-oasis-hotels-abrira-el-proximo-10-de-diciembre\/#primaryimage","url":"https:\/\/nitu.mx\/wp-content\/uploads\/2019\/11\/Grand-Sens-Canc\u00fan.jpg","contentUrl":"https:\/\/nitu.mx\/wp-content\/uploads\/2019\/11\/Grand-Sens-Canc\u00fan.jpg","width":850,"height":480,"caption":"Grand Sens Canc\u00fan"},{"@type":"BreadcrumbList","@id":"https:\/\/nitu.mx\/index.php\/2019\/11\/25\/grand-sens-cancun-la-nueva-idea-de-oasis-hotels-abrira-el-proximo-10-de-diciembre\/#breadcrumb","itemListElement":[{"@type":"ListItem","position":1,"name":"Inicio","item":"https:\/\/nitu.mx\/"},{"@type":"ListItem","position":2,"name":"Grand Sens Canc\u00fan, la nueva idea de Oasis Hotels abrir\u00e1 el pr\u00f3ximo 10 de diciembre"}]},{"@type":"WebSite","@id":"https:\/\/nitu.mx\/#website","url":"https:\/\/nitu.mx\/","name":"Nitu - Noticias de la Industria Turistica","description":"Noticias de la Industria Turistica","publisher":{"@id":"https:\/\/nitu.mx\/#\/schema\/person\/ae7a53426417292d3dd07b45a33e01bc"},"alternateName":"Noticias de la Industria Turistica","potentialAction":[{"@type":"SearchAction","target":{"@type":"EntryPoint","urlTemplate":"https:\/\/nitu.mx\/?s={search_term_string}"},"query-input":"required name=search_term_string"}],"inLanguage":"es-MX"},{"@type":["Person","Organization"],"@id":"https:\/\/nitu.mx\/#\/schema\/person\/ae7a53426417292d3dd07b45a33e01bc","name":"Arturo Medina","image":{"@type":"ImageObject","inLanguage":"es-MX","@id":"https:\/\/nitu.mx\/#\/schema\/person\/image\/","url":"https:\/\/nitu.mx\/wp-content\/uploads\/2024\/04\/4A315622-1904-4D5C-B022-878CDC840E04-90x90-1.jpeg","contentUrl":"https:\/\/nitu.mx\/wp-content\/uploads\/2024\/04\/4A315622-1904-4D5C-B022-878CDC840E04-90x90-1.jpeg","width":90,"height":90,"caption":"Arturo Medina"},"logo":{"@id":"https:\/\/nitu.mx\/#\/schema\/person\/image\/"},"description":"Director NITU.mx, Egresado de la Escuela de Periodismo Carlos Septi\u00e9n Garc\u00eda. Periodista y analista especializado en turismo desde hace 35 a\u00f1os, radicado en Canc\u00fan Q.Roo. arturo@nitu.mx","sameAs":["https:\/\/nitu.mx","https:\/\/www.facebook.com\/NITUmx\/","medinacancun","https:\/\/twitter.com\/@Arturo_Medina_G"]},{"@type":"Person","@id":"https:\/\/nitu.mx\/#\/schema\/person\/2ecd887b19dfd3382d1f14fc5acf24a8","name":"Alejandra Moncisbays","image":{"@type":"ImageObject","inLanguage":"es-MX","@id":"https:\/\/nitu.mx\/#\/schema\/person\/image\/","url":"https:\/\/secure.gravatar.com\/avatar\/e74f7af0be172b7804dacfd0bfbef787?s=96&d=mm&r=g","contentUrl":"https:\/\/secure.gravatar.com\/avatar\/e74f7af0be172b7804dacfd0bfbef787?s=96&d=mm&r=g","caption":"Alejandra Moncisbays"},"description":"Curs\u00e9 la carrera de Periodismo y Comunicaci\u00f3n en la Facultad de Estudios Profesionales Acatl\u00e1n. Vivo en Canc\u00fan desde hace 24 a\u00f1os. Fui reportera de La Tarde de Canc\u00fan, y Novedades de Quintana Roo, colabor\u00e9 en TVCUN, edit\u00e9 Cancun\u00edssimo y colabor\u00e9 en las revistas Latitud21, entre otras, con principal enfoque en los sectores empresarial y tur\u00edstico. Desde hace varios a\u00f1os soy Agente de Seguros con c\u00e9dula de la Comisi\u00f3n Nacional de Seguros y Fianzas. Actualmente, me desarrollo en los \u00e1mbitos del periodismo y el sector asegurador.","sameAs":["https:\/\/nitu.mx"],"url":"https:\/\/nitu.mx\/index.php\/author\/alejandra\/"}]}},"views":514,"_links":{"self":[{"href":"https:\/\/nitu.mx\/index.php\/wp-json\/wp\/v2\/posts\/37689"}],"collection":[{"href":"https:\/\/nitu.mx\/index.php\/wp-json\/wp\/v2\/posts"}],"about":[{"href":"https:\/\/nitu.mx\/index.php\/wp-json\/wp\/v2\/types\/post"}],"author":[{"embeddable":true,"href":"https:\/\/nitu.mx\/index.php\/wp-json\/wp\/v2\/users\/3"}],"replies":[{"embeddable":true,"href":"https:\/\/nitu.mx\/index.php\/wp-json\/wp\/v2\/comments?post=37689"}],"version-history":[{"count":3,"href":"https:\/\/nitu.mx\/index.php\/wp-json\/wp\/v2\/posts\/37689\/revisions"}],"predecessor-version":[{"id":37711,"href":"https:\/\/nitu.mx\/index.php\/wp-json\/wp\/v2\/posts\/37689\/revisions\/37711"}],"wp:featuredmedia":[{"embeddable":true,"href":"https:\/\/nitu.mx\/index.php\/wp-json\/wp\/v2\/media\/37698"}],"wp:attachment":[{"href":"https:\/\/nitu.mx\/index.php\/wp-json\/wp\/v2\/media?parent=37689"}],"wp:term":[{"taxonomy":"category","embeddable":true,"href":"https:\/\/nitu.mx\/index.php\/wp-json\/wp\/v2\/categories?post=37689"},{"taxonomy":"post_tag","embeddable":true,"href":"https:\/\/nitu.mx\/index.php\/wp-json\/wp\/v2\/tags?post=37689"}],"curies":[{"name":"wp","href":"https:\/\/api.w.org\/{rel}","templated":true}]}}