{"id":37485,"date":"2019-11-15T01:02:38","date_gmt":"2019-11-15T06:02:38","guid":{"rendered":"https:\/\/www.dev.nitu.mx\/?p=37485"},"modified":"2019-11-15T01:31:55","modified_gmt":"2019-11-15T06:31:55","slug":"amav-se-una-promocion-para-los-pueblos-magicos","status":"publish","type":"post","link":"https:\/\/nitu.mx\/index.php\/2019\/11\/15\/amav-se-una-promocion-para-los-pueblos-magicos\/","title":{"rendered":"AMAV se une a promoci\u00f3n para los Pueblos M\u00e1gicos"},"content":{"rendered":"<p>A fin de impulsar la creaci\u00f3n y comercializaci\u00f3n de nuevos productos tur\u00edsticos en el pa\u00eds e incrementar la derrama econ\u00f3mica de los visitantes, la Asociaci\u00f3n Mexicana de Agencias de Viajes (AMAV) suscribi\u00f3 un convenio de colaboraci\u00f3n con la Asociaci\u00f3n Nacional de Comit\u00e9s Ciudadanos de Pueblos M\u00e1gicos, que busca reforzar la promoci\u00f3n de las 121 localidades que ostentan estadenominaci\u00f3n.<\/p>\n<p>En medio de las restricciones presupuestales para promover los destinos del pa\u00eds tras la desaparici\u00f3n del Consejo de Promoci\u00f3n Tur\u00edstica de M\u00e9xico (CPTM), el convenio busca cambiar la forma de hacer negocio de los Pueblos M\u00e1gicos a trav\u00e9s de la creaci\u00f3n de productos tur\u00edsticos, los cuales hoy en d\u00eda son pr\u00e1cticamente nulos salvo algunos estados del pa\u00eds.<\/p>\n<p>El presidente de la AMAV, Eduardo Paniagua Morales, explic\u00f3 que los estados m\u00e1s avanzados en la creaci\u00f3n de productos tur\u00edsticos en sus Pueblos M\u00e1gicos son Quintana Roo, Veracruz, Tabasco, Nuevo Le\u00f3n y Chiapas, cuyos casos de \u00e9xito servir\u00e1n de base para apuntalar al resto de los Pueblos M\u00e1gicos del pa\u00eds.<\/p>\n<p>Durante ese lapso, ambas organizaciones unir\u00e1n sus fortalezas con los gobiernos municipales, estatales y federal a nivel nacional e internacional, en materia de capacitaci\u00f3n, realizaci\u00f3n de eventos, promoci\u00f3n tur\u00edstica y todo lo relacionado con los objetos sociales de cada una en beneficio de sus socios.<\/p>\n<p>Para ello, promover\u00e1n la participaci\u00f3n de sus asociados para de manera conjunta en las ferias de promoci\u00f3n tur\u00edstica, nacionales e internacionales compartiendo costos y asignando espacios de manera proporcional, as\u00ed como para que actualicen y modernicen sus p\u00e1ginas electr\u00f3nicas, incluyendo sus logotipos y frases de identificaci\u00f3n promocional.<\/p>\n<p>Asimismo, promover\u00e1n que los asociados respectivos con experiencia en materia de promoci\u00f3n, publicidad y comunicaci\u00f3n contribuyan a la definici\u00f3n de nuevas propuestas para promover el turismo en M\u00e9xico por destino, segmento y cada una de las marcas comerciales oficiales, como la marca M\u00e9xico, Pueblos M\u00e1gicos, Sitios Patrimonio de la Humanidad, Tesoros y las certificaciones oficiales que promueve la Secretar\u00eda Federal de Turismo (Sectur).<\/p>\n<p>De igual forma, apoyar\u00e1n la celebraci\u00f3n de las reuniones, congresos y cursos de capacitaci\u00f3n que organicen cada una de las asociaciones firmantes, adem\u00e1s de tener tarifas preferenciales en servicios entre ambas organizaciones y sus agremiados, as\u00ed como trato preferente en las actividades que realicen en conjunto.<\/p>\n<p>El convenio, que tendr\u00e1 una vigencia de dos a\u00f1os prorrogables por per\u00edodos iguales previa evaluaci\u00f3n de los resultados obtenidos mediante acuerdo escrito de ambas partes, fue firmado durante el Primer Tianguis de Pueblos M\u00e1gicos por Paniagua Morales; el presidente del Consejo Directivo de la Asociaci\u00f3n Nacional de Comit\u00e9s Ciudadanos de Pueblos M\u00e1gicos, Christian Berger, Trauwitz; as\u00ed como el subsecretario de Calidad y Regulaci\u00f3n de la Sectur, Humberto Hern\u00e1ndez-Haddad, y el secretario de Turismo de Hidalgo, Eduardo Ba\u00f1os G\u00f3mez, como testigos de honor.<\/p>\n<p>El Primer Tianguis de Pueblos M\u00e1gicos registr\u00f3 una afluencia de 151 mil asistentes y dejo una derrama de 147 millones de pesos, adem\u00e1s de concretar dos mil 789 citas de negocios, de las cuales mil 883 fueron programadas y 906 extras, superando 86 por ciento lo programado de manera inicial, dentro de lo cual el producto m\u00e1s demandado fue el cultural seguido del de naturaleza.<\/p>\n","protected":false},"excerpt":{"rendered":"<p>A fin de impulsar la creaci\u00f3n y comercializaci\u00f3n de nuevos productos tur\u00edsticos en el pa\u00eds e incrementar la derrama econ\u00f3mica de los visitantes, la Asociaci\u00f3n Mexicana de Agencias de Viajes (AMAV) suscribi\u00f3 un convenio de colaboraci\u00f3n con la Asociaci\u00f3n Nacional de Comit\u00e9s Ciudadanos de Pueblos M\u00e1gicos, que busca reforzar la promoci\u00f3n de las 121 localidades [&hellip;]<\/p>\n","protected":false},"author":17,"featured_media":27709,"comment_status":"open","ping_status":"open","sticky":false,"template":"","format":"standard","meta":{"footnotes":""},"categories":[3],"tags":[1891,17965,850,260,399,475],"yoast_head":"<!-- This site is optimized with the Yoast SEO plugin v22.2 - https:\/\/yoast.com\/wordpress\/plugins\/seo\/ -->\n<title>AMAV se une a promoci\u00f3n para los Pueblos M\u00e1gicos - Nitu - Noticias de la Industria Turistica<\/title>\n<meta name=\"description\" content=\"La AMAV suscribi\u00f3 un convenio de colaboraci\u00f3n con la Asociaci\u00f3n Nacional de Comit\u00e9s Ciudadanos de Pueblos M\u00e1gicos.\" \/>\n<meta name=\"robots\" content=\"index, follow, max-snippet:-1, max-image-preview:large, max-video-preview:-1\" \/>\n<link rel=\"canonical\" href=\"https:\/\/nitu.mx\/index.php\/2019\/11\/15\/amav-se-una-promocion-para-los-pueblos-magicos\/\" \/>\n<meta name=\"twitter:card\" content=\"summary_large_image\" \/>\n<meta name=\"twitter:title\" content=\"AMAV se une a promoci\u00f3n para los Pueblos M\u00e1gicos - Nitu - Noticias de la Industria Turistica\" \/>\n<meta name=\"twitter:description\" content=\"La AMAV suscribi\u00f3 un convenio de colaboraci\u00f3n con la Asociaci\u00f3n Nacional de Comit\u00e9s Ciudadanos de Pueblos M\u00e1gicos.\" \/>\n<meta name=\"twitter:image\" content=\"https:\/\/nitu.mx\/wp-content\/uploads\/2018\/12\/pueblos-magicos-amlo.jpg\" \/>\n<meta name=\"twitter:creator\" content=\"@NITUmx\" \/>\n<meta name=\"twitter:site\" content=\"@Arturo_Medina_G\" \/>\n<meta name=\"twitter:label1\" content=\"Escrito por\" \/>\n\t<meta name=\"twitter:data1\" content=\"Redacci\u00f3n\" \/>\n\t<meta name=\"twitter:label2\" content=\"Tiempo de lectura\" \/>\n\t<meta name=\"twitter:data2\" content=\"3 minutos\" \/>\n<script type=\"application\/ld+json\" class=\"yoast-schema-graph\">{\"@context\":\"https:\/\/schema.org\",\"@graph\":[{\"@type\":\"Article\",\"@id\":\"https:\/\/nitu.mx\/index.php\/2019\/11\/15\/amav-se-una-promocion-para-los-pueblos-magicos\/#article\",\"isPartOf\":{\"@id\":\"https:\/\/nitu.mx\/index.php\/2019\/11\/15\/amav-se-una-promocion-para-los-pueblos-magicos\/\"},\"author\":{\"name\":\"Redacci\u00f3n\",\"@id\":\"https:\/\/nitu.mx\/#\/schema\/person\/4a28fe9bd65924f7c90623773daf1b0b\"},\"headline\":\"AMAV se une a promoci\u00f3n para los Pueblos M\u00e1gicos\",\"datePublished\":\"2019-11-15T06:02:38+00:00\",\"dateModified\":\"2019-11-15T06:31:55+00:00\",\"mainEntityOfPage\":{\"@id\":\"https:\/\/nitu.mx\/index.php\/2019\/11\/15\/amav-se-una-promocion-para-los-pueblos-magicos\/\"},\"wordCount\":587,\"commentCount\":0,\"publisher\":{\"@id\":\"https:\/\/nitu.mx\/#\/schema\/person\/ae7a53426417292d3dd07b45a33e01bc\"},\"image\":{\"@id\":\"https:\/\/nitu.mx\/index.php\/2019\/11\/15\/amav-se-una-promocion-para-los-pueblos-magicos\/#primaryimage\"},\"thumbnailUrl\":\"https:\/\/nitu.mx\/wp-content\/uploads\/2018\/12\/pueblos-magicos-amlo.jpg\",\"keywords\":[\"Chiapas\",\"la Asociaci\u00f3n Nacional de Comit\u00e9s Ciudadanos de Pueblos M\u00e1gicos\",\"Nuevo Le\u00f3n\",\"Quintana Roo\",\"Tabasco\",\"Veracruz\"],\"articleSection\":[\"Agencias de Viajes\"],\"inLanguage\":\"es-MX\",\"potentialAction\":[{\"@type\":\"CommentAction\",\"name\":\"Comment\",\"target\":[\"https:\/\/nitu.mx\/index.php\/2019\/11\/15\/amav-se-una-promocion-para-los-pueblos-magicos\/#respond\"]}]},{\"@type\":\"WebPage\",\"@id\":\"https:\/\/nitu.mx\/index.php\/2019\/11\/15\/amav-se-una-promocion-para-los-pueblos-magicos\/\",\"url\":\"https:\/\/nitu.mx\/index.php\/2019\/11\/15\/amav-se-una-promocion-para-los-pueblos-magicos\/\",\"name\":\"AMAV se une a promoci\u00f3n para los Pueblos M\u00e1gicos - Nitu - Noticias de la Industria Turistica\",\"isPartOf\":{\"@id\":\"https:\/\/nitu.mx\/#website\"},\"primaryImageOfPage\":{\"@id\":\"https:\/\/nitu.mx\/index.php\/2019\/11\/15\/amav-se-una-promocion-para-los-pueblos-magicos\/#primaryimage\"},\"image\":{\"@id\":\"https:\/\/nitu.mx\/index.php\/2019\/11\/15\/amav-se-una-promocion-para-los-pueblos-magicos\/#primaryimage\"},\"thumbnailUrl\":\"https:\/\/nitu.mx\/wp-content\/uploads\/2018\/12\/pueblos-magicos-amlo.jpg\",\"datePublished\":\"2019-11-15T06:02:38+00:00\",\"dateModified\":\"2019-11-15T06:31:55+00:00\",\"description\":\"La AMAV suscribi\u00f3 un convenio de colaboraci\u00f3n con la Asociaci\u00f3n Nacional de Comit\u00e9s Ciudadanos de Pueblos M\u00e1gicos.\",\"breadcrumb\":{\"@id\":\"https:\/\/nitu.mx\/index.php\/2019\/11\/15\/amav-se-una-promocion-para-los-pueblos-magicos\/#breadcrumb\"},\"inLanguage\":\"es-MX\",\"potentialAction\":[{\"@type\":\"ReadAction\",\"target\":[\"https:\/\/nitu.mx\/index.php\/2019\/11\/15\/amav-se-una-promocion-para-los-pueblos-magicos\/\"]}]},{\"@type\":\"ImageObject\",\"inLanguage\":\"es-MX\",\"@id\":\"https:\/\/nitu.mx\/index.php\/2019\/11\/15\/amav-se-una-promocion-para-los-pueblos-magicos\/#primaryimage\",\"url\":\"https:\/\/nitu.mx\/wp-content\/uploads\/2018\/12\/pueblos-magicos-amlo.jpg\",\"contentUrl\":\"https:\/\/nitu.mx\/wp-content\/uploads\/2018\/12\/pueblos-magicos-amlo.jpg\",\"width\":850,\"height\":480,\"caption\":\"pueblos magicos amlo\"},{\"@type\":\"BreadcrumbList\",\"@id\":\"https:\/\/nitu.mx\/index.php\/2019\/11\/15\/amav-se-una-promocion-para-los-pueblos-magicos\/#breadcrumb\",\"itemListElement\":[{\"@type\":\"ListItem\",\"position\":1,\"name\":\"Inicio\",\"item\":\"https:\/\/nitu.mx\/\"},{\"@type\":\"ListItem\",\"position\":2,\"name\":\"AMAV se une a promoci\u00f3n para los Pueblos M\u00e1gicos\"}]},{\"@type\":\"WebSite\",\"@id\":\"https:\/\/nitu.mx\/#website\",\"url\":\"https:\/\/nitu.mx\/\",\"name\":\"Nitu - Noticias de la Industria Turistica\",\"description\":\"Noticias de la Industria Turistica\",\"publisher\":{\"@id\":\"https:\/\/nitu.mx\/#\/schema\/person\/ae7a53426417292d3dd07b45a33e01bc\"},\"alternateName\":\"Noticias de la Industria Turistica\",\"potentialAction\":[{\"@type\":\"SearchAction\",\"target\":{\"@type\":\"EntryPoint\",\"urlTemplate\":\"https:\/\/nitu.mx\/?s={search_term_string}\"},\"query-input\":\"required name=search_term_string\"}],\"inLanguage\":\"es-MX\"},{\"@type\":[\"Person\",\"Organization\"],\"@id\":\"https:\/\/nitu.mx\/#\/schema\/person\/ae7a53426417292d3dd07b45a33e01bc\",\"name\":\"Arturo Medina\",\"image\":{\"@type\":\"ImageObject\",\"inLanguage\":\"es-MX\",\"@id\":\"https:\/\/nitu.mx\/#\/schema\/person\/image\/\",\"url\":\"https:\/\/nitu.mx\/wp-content\/uploads\/2024\/04\/4A315622-1904-4D5C-B022-878CDC840E04-90x90-1.jpeg\",\"contentUrl\":\"https:\/\/nitu.mx\/wp-content\/uploads\/2024\/04\/4A315622-1904-4D5C-B022-878CDC840E04-90x90-1.jpeg\",\"width\":90,\"height\":90,\"caption\":\"Arturo Medina\"},\"logo\":{\"@id\":\"https:\/\/nitu.mx\/#\/schema\/person\/image\/\"},\"description\":\"Director NITU.mx, Egresado de la Escuela de Periodismo Carlos Septi\u00e9n Garc\u00eda. Periodista y analista especializado en turismo desde hace 35 a\u00f1os, radicado en Canc\u00fan Q.Roo. arturo@nitu.mx\",\"sameAs\":[\"https:\/\/nitu.mx\",\"https:\/\/www.facebook.com\/NITUmx\/\",\"medinacancun\",\"https:\/\/twitter.com\/@Arturo_Medina_G\"]},{\"@type\":\"Person\",\"@id\":\"https:\/\/nitu.mx\/#\/schema\/person\/4a28fe9bd65924f7c90623773daf1b0b\",\"name\":\"Redacci\u00f3n\",\"image\":{\"@type\":\"ImageObject\",\"inLanguage\":\"es-MX\",\"@id\":\"https:\/\/nitu.mx\/#\/schema\/person\/image\/\",\"url\":\"https:\/\/secure.gravatar.com\/avatar\/5dd011c8ccfc5cd7e4c81e42252aab38?s=96&d=mm&r=g\",\"contentUrl\":\"https:\/\/secure.gravatar.com\/avatar\/5dd011c8ccfc5cd7e4c81e42252aab38?s=96&d=mm&r=g\",\"caption\":\"Redacci\u00f3n\"},\"url\":\"https:\/\/nitu.mx\/index.php\/author\/redaccion\/\"}]}<\/script>\n<!-- \/ Yoast SEO plugin. -->","yoast_head_json":{"title":"AMAV se une a promoci\u00f3n para los Pueblos M\u00e1gicos - Nitu - Noticias de la Industria Turistica","description":"La AMAV suscribi\u00f3 un convenio de colaboraci\u00f3n con la Asociaci\u00f3n Nacional de Comit\u00e9s Ciudadanos de Pueblos M\u00e1gicos.","robots":{"index":"index","follow":"follow","max-snippet":"max-snippet:-1","max-image-preview":"max-image-preview:large","max-video-preview":"max-video-preview:-1"},"canonical":"https:\/\/nitu.mx\/index.php\/2019\/11\/15\/amav-se-una-promocion-para-los-pueblos-magicos\/","twitter_card":"summary_large_image","twitter_title":"AMAV se une a promoci\u00f3n para los Pueblos M\u00e1gicos - Nitu - Noticias de la Industria Turistica","twitter_description":"La AMAV suscribi\u00f3 un convenio de colaboraci\u00f3n con la Asociaci\u00f3n Nacional de Comit\u00e9s Ciudadanos de Pueblos M\u00e1gicos.","twitter_image":"https:\/\/nitu.mx\/wp-content\/uploads\/2018\/12\/pueblos-magicos-amlo.jpg","twitter_creator":"@NITUmx","twitter_site":"@Arturo_Medina_G","twitter_misc":{"Escrito por":"Redacci\u00f3n","Tiempo de lectura":"3 minutos"},"schema":{"@context":"https:\/\/schema.org","@graph":[{"@type":"Article","@id":"https:\/\/nitu.mx\/index.php\/2019\/11\/15\/amav-se-una-promocion-para-los-pueblos-magicos\/#article","isPartOf":{"@id":"https:\/\/nitu.mx\/index.php\/2019\/11\/15\/amav-se-una-promocion-para-los-pueblos-magicos\/"},"author":{"name":"Redacci\u00f3n","@id":"https:\/\/nitu.mx\/#\/schema\/person\/4a28fe9bd65924f7c90623773daf1b0b"},"headline":"AMAV se une a promoci\u00f3n para los Pueblos M\u00e1gicos","datePublished":"2019-11-15T06:02:38+00:00","dateModified":"2019-11-15T06:31:55+00:00","mainEntityOfPage":{"@id":"https:\/\/nitu.mx\/index.php\/2019\/11\/15\/amav-se-una-promocion-para-los-pueblos-magicos\/"},"wordCount":587,"commentCount":0,"publisher":{"@id":"https:\/\/nitu.mx\/#\/schema\/person\/ae7a53426417292d3dd07b45a33e01bc"},"image":{"@id":"https:\/\/nitu.mx\/index.php\/2019\/11\/15\/amav-se-una-promocion-para-los-pueblos-magicos\/#primaryimage"},"thumbnailUrl":"https:\/\/nitu.mx\/wp-content\/uploads\/2018\/12\/pueblos-magicos-amlo.jpg","keywords":["Chiapas","la Asociaci\u00f3n Nacional de Comit\u00e9s Ciudadanos de Pueblos M\u00e1gicos","Nuevo Le\u00f3n","Quintana Roo","Tabasco","Veracruz"],"articleSection":["Agencias de Viajes"],"inLanguage":"es-MX","potentialAction":[{"@type":"CommentAction","name":"Comment","target":["https:\/\/nitu.mx\/index.php\/2019\/11\/15\/amav-se-una-promocion-para-los-pueblos-magicos\/#respond"]}]},{"@type":"WebPage","@id":"https:\/\/nitu.mx\/index.php\/2019\/11\/15\/amav-se-una-promocion-para-los-pueblos-magicos\/","url":"https:\/\/nitu.mx\/index.php\/2019\/11\/15\/amav-se-una-promocion-para-los-pueblos-magicos\/","name":"AMAV se une a promoci\u00f3n para los Pueblos M\u00e1gicos - Nitu - Noticias de la Industria Turistica","isPartOf":{"@id":"https:\/\/nitu.mx\/#website"},"primaryImageOfPage":{"@id":"https:\/\/nitu.mx\/index.php\/2019\/11\/15\/amav-se-una-promocion-para-los-pueblos-magicos\/#primaryimage"},"image":{"@id":"https:\/\/nitu.mx\/index.php\/2019\/11\/15\/amav-se-una-promocion-para-los-pueblos-magicos\/#primaryimage"},"thumbnailUrl":"https:\/\/nitu.mx\/wp-content\/uploads\/2018\/12\/pueblos-magicos-amlo.jpg","datePublished":"2019-11-15T06:02:38+00:00","dateModified":"2019-11-15T06:31:55+00:00","description":"La AMAV suscribi\u00f3 un convenio de colaboraci\u00f3n con la Asociaci\u00f3n Nacional de Comit\u00e9s Ciudadanos de Pueblos M\u00e1gicos.","breadcrumb":{"@id":"https:\/\/nitu.mx\/index.php\/2019\/11\/15\/amav-se-una-promocion-para-los-pueblos-magicos\/#breadcrumb"},"inLanguage":"es-MX","potentialAction":[{"@type":"ReadAction","target":["https:\/\/nitu.mx\/index.php\/2019\/11\/15\/amav-se-una-promocion-para-los-pueblos-magicos\/"]}]},{"@type":"ImageObject","inLanguage":"es-MX","@id":"https:\/\/nitu.mx\/index.php\/2019\/11\/15\/amav-se-una-promocion-para-los-pueblos-magicos\/#primaryimage","url":"https:\/\/nitu.mx\/wp-content\/uploads\/2018\/12\/pueblos-magicos-amlo.jpg","contentUrl":"https:\/\/nitu.mx\/wp-content\/uploads\/2018\/12\/pueblos-magicos-amlo.jpg","width":850,"height":480,"caption":"pueblos magicos amlo"},{"@type":"BreadcrumbList","@id":"https:\/\/nitu.mx\/index.php\/2019\/11\/15\/amav-se-una-promocion-para-los-pueblos-magicos\/#breadcrumb","itemListElement":[{"@type":"ListItem","position":1,"name":"Inicio","item":"https:\/\/nitu.mx\/"},{"@type":"ListItem","position":2,"name":"AMAV se une a promoci\u00f3n para los Pueblos M\u00e1gicos"}]},{"@type":"WebSite","@id":"https:\/\/nitu.mx\/#website","url":"https:\/\/nitu.mx\/","name":"Nitu - Noticias de la Industria Turistica","description":"Noticias de la Industria Turistica","publisher":{"@id":"https:\/\/nitu.mx\/#\/schema\/person\/ae7a53426417292d3dd07b45a33e01bc"},"alternateName":"Noticias de la Industria Turistica","potentialAction":[{"@type":"SearchAction","target":{"@type":"EntryPoint","urlTemplate":"https:\/\/nitu.mx\/?s={search_term_string}"},"query-input":"required name=search_term_string"}],"inLanguage":"es-MX"},{"@type":["Person","Organization"],"@id":"https:\/\/nitu.mx\/#\/schema\/person\/ae7a53426417292d3dd07b45a33e01bc","name":"Arturo Medina","image":{"@type":"ImageObject","inLanguage":"es-MX","@id":"https:\/\/nitu.mx\/#\/schema\/person\/image\/","url":"https:\/\/nitu.mx\/wp-content\/uploads\/2024\/04\/4A315622-1904-4D5C-B022-878CDC840E04-90x90-1.jpeg","contentUrl":"https:\/\/nitu.mx\/wp-content\/uploads\/2024\/04\/4A315622-1904-4D5C-B022-878CDC840E04-90x90-1.jpeg","width":90,"height":90,"caption":"Arturo Medina"},"logo":{"@id":"https:\/\/nitu.mx\/#\/schema\/person\/image\/"},"description":"Director NITU.mx, Egresado de la Escuela de Periodismo Carlos Septi\u00e9n Garc\u00eda. Periodista y analista especializado en turismo desde hace 35 a\u00f1os, radicado en Canc\u00fan Q.Roo. arturo@nitu.mx","sameAs":["https:\/\/nitu.mx","https:\/\/www.facebook.com\/NITUmx\/","medinacancun","https:\/\/twitter.com\/@Arturo_Medina_G"]},{"@type":"Person","@id":"https:\/\/nitu.mx\/#\/schema\/person\/4a28fe9bd65924f7c90623773daf1b0b","name":"Redacci\u00f3n","image":{"@type":"ImageObject","inLanguage":"es-MX","@id":"https:\/\/nitu.mx\/#\/schema\/person\/image\/","url":"https:\/\/secure.gravatar.com\/avatar\/5dd011c8ccfc5cd7e4c81e42252aab38?s=96&d=mm&r=g","contentUrl":"https:\/\/secure.gravatar.com\/avatar\/5dd011c8ccfc5cd7e4c81e42252aab38?s=96&d=mm&r=g","caption":"Redacci\u00f3n"},"url":"https:\/\/nitu.mx\/index.php\/author\/redaccion\/"}]}},"views":874,"_links":{"self":[{"href":"https:\/\/nitu.mx\/index.php\/wp-json\/wp\/v2\/posts\/37485"}],"collection":[{"href":"https:\/\/nitu.mx\/index.php\/wp-json\/wp\/v2\/posts"}],"about":[{"href":"https:\/\/nitu.mx\/index.php\/wp-json\/wp\/v2\/types\/post"}],"author":[{"embeddable":true,"href":"https:\/\/nitu.mx\/index.php\/wp-json\/wp\/v2\/users\/17"}],"replies":[{"embeddable":true,"href":"https:\/\/nitu.mx\/index.php\/wp-json\/wp\/v2\/comments?post=37485"}],"version-history":[{"count":2,"href":"https:\/\/nitu.mx\/index.php\/wp-json\/wp\/v2\/posts\/37485\/revisions"}],"predecessor-version":[{"id":37507,"href":"https:\/\/nitu.mx\/index.php\/wp-json\/wp\/v2\/posts\/37485\/revisions\/37507"}],"wp:featuredmedia":[{"embeddable":true,"href":"https:\/\/nitu.mx\/index.php\/wp-json\/wp\/v2\/media\/27709"}],"wp:attachment":[{"href":"https:\/\/nitu.mx\/index.php\/wp-json\/wp\/v2\/media?parent=37485"}],"wp:term":[{"taxonomy":"category","embeddable":true,"href":"https:\/\/nitu.mx\/index.php\/wp-json\/wp\/v2\/categories?post=37485"},{"taxonomy":"post_tag","embeddable":true,"href":"https:\/\/nitu.mx\/index.php\/wp-json\/wp\/v2\/tags?post=37485"}],"curies":[{"name":"wp","href":"https:\/\/api.w.org\/{rel}","templated":true}]}}