{"id":37478,"date":"2019-11-15T00:48:59","date_gmt":"2019-11-15T05:48:59","guid":{"rendered":"https:\/\/www.dev.nitu.mx\/?p=37478"},"modified":"2019-11-15T01:29:01","modified_gmt":"2019-11-15T06:29:01","slug":"quintana-roo-busca-el-desarrollo-costero-sustentable","status":"publish","type":"post","link":"https:\/\/nitu.mx\/index.php\/2019\/11\/15\/quintana-roo-busca-el-desarrollo-costero-sustentable\/","title":{"rendered":"\u00a0Quintana Roo busca el desarrollo costero sustentable"},"content":{"rendered":"<p>&nbsp;<\/p>\n<p>La directora general de la Administraci\u00f3n Portuaria Integral de Quintana Roo, (Apiqroo), Alicia Ricalde Maga\u00f1a, acudi\u00f3, en representaci\u00f3n del\u00a0 gobernador y vicecoordinador\u00a0 de la Reuni\u00f3n de Trabajo de la Comisi\u00f3n T\u00e9cnica de Puertos y Litorales de la Conferencia Nacional de Gobernadores, (Conago) Carlos Joaqu\u00edn, al encuentro que se llev\u00f3 a cabo en Tampico, Tamaulipas, donde los participantes buscan que el desarrollo costero sea sustentable<\/p>\n<p>Durante la reuni\u00f3n que se celebr\u00f3 los d\u00edas 13 y 14 del\u00a0 presente mes, se cont\u00f3 con la participaci\u00f3n de Fernando Bustamante Igart\u00faa, Director General de Puertos. Francisco Javier Garc\u00eda Cabeza de Vaca, gobernador de Tamaulipas y coordinador de la Comisi\u00f3n de Puertos y Litorales de la Conago,\u00a0 Rolando Garc\u00eda Mart\u00ednez, secretario t\u00e9cnico de la Conago.<\/p>\n<p>Asimismo asistieron Luz Alicia Iturbe de Garay,\u00a0 directora general de Fomento y Administraci\u00f3n Portuaria de la Coordinaci\u00f3n General de Puertos y Marina Mercante, de la SCT; presidentes municipales, directores de la Administraci\u00f3n Portuaria Integral de otros estados, as\u00ed como representantes de los gobiernos de Quintana Roo, Oaxaca, Baja California Sur, Tabasco Veracruz, Sonora y Michoac\u00e1n.<\/p>\n<p>Ricalde Maga\u00f1a indic\u00f3 que durante el encuentro se plante\u00f3 la necesidad de hacer del conocimiento de las entidades federativas la importancia de la evoluci\u00f3n del comercio internacional y como es que el Programa Nacional de Puertos y Marina Mercante toma esa realidad como punto de partida para impulsar los Sistemas Intermodales Portuarios Costeros, (Sipcos).<\/p>\n<p>Tambi\u00e9n se analiz\u00f3 su vinculaci\u00f3n con el impulso para el desarrollo costero regional (reorganizaci\u00f3n territorial para pasar de la supervivencia hacia la sustentabilidad), la seguridad que debe guardarse, el impulso a la marina mercante nacional, y la educaci\u00f3n. (<a title=\"Fonatur y Quintana Roo suman esfuerzos\" href=\"https:\/\/www.dev.nitu.mx\/index.php\/2019\/11\/12\/fonatur-y-quintana-roo-suman-esfuerzos\/\" rel=\"bookmark\">Fonatur y Quintana Roo suman esfuerzos<\/a>).<\/p>\n<p>De igual manera los participantes reflexionaron sobre los medios por los cuales se pueden asociar los programas de desarrollo estatales con los programas de desarrollo portuario, ya sean federal o estatales, y as\u00ed gestionar conjuntamente recursos en el presupuesto que maneja la Secretar\u00eda de Hacienda y Cr\u00e9dito P\u00fablico, ya que estos rubros y su vinculaci\u00f3n con otras instancias del gobierno federal permita impulsarlos, signando para ello convenio con los estados y la Coordinaci\u00f3n General de Puertos y Marina Mercante.<\/p>\n<p>La titular de la Apiqroo afirm\u00f3 que el gobernador Carlos Joaqu\u00edn es un creyente de que los puertos y litorales del pa\u00eds son fundamentales para la econom\u00eda y el desarrollo social.<\/p>\n","protected":false},"excerpt":{"rendered":"<p>&nbsp; La directora general de la Administraci\u00f3n Portuaria Integral de Quintana Roo, (Apiqroo), Alicia Ricalde Maga\u00f1a, acudi\u00f3, en representaci\u00f3n del\u00a0 gobernador y vicecoordinador\u00a0 de la Reuni\u00f3n de Trabajo de la Comisi\u00f3n T\u00e9cnica de Puertos y Litorales de la Conferencia Nacional de Gobernadores, (Conago) Carlos Joaqu\u00edn, al encuentro que se llev\u00f3 a cabo en Tampico, Tamaulipas, [&hellip;]<\/p>\n","protected":false},"author":17,"featured_media":22012,"comment_status":"open","ping_status":"open","sticky":false,"template":"","format":"standard","meta":{"footnotes":""},"categories":[5,6],"tags":[4957,3491,384,3769,17964],"yoast_head":"<!-- This site is optimized with the Yoast SEO plugin v22.2 - https:\/\/yoast.com\/wordpress\/plugins\/seo\/ -->\n<title>\u00a0Quintana Roo busca el desarrollo costero sustentable - Nitu - Noticias de la Industria Turistica<\/title>\n<meta name=\"description\" content=\"La directora general de la Administraci\u00f3n Portuaria Integral de Quintana Roo, acudi\u00f3 al encuentro que busca que el desarrollo costero sea sustentable.\" \/>\n<meta name=\"robots\" content=\"index, follow, max-snippet:-1, max-image-preview:large, max-video-preview:-1\" \/>\n<link rel=\"canonical\" href=\"https:\/\/nitu.mx\/index.php\/2019\/11\/15\/quintana-roo-busca-el-desarrollo-costero-sustentable\/\" \/>\n<meta name=\"twitter:card\" content=\"summary_large_image\" \/>\n<meta name=\"twitter:title\" content=\"\u00a0Quintana Roo busca el desarrollo costero sustentable - Nitu - Noticias de la Industria Turistica\" \/>\n<meta name=\"twitter:description\" content=\"La directora general de la Administraci\u00f3n Portuaria Integral de Quintana Roo, acudi\u00f3 al encuentro que busca que el desarrollo costero sea sustentable.\" \/>\n<meta name=\"twitter:image\" content=\"https:\/\/nitu.mx\/wp-content\/uploads\/2018\/07\/hoteles-quintana-roo.jpg\" \/>\n<meta name=\"twitter:creator\" content=\"@NITUmx\" \/>\n<meta name=\"twitter:site\" content=\"@Arturo_Medina_G\" \/>\n<meta name=\"twitter:label1\" content=\"Escrito por\" \/>\n\t<meta name=\"twitter:data1\" content=\"Redacci\u00f3n\" \/>\n\t<meta name=\"twitter:label2\" content=\"Tiempo de lectura\" \/>\n\t<meta name=\"twitter:data2\" content=\"2 minutos\" \/>\n<script type=\"application\/ld+json\" class=\"yoast-schema-graph\">{\"@context\":\"https:\/\/schema.org\",\"@graph\":[{\"@type\":\"Article\",\"@id\":\"https:\/\/nitu.mx\/index.php\/2019\/11\/15\/quintana-roo-busca-el-desarrollo-costero-sustentable\/#article\",\"isPartOf\":{\"@id\":\"https:\/\/nitu.mx\/index.php\/2019\/11\/15\/quintana-roo-busca-el-desarrollo-costero-sustentable\/\"},\"author\":{\"name\":\"Redacci\u00f3n\",\"@id\":\"https:\/\/nitu.mx\/#\/schema\/person\/4a28fe9bd65924f7c90623773daf1b0b\"},\"headline\":\"\u00a0Quintana Roo busca el desarrollo costero sustentable\",\"datePublished\":\"2019-11-15T05:48:59+00:00\",\"dateModified\":\"2019-11-15T06:29:01+00:00\",\"mainEntityOfPage\":{\"@id\":\"https:\/\/nitu.mx\/index.php\/2019\/11\/15\/quintana-roo-busca-el-desarrollo-costero-sustentable\/\"},\"wordCount\":423,\"commentCount\":0,\"publisher\":{\"@id\":\"https:\/\/nitu.mx\/#\/schema\/person\/ae7a53426417292d3dd07b45a33e01bc\"},\"image\":{\"@id\":\"https:\/\/nitu.mx\/index.php\/2019\/11\/15\/quintana-roo-busca-el-desarrollo-costero-sustentable\/#primaryimage\"},\"thumbnailUrl\":\"https:\/\/nitu.mx\/wp-content\/uploads\/2018\/07\/hoteles-quintana-roo.jpg\",\"keywords\":[\"Alicia Ricalde\",\"Apiqroo\",\"Carlos Joaqu\u00edn\",\"CONAGO\",\"Fernando Bustamante\"],\"articleSection\":[\"Destinos\",\"M\u00e9xico\"],\"inLanguage\":\"es-MX\",\"potentialAction\":[{\"@type\":\"CommentAction\",\"name\":\"Comment\",\"target\":[\"https:\/\/nitu.mx\/index.php\/2019\/11\/15\/quintana-roo-busca-el-desarrollo-costero-sustentable\/#respond\"]}]},{\"@type\":\"WebPage\",\"@id\":\"https:\/\/nitu.mx\/index.php\/2019\/11\/15\/quintana-roo-busca-el-desarrollo-costero-sustentable\/\",\"url\":\"https:\/\/nitu.mx\/index.php\/2019\/11\/15\/quintana-roo-busca-el-desarrollo-costero-sustentable\/\",\"name\":\"\u00a0Quintana Roo busca el desarrollo costero sustentable - Nitu - Noticias de la Industria Turistica\",\"isPartOf\":{\"@id\":\"https:\/\/nitu.mx\/#website\"},\"primaryImageOfPage\":{\"@id\":\"https:\/\/nitu.mx\/index.php\/2019\/11\/15\/quintana-roo-busca-el-desarrollo-costero-sustentable\/#primaryimage\"},\"image\":{\"@id\":\"https:\/\/nitu.mx\/index.php\/2019\/11\/15\/quintana-roo-busca-el-desarrollo-costero-sustentable\/#primaryimage\"},\"thumbnailUrl\":\"https:\/\/nitu.mx\/wp-content\/uploads\/2018\/07\/hoteles-quintana-roo.jpg\",\"datePublished\":\"2019-11-15T05:48:59+00:00\",\"dateModified\":\"2019-11-15T06:29:01+00:00\",\"description\":\"La directora general de la Administraci\u00f3n Portuaria Integral de Quintana Roo, acudi\u00f3 al encuentro que busca que el desarrollo costero sea sustentable.\",\"breadcrumb\":{\"@id\":\"https:\/\/nitu.mx\/index.php\/2019\/11\/15\/quintana-roo-busca-el-desarrollo-costero-sustentable\/#breadcrumb\"},\"inLanguage\":\"es-MX\",\"potentialAction\":[{\"@type\":\"ReadAction\",\"target\":[\"https:\/\/nitu.mx\/index.php\/2019\/11\/15\/quintana-roo-busca-el-desarrollo-costero-sustentable\/\"]}]},{\"@type\":\"ImageObject\",\"inLanguage\":\"es-MX\",\"@id\":\"https:\/\/nitu.mx\/index.php\/2019\/11\/15\/quintana-roo-busca-el-desarrollo-costero-sustentable\/#primaryimage\",\"url\":\"https:\/\/nitu.mx\/wp-content\/uploads\/2018\/07\/hoteles-quintana-roo.jpg\",\"contentUrl\":\"https:\/\/nitu.mx\/wp-content\/uploads\/2018\/07\/hoteles-quintana-roo.jpg\",\"width\":850,\"height\":480,\"caption\":\"ARPRM hoteles quintana roo caribe\"},{\"@type\":\"BreadcrumbList\",\"@id\":\"https:\/\/nitu.mx\/index.php\/2019\/11\/15\/quintana-roo-busca-el-desarrollo-costero-sustentable\/#breadcrumb\",\"itemListElement\":[{\"@type\":\"ListItem\",\"position\":1,\"name\":\"Inicio\",\"item\":\"https:\/\/nitu.mx\/\"},{\"@type\":\"ListItem\",\"position\":2,\"name\":\"\u00a0Quintana Roo busca el desarrollo costero sustentable\"}]},{\"@type\":\"WebSite\",\"@id\":\"https:\/\/nitu.mx\/#website\",\"url\":\"https:\/\/nitu.mx\/\",\"name\":\"Nitu - Noticias de la Industria Turistica\",\"description\":\"Noticias de la Industria Turistica\",\"publisher\":{\"@id\":\"https:\/\/nitu.mx\/#\/schema\/person\/ae7a53426417292d3dd07b45a33e01bc\"},\"alternateName\":\"Noticias de la Industria Turistica\",\"potentialAction\":[{\"@type\":\"SearchAction\",\"target\":{\"@type\":\"EntryPoint\",\"urlTemplate\":\"https:\/\/nitu.mx\/?s={search_term_string}\"},\"query-input\":\"required name=search_term_string\"}],\"inLanguage\":\"es-MX\"},{\"@type\":[\"Person\",\"Organization\"],\"@id\":\"https:\/\/nitu.mx\/#\/schema\/person\/ae7a53426417292d3dd07b45a33e01bc\",\"name\":\"Arturo Medina\",\"image\":{\"@type\":\"ImageObject\",\"inLanguage\":\"es-MX\",\"@id\":\"https:\/\/nitu.mx\/#\/schema\/person\/image\/\",\"url\":\"https:\/\/nitu.mx\/wp-content\/uploads\/2024\/04\/4A315622-1904-4D5C-B022-878CDC840E04-90x90-1.jpeg\",\"contentUrl\":\"https:\/\/nitu.mx\/wp-content\/uploads\/2024\/04\/4A315622-1904-4D5C-B022-878CDC840E04-90x90-1.jpeg\",\"width\":90,\"height\":90,\"caption\":\"Arturo Medina\"},\"logo\":{\"@id\":\"https:\/\/nitu.mx\/#\/schema\/person\/image\/\"},\"description\":\"Director NITU.mx, Egresado de la Escuela de Periodismo Carlos Septi\u00e9n Garc\u00eda. Periodista y analista especializado en turismo desde hace 35 a\u00f1os, radicado en Canc\u00fan Q.Roo. arturo@nitu.mx\",\"sameAs\":[\"https:\/\/nitu.mx\",\"https:\/\/www.facebook.com\/NITUmx\/\",\"medinacancun\",\"https:\/\/twitter.com\/@Arturo_Medina_G\"]},{\"@type\":\"Person\",\"@id\":\"https:\/\/nitu.mx\/#\/schema\/person\/4a28fe9bd65924f7c90623773daf1b0b\",\"name\":\"Redacci\u00f3n\",\"image\":{\"@type\":\"ImageObject\",\"inLanguage\":\"es-MX\",\"@id\":\"https:\/\/nitu.mx\/#\/schema\/person\/image\/\",\"url\":\"https:\/\/secure.gravatar.com\/avatar\/5dd011c8ccfc5cd7e4c81e42252aab38?s=96&d=mm&r=g\",\"contentUrl\":\"https:\/\/secure.gravatar.com\/avatar\/5dd011c8ccfc5cd7e4c81e42252aab38?s=96&d=mm&r=g\",\"caption\":\"Redacci\u00f3n\"},\"url\":\"https:\/\/nitu.mx\/index.php\/author\/redaccion\/\"}]}<\/script>\n<!-- \/ Yoast SEO plugin. -->","yoast_head_json":{"title":"\u00a0Quintana Roo busca el desarrollo costero sustentable - Nitu - Noticias de la Industria Turistica","description":"La directora general de la Administraci\u00f3n Portuaria Integral de Quintana Roo, acudi\u00f3 al encuentro que busca que el desarrollo costero sea sustentable.","robots":{"index":"index","follow":"follow","max-snippet":"max-snippet:-1","max-image-preview":"max-image-preview:large","max-video-preview":"max-video-preview:-1"},"canonical":"https:\/\/nitu.mx\/index.php\/2019\/11\/15\/quintana-roo-busca-el-desarrollo-costero-sustentable\/","twitter_card":"summary_large_image","twitter_title":"\u00a0Quintana Roo busca el desarrollo costero sustentable - Nitu - Noticias de la Industria Turistica","twitter_description":"La directora general de la Administraci\u00f3n Portuaria Integral de Quintana Roo, acudi\u00f3 al encuentro que busca que el desarrollo costero sea sustentable.","twitter_image":"https:\/\/nitu.mx\/wp-content\/uploads\/2018\/07\/hoteles-quintana-roo.jpg","twitter_creator":"@NITUmx","twitter_site":"@Arturo_Medina_G","twitter_misc":{"Escrito por":"Redacci\u00f3n","Tiempo de lectura":"2 minutos"},"schema":{"@context":"https:\/\/schema.org","@graph":[{"@type":"Article","@id":"https:\/\/nitu.mx\/index.php\/2019\/11\/15\/quintana-roo-busca-el-desarrollo-costero-sustentable\/#article","isPartOf":{"@id":"https:\/\/nitu.mx\/index.php\/2019\/11\/15\/quintana-roo-busca-el-desarrollo-costero-sustentable\/"},"author":{"name":"Redacci\u00f3n","@id":"https:\/\/nitu.mx\/#\/schema\/person\/4a28fe9bd65924f7c90623773daf1b0b"},"headline":"\u00a0Quintana Roo busca el desarrollo costero sustentable","datePublished":"2019-11-15T05:48:59+00:00","dateModified":"2019-11-15T06:29:01+00:00","mainEntityOfPage":{"@id":"https:\/\/nitu.mx\/index.php\/2019\/11\/15\/quintana-roo-busca-el-desarrollo-costero-sustentable\/"},"wordCount":423,"commentCount":0,"publisher":{"@id":"https:\/\/nitu.mx\/#\/schema\/person\/ae7a53426417292d3dd07b45a33e01bc"},"image":{"@id":"https:\/\/nitu.mx\/index.php\/2019\/11\/15\/quintana-roo-busca-el-desarrollo-costero-sustentable\/#primaryimage"},"thumbnailUrl":"https:\/\/nitu.mx\/wp-content\/uploads\/2018\/07\/hoteles-quintana-roo.jpg","keywords":["Alicia Ricalde","Apiqroo","Carlos Joaqu\u00edn","CONAGO","Fernando Bustamante"],"articleSection":["Destinos","M\u00e9xico"],"inLanguage":"es-MX","potentialAction":[{"@type":"CommentAction","name":"Comment","target":["https:\/\/nitu.mx\/index.php\/2019\/11\/15\/quintana-roo-busca-el-desarrollo-costero-sustentable\/#respond"]}]},{"@type":"WebPage","@id":"https:\/\/nitu.mx\/index.php\/2019\/11\/15\/quintana-roo-busca-el-desarrollo-costero-sustentable\/","url":"https:\/\/nitu.mx\/index.php\/2019\/11\/15\/quintana-roo-busca-el-desarrollo-costero-sustentable\/","name":"\u00a0Quintana Roo busca el desarrollo costero sustentable - Nitu - Noticias de la Industria Turistica","isPartOf":{"@id":"https:\/\/nitu.mx\/#website"},"primaryImageOfPage":{"@id":"https:\/\/nitu.mx\/index.php\/2019\/11\/15\/quintana-roo-busca-el-desarrollo-costero-sustentable\/#primaryimage"},"image":{"@id":"https:\/\/nitu.mx\/index.php\/2019\/11\/15\/quintana-roo-busca-el-desarrollo-costero-sustentable\/#primaryimage"},"thumbnailUrl":"https:\/\/nitu.mx\/wp-content\/uploads\/2018\/07\/hoteles-quintana-roo.jpg","datePublished":"2019-11-15T05:48:59+00:00","dateModified":"2019-11-15T06:29:01+00:00","description":"La directora general de la Administraci\u00f3n Portuaria Integral de Quintana Roo, acudi\u00f3 al encuentro que busca que el desarrollo costero sea sustentable.","breadcrumb":{"@id":"https:\/\/nitu.mx\/index.php\/2019\/11\/15\/quintana-roo-busca-el-desarrollo-costero-sustentable\/#breadcrumb"},"inLanguage":"es-MX","potentialAction":[{"@type":"ReadAction","target":["https:\/\/nitu.mx\/index.php\/2019\/11\/15\/quintana-roo-busca-el-desarrollo-costero-sustentable\/"]}]},{"@type":"ImageObject","inLanguage":"es-MX","@id":"https:\/\/nitu.mx\/index.php\/2019\/11\/15\/quintana-roo-busca-el-desarrollo-costero-sustentable\/#primaryimage","url":"https:\/\/nitu.mx\/wp-content\/uploads\/2018\/07\/hoteles-quintana-roo.jpg","contentUrl":"https:\/\/nitu.mx\/wp-content\/uploads\/2018\/07\/hoteles-quintana-roo.jpg","width":850,"height":480,"caption":"ARPRM hoteles quintana roo caribe"},{"@type":"BreadcrumbList","@id":"https:\/\/nitu.mx\/index.php\/2019\/11\/15\/quintana-roo-busca-el-desarrollo-costero-sustentable\/#breadcrumb","itemListElement":[{"@type":"ListItem","position":1,"name":"Inicio","item":"https:\/\/nitu.mx\/"},{"@type":"ListItem","position":2,"name":"\u00a0Quintana Roo busca el desarrollo costero sustentable"}]},{"@type":"WebSite","@id":"https:\/\/nitu.mx\/#website","url":"https:\/\/nitu.mx\/","name":"Nitu - Noticias de la Industria Turistica","description":"Noticias de la Industria Turistica","publisher":{"@id":"https:\/\/nitu.mx\/#\/schema\/person\/ae7a53426417292d3dd07b45a33e01bc"},"alternateName":"Noticias de la Industria Turistica","potentialAction":[{"@type":"SearchAction","target":{"@type":"EntryPoint","urlTemplate":"https:\/\/nitu.mx\/?s={search_term_string}"},"query-input":"required name=search_term_string"}],"inLanguage":"es-MX"},{"@type":["Person","Organization"],"@id":"https:\/\/nitu.mx\/#\/schema\/person\/ae7a53426417292d3dd07b45a33e01bc","name":"Arturo Medina","image":{"@type":"ImageObject","inLanguage":"es-MX","@id":"https:\/\/nitu.mx\/#\/schema\/person\/image\/","url":"https:\/\/nitu.mx\/wp-content\/uploads\/2024\/04\/4A315622-1904-4D5C-B022-878CDC840E04-90x90-1.jpeg","contentUrl":"https:\/\/nitu.mx\/wp-content\/uploads\/2024\/04\/4A315622-1904-4D5C-B022-878CDC840E04-90x90-1.jpeg","width":90,"height":90,"caption":"Arturo Medina"},"logo":{"@id":"https:\/\/nitu.mx\/#\/schema\/person\/image\/"},"description":"Director NITU.mx, Egresado de la Escuela de Periodismo Carlos Septi\u00e9n Garc\u00eda. Periodista y analista especializado en turismo desde hace 35 a\u00f1os, radicado en Canc\u00fan Q.Roo. arturo@nitu.mx","sameAs":["https:\/\/nitu.mx","https:\/\/www.facebook.com\/NITUmx\/","medinacancun","https:\/\/twitter.com\/@Arturo_Medina_G"]},{"@type":"Person","@id":"https:\/\/nitu.mx\/#\/schema\/person\/4a28fe9bd65924f7c90623773daf1b0b","name":"Redacci\u00f3n","image":{"@type":"ImageObject","inLanguage":"es-MX","@id":"https:\/\/nitu.mx\/#\/schema\/person\/image\/","url":"https:\/\/secure.gravatar.com\/avatar\/5dd011c8ccfc5cd7e4c81e42252aab38?s=96&d=mm&r=g","contentUrl":"https:\/\/secure.gravatar.com\/avatar\/5dd011c8ccfc5cd7e4c81e42252aab38?s=96&d=mm&r=g","caption":"Redacci\u00f3n"},"url":"https:\/\/nitu.mx\/index.php\/author\/redaccion\/"}]}},"views":236,"_links":{"self":[{"href":"https:\/\/nitu.mx\/index.php\/wp-json\/wp\/v2\/posts\/37478"}],"collection":[{"href":"https:\/\/nitu.mx\/index.php\/wp-json\/wp\/v2\/posts"}],"about":[{"href":"https:\/\/nitu.mx\/index.php\/wp-json\/wp\/v2\/types\/post"}],"author":[{"embeddable":true,"href":"https:\/\/nitu.mx\/index.php\/wp-json\/wp\/v2\/users\/17"}],"replies":[{"embeddable":true,"href":"https:\/\/nitu.mx\/index.php\/wp-json\/wp\/v2\/comments?post=37478"}],"version-history":[{"count":3,"href":"https:\/\/nitu.mx\/index.php\/wp-json\/wp\/v2\/posts\/37478\/revisions"}],"predecessor-version":[{"id":37499,"href":"https:\/\/nitu.mx\/index.php\/wp-json\/wp\/v2\/posts\/37478\/revisions\/37499"}],"wp:featuredmedia":[{"embeddable":true,"href":"https:\/\/nitu.mx\/index.php\/wp-json\/wp\/v2\/media\/22012"}],"wp:attachment":[{"href":"https:\/\/nitu.mx\/index.php\/wp-json\/wp\/v2\/media?parent=37478"}],"wp:term":[{"taxonomy":"category","embeddable":true,"href":"https:\/\/nitu.mx\/index.php\/wp-json\/wp\/v2\/categories?post=37478"},{"taxonomy":"post_tag","embeddable":true,"href":"https:\/\/nitu.mx\/index.php\/wp-json\/wp\/v2\/tags?post=37478"}],"curies":[{"name":"wp","href":"https:\/\/api.w.org\/{rel}","templated":true}]}}