{"id":37471,"date":"2019-11-15T01:18:30","date_gmt":"2019-11-15T06:18:30","guid":{"rendered":"https:\/\/www.dev.nitu.mx\/?p=37471"},"modified":"2019-11-15T01:28:41","modified_gmt":"2019-11-15T06:28:41","slug":"revelan-logotipo-oficial-del-50-aniversario-de-cancun","status":"publish","type":"post","link":"https:\/\/nitu.mx\/index.php\/2019\/11\/15\/revelan-logotipo-oficial-del-50-aniversario-de-cancun\/","title":{"rendered":"Revelan logotipo oficial del 50 Aniversario de Canc\u00fan"},"content":{"rendered":"<p>&nbsp;<\/p>\n<p>\u201cNos merecemos un festejo que consolide nuestra identidad y la proyecte ante el mundo, para seguir marcando hitos en nuestra historia y seguir esta senda de construcci\u00f3n colectiva en la que cabemos todos\u201d, expres\u00f3 la presidenta municipal Mara Lezama, al presentar el logotipo oficial del 50 Aniversario de Canc\u00fan, que representa el banderazo de inicio a la celebraci\u00f3n del primer cincuentenario de la ciudad que ser\u00e1 en abril del 2020, en un magno evento encabezado por representantes de los tres niveles de gobierno.<\/p>\n<p>En el sal\u00f3n Arenas del Hotel Grand Oasis Canc\u00fan, con la asistencia del gobernador del Estado Carlos Joaqu\u00edn Gonz\u00e1lez, as\u00ed como del coordinador de eventos del Fondo Nacional de Fomento al Turismo (Fonatur), Francisco Javier Camargo Marroqu\u00edn, se dieron cita representantes de la sociedad civil, integrantes del Comit\u00e9 del 50 Aniversario, empresarios, acad\u00e9micos e invitados especiales, la Primera Autoridad de Benito Ju\u00e1rez subray\u00f3 que se har\u00e1 una fiesta de alto contenido cultural, art\u00edstico y deportivo, con un gran atractivo para los cancunenses y visitantes.<\/p>\n<p>\u201cTendremos una fiesta digna, donde participen todas y todos, porque es nuestra fiesta. Quiero decirles que tenemos el apoyo del Presidente Andr\u00e9s Manuel L\u00f3pez Obrador, quien siempre nos ha dejado sentir su amor por esta regi\u00f3n\u201d, dijo.<\/p>\n<p>De igual forma, la presidenta municipal subray\u00f3 que como en otros aspectos de la administraci\u00f3n 2018-2021, se buscar\u00e1 la suma de esfuerzos con organismos sociales, empresariales, asociaciones de hoteleros, prestadores de servicios tur\u00edsticos y ciudadanos para obtener patrocinios que permitan hacer de \u00e9sta una celebraci\u00f3n inolvidable.<\/p>\n<p>\u201cSeguimos gestionando traer m\u00e1s eventos internacionales, de gran cobertura, para que este aniversario sea un escaparate m\u00e1s ante el mundo, que mostremos que en Canc\u00fan somos una comunidad de gente de bien, que trabajamos para enfrentar todos los retos, construyendo un gran lugar y una gran ciudad\u201d, dijo.<\/p>\n<p>Mara Lezama puntualiz\u00f3 que el logotipo del 50 Aniversario conjuga las ideas y opiniones de todos los sectores sociales, porque trasciende y refleja asertivamente la grandeza del sitio y su gente, adem\u00e1s de que permitir\u00e1 distinguir en todo el mundo la fecha tan significativa.<\/p>\n<p>\u201cPor un lado, creamos el Comit\u00e9 del 50 Aniversario de Canc\u00fan, en el que convergen emociones, propuestas, opiniones, ganas de hacer las cosas y adem\u00e1s, le pedimos a la sociedad que opinara c\u00f3mo deb\u00edamos celebrar. Apenas nos faltan unos cuantos meses para tan magno evento, por ello, he presentado una agenda de actividades en la que ya estamos trabajando\u201d, explic\u00f3.<\/p>\n<p>De igual forma, la presidenta municipal record\u00f3 que Canc\u00fan es una ciudad planeada por un grupo de visionarios de la mano de Fonatur y los arquitectos mexicanos Mario Pani y los hermanos Landa Verdugo, que a lo largo de su historia, pioneros y fundadores con perseverancia y amor forjaron uno de los centros tur\u00edsticos m\u00e1s importantes del mundo, el n\u00famero uno de Latinoam\u00e9rica y el destino l\u00edder de viajes de negocios de los World Travel Awards.<\/p>\n<p>En el marco del evento, Mara Lezama adem\u00e1s de develar el logotipo oficial de la fiesta, entreg\u00f3 unos pines a manera de souvenir con la misma imagen a las autoridades que engalanaron la presentaci\u00f3n, as\u00ed como otorg\u00f3 los reconocimientos a los creativos que lo elaboraron, que son el director general y el director creativo de \u201cPrinteligencia\u201d, Carlos Moreno G\u00e1lvez y V\u00edctor Monta\u00f1o Vaca, respectivamente.<\/p>\n<p>Por su parte, el Gobernador del estado y presidente honorario del Comit\u00e9, Carlos Joaqu\u00edn Gonz\u00e1lez, afirm\u00f3 que Canc\u00fan representa una de las marcas m\u00e1s reconocidas a nivel mundial, derivado de sus maravillas naturales pero sobre todo de la confianza que la gente ha dado a este destino: \u201cQuiero felicitar a todos. Gracias a su esp\u00edritu y tenacidad hacen posible este Canc\u00fan pujante que tenemos en permanente crecimiento, l\u00edder de turismo internacional\u201d.<\/p>\n<p>El presidente de la Asociaci\u00f3n de Hoteles de Canc\u00fan y vocal del Comit\u00e9 de los festejos, Roberto Cintr\u00f3n G\u00f3mez, indic\u00f3: \u201cDesde la Asociaci\u00f3n de Hoteles de Canc\u00fan, Puerto Morelos e Isla Mujeres nos hemos sumado a esta grand\u00edsima iniciativa de la Presidente Municipal, Mara Lezama. Entre las cosas que siempre estuvimos de acuerdo es que se siguieran sumando personas y que fuera una celebraci\u00f3n de todos nosotros los que ahora somos cancunenses\u201d. (El Heraldo M\u00e9xico)<\/p>\n","protected":false},"excerpt":{"rendered":"<p>&nbsp; \u201cNos merecemos un festejo que consolide nuestra identidad y la proyecte ante el mundo, para seguir marcando hitos en nuestra historia y seguir esta senda de construcci\u00f3n colectiva en la que cabemos todos\u201d, expres\u00f3 la presidenta municipal Mara Lezama, al presentar el logotipo oficial del 50 Aniversario de Canc\u00fan, que representa el banderazo de [&hellip;]<\/p>\n","protected":false},"author":17,"featured_media":37502,"comment_status":"open","ping_status":"open","sticky":false,"template":"","format":"standard","meta":{"footnotes":""},"categories":[5,6],"tags":[6511,43,384,889,17961,17960,14028],"yoast_head":"<!-- This site is optimized with the Yoast SEO plugin v22.2 - https:\/\/yoast.com\/wordpress\/plugins\/seo\/ -->\n<title>Revelan logotipo oficial del 50 Aniversario de Canc\u00fan - Nitu - Noticias de la Industria Turistica<\/title>\n<meta name=\"description\" content=\"Mara Lezama present\u00f3 el logotipo oficial del 50 Aniversario de Canc\u00fan, que representa el banderazo de inicio a la celebraci\u00f3n del primer cincuentenario.\" \/>\n<meta name=\"robots\" content=\"index, follow, max-snippet:-1, max-image-preview:large, max-video-preview:-1\" \/>\n<link rel=\"canonical\" href=\"https:\/\/nitu.mx\/index.php\/2019\/11\/15\/revelan-logotipo-oficial-del-50-aniversario-de-cancun\/\" \/>\n<meta name=\"twitter:card\" content=\"summary_large_image\" \/>\n<meta name=\"twitter:title\" content=\"Revelan logotipo oficial del 50 Aniversario de Canc\u00fan - Nitu - Noticias de la Industria Turistica\" \/>\n<meta name=\"twitter:description\" content=\"Mara Lezama present\u00f3 el logotipo oficial del 50 Aniversario de Canc\u00fan, que representa el banderazo de inicio a la celebraci\u00f3n del primer cincuentenario.\" \/>\n<meta name=\"twitter:image\" content=\"https:\/\/nitu.mx\/wp-content\/uploads\/2019\/11\/Cancun-50-aniversario.jpg\" \/>\n<meta name=\"twitter:creator\" content=\"@NITUmx\" \/>\n<meta name=\"twitter:site\" content=\"@Arturo_Medina_G\" \/>\n<meta name=\"twitter:label1\" content=\"Escrito por\" \/>\n\t<meta name=\"twitter:data1\" content=\"Redacci\u00f3n\" \/>\n\t<meta name=\"twitter:label2\" content=\"Tiempo de lectura\" \/>\n\t<meta name=\"twitter:data2\" content=\"4 minutos\" \/>\n<script type=\"application\/ld+json\" class=\"yoast-schema-graph\">{\"@context\":\"https:\/\/schema.org\",\"@graph\":[{\"@type\":\"Article\",\"@id\":\"https:\/\/nitu.mx\/index.php\/2019\/11\/15\/revelan-logotipo-oficial-del-50-aniversario-de-cancun\/#article\",\"isPartOf\":{\"@id\":\"https:\/\/nitu.mx\/index.php\/2019\/11\/15\/revelan-logotipo-oficial-del-50-aniversario-de-cancun\/\"},\"author\":{\"name\":\"Redacci\u00f3n\",\"@id\":\"https:\/\/nitu.mx\/#\/schema\/person\/4a28fe9bd65924f7c90623773daf1b0b\"},\"headline\":\"Revelan logotipo oficial del 50 Aniversario de Canc\u00fan\",\"datePublished\":\"2019-11-15T06:18:30+00:00\",\"dateModified\":\"2019-11-15T06:28:41+00:00\",\"mainEntityOfPage\":{\"@id\":\"https:\/\/nitu.mx\/index.php\/2019\/11\/15\/revelan-logotipo-oficial-del-50-aniversario-de-cancun\/\"},\"wordCount\":744,\"commentCount\":0,\"publisher\":{\"@id\":\"https:\/\/nitu.mx\/#\/schema\/person\/ae7a53426417292d3dd07b45a33e01bc\"},\"image\":{\"@id\":\"https:\/\/nitu.mx\/index.php\/2019\/11\/15\/revelan-logotipo-oficial-del-50-aniversario-de-cancun\/#primaryimage\"},\"thumbnailUrl\":\"https:\/\/nitu.mx\/wp-content\/uploads\/2019\/11\/Cancun-50-aniversario.jpg\",\"keywords\":[\"Aniversario\",\"Canc\u00fan\",\"Carlos Joaqu\u00edn\",\"Fonatur\",\"Grand Oasis Canc\u00fan\",\"logotipo\",\"Mara Lezama\"],\"articleSection\":[\"Destinos\",\"M\u00e9xico\"],\"inLanguage\":\"es-MX\",\"potentialAction\":[{\"@type\":\"CommentAction\",\"name\":\"Comment\",\"target\":[\"https:\/\/nitu.mx\/index.php\/2019\/11\/15\/revelan-logotipo-oficial-del-50-aniversario-de-cancun\/#respond\"]}]},{\"@type\":\"WebPage\",\"@id\":\"https:\/\/nitu.mx\/index.php\/2019\/11\/15\/revelan-logotipo-oficial-del-50-aniversario-de-cancun\/\",\"url\":\"https:\/\/nitu.mx\/index.php\/2019\/11\/15\/revelan-logotipo-oficial-del-50-aniversario-de-cancun\/\",\"name\":\"Revelan logotipo oficial del 50 Aniversario de Canc\u00fan - Nitu - Noticias de la Industria Turistica\",\"isPartOf\":{\"@id\":\"https:\/\/nitu.mx\/#website\"},\"primaryImageOfPage\":{\"@id\":\"https:\/\/nitu.mx\/index.php\/2019\/11\/15\/revelan-logotipo-oficial-del-50-aniversario-de-cancun\/#primaryimage\"},\"image\":{\"@id\":\"https:\/\/nitu.mx\/index.php\/2019\/11\/15\/revelan-logotipo-oficial-del-50-aniversario-de-cancun\/#primaryimage\"},\"thumbnailUrl\":\"https:\/\/nitu.mx\/wp-content\/uploads\/2019\/11\/Cancun-50-aniversario.jpg\",\"datePublished\":\"2019-11-15T06:18:30+00:00\",\"dateModified\":\"2019-11-15T06:28:41+00:00\",\"description\":\"Mara Lezama present\u00f3 el logotipo oficial del 50 Aniversario de Canc\u00fan, que representa el banderazo de inicio a la celebraci\u00f3n del primer cincuentenario.\",\"breadcrumb\":{\"@id\":\"https:\/\/nitu.mx\/index.php\/2019\/11\/15\/revelan-logotipo-oficial-del-50-aniversario-de-cancun\/#breadcrumb\"},\"inLanguage\":\"es-MX\",\"potentialAction\":[{\"@type\":\"ReadAction\",\"target\":[\"https:\/\/nitu.mx\/index.php\/2019\/11\/15\/revelan-logotipo-oficial-del-50-aniversario-de-cancun\/\"]}]},{\"@type\":\"ImageObject\",\"inLanguage\":\"es-MX\",\"@id\":\"https:\/\/nitu.mx\/index.php\/2019\/11\/15\/revelan-logotipo-oficial-del-50-aniversario-de-cancun\/#primaryimage\",\"url\":\"https:\/\/nitu.mx\/wp-content\/uploads\/2019\/11\/Cancun-50-aniversario.jpg\",\"contentUrl\":\"https:\/\/nitu.mx\/wp-content\/uploads\/2019\/11\/Cancun-50-aniversario.jpg\",\"width\":850,\"height\":480,\"caption\":\"Cancun 50 aniversario\"},{\"@type\":\"BreadcrumbList\",\"@id\":\"https:\/\/nitu.mx\/index.php\/2019\/11\/15\/revelan-logotipo-oficial-del-50-aniversario-de-cancun\/#breadcrumb\",\"itemListElement\":[{\"@type\":\"ListItem\",\"position\":1,\"name\":\"Inicio\",\"item\":\"https:\/\/nitu.mx\/\"},{\"@type\":\"ListItem\",\"position\":2,\"name\":\"Revelan logotipo oficial del 50 Aniversario de Canc\u00fan\"}]},{\"@type\":\"WebSite\",\"@id\":\"https:\/\/nitu.mx\/#website\",\"url\":\"https:\/\/nitu.mx\/\",\"name\":\"Nitu - Noticias de la Industria Turistica\",\"description\":\"Noticias de la Industria Turistica\",\"publisher\":{\"@id\":\"https:\/\/nitu.mx\/#\/schema\/person\/ae7a53426417292d3dd07b45a33e01bc\"},\"alternateName\":\"Noticias de la Industria Turistica\",\"potentialAction\":[{\"@type\":\"SearchAction\",\"target\":{\"@type\":\"EntryPoint\",\"urlTemplate\":\"https:\/\/nitu.mx\/?s={search_term_string}\"},\"query-input\":\"required name=search_term_string\"}],\"inLanguage\":\"es-MX\"},{\"@type\":[\"Person\",\"Organization\"],\"@id\":\"https:\/\/nitu.mx\/#\/schema\/person\/ae7a53426417292d3dd07b45a33e01bc\",\"name\":\"Arturo Medina\",\"image\":{\"@type\":\"ImageObject\",\"inLanguage\":\"es-MX\",\"@id\":\"https:\/\/nitu.mx\/#\/schema\/person\/image\/\",\"url\":\"https:\/\/nitu.mx\/wp-content\/uploads\/2024\/04\/4A315622-1904-4D5C-B022-878CDC840E04-90x90-1.jpeg\",\"contentUrl\":\"https:\/\/nitu.mx\/wp-content\/uploads\/2024\/04\/4A315622-1904-4D5C-B022-878CDC840E04-90x90-1.jpeg\",\"width\":90,\"height\":90,\"caption\":\"Arturo Medina\"},\"logo\":{\"@id\":\"https:\/\/nitu.mx\/#\/schema\/person\/image\/\"},\"description\":\"Director NITU.mx, Egresado de la Escuela de Periodismo Carlos Septi\u00e9n Garc\u00eda. Periodista y analista especializado en turismo desde hace 35 a\u00f1os, radicado en Canc\u00fan Q.Roo. arturo@nitu.mx\",\"sameAs\":[\"https:\/\/nitu.mx\",\"https:\/\/www.facebook.com\/NITUmx\/\",\"medinacancun\",\"https:\/\/twitter.com\/@Arturo_Medina_G\"]},{\"@type\":\"Person\",\"@id\":\"https:\/\/nitu.mx\/#\/schema\/person\/4a28fe9bd65924f7c90623773daf1b0b\",\"name\":\"Redacci\u00f3n\",\"image\":{\"@type\":\"ImageObject\",\"inLanguage\":\"es-MX\",\"@id\":\"https:\/\/nitu.mx\/#\/schema\/person\/image\/\",\"url\":\"https:\/\/secure.gravatar.com\/avatar\/5dd011c8ccfc5cd7e4c81e42252aab38?s=96&d=mm&r=g\",\"contentUrl\":\"https:\/\/secure.gravatar.com\/avatar\/5dd011c8ccfc5cd7e4c81e42252aab38?s=96&d=mm&r=g\",\"caption\":\"Redacci\u00f3n\"},\"url\":\"https:\/\/nitu.mx\/index.php\/author\/redaccion\/\"}]}<\/script>\n<!-- \/ Yoast SEO plugin. -->","yoast_head_json":{"title":"Revelan logotipo oficial del 50 Aniversario de Canc\u00fan - Nitu - Noticias de la Industria Turistica","description":"Mara Lezama present\u00f3 el logotipo oficial del 50 Aniversario de Canc\u00fan, que representa el banderazo de inicio a la celebraci\u00f3n del primer cincuentenario.","robots":{"index":"index","follow":"follow","max-snippet":"max-snippet:-1","max-image-preview":"max-image-preview:large","max-video-preview":"max-video-preview:-1"},"canonical":"https:\/\/nitu.mx\/index.php\/2019\/11\/15\/revelan-logotipo-oficial-del-50-aniversario-de-cancun\/","twitter_card":"summary_large_image","twitter_title":"Revelan logotipo oficial del 50 Aniversario de Canc\u00fan - Nitu - Noticias de la Industria Turistica","twitter_description":"Mara Lezama present\u00f3 el logotipo oficial del 50 Aniversario de Canc\u00fan, que representa el banderazo de inicio a la celebraci\u00f3n del primer cincuentenario.","twitter_image":"https:\/\/nitu.mx\/wp-content\/uploads\/2019\/11\/Cancun-50-aniversario.jpg","twitter_creator":"@NITUmx","twitter_site":"@Arturo_Medina_G","twitter_misc":{"Escrito por":"Redacci\u00f3n","Tiempo de lectura":"4 minutos"},"schema":{"@context":"https:\/\/schema.org","@graph":[{"@type":"Article","@id":"https:\/\/nitu.mx\/index.php\/2019\/11\/15\/revelan-logotipo-oficial-del-50-aniversario-de-cancun\/#article","isPartOf":{"@id":"https:\/\/nitu.mx\/index.php\/2019\/11\/15\/revelan-logotipo-oficial-del-50-aniversario-de-cancun\/"},"author":{"name":"Redacci\u00f3n","@id":"https:\/\/nitu.mx\/#\/schema\/person\/4a28fe9bd65924f7c90623773daf1b0b"},"headline":"Revelan logotipo oficial del 50 Aniversario de Canc\u00fan","datePublished":"2019-11-15T06:18:30+00:00","dateModified":"2019-11-15T06:28:41+00:00","mainEntityOfPage":{"@id":"https:\/\/nitu.mx\/index.php\/2019\/11\/15\/revelan-logotipo-oficial-del-50-aniversario-de-cancun\/"},"wordCount":744,"commentCount":0,"publisher":{"@id":"https:\/\/nitu.mx\/#\/schema\/person\/ae7a53426417292d3dd07b45a33e01bc"},"image":{"@id":"https:\/\/nitu.mx\/index.php\/2019\/11\/15\/revelan-logotipo-oficial-del-50-aniversario-de-cancun\/#primaryimage"},"thumbnailUrl":"https:\/\/nitu.mx\/wp-content\/uploads\/2019\/11\/Cancun-50-aniversario.jpg","keywords":["Aniversario","Canc\u00fan","Carlos Joaqu\u00edn","Fonatur","Grand Oasis Canc\u00fan","logotipo","Mara Lezama"],"articleSection":["Destinos","M\u00e9xico"],"inLanguage":"es-MX","potentialAction":[{"@type":"CommentAction","name":"Comment","target":["https:\/\/nitu.mx\/index.php\/2019\/11\/15\/revelan-logotipo-oficial-del-50-aniversario-de-cancun\/#respond"]}]},{"@type":"WebPage","@id":"https:\/\/nitu.mx\/index.php\/2019\/11\/15\/revelan-logotipo-oficial-del-50-aniversario-de-cancun\/","url":"https:\/\/nitu.mx\/index.php\/2019\/11\/15\/revelan-logotipo-oficial-del-50-aniversario-de-cancun\/","name":"Revelan logotipo oficial del 50 Aniversario de Canc\u00fan - Nitu - Noticias de la Industria Turistica","isPartOf":{"@id":"https:\/\/nitu.mx\/#website"},"primaryImageOfPage":{"@id":"https:\/\/nitu.mx\/index.php\/2019\/11\/15\/revelan-logotipo-oficial-del-50-aniversario-de-cancun\/#primaryimage"},"image":{"@id":"https:\/\/nitu.mx\/index.php\/2019\/11\/15\/revelan-logotipo-oficial-del-50-aniversario-de-cancun\/#primaryimage"},"thumbnailUrl":"https:\/\/nitu.mx\/wp-content\/uploads\/2019\/11\/Cancun-50-aniversario.jpg","datePublished":"2019-11-15T06:18:30+00:00","dateModified":"2019-11-15T06:28:41+00:00","description":"Mara Lezama present\u00f3 el logotipo oficial del 50 Aniversario de Canc\u00fan, que representa el banderazo de inicio a la celebraci\u00f3n del primer cincuentenario.","breadcrumb":{"@id":"https:\/\/nitu.mx\/index.php\/2019\/11\/15\/revelan-logotipo-oficial-del-50-aniversario-de-cancun\/#breadcrumb"},"inLanguage":"es-MX","potentialAction":[{"@type":"ReadAction","target":["https:\/\/nitu.mx\/index.php\/2019\/11\/15\/revelan-logotipo-oficial-del-50-aniversario-de-cancun\/"]}]},{"@type":"ImageObject","inLanguage":"es-MX","@id":"https:\/\/nitu.mx\/index.php\/2019\/11\/15\/revelan-logotipo-oficial-del-50-aniversario-de-cancun\/#primaryimage","url":"https:\/\/nitu.mx\/wp-content\/uploads\/2019\/11\/Cancun-50-aniversario.jpg","contentUrl":"https:\/\/nitu.mx\/wp-content\/uploads\/2019\/11\/Cancun-50-aniversario.jpg","width":850,"height":480,"caption":"Cancun 50 aniversario"},{"@type":"BreadcrumbList","@id":"https:\/\/nitu.mx\/index.php\/2019\/11\/15\/revelan-logotipo-oficial-del-50-aniversario-de-cancun\/#breadcrumb","itemListElement":[{"@type":"ListItem","position":1,"name":"Inicio","item":"https:\/\/nitu.mx\/"},{"@type":"ListItem","position":2,"name":"Revelan logotipo oficial del 50 Aniversario de Canc\u00fan"}]},{"@type":"WebSite","@id":"https:\/\/nitu.mx\/#website","url":"https:\/\/nitu.mx\/","name":"Nitu - Noticias de la Industria Turistica","description":"Noticias de la Industria Turistica","publisher":{"@id":"https:\/\/nitu.mx\/#\/schema\/person\/ae7a53426417292d3dd07b45a33e01bc"},"alternateName":"Noticias de la Industria Turistica","potentialAction":[{"@type":"SearchAction","target":{"@type":"EntryPoint","urlTemplate":"https:\/\/nitu.mx\/?s={search_term_string}"},"query-input":"required name=search_term_string"}],"inLanguage":"es-MX"},{"@type":["Person","Organization"],"@id":"https:\/\/nitu.mx\/#\/schema\/person\/ae7a53426417292d3dd07b45a33e01bc","name":"Arturo Medina","image":{"@type":"ImageObject","inLanguage":"es-MX","@id":"https:\/\/nitu.mx\/#\/schema\/person\/image\/","url":"https:\/\/nitu.mx\/wp-content\/uploads\/2024\/04\/4A315622-1904-4D5C-B022-878CDC840E04-90x90-1.jpeg","contentUrl":"https:\/\/nitu.mx\/wp-content\/uploads\/2024\/04\/4A315622-1904-4D5C-B022-878CDC840E04-90x90-1.jpeg","width":90,"height":90,"caption":"Arturo Medina"},"logo":{"@id":"https:\/\/nitu.mx\/#\/schema\/person\/image\/"},"description":"Director NITU.mx, Egresado de la Escuela de Periodismo Carlos Septi\u00e9n Garc\u00eda. Periodista y analista especializado en turismo desde hace 35 a\u00f1os, radicado en Canc\u00fan Q.Roo. arturo@nitu.mx","sameAs":["https:\/\/nitu.mx","https:\/\/www.facebook.com\/NITUmx\/","medinacancun","https:\/\/twitter.com\/@Arturo_Medina_G"]},{"@type":"Person","@id":"https:\/\/nitu.mx\/#\/schema\/person\/4a28fe9bd65924f7c90623773daf1b0b","name":"Redacci\u00f3n","image":{"@type":"ImageObject","inLanguage":"es-MX","@id":"https:\/\/nitu.mx\/#\/schema\/person\/image\/","url":"https:\/\/secure.gravatar.com\/avatar\/5dd011c8ccfc5cd7e4c81e42252aab38?s=96&d=mm&r=g","contentUrl":"https:\/\/secure.gravatar.com\/avatar\/5dd011c8ccfc5cd7e4c81e42252aab38?s=96&d=mm&r=g","caption":"Redacci\u00f3n"},"url":"https:\/\/nitu.mx\/index.php\/author\/redaccion\/"}]}},"views":447,"_links":{"self":[{"href":"https:\/\/nitu.mx\/index.php\/wp-json\/wp\/v2\/posts\/37471"}],"collection":[{"href":"https:\/\/nitu.mx\/index.php\/wp-json\/wp\/v2\/posts"}],"about":[{"href":"https:\/\/nitu.mx\/index.php\/wp-json\/wp\/v2\/types\/post"}],"author":[{"embeddable":true,"href":"https:\/\/nitu.mx\/index.php\/wp-json\/wp\/v2\/users\/17"}],"replies":[{"embeddable":true,"href":"https:\/\/nitu.mx\/index.php\/wp-json\/wp\/v2\/comments?post=37471"}],"version-history":[{"count":3,"href":"https:\/\/nitu.mx\/index.php\/wp-json\/wp\/v2\/posts\/37471\/revisions"}],"predecessor-version":[{"id":37504,"href":"https:\/\/nitu.mx\/index.php\/wp-json\/wp\/v2\/posts\/37471\/revisions\/37504"}],"wp:featuredmedia":[{"embeddable":true,"href":"https:\/\/nitu.mx\/index.php\/wp-json\/wp\/v2\/media\/37502"}],"wp:attachment":[{"href":"https:\/\/nitu.mx\/index.php\/wp-json\/wp\/v2\/media?parent=37471"}],"wp:term":[{"taxonomy":"category","embeddable":true,"href":"https:\/\/nitu.mx\/index.php\/wp-json\/wp\/v2\/categories?post=37471"},{"taxonomy":"post_tag","embeddable":true,"href":"https:\/\/nitu.mx\/index.php\/wp-json\/wp\/v2\/tags?post=37471"}],"curies":[{"name":"wp","href":"https:\/\/api.w.org\/{rel}","templated":true}]}}