{"id":37424,"date":"2019-11-14T01:35:21","date_gmt":"2019-11-14T06:35:21","guid":{"rendered":"https:\/\/www.dev.nitu.mx\/?p=37424"},"modified":"2019-11-14T01:43:31","modified_gmt":"2019-11-14T06:43:31","slug":"viva-aerobus-invita-a-decorar-sus-airbus-a320","status":"publish","type":"post","link":"https:\/\/nitu.mx\/index.php\/2019\/11\/14\/viva-aerobus-invita-a-decorar-sus-airbus-a320\/","title":{"rendered":"Viva Aerobus invita a decorar sus Airbus A320"},"content":{"rendered":"<p>&nbsp;<\/p>\n<p>Viva Aerobus anunci\u00f3 el lanzamiento del concurso \u201cPinta tus alas\u201d, el cual invita a los pasajeros a crear dise\u00f1os que reflejen la diversidad de nuestro pa\u00eds, para revestir las alas de m\u00e1s de 20 de sus aviones Airbus A320.<\/p>\n<p>Las propuestas deben estar inspiradas en cualquiera de las siguientes categor\u00edas que demuestren la riqueza de M\u00e9xico: naturaleza, cultura, gente, inclusi\u00f3n y gastronom\u00eda.<\/p>\n<p>Los dise\u00f1os seleccionados ser\u00e1n colocados de diciembre de 2019 a marzo de 2020 en las alas de las aeronaves.<\/p>\n<p>\u201cEste noviembre, Viva Aerobus cumple 13 a\u00f1os apostando, principalmente, por el mercado dom\u00e9stico y para celebrarlo, queremos hacer un reconocimiento a los emblemas de la cultura mexicana que nuestros viajeros tanto aprecian\u201d, dijo Walfred Castro, director de comunicaci\u00f3n de la aerol\u00ednea. (<a title=\"Viva Aerobus crece un 58.2% en su flujo operativo durante\u00a0 tercer trimestre\" href=\"https:\/\/www.dev.nitu.mx\/index.php\/2019\/10\/24\/viva-aerobus-crece-un-58-2-en-su-flujo-operativo-durante-tercer-trimestre\/\" rel=\"bookmark\">Viva Aerobus crece un 58.2% en su flujo operativo durante\u00a0 tercer trimestre<\/a>).<\/p>\n<p>&#8220;Este concurso es una oportunidad para impulsar el turismo en M\u00e9xico a trav\u00e9s de la difusi\u00f3n visual y sensibilizaci\u00f3n de las riquezas que tiene nuestro pa\u00eds. Adem\u00e1s, nos permite fortalecer la relaci\u00f3n e interacci\u00f3n directa con nuestros clientes, a quienes tambi\u00e9n queremos festejar y reconocer por su respaldo\u201d, a\u00f1adi\u00f3 Walfred Castro.<\/p>\n<p>Los interesados en participar deben descargar la plantilla de dise\u00f1o que se encuentra en la p\u00e1gina de Viva Aerobus y enviar su dise\u00f1o al correo electr\u00f3nico\u00a0<a href=\"mailto:premios@vivaaerobus.com\">premios@vivaaerobus.com<\/a>\u00a0antes del 25 de noviembre de 2019.<\/p>\n<p>Los ganadores se dar\u00e1n a conocer el 30 de noviembre del 2019 en las redes sociales de la aerol\u00ednea.<\/p>\n<p>Los ganadores recibir\u00e1n un total de 12 certificados para obtener un vuelo redondo sencillo por mes durante el pr\u00f3ximo a\u00f1o a cualquier destino nacional.<\/p>\n","protected":false},"excerpt":{"rendered":"<p>&nbsp; Viva Aerobus anunci\u00f3 el lanzamiento del concurso \u201cPinta tus alas\u201d, el cual invita a los pasajeros a crear dise\u00f1os que reflejen la diversidad de nuestro pa\u00eds, para revestir las alas de m\u00e1s de 20 de sus aviones Airbus A320. Las propuestas deben estar inspiradas en cualquiera de las siguientes categor\u00edas que demuestren la riqueza [&hellip;]<\/p>\n","protected":false},"author":17,"featured_media":28322,"comment_status":"open","ping_status":"open","sticky":false,"template":"","format":"standard","meta":{"footnotes":""},"categories":[29],"tags":[17957,2102,17826],"yoast_head":"<!-- This site is optimized with the Yoast SEO plugin v22.2 - https:\/\/yoast.com\/wordpress\/plugins\/seo\/ -->\n<title>Viva Aerobus invita a decorar sus Airbus A320 - Nitu - Noticias de la Industria Turistica<\/title>\n<meta name=\"description\" content=\"Viva Aerobus anunci\u00f3 el lanzamiento del concurso \u201cPinta tus alas\u201d, el cual invita a los pasajeros a crear dise\u00f1os que reflejen la diversidad de nuestro pa\u00eds\" \/>\n<meta name=\"robots\" content=\"index, follow, max-snippet:-1, max-image-preview:large, max-video-preview:-1\" \/>\n<link rel=\"canonical\" href=\"https:\/\/nitu.mx\/index.php\/2019\/11\/14\/viva-aerobus-invita-a-decorar-sus-airbus-a320\/\" \/>\n<meta name=\"twitter:card\" content=\"summary_large_image\" \/>\n<meta name=\"twitter:title\" content=\"Viva Aerobus invita a decorar sus Airbus A320 - Nitu - Noticias de la Industria Turistica\" \/>\n<meta name=\"twitter:description\" content=\"Viva Aerobus anunci\u00f3 el lanzamiento del concurso \u201cPinta tus alas\u201d, el cual invita a los pasajeros a crear dise\u00f1os que reflejen la diversidad de nuestro pa\u00eds\" \/>\n<meta name=\"twitter:image\" content=\"https:\/\/nitu.mx\/wp-content\/uploads\/2019\/01\/Viva-Aerobus-Puebla.jpg\" \/>\n<meta name=\"twitter:creator\" content=\"@NITUmx\" \/>\n<meta name=\"twitter:site\" content=\"@Arturo_Medina_G\" \/>\n<meta name=\"twitter:label1\" content=\"Escrito por\" \/>\n\t<meta name=\"twitter:data1\" content=\"Redacci\u00f3n\" \/>\n\t<meta name=\"twitter:label2\" content=\"Tiempo de lectura\" \/>\n\t<meta name=\"twitter:data2\" content=\"1 minuto\" \/>\n<script type=\"application\/ld+json\" class=\"yoast-schema-graph\">{\"@context\":\"https:\/\/schema.org\",\"@graph\":[{\"@type\":\"Article\",\"@id\":\"https:\/\/nitu.mx\/index.php\/2019\/11\/14\/viva-aerobus-invita-a-decorar-sus-airbus-a320\/#article\",\"isPartOf\":{\"@id\":\"https:\/\/nitu.mx\/index.php\/2019\/11\/14\/viva-aerobus-invita-a-decorar-sus-airbus-a320\/\"},\"author\":{\"name\":\"Redacci\u00f3n\",\"@id\":\"https:\/\/nitu.mx\/#\/schema\/person\/4a28fe9bd65924f7c90623773daf1b0b\"},\"headline\":\"Viva Aerobus invita a decorar sus Airbus A320\",\"datePublished\":\"2019-11-14T06:35:21+00:00\",\"dateModified\":\"2019-11-14T06:43:31+00:00\",\"mainEntityOfPage\":{\"@id\":\"https:\/\/nitu.mx\/index.php\/2019\/11\/14\/viva-aerobus-invita-a-decorar-sus-airbus-a320\/\"},\"wordCount\":295,\"commentCount\":0,\"publisher\":{\"@id\":\"https:\/\/nitu.mx\/#\/schema\/person\/ae7a53426417292d3dd07b45a33e01bc\"},\"image\":{\"@id\":\"https:\/\/nitu.mx\/index.php\/2019\/11\/14\/viva-aerobus-invita-a-decorar-sus-airbus-a320\/#primaryimage\"},\"thumbnailUrl\":\"https:\/\/nitu.mx\/wp-content\/uploads\/2019\/01\/Viva-Aerobus-Puebla.jpg\",\"keywords\":[\"Pinta tus alas\",\"Viva Aerobus\",\"Walfred Castro\"],\"articleSection\":[\"Aerol\u00edneas\"],\"inLanguage\":\"es-MX\",\"potentialAction\":[{\"@type\":\"CommentAction\",\"name\":\"Comment\",\"target\":[\"https:\/\/nitu.mx\/index.php\/2019\/11\/14\/viva-aerobus-invita-a-decorar-sus-airbus-a320\/#respond\"]}]},{\"@type\":\"WebPage\",\"@id\":\"https:\/\/nitu.mx\/index.php\/2019\/11\/14\/viva-aerobus-invita-a-decorar-sus-airbus-a320\/\",\"url\":\"https:\/\/nitu.mx\/index.php\/2019\/11\/14\/viva-aerobus-invita-a-decorar-sus-airbus-a320\/\",\"name\":\"Viva Aerobus invita a decorar sus Airbus A320 - Nitu - Noticias de la Industria Turistica\",\"isPartOf\":{\"@id\":\"https:\/\/nitu.mx\/#website\"},\"primaryImageOfPage\":{\"@id\":\"https:\/\/nitu.mx\/index.php\/2019\/11\/14\/viva-aerobus-invita-a-decorar-sus-airbus-a320\/#primaryimage\"},\"image\":{\"@id\":\"https:\/\/nitu.mx\/index.php\/2019\/11\/14\/viva-aerobus-invita-a-decorar-sus-airbus-a320\/#primaryimage\"},\"thumbnailUrl\":\"https:\/\/nitu.mx\/wp-content\/uploads\/2019\/01\/Viva-Aerobus-Puebla.jpg\",\"datePublished\":\"2019-11-14T06:35:21+00:00\",\"dateModified\":\"2019-11-14T06:43:31+00:00\",\"description\":\"Viva Aerobus anunci\u00f3 el lanzamiento del concurso \u201cPinta tus alas\u201d, el cual invita a los pasajeros a crear dise\u00f1os que reflejen la diversidad de nuestro pa\u00eds\",\"breadcrumb\":{\"@id\":\"https:\/\/nitu.mx\/index.php\/2019\/11\/14\/viva-aerobus-invita-a-decorar-sus-airbus-a320\/#breadcrumb\"},\"inLanguage\":\"es-MX\",\"potentialAction\":[{\"@type\":\"ReadAction\",\"target\":[\"https:\/\/nitu.mx\/index.php\/2019\/11\/14\/viva-aerobus-invita-a-decorar-sus-airbus-a320\/\"]}]},{\"@type\":\"ImageObject\",\"inLanguage\":\"es-MX\",\"@id\":\"https:\/\/nitu.mx\/index.php\/2019\/11\/14\/viva-aerobus-invita-a-decorar-sus-airbus-a320\/#primaryimage\",\"url\":\"https:\/\/nitu.mx\/wp-content\/uploads\/2019\/01\/Viva-Aerobus-Puebla.jpg\",\"contentUrl\":\"https:\/\/nitu.mx\/wp-content\/uploads\/2019\/01\/Viva-Aerobus-Puebla.jpg\",\"width\":850,\"height\":480,\"caption\":\"Viva Aerobus Puebla\"},{\"@type\":\"BreadcrumbList\",\"@id\":\"https:\/\/nitu.mx\/index.php\/2019\/11\/14\/viva-aerobus-invita-a-decorar-sus-airbus-a320\/#breadcrumb\",\"itemListElement\":[{\"@type\":\"ListItem\",\"position\":1,\"name\":\"Inicio\",\"item\":\"https:\/\/nitu.mx\/\"},{\"@type\":\"ListItem\",\"position\":2,\"name\":\"Viva Aerobus invita a decorar sus Airbus A320\"}]},{\"@type\":\"WebSite\",\"@id\":\"https:\/\/nitu.mx\/#website\",\"url\":\"https:\/\/nitu.mx\/\",\"name\":\"Nitu - Noticias de la Industria Turistica\",\"description\":\"Noticias de la Industria Turistica\",\"publisher\":{\"@id\":\"https:\/\/nitu.mx\/#\/schema\/person\/ae7a53426417292d3dd07b45a33e01bc\"},\"alternateName\":\"Noticias de la Industria Turistica\",\"potentialAction\":[{\"@type\":\"SearchAction\",\"target\":{\"@type\":\"EntryPoint\",\"urlTemplate\":\"https:\/\/nitu.mx\/?s={search_term_string}\"},\"query-input\":\"required name=search_term_string\"}],\"inLanguage\":\"es-MX\"},{\"@type\":[\"Person\",\"Organization\"],\"@id\":\"https:\/\/nitu.mx\/#\/schema\/person\/ae7a53426417292d3dd07b45a33e01bc\",\"name\":\"Arturo Medina\",\"image\":{\"@type\":\"ImageObject\",\"inLanguage\":\"es-MX\",\"@id\":\"https:\/\/nitu.mx\/#\/schema\/person\/image\/\",\"url\":\"https:\/\/nitu.mx\/wp-content\/uploads\/2024\/04\/4A315622-1904-4D5C-B022-878CDC840E04-90x90-1.jpeg\",\"contentUrl\":\"https:\/\/nitu.mx\/wp-content\/uploads\/2024\/04\/4A315622-1904-4D5C-B022-878CDC840E04-90x90-1.jpeg\",\"width\":90,\"height\":90,\"caption\":\"Arturo Medina\"},\"logo\":{\"@id\":\"https:\/\/nitu.mx\/#\/schema\/person\/image\/\"},\"description\":\"Director NITU.mx, Egresado de la Escuela de Periodismo Carlos Septi\u00e9n Garc\u00eda. Periodista y analista especializado en turismo desde hace 35 a\u00f1os, radicado en Canc\u00fan Q.Roo. arturo@nitu.mx\",\"sameAs\":[\"https:\/\/nitu.mx\",\"https:\/\/www.facebook.com\/NITUmx\/\",\"medinacancun\",\"https:\/\/twitter.com\/@Arturo_Medina_G\"]},{\"@type\":\"Person\",\"@id\":\"https:\/\/nitu.mx\/#\/schema\/person\/4a28fe9bd65924f7c90623773daf1b0b\",\"name\":\"Redacci\u00f3n\",\"image\":{\"@type\":\"ImageObject\",\"inLanguage\":\"es-MX\",\"@id\":\"https:\/\/nitu.mx\/#\/schema\/person\/image\/\",\"url\":\"https:\/\/secure.gravatar.com\/avatar\/5dd011c8ccfc5cd7e4c81e42252aab38?s=96&d=mm&r=g\",\"contentUrl\":\"https:\/\/secure.gravatar.com\/avatar\/5dd011c8ccfc5cd7e4c81e42252aab38?s=96&d=mm&r=g\",\"caption\":\"Redacci\u00f3n\"},\"url\":\"https:\/\/nitu.mx\/index.php\/author\/redaccion\/\"}]}<\/script>\n<!-- \/ Yoast SEO plugin. -->","yoast_head_json":{"title":"Viva Aerobus invita a decorar sus Airbus A320 - Nitu - Noticias de la Industria Turistica","description":"Viva Aerobus anunci\u00f3 el lanzamiento del concurso \u201cPinta tus alas\u201d, el cual invita a los pasajeros a crear dise\u00f1os que reflejen la diversidad de nuestro pa\u00eds","robots":{"index":"index","follow":"follow","max-snippet":"max-snippet:-1","max-image-preview":"max-image-preview:large","max-video-preview":"max-video-preview:-1"},"canonical":"https:\/\/nitu.mx\/index.php\/2019\/11\/14\/viva-aerobus-invita-a-decorar-sus-airbus-a320\/","twitter_card":"summary_large_image","twitter_title":"Viva Aerobus invita a decorar sus Airbus A320 - Nitu - Noticias de la Industria Turistica","twitter_description":"Viva Aerobus anunci\u00f3 el lanzamiento del concurso \u201cPinta tus alas\u201d, el cual invita a los pasajeros a crear dise\u00f1os que reflejen la diversidad de nuestro pa\u00eds","twitter_image":"https:\/\/nitu.mx\/wp-content\/uploads\/2019\/01\/Viva-Aerobus-Puebla.jpg","twitter_creator":"@NITUmx","twitter_site":"@Arturo_Medina_G","twitter_misc":{"Escrito por":"Redacci\u00f3n","Tiempo de lectura":"1 minuto"},"schema":{"@context":"https:\/\/schema.org","@graph":[{"@type":"Article","@id":"https:\/\/nitu.mx\/index.php\/2019\/11\/14\/viva-aerobus-invita-a-decorar-sus-airbus-a320\/#article","isPartOf":{"@id":"https:\/\/nitu.mx\/index.php\/2019\/11\/14\/viva-aerobus-invita-a-decorar-sus-airbus-a320\/"},"author":{"name":"Redacci\u00f3n","@id":"https:\/\/nitu.mx\/#\/schema\/person\/4a28fe9bd65924f7c90623773daf1b0b"},"headline":"Viva Aerobus invita a decorar sus Airbus A320","datePublished":"2019-11-14T06:35:21+00:00","dateModified":"2019-11-14T06:43:31+00:00","mainEntityOfPage":{"@id":"https:\/\/nitu.mx\/index.php\/2019\/11\/14\/viva-aerobus-invita-a-decorar-sus-airbus-a320\/"},"wordCount":295,"commentCount":0,"publisher":{"@id":"https:\/\/nitu.mx\/#\/schema\/person\/ae7a53426417292d3dd07b45a33e01bc"},"image":{"@id":"https:\/\/nitu.mx\/index.php\/2019\/11\/14\/viva-aerobus-invita-a-decorar-sus-airbus-a320\/#primaryimage"},"thumbnailUrl":"https:\/\/nitu.mx\/wp-content\/uploads\/2019\/01\/Viva-Aerobus-Puebla.jpg","keywords":["Pinta tus alas","Viva Aerobus","Walfred Castro"],"articleSection":["Aerol\u00edneas"],"inLanguage":"es-MX","potentialAction":[{"@type":"CommentAction","name":"Comment","target":["https:\/\/nitu.mx\/index.php\/2019\/11\/14\/viva-aerobus-invita-a-decorar-sus-airbus-a320\/#respond"]}]},{"@type":"WebPage","@id":"https:\/\/nitu.mx\/index.php\/2019\/11\/14\/viva-aerobus-invita-a-decorar-sus-airbus-a320\/","url":"https:\/\/nitu.mx\/index.php\/2019\/11\/14\/viva-aerobus-invita-a-decorar-sus-airbus-a320\/","name":"Viva Aerobus invita a decorar sus Airbus A320 - Nitu - Noticias de la Industria Turistica","isPartOf":{"@id":"https:\/\/nitu.mx\/#website"},"primaryImageOfPage":{"@id":"https:\/\/nitu.mx\/index.php\/2019\/11\/14\/viva-aerobus-invita-a-decorar-sus-airbus-a320\/#primaryimage"},"image":{"@id":"https:\/\/nitu.mx\/index.php\/2019\/11\/14\/viva-aerobus-invita-a-decorar-sus-airbus-a320\/#primaryimage"},"thumbnailUrl":"https:\/\/nitu.mx\/wp-content\/uploads\/2019\/01\/Viva-Aerobus-Puebla.jpg","datePublished":"2019-11-14T06:35:21+00:00","dateModified":"2019-11-14T06:43:31+00:00","description":"Viva Aerobus anunci\u00f3 el lanzamiento del concurso \u201cPinta tus alas\u201d, el cual invita a los pasajeros a crear dise\u00f1os que reflejen la diversidad de nuestro pa\u00eds","breadcrumb":{"@id":"https:\/\/nitu.mx\/index.php\/2019\/11\/14\/viva-aerobus-invita-a-decorar-sus-airbus-a320\/#breadcrumb"},"inLanguage":"es-MX","potentialAction":[{"@type":"ReadAction","target":["https:\/\/nitu.mx\/index.php\/2019\/11\/14\/viva-aerobus-invita-a-decorar-sus-airbus-a320\/"]}]},{"@type":"ImageObject","inLanguage":"es-MX","@id":"https:\/\/nitu.mx\/index.php\/2019\/11\/14\/viva-aerobus-invita-a-decorar-sus-airbus-a320\/#primaryimage","url":"https:\/\/nitu.mx\/wp-content\/uploads\/2019\/01\/Viva-Aerobus-Puebla.jpg","contentUrl":"https:\/\/nitu.mx\/wp-content\/uploads\/2019\/01\/Viva-Aerobus-Puebla.jpg","width":850,"height":480,"caption":"Viva Aerobus Puebla"},{"@type":"BreadcrumbList","@id":"https:\/\/nitu.mx\/index.php\/2019\/11\/14\/viva-aerobus-invita-a-decorar-sus-airbus-a320\/#breadcrumb","itemListElement":[{"@type":"ListItem","position":1,"name":"Inicio","item":"https:\/\/nitu.mx\/"},{"@type":"ListItem","position":2,"name":"Viva Aerobus invita a decorar sus Airbus A320"}]},{"@type":"WebSite","@id":"https:\/\/nitu.mx\/#website","url":"https:\/\/nitu.mx\/","name":"Nitu - Noticias de la Industria Turistica","description":"Noticias de la Industria Turistica","publisher":{"@id":"https:\/\/nitu.mx\/#\/schema\/person\/ae7a53426417292d3dd07b45a33e01bc"},"alternateName":"Noticias de la Industria Turistica","potentialAction":[{"@type":"SearchAction","target":{"@type":"EntryPoint","urlTemplate":"https:\/\/nitu.mx\/?s={search_term_string}"},"query-input":"required name=search_term_string"}],"inLanguage":"es-MX"},{"@type":["Person","Organization"],"@id":"https:\/\/nitu.mx\/#\/schema\/person\/ae7a53426417292d3dd07b45a33e01bc","name":"Arturo Medina","image":{"@type":"ImageObject","inLanguage":"es-MX","@id":"https:\/\/nitu.mx\/#\/schema\/person\/image\/","url":"https:\/\/nitu.mx\/wp-content\/uploads\/2024\/04\/4A315622-1904-4D5C-B022-878CDC840E04-90x90-1.jpeg","contentUrl":"https:\/\/nitu.mx\/wp-content\/uploads\/2024\/04\/4A315622-1904-4D5C-B022-878CDC840E04-90x90-1.jpeg","width":90,"height":90,"caption":"Arturo Medina"},"logo":{"@id":"https:\/\/nitu.mx\/#\/schema\/person\/image\/"},"description":"Director NITU.mx, Egresado de la Escuela de Periodismo Carlos Septi\u00e9n Garc\u00eda. Periodista y analista especializado en turismo desde hace 35 a\u00f1os, radicado en Canc\u00fan Q.Roo. arturo@nitu.mx","sameAs":["https:\/\/nitu.mx","https:\/\/www.facebook.com\/NITUmx\/","medinacancun","https:\/\/twitter.com\/@Arturo_Medina_G"]},{"@type":"Person","@id":"https:\/\/nitu.mx\/#\/schema\/person\/4a28fe9bd65924f7c90623773daf1b0b","name":"Redacci\u00f3n","image":{"@type":"ImageObject","inLanguage":"es-MX","@id":"https:\/\/nitu.mx\/#\/schema\/person\/image\/","url":"https:\/\/secure.gravatar.com\/avatar\/5dd011c8ccfc5cd7e4c81e42252aab38?s=96&d=mm&r=g","contentUrl":"https:\/\/secure.gravatar.com\/avatar\/5dd011c8ccfc5cd7e4c81e42252aab38?s=96&d=mm&r=g","caption":"Redacci\u00f3n"},"url":"https:\/\/nitu.mx\/index.php\/author\/redaccion\/"}]}},"views":300,"_links":{"self":[{"href":"https:\/\/nitu.mx\/index.php\/wp-json\/wp\/v2\/posts\/37424"}],"collection":[{"href":"https:\/\/nitu.mx\/index.php\/wp-json\/wp\/v2\/posts"}],"about":[{"href":"https:\/\/nitu.mx\/index.php\/wp-json\/wp\/v2\/types\/post"}],"author":[{"embeddable":true,"href":"https:\/\/nitu.mx\/index.php\/wp-json\/wp\/v2\/users\/17"}],"replies":[{"embeddable":true,"href":"https:\/\/nitu.mx\/index.php\/wp-json\/wp\/v2\/comments?post=37424"}],"version-history":[{"count":5,"href":"https:\/\/nitu.mx\/index.php\/wp-json\/wp\/v2\/posts\/37424\/revisions"}],"predecessor-version":[{"id":37467,"href":"https:\/\/nitu.mx\/index.php\/wp-json\/wp\/v2\/posts\/37424\/revisions\/37467"}],"wp:featuredmedia":[{"embeddable":true,"href":"https:\/\/nitu.mx\/index.php\/wp-json\/wp\/v2\/media\/28322"}],"wp:attachment":[{"href":"https:\/\/nitu.mx\/index.php\/wp-json\/wp\/v2\/media?parent=37424"}],"wp:term":[{"taxonomy":"category","embeddable":true,"href":"https:\/\/nitu.mx\/index.php\/wp-json\/wp\/v2\/categories?post=37424"},{"taxonomy":"post_tag","embeddable":true,"href":"https:\/\/nitu.mx\/index.php\/wp-json\/wp\/v2\/tags?post=37424"}],"curies":[{"name":"wp","href":"https:\/\/api.w.org\/{rel}","templated":true}]}}