{"id":37239,"date":"2019-11-07T00:55:46","date_gmt":"2019-11-07T05:55:46","guid":{"rendered":"https:\/\/www.dev.nitu.mx\/?p=37239"},"modified":"2019-11-07T01:10:32","modified_gmt":"2019-11-07T06:10:32","slug":"caribe-mexicano-cierra-con-exito-su-participacion-en-world-travel-market","status":"publish","type":"post","link":"https:\/\/nitu.mx\/index.php\/2019\/11\/07\/caribe-mexicano-cierra-con-exito-su-participacion-en-world-travel-market\/","title":{"rendered":"Caribe Mexicano cierra con \u00e9xito su participaci\u00f3n en World Travel Market"},"content":{"rendered":"<p>&nbsp;<\/p>\n<p>La delegaci\u00f3n del Caribe Mexicano Quintana Roo presente en la WTM World Travel Market integrada por la secretaria de Turismo, Marisol Vanegas P\u00e9rez y el Director General del CPTQ, Dar\u00edo Flota Ocampo y representantes de empresas del Estado concluyen con \u00e9xito la feria de turismo enfocada en el principal mercado europeo para Quintana Roo: el mercado brit\u00e1nico.<\/p>\n<p>Estas acciones del Gobierno encabezado por Carlos Joaqu\u00edn fortalecen la llegada de m\u00e1s visitantes internacionales a los destinos tur\u00edsticos del Caribe Mexicano para generar m\u00e1s y mejores oportunidades para los quintanarroenses.<\/p>\n<p>En el \u00faltimo d\u00eda de la feria, la agenda comenz\u00f3 con la reuni\u00f3n que sostuvo la titular de Turismo estatal, Marisol Vanegas en las oficinas de Ministerio de Relaciones Exteriores y de la Mancomunidad de Naciones (Foreign and Commonwealth Office, FCO) encargado de las relaciones exteriores en Europa y de las relaciones con los pa\u00edses miembros de la Mancomunidad Brit\u00e1nica de Naciones, responsable de proteger y promover los intereses brit\u00e1nicos en todo el mundo, con quienes abord\u00f3 temas de inter\u00e9s en com\u00fan, como salud (cero casos de Ciclospora), seguridad (cero turistas brit\u00e1nicos afectados) y recomendaciones de viaje para los turistas brit\u00e1nicos.<\/p>\n<p>El Ministerio reconoci\u00f3 las atenciones prestadas por el Gobierno de Quintana Roo en temas como la repatriaci\u00f3n de turistas afectados por el quiebre de Thomas Cook y acordaron abrir a\u00fan m\u00e1s las l\u00edneas de comunicaci\u00f3n directa.<\/p>\n<p>\u201cCompartimos mucha informaci\u00f3n, sobre las acciones que se realizan en Quintana Roo, para el fortalecimiento en la seguridad, como los resultados del primer a\u00f1o del Guest Assist, que ha dado a muy buenos resultados a los turistas ingleses, se trabaja en conjunto con el CPTQ, para proteger y promover la seguridad de los brit\u00e1nicos que nos visitan, en todos los destinos tur\u00edsticos de nuestra regi\u00f3n,\u201d coment\u00f3 la titular de la SEDETUR. (<a title=\"Pabell\u00f3n de Caribe Mexicano es inaugurado en World Travel Market\" href=\"https:\/\/www.dev.nitu.mx\/index.php\/2019\/11\/05\/pabellon-de-caribe-mexicano-es-inaugurado-en-el-world-travel-market\/\" rel=\"bookmark\">Pabell\u00f3n de Caribe Mexicano es inaugurado en World Travel Market<\/a>).<\/p>\n<p>Del 4 al 6 de noviembre, se realizaron citas con tour operadores como Logitravel y agentes de viajes y la plataforma de reservas en l\u00ednea Expedia adem\u00e1s de atender medios de comunicaci\u00f3n de Reino Unido, M\u00e9xico y Rusia.<br \/>\n\u201cBritish Airways que contaba con 4 vuelos semanales anunci\u00f3 para el verano 2020 una 5ta frecuencia y una 6ta \u00a0que estar\u00e1 temporalmente por el verano, as\u00ed que para dicha temporada pr\u00e1cticamente tendremos vuelos diarios de Londres a Canc\u00fan, estamos a la espera de que los nuevos operadores anuncien un nuevo vuelo charter que haga frente a la demanda que hay de viajes a nuestro Estado,\u201d inform\u00f3 Dar\u00edo Flota Ocampo, Director General del CPTQ.<\/p>\n<p>En el marco de la feria, el martes, Vanegas P\u00e9rez, asisti\u00f3\u0301 a la Cumbre de Ministros de la Organizacio\u0301n Mundial de Turismo (OMT) y por la man\u0303ana, sostuvo junto con el Director General de CPTQ Dari\u0301o Flota Ocampo una reunio\u0301n con Adolfo Favieres, Embajador del Consejo Mundial De Viajes y Turismo (WTTC).<\/p>\n<p>Reino Unido es el principal mercado europeo estrat\u00e9gico, con una estancia promedio de 9.2 d\u00edas. Durante 2018, llegaron a Quintana Roo 459 953 turistas brit\u00e1nicos.\u00a0Vanegas P\u00e9rez y Flota Ocampo, tambi\u00e9n asistieron a la Recepci\u00f3n Anual del Consejo Mundial De Viajes y Turismo (WTTC).<\/p>\n","protected":false},"excerpt":{"rendered":"<p>&nbsp; La delegaci\u00f3n del Caribe Mexicano Quintana Roo presente en la WTM World Travel Market integrada por la secretaria de Turismo, Marisol Vanegas P\u00e9rez y el Director General del CPTQ, Dar\u00edo Flota Ocampo y representantes de empresas del Estado concluyen con \u00e9xito la feria de turismo enfocada en el principal mercado europeo para Quintana Roo: [&hellip;]<\/p>\n","protected":false},"author":17,"featured_media":37248,"comment_status":"open","ping_status":"open","sticky":false,"template":"","format":"standard","meta":{"footnotes":""},"categories":[5,6],"tags":[1507,83,8145,1024,1153,5495,4931],"yoast_head":"<!-- This site is optimized with the Yoast SEO plugin v22.2 - https:\/\/yoast.com\/wordpress\/plugins\/seo\/ -->\n<title>Caribe Mexicano cierra con \u00e9xito su participaci\u00f3n en World Travel Market - Nitu - Noticias de la Industria Turistica<\/title>\n<meta name=\"description\" content=\"La delegaci\u00f3n del Caribe Mexicano presente en la WTM World Travel Market integrada por la secretaria de Turismo, Marisol Vanegas.\" \/>\n<meta name=\"robots\" content=\"index, follow, max-snippet:-1, max-image-preview:large, max-video-preview:-1\" \/>\n<link rel=\"canonical\" href=\"https:\/\/nitu.mx\/index.php\/2019\/11\/07\/caribe-mexicano-cierra-con-exito-su-participacion-en-world-travel-market\/\" \/>\n<meta name=\"twitter:card\" content=\"summary_large_image\" \/>\n<meta name=\"twitter:title\" content=\"Caribe Mexicano cierra con \u00e9xito su participaci\u00f3n en World Travel Market - Nitu - Noticias de la Industria Turistica\" \/>\n<meta name=\"twitter:description\" content=\"La delegaci\u00f3n del Caribe Mexicano presente en la WTM World Travel Market integrada por la secretaria de Turismo, Marisol Vanegas.\" \/>\n<meta name=\"twitter:image\" content=\"https:\/\/nitu.mx\/wp-content\/uploads\/2019\/11\/caribe-mexicano-wtm.jpg\" \/>\n<meta name=\"twitter:creator\" content=\"@NITUmx\" \/>\n<meta name=\"twitter:site\" content=\"@Arturo_Medina_G\" \/>\n<meta name=\"twitter:label1\" content=\"Escrito por\" \/>\n\t<meta name=\"twitter:data1\" content=\"Redacci\u00f3n\" \/>\n\t<meta name=\"twitter:label2\" content=\"Tiempo de lectura\" \/>\n\t<meta name=\"twitter:data2\" content=\"3 minutos\" \/>\n<script type=\"application\/ld+json\" class=\"yoast-schema-graph\">{\"@context\":\"https:\/\/schema.org\",\"@graph\":[{\"@type\":\"Article\",\"@id\":\"https:\/\/nitu.mx\/index.php\/2019\/11\/07\/caribe-mexicano-cierra-con-exito-su-participacion-en-world-travel-market\/#article\",\"isPartOf\":{\"@id\":\"https:\/\/nitu.mx\/index.php\/2019\/11\/07\/caribe-mexicano-cierra-con-exito-su-participacion-en-world-travel-market\/\"},\"author\":{\"name\":\"Redacci\u00f3n\",\"@id\":\"https:\/\/nitu.mx\/#\/schema\/person\/4a28fe9bd65924f7c90623773daf1b0b\"},\"headline\":\"Caribe Mexicano cierra con \u00e9xito su participaci\u00f3n en World Travel Market\",\"datePublished\":\"2019-11-07T05:55:46+00:00\",\"dateModified\":\"2019-11-07T06:10:32+00:00\",\"mainEntityOfPage\":{\"@id\":\"https:\/\/nitu.mx\/index.php\/2019\/11\/07\/caribe-mexicano-cierra-con-exito-su-participacion-en-world-travel-market\/\"},\"wordCount\":564,\"commentCount\":0,\"publisher\":{\"@id\":\"https:\/\/nitu.mx\/#\/schema\/person\/ae7a53426417292d3dd07b45a33e01bc\"},\"image\":{\"@id\":\"https:\/\/nitu.mx\/index.php\/2019\/11\/07\/caribe-mexicano-cierra-con-exito-su-participacion-en-world-travel-market\/#primaryimage\"},\"thumbnailUrl\":\"https:\/\/nitu.mx\/wp-content\/uploads\/2019\/11\/caribe-mexicano-wtm.jpg\",\"keywords\":[\"British Airways\",\"Caribe mexicano\",\"CPTQ\",\"Marisol Vanegas\",\"Sedetur\",\"World Travel Market\",\"WTTC\"],\"articleSection\":[\"Destinos\",\"M\u00e9xico\"],\"inLanguage\":\"es-MX\",\"potentialAction\":[{\"@type\":\"CommentAction\",\"name\":\"Comment\",\"target\":[\"https:\/\/nitu.mx\/index.php\/2019\/11\/07\/caribe-mexicano-cierra-con-exito-su-participacion-en-world-travel-market\/#respond\"]}]},{\"@type\":\"WebPage\",\"@id\":\"https:\/\/nitu.mx\/index.php\/2019\/11\/07\/caribe-mexicano-cierra-con-exito-su-participacion-en-world-travel-market\/\",\"url\":\"https:\/\/nitu.mx\/index.php\/2019\/11\/07\/caribe-mexicano-cierra-con-exito-su-participacion-en-world-travel-market\/\",\"name\":\"Caribe Mexicano cierra con \u00e9xito su participaci\u00f3n en World Travel Market - Nitu - Noticias de la Industria Turistica\",\"isPartOf\":{\"@id\":\"https:\/\/nitu.mx\/#website\"},\"primaryImageOfPage\":{\"@id\":\"https:\/\/nitu.mx\/index.php\/2019\/11\/07\/caribe-mexicano-cierra-con-exito-su-participacion-en-world-travel-market\/#primaryimage\"},\"image\":{\"@id\":\"https:\/\/nitu.mx\/index.php\/2019\/11\/07\/caribe-mexicano-cierra-con-exito-su-participacion-en-world-travel-market\/#primaryimage\"},\"thumbnailUrl\":\"https:\/\/nitu.mx\/wp-content\/uploads\/2019\/11\/caribe-mexicano-wtm.jpg\",\"datePublished\":\"2019-11-07T05:55:46+00:00\",\"dateModified\":\"2019-11-07T06:10:32+00:00\",\"description\":\"La delegaci\u00f3n del Caribe Mexicano presente en la WTM World Travel Market integrada por la secretaria de Turismo, Marisol Vanegas.\",\"breadcrumb\":{\"@id\":\"https:\/\/nitu.mx\/index.php\/2019\/11\/07\/caribe-mexicano-cierra-con-exito-su-participacion-en-world-travel-market\/#breadcrumb\"},\"inLanguage\":\"es-MX\",\"potentialAction\":[{\"@type\":\"ReadAction\",\"target\":[\"https:\/\/nitu.mx\/index.php\/2019\/11\/07\/caribe-mexicano-cierra-con-exito-su-participacion-en-world-travel-market\/\"]}]},{\"@type\":\"ImageObject\",\"inLanguage\":\"es-MX\",\"@id\":\"https:\/\/nitu.mx\/index.php\/2019\/11\/07\/caribe-mexicano-cierra-con-exito-su-participacion-en-world-travel-market\/#primaryimage\",\"url\":\"https:\/\/nitu.mx\/wp-content\/uploads\/2019\/11\/caribe-mexicano-wtm.jpg\",\"contentUrl\":\"https:\/\/nitu.mx\/wp-content\/uploads\/2019\/11\/caribe-mexicano-wtm.jpg\",\"width\":850,\"height\":480,\"caption\":\"caribe mexicano wtm\"},{\"@type\":\"BreadcrumbList\",\"@id\":\"https:\/\/nitu.mx\/index.php\/2019\/11\/07\/caribe-mexicano-cierra-con-exito-su-participacion-en-world-travel-market\/#breadcrumb\",\"itemListElement\":[{\"@type\":\"ListItem\",\"position\":1,\"name\":\"Inicio\",\"item\":\"https:\/\/nitu.mx\/\"},{\"@type\":\"ListItem\",\"position\":2,\"name\":\"Caribe Mexicano cierra con \u00e9xito su participaci\u00f3n en World Travel Market\"}]},{\"@type\":\"WebSite\",\"@id\":\"https:\/\/nitu.mx\/#website\",\"url\":\"https:\/\/nitu.mx\/\",\"name\":\"Nitu - Noticias de la Industria Turistica\",\"description\":\"Noticias de la Industria Turistica\",\"publisher\":{\"@id\":\"https:\/\/nitu.mx\/#\/schema\/person\/ae7a53426417292d3dd07b45a33e01bc\"},\"alternateName\":\"Noticias de la Industria Turistica\",\"potentialAction\":[{\"@type\":\"SearchAction\",\"target\":{\"@type\":\"EntryPoint\",\"urlTemplate\":\"https:\/\/nitu.mx\/?s={search_term_string}\"},\"query-input\":\"required name=search_term_string\"}],\"inLanguage\":\"es-MX\"},{\"@type\":[\"Person\",\"Organization\"],\"@id\":\"https:\/\/nitu.mx\/#\/schema\/person\/ae7a53426417292d3dd07b45a33e01bc\",\"name\":\"Arturo Medina\",\"image\":{\"@type\":\"ImageObject\",\"inLanguage\":\"es-MX\",\"@id\":\"https:\/\/nitu.mx\/#\/schema\/person\/image\/\",\"url\":\"https:\/\/nitu.mx\/wp-content\/uploads\/2024\/04\/4A315622-1904-4D5C-B022-878CDC840E04-90x90-1.jpeg\",\"contentUrl\":\"https:\/\/nitu.mx\/wp-content\/uploads\/2024\/04\/4A315622-1904-4D5C-B022-878CDC840E04-90x90-1.jpeg\",\"width\":90,\"height\":90,\"caption\":\"Arturo Medina\"},\"logo\":{\"@id\":\"https:\/\/nitu.mx\/#\/schema\/person\/image\/\"},\"description\":\"Director NITU.mx, Egresado de la Escuela de Periodismo Carlos Septi\u00e9n Garc\u00eda. Periodista y analista especializado en turismo desde hace 35 a\u00f1os, radicado en Canc\u00fan Q.Roo. arturo@nitu.mx\",\"sameAs\":[\"https:\/\/nitu.mx\",\"https:\/\/www.facebook.com\/NITUmx\/\",\"medinacancun\",\"https:\/\/twitter.com\/@Arturo_Medina_G\"]},{\"@type\":\"Person\",\"@id\":\"https:\/\/nitu.mx\/#\/schema\/person\/4a28fe9bd65924f7c90623773daf1b0b\",\"name\":\"Redacci\u00f3n\",\"image\":{\"@type\":\"ImageObject\",\"inLanguage\":\"es-MX\",\"@id\":\"https:\/\/nitu.mx\/#\/schema\/person\/image\/\",\"url\":\"https:\/\/secure.gravatar.com\/avatar\/5dd011c8ccfc5cd7e4c81e42252aab38?s=96&d=mm&r=g\",\"contentUrl\":\"https:\/\/secure.gravatar.com\/avatar\/5dd011c8ccfc5cd7e4c81e42252aab38?s=96&d=mm&r=g\",\"caption\":\"Redacci\u00f3n\"},\"url\":\"https:\/\/nitu.mx\/index.php\/author\/redaccion\/\"}]}<\/script>\n<!-- \/ Yoast SEO plugin. -->","yoast_head_json":{"title":"Caribe Mexicano cierra con \u00e9xito su participaci\u00f3n en World Travel Market - Nitu - Noticias de la Industria Turistica","description":"La delegaci\u00f3n del Caribe Mexicano presente en la WTM World Travel Market integrada por la secretaria de Turismo, Marisol Vanegas.","robots":{"index":"index","follow":"follow","max-snippet":"max-snippet:-1","max-image-preview":"max-image-preview:large","max-video-preview":"max-video-preview:-1"},"canonical":"https:\/\/nitu.mx\/index.php\/2019\/11\/07\/caribe-mexicano-cierra-con-exito-su-participacion-en-world-travel-market\/","twitter_card":"summary_large_image","twitter_title":"Caribe Mexicano cierra con \u00e9xito su participaci\u00f3n en World Travel Market - Nitu - Noticias de la Industria Turistica","twitter_description":"La delegaci\u00f3n del Caribe Mexicano presente en la WTM World Travel Market integrada por la secretaria de Turismo, Marisol Vanegas.","twitter_image":"https:\/\/nitu.mx\/wp-content\/uploads\/2019\/11\/caribe-mexicano-wtm.jpg","twitter_creator":"@NITUmx","twitter_site":"@Arturo_Medina_G","twitter_misc":{"Escrito por":"Redacci\u00f3n","Tiempo de lectura":"3 minutos"},"schema":{"@context":"https:\/\/schema.org","@graph":[{"@type":"Article","@id":"https:\/\/nitu.mx\/index.php\/2019\/11\/07\/caribe-mexicano-cierra-con-exito-su-participacion-en-world-travel-market\/#article","isPartOf":{"@id":"https:\/\/nitu.mx\/index.php\/2019\/11\/07\/caribe-mexicano-cierra-con-exito-su-participacion-en-world-travel-market\/"},"author":{"name":"Redacci\u00f3n","@id":"https:\/\/nitu.mx\/#\/schema\/person\/4a28fe9bd65924f7c90623773daf1b0b"},"headline":"Caribe Mexicano cierra con \u00e9xito su participaci\u00f3n en World Travel Market","datePublished":"2019-11-07T05:55:46+00:00","dateModified":"2019-11-07T06:10:32+00:00","mainEntityOfPage":{"@id":"https:\/\/nitu.mx\/index.php\/2019\/11\/07\/caribe-mexicano-cierra-con-exito-su-participacion-en-world-travel-market\/"},"wordCount":564,"commentCount":0,"publisher":{"@id":"https:\/\/nitu.mx\/#\/schema\/person\/ae7a53426417292d3dd07b45a33e01bc"},"image":{"@id":"https:\/\/nitu.mx\/index.php\/2019\/11\/07\/caribe-mexicano-cierra-con-exito-su-participacion-en-world-travel-market\/#primaryimage"},"thumbnailUrl":"https:\/\/nitu.mx\/wp-content\/uploads\/2019\/11\/caribe-mexicano-wtm.jpg","keywords":["British Airways","Caribe mexicano","CPTQ","Marisol Vanegas","Sedetur","World Travel Market","WTTC"],"articleSection":["Destinos","M\u00e9xico"],"inLanguage":"es-MX","potentialAction":[{"@type":"CommentAction","name":"Comment","target":["https:\/\/nitu.mx\/index.php\/2019\/11\/07\/caribe-mexicano-cierra-con-exito-su-participacion-en-world-travel-market\/#respond"]}]},{"@type":"WebPage","@id":"https:\/\/nitu.mx\/index.php\/2019\/11\/07\/caribe-mexicano-cierra-con-exito-su-participacion-en-world-travel-market\/","url":"https:\/\/nitu.mx\/index.php\/2019\/11\/07\/caribe-mexicano-cierra-con-exito-su-participacion-en-world-travel-market\/","name":"Caribe Mexicano cierra con \u00e9xito su participaci\u00f3n en World Travel Market - Nitu - Noticias de la Industria Turistica","isPartOf":{"@id":"https:\/\/nitu.mx\/#website"},"primaryImageOfPage":{"@id":"https:\/\/nitu.mx\/index.php\/2019\/11\/07\/caribe-mexicano-cierra-con-exito-su-participacion-en-world-travel-market\/#primaryimage"},"image":{"@id":"https:\/\/nitu.mx\/index.php\/2019\/11\/07\/caribe-mexicano-cierra-con-exito-su-participacion-en-world-travel-market\/#primaryimage"},"thumbnailUrl":"https:\/\/nitu.mx\/wp-content\/uploads\/2019\/11\/caribe-mexicano-wtm.jpg","datePublished":"2019-11-07T05:55:46+00:00","dateModified":"2019-11-07T06:10:32+00:00","description":"La delegaci\u00f3n del Caribe Mexicano presente en la WTM World Travel Market integrada por la secretaria de Turismo, Marisol Vanegas.","breadcrumb":{"@id":"https:\/\/nitu.mx\/index.php\/2019\/11\/07\/caribe-mexicano-cierra-con-exito-su-participacion-en-world-travel-market\/#breadcrumb"},"inLanguage":"es-MX","potentialAction":[{"@type":"ReadAction","target":["https:\/\/nitu.mx\/index.php\/2019\/11\/07\/caribe-mexicano-cierra-con-exito-su-participacion-en-world-travel-market\/"]}]},{"@type":"ImageObject","inLanguage":"es-MX","@id":"https:\/\/nitu.mx\/index.php\/2019\/11\/07\/caribe-mexicano-cierra-con-exito-su-participacion-en-world-travel-market\/#primaryimage","url":"https:\/\/nitu.mx\/wp-content\/uploads\/2019\/11\/caribe-mexicano-wtm.jpg","contentUrl":"https:\/\/nitu.mx\/wp-content\/uploads\/2019\/11\/caribe-mexicano-wtm.jpg","width":850,"height":480,"caption":"caribe mexicano wtm"},{"@type":"BreadcrumbList","@id":"https:\/\/nitu.mx\/index.php\/2019\/11\/07\/caribe-mexicano-cierra-con-exito-su-participacion-en-world-travel-market\/#breadcrumb","itemListElement":[{"@type":"ListItem","position":1,"name":"Inicio","item":"https:\/\/nitu.mx\/"},{"@type":"ListItem","position":2,"name":"Caribe Mexicano cierra con \u00e9xito su participaci\u00f3n en World Travel Market"}]},{"@type":"WebSite","@id":"https:\/\/nitu.mx\/#website","url":"https:\/\/nitu.mx\/","name":"Nitu - Noticias de la Industria Turistica","description":"Noticias de la Industria Turistica","publisher":{"@id":"https:\/\/nitu.mx\/#\/schema\/person\/ae7a53426417292d3dd07b45a33e01bc"},"alternateName":"Noticias de la Industria Turistica","potentialAction":[{"@type":"SearchAction","target":{"@type":"EntryPoint","urlTemplate":"https:\/\/nitu.mx\/?s={search_term_string}"},"query-input":"required name=search_term_string"}],"inLanguage":"es-MX"},{"@type":["Person","Organization"],"@id":"https:\/\/nitu.mx\/#\/schema\/person\/ae7a53426417292d3dd07b45a33e01bc","name":"Arturo Medina","image":{"@type":"ImageObject","inLanguage":"es-MX","@id":"https:\/\/nitu.mx\/#\/schema\/person\/image\/","url":"https:\/\/nitu.mx\/wp-content\/uploads\/2024\/04\/4A315622-1904-4D5C-B022-878CDC840E04-90x90-1.jpeg","contentUrl":"https:\/\/nitu.mx\/wp-content\/uploads\/2024\/04\/4A315622-1904-4D5C-B022-878CDC840E04-90x90-1.jpeg","width":90,"height":90,"caption":"Arturo Medina"},"logo":{"@id":"https:\/\/nitu.mx\/#\/schema\/person\/image\/"},"description":"Director NITU.mx, Egresado de la Escuela de Periodismo Carlos Septi\u00e9n Garc\u00eda. Periodista y analista especializado en turismo desde hace 35 a\u00f1os, radicado en Canc\u00fan Q.Roo. arturo@nitu.mx","sameAs":["https:\/\/nitu.mx","https:\/\/www.facebook.com\/NITUmx\/","medinacancun","https:\/\/twitter.com\/@Arturo_Medina_G"]},{"@type":"Person","@id":"https:\/\/nitu.mx\/#\/schema\/person\/4a28fe9bd65924f7c90623773daf1b0b","name":"Redacci\u00f3n","image":{"@type":"ImageObject","inLanguage":"es-MX","@id":"https:\/\/nitu.mx\/#\/schema\/person\/image\/","url":"https:\/\/secure.gravatar.com\/avatar\/5dd011c8ccfc5cd7e4c81e42252aab38?s=96&d=mm&r=g","contentUrl":"https:\/\/secure.gravatar.com\/avatar\/5dd011c8ccfc5cd7e4c81e42252aab38?s=96&d=mm&r=g","caption":"Redacci\u00f3n"},"url":"https:\/\/nitu.mx\/index.php\/author\/redaccion\/"}]}},"views":341,"_links":{"self":[{"href":"https:\/\/nitu.mx\/index.php\/wp-json\/wp\/v2\/posts\/37239"}],"collection":[{"href":"https:\/\/nitu.mx\/index.php\/wp-json\/wp\/v2\/posts"}],"about":[{"href":"https:\/\/nitu.mx\/index.php\/wp-json\/wp\/v2\/types\/post"}],"author":[{"embeddable":true,"href":"https:\/\/nitu.mx\/index.php\/wp-json\/wp\/v2\/users\/17"}],"replies":[{"embeddable":true,"href":"https:\/\/nitu.mx\/index.php\/wp-json\/wp\/v2\/comments?post=37239"}],"version-history":[{"count":3,"href":"https:\/\/nitu.mx\/index.php\/wp-json\/wp\/v2\/posts\/37239\/revisions"}],"predecessor-version":[{"id":37250,"href":"https:\/\/nitu.mx\/index.php\/wp-json\/wp\/v2\/posts\/37239\/revisions\/37250"}],"wp:featuredmedia":[{"embeddable":true,"href":"https:\/\/nitu.mx\/index.php\/wp-json\/wp\/v2\/media\/37248"}],"wp:attachment":[{"href":"https:\/\/nitu.mx\/index.php\/wp-json\/wp\/v2\/media?parent=37239"}],"wp:term":[{"taxonomy":"category","embeddable":true,"href":"https:\/\/nitu.mx\/index.php\/wp-json\/wp\/v2\/categories?post=37239"},{"taxonomy":"post_tag","embeddable":true,"href":"https:\/\/nitu.mx\/index.php\/wp-json\/wp\/v2\/tags?post=37239"}],"curies":[{"name":"wp","href":"https:\/\/api.w.org\/{rel}","templated":true}]}}