{"id":37158,"date":"2019-11-05T00:19:17","date_gmt":"2019-11-05T05:19:17","guid":{"rendered":"https:\/\/www.dev.nitu.mx\/?p=37158"},"modified":"2019-11-05T00:53:37","modified_gmt":"2019-11-05T05:53:37","slug":"ocupacion-hotelera-del-caribe-mexicano-se-recupera-gracias-a-dia-de-muertos","status":"publish","type":"post","link":"https:\/\/nitu.mx\/index.php\/2019\/11\/05\/ocupacion-hotelera-del-caribe-mexicano-se-recupera-gracias-a-dia-de-muertos\/","title":{"rendered":"Ocupaci\u00f3n hotelera del Caribe Mexicano se recupera gracias a D\u00eda de Muertos"},"content":{"rendered":"<p>&nbsp;<\/p>\n<p>En el fin de semana en que se celebr\u00f3 el D\u00eda de muertos, los hoteles de la zona costera de Canc\u00fan y Puerto Morelos registraron una ocupaci\u00f3n de 65.9 por ciento, en tanto que en los centros de hospedaje de la zona centro lleg\u00f3 a ser de 52.9 por ciento, lo que ser\u00eda 10 puntos de recuperaci\u00f3n, luego de los n\u00fameros que cerraron la temporada vacacional de verano.<\/p>\n<p>Roberto Cintr\u00f3n G\u00f3mez, presidente de la Asociaci\u00f3n de Hoteles de Canc\u00fan, Puerto Morelos e Isla Mujeres, explic\u00f3 que este incremento de 10 puntos es una mejor\u00eda respecto a septiembre, cuando los centros de hospedaje tuvieron una afectaci\u00f3n.<\/p>\n<p>La Asociaci\u00f3n de Hoteles de la Riviera Maya (AHRM) anticipa un cierre de a\u00f1o con 77 por ciento de ocupaci\u00f3n promedio, tres puntos por debajo de 2018 y un descenso de cinco por ciento en tarifas.\u00a0<a title=\"Riviera Maya entre los tres destinos para visitar el D\u00eda de Muertos: PriceTravel\" href=\"https:\/\/www.dev.nitu.mx\/index.php\/2019\/10\/24\/riviera-maya-entre-los-tres-destinos-para-visitar-el-dia-de-muertos-pricetravel\/\" rel=\"bookmark\">(Riviera Maya entre los tres destinos para visitar el D\u00eda de Muertos: PriceTravel<\/a>).<\/p>\n<p>Por otra parte, este mismo fin de semana, el destino tur\u00edstico de Puerto Morelos queda descartado como puerto de paso para cruceros, el tan pol\u00e9mico Home Port ya no recibir\u00e1 a turistas franceses, confirm\u00f3 Marisol Vanegas P\u00e9rez, titular de la Secretar\u00eda estatal de Turismo. (Canal 10)\u00a0<a title=\"Descartan Home Port en Puerto Morelos\" href=\"https:\/\/www.dev.nitu.mx\/index.php\/2019\/10\/31\/descartan-home-port-en-puerto-morelos\/\" rel=\"bookmark\">(Descartan Home Port en Puerto Morelos<\/a>).<\/p>\n","protected":false},"excerpt":{"rendered":"<p>&nbsp; En el fin de semana en que se celebr\u00f3 el D\u00eda de muertos, los hoteles de la zona costera de Canc\u00fan y Puerto Morelos registraron una ocupaci\u00f3n de 65.9 por ciento, en tanto que en los centros de hospedaje de la zona centro lleg\u00f3 a ser de 52.9 por ciento, lo que ser\u00eda 10 [&hellip;]<\/p>\n","protected":false},"author":17,"featured_media":15699,"comment_status":"open","ping_status":"open","sticky":false,"template":"","format":"standard","meta":{"footnotes":""},"categories":[2,6],"tags":[13667,43,1374,3591,1024,7398,1130],"yoast_head":"<!-- This site is optimized with the Yoast SEO plugin v22.2 - https:\/\/yoast.com\/wordpress\/plugins\/seo\/ -->\n<title>Ocupaci\u00f3n hotelera del Caribe Mexicano se recupera gracias a D\u00eda de Muertos - Nitu - Noticias de la Industria Turistica<\/title>\n<meta name=\"description\" content=\"En el fin de semana en que se celebr\u00f3 el D\u00eda de Muertos, los hoteles de la zona costera de Canc\u00fan y Puerto Morelos registraron una ocupaci\u00f3n de 65.9%\" \/>\n<meta name=\"robots\" content=\"index, follow, max-snippet:-1, max-image-preview:large, max-video-preview:-1\" \/>\n<link rel=\"canonical\" href=\"https:\/\/nitu.mx\/index.php\/2019\/11\/05\/ocupacion-hotelera-del-caribe-mexicano-se-recupera-gracias-a-dia-de-muertos\/\" \/>\n<meta name=\"twitter:card\" content=\"summary_large_image\" \/>\n<meta name=\"twitter:title\" content=\"Ocupaci\u00f3n hotelera del Caribe Mexicano se recupera gracias a D\u00eda de Muertos - Nitu - Noticias de la Industria Turistica\" \/>\n<meta name=\"twitter:description\" content=\"En el fin de semana en que se celebr\u00f3 el D\u00eda de Muertos, los hoteles de la zona costera de Canc\u00fan y Puerto Morelos registraron una ocupaci\u00f3n de 65.9%\" \/>\n<meta name=\"twitter:image\" content=\"https:\/\/nitu.mx\/wp-content\/uploads\/2017\/12\/turistas-cancun-fin-de-a\u00f1o.jpg\" \/>\n<meta name=\"twitter:creator\" content=\"@NITUmx\" \/>\n<meta name=\"twitter:site\" content=\"@Arturo_Medina_G\" \/>\n<meta name=\"twitter:label1\" content=\"Escrito por\" \/>\n\t<meta name=\"twitter:data1\" content=\"Redacci\u00f3n\" \/>\n\t<meta name=\"twitter:label2\" content=\"Tiempo de lectura\" \/>\n\t<meta name=\"twitter:data2\" content=\"1 minuto\" \/>\n<script type=\"application\/ld+json\" class=\"yoast-schema-graph\">{\"@context\":\"https:\/\/schema.org\",\"@graph\":[{\"@type\":\"Article\",\"@id\":\"https:\/\/nitu.mx\/index.php\/2019\/11\/05\/ocupacion-hotelera-del-caribe-mexicano-se-recupera-gracias-a-dia-de-muertos\/#article\",\"isPartOf\":{\"@id\":\"https:\/\/nitu.mx\/index.php\/2019\/11\/05\/ocupacion-hotelera-del-caribe-mexicano-se-recupera-gracias-a-dia-de-muertos\/\"},\"author\":{\"name\":\"Redacci\u00f3n\",\"@id\":\"https:\/\/nitu.mx\/#\/schema\/person\/4a28fe9bd65924f7c90623773daf1b0b\"},\"headline\":\"Ocupaci\u00f3n hotelera del Caribe Mexicano se recupera gracias a D\u00eda de Muertos\",\"datePublished\":\"2019-11-05T05:19:17+00:00\",\"dateModified\":\"2019-11-05T05:53:37+00:00\",\"mainEntityOfPage\":{\"@id\":\"https:\/\/nitu.mx\/index.php\/2019\/11\/05\/ocupacion-hotelera-del-caribe-mexicano-se-recupera-gracias-a-dia-de-muertos\/\"},\"wordCount\":234,\"commentCount\":0,\"publisher\":{\"@id\":\"https:\/\/nitu.mx\/#\/schema\/person\/ae7a53426417292d3dd07b45a33e01bc\"},\"image\":{\"@id\":\"https:\/\/nitu.mx\/index.php\/2019\/11\/05\/ocupacion-hotelera-del-caribe-mexicano-se-recupera-gracias-a-dia-de-muertos\/#primaryimage\"},\"thumbnailUrl\":\"https:\/\/nitu.mx\/wp-content\/uploads\/2017\/12\/turistas-cancun-fin-de-a\u00f1o.jpg\",\"keywords\":[\"AHRM\",\"Canc\u00fan\",\"D\u00eda de Muertos\",\"Hoteles\",\"Marisol Vanegas\",\"ocupaci\u00f3n hotelera\",\"Roberto Cintr\u00f3n\"],\"articleSection\":[\"Hoteles\",\"M\u00e9xico\"],\"inLanguage\":\"es-MX\",\"potentialAction\":[{\"@type\":\"CommentAction\",\"name\":\"Comment\",\"target\":[\"https:\/\/nitu.mx\/index.php\/2019\/11\/05\/ocupacion-hotelera-del-caribe-mexicano-se-recupera-gracias-a-dia-de-muertos\/#respond\"]}]},{\"@type\":\"WebPage\",\"@id\":\"https:\/\/nitu.mx\/index.php\/2019\/11\/05\/ocupacion-hotelera-del-caribe-mexicano-se-recupera-gracias-a-dia-de-muertos\/\",\"url\":\"https:\/\/nitu.mx\/index.php\/2019\/11\/05\/ocupacion-hotelera-del-caribe-mexicano-se-recupera-gracias-a-dia-de-muertos\/\",\"name\":\"Ocupaci\u00f3n hotelera del Caribe Mexicano se recupera gracias a D\u00eda de Muertos - Nitu - Noticias de la Industria Turistica\",\"isPartOf\":{\"@id\":\"https:\/\/nitu.mx\/#website\"},\"primaryImageOfPage\":{\"@id\":\"https:\/\/nitu.mx\/index.php\/2019\/11\/05\/ocupacion-hotelera-del-caribe-mexicano-se-recupera-gracias-a-dia-de-muertos\/#primaryimage\"},\"image\":{\"@id\":\"https:\/\/nitu.mx\/index.php\/2019\/11\/05\/ocupacion-hotelera-del-caribe-mexicano-se-recupera-gracias-a-dia-de-muertos\/#primaryimage\"},\"thumbnailUrl\":\"https:\/\/nitu.mx\/wp-content\/uploads\/2017\/12\/turistas-cancun-fin-de-a\u00f1o.jpg\",\"datePublished\":\"2019-11-05T05:19:17+00:00\",\"dateModified\":\"2019-11-05T05:53:37+00:00\",\"description\":\"En el fin de semana en que se celebr\u00f3 el D\u00eda de Muertos, los hoteles de la zona costera de Canc\u00fan y Puerto Morelos registraron una ocupaci\u00f3n de 65.9%\",\"breadcrumb\":{\"@id\":\"https:\/\/nitu.mx\/index.php\/2019\/11\/05\/ocupacion-hotelera-del-caribe-mexicano-se-recupera-gracias-a-dia-de-muertos\/#breadcrumb\"},\"inLanguage\":\"es-MX\",\"potentialAction\":[{\"@type\":\"ReadAction\",\"target\":[\"https:\/\/nitu.mx\/index.php\/2019\/11\/05\/ocupacion-hotelera-del-caribe-mexicano-se-recupera-gracias-a-dia-de-muertos\/\"]}]},{\"@type\":\"ImageObject\",\"inLanguage\":\"es-MX\",\"@id\":\"https:\/\/nitu.mx\/index.php\/2019\/11\/05\/ocupacion-hotelera-del-caribe-mexicano-se-recupera-gracias-a-dia-de-muertos\/#primaryimage\",\"url\":\"https:\/\/nitu.mx\/wp-content\/uploads\/2017\/12\/turistas-cancun-fin-de-a\u00f1o.jpg\",\"contentUrl\":\"https:\/\/nitu.mx\/wp-content\/uploads\/2017\/12\/turistas-cancun-fin-de-a\u00f1o.jpg\",\"width\":850,\"height\":480,\"caption\":\"turistas Canc\u00fan trabber.com CPTQ D\u00eda de Muertos\"},{\"@type\":\"BreadcrumbList\",\"@id\":\"https:\/\/nitu.mx\/index.php\/2019\/11\/05\/ocupacion-hotelera-del-caribe-mexicano-se-recupera-gracias-a-dia-de-muertos\/#breadcrumb\",\"itemListElement\":[{\"@type\":\"ListItem\",\"position\":1,\"name\":\"Inicio\",\"item\":\"https:\/\/nitu.mx\/\"},{\"@type\":\"ListItem\",\"position\":2,\"name\":\"Ocupaci\u00f3n hotelera del Caribe Mexicano se recupera gracias a D\u00eda de Muertos\"}]},{\"@type\":\"WebSite\",\"@id\":\"https:\/\/nitu.mx\/#website\",\"url\":\"https:\/\/nitu.mx\/\",\"name\":\"Nitu - Noticias de la Industria Turistica\",\"description\":\"Noticias de la Industria Turistica\",\"publisher\":{\"@id\":\"https:\/\/nitu.mx\/#\/schema\/person\/ae7a53426417292d3dd07b45a33e01bc\"},\"alternateName\":\"Noticias de la Industria Turistica\",\"potentialAction\":[{\"@type\":\"SearchAction\",\"target\":{\"@type\":\"EntryPoint\",\"urlTemplate\":\"https:\/\/nitu.mx\/?s={search_term_string}\"},\"query-input\":\"required name=search_term_string\"}],\"inLanguage\":\"es-MX\"},{\"@type\":[\"Person\",\"Organization\"],\"@id\":\"https:\/\/nitu.mx\/#\/schema\/person\/ae7a53426417292d3dd07b45a33e01bc\",\"name\":\"Arturo Medina\",\"image\":{\"@type\":\"ImageObject\",\"inLanguage\":\"es-MX\",\"@id\":\"https:\/\/nitu.mx\/#\/schema\/person\/image\/\",\"url\":\"https:\/\/nitu.mx\/wp-content\/uploads\/2024\/04\/4A315622-1904-4D5C-B022-878CDC840E04-90x90-1.jpeg\",\"contentUrl\":\"https:\/\/nitu.mx\/wp-content\/uploads\/2024\/04\/4A315622-1904-4D5C-B022-878CDC840E04-90x90-1.jpeg\",\"width\":90,\"height\":90,\"caption\":\"Arturo Medina\"},\"logo\":{\"@id\":\"https:\/\/nitu.mx\/#\/schema\/person\/image\/\"},\"description\":\"Director NITU.mx, Egresado de la Escuela de Periodismo Carlos Septi\u00e9n Garc\u00eda. Periodista y analista especializado en turismo desde hace 35 a\u00f1os, radicado en Canc\u00fan Q.Roo. arturo@nitu.mx\",\"sameAs\":[\"https:\/\/nitu.mx\",\"https:\/\/www.facebook.com\/NITUmx\/\",\"medinacancun\",\"https:\/\/twitter.com\/@Arturo_Medina_G\"]},{\"@type\":\"Person\",\"@id\":\"https:\/\/nitu.mx\/#\/schema\/person\/4a28fe9bd65924f7c90623773daf1b0b\",\"name\":\"Redacci\u00f3n\",\"image\":{\"@type\":\"ImageObject\",\"inLanguage\":\"es-MX\",\"@id\":\"https:\/\/nitu.mx\/#\/schema\/person\/image\/\",\"url\":\"https:\/\/secure.gravatar.com\/avatar\/5dd011c8ccfc5cd7e4c81e42252aab38?s=96&d=mm&r=g\",\"contentUrl\":\"https:\/\/secure.gravatar.com\/avatar\/5dd011c8ccfc5cd7e4c81e42252aab38?s=96&d=mm&r=g\",\"caption\":\"Redacci\u00f3n\"},\"url\":\"https:\/\/nitu.mx\/index.php\/author\/redaccion\/\"}]}<\/script>\n<!-- \/ Yoast SEO plugin. -->","yoast_head_json":{"title":"Ocupaci\u00f3n hotelera del Caribe Mexicano se recupera gracias a D\u00eda de Muertos - Nitu - Noticias de la Industria Turistica","description":"En el fin de semana en que se celebr\u00f3 el D\u00eda de Muertos, los hoteles de la zona costera de Canc\u00fan y Puerto Morelos registraron una ocupaci\u00f3n de 65.9%","robots":{"index":"index","follow":"follow","max-snippet":"max-snippet:-1","max-image-preview":"max-image-preview:large","max-video-preview":"max-video-preview:-1"},"canonical":"https:\/\/nitu.mx\/index.php\/2019\/11\/05\/ocupacion-hotelera-del-caribe-mexicano-se-recupera-gracias-a-dia-de-muertos\/","twitter_card":"summary_large_image","twitter_title":"Ocupaci\u00f3n hotelera del Caribe Mexicano se recupera gracias a D\u00eda de Muertos - Nitu - Noticias de la Industria Turistica","twitter_description":"En el fin de semana en que se celebr\u00f3 el D\u00eda de Muertos, los hoteles de la zona costera de Canc\u00fan y Puerto Morelos registraron una ocupaci\u00f3n de 65.9%","twitter_image":"https:\/\/nitu.mx\/wp-content\/uploads\/2017\/12\/turistas-cancun-fin-de-a\u00f1o.jpg","twitter_creator":"@NITUmx","twitter_site":"@Arturo_Medina_G","twitter_misc":{"Escrito por":"Redacci\u00f3n","Tiempo de lectura":"1 minuto"},"schema":{"@context":"https:\/\/schema.org","@graph":[{"@type":"Article","@id":"https:\/\/nitu.mx\/index.php\/2019\/11\/05\/ocupacion-hotelera-del-caribe-mexicano-se-recupera-gracias-a-dia-de-muertos\/#article","isPartOf":{"@id":"https:\/\/nitu.mx\/index.php\/2019\/11\/05\/ocupacion-hotelera-del-caribe-mexicano-se-recupera-gracias-a-dia-de-muertos\/"},"author":{"name":"Redacci\u00f3n","@id":"https:\/\/nitu.mx\/#\/schema\/person\/4a28fe9bd65924f7c90623773daf1b0b"},"headline":"Ocupaci\u00f3n hotelera del Caribe Mexicano se recupera gracias a D\u00eda de Muertos","datePublished":"2019-11-05T05:19:17+00:00","dateModified":"2019-11-05T05:53:37+00:00","mainEntityOfPage":{"@id":"https:\/\/nitu.mx\/index.php\/2019\/11\/05\/ocupacion-hotelera-del-caribe-mexicano-se-recupera-gracias-a-dia-de-muertos\/"},"wordCount":234,"commentCount":0,"publisher":{"@id":"https:\/\/nitu.mx\/#\/schema\/person\/ae7a53426417292d3dd07b45a33e01bc"},"image":{"@id":"https:\/\/nitu.mx\/index.php\/2019\/11\/05\/ocupacion-hotelera-del-caribe-mexicano-se-recupera-gracias-a-dia-de-muertos\/#primaryimage"},"thumbnailUrl":"https:\/\/nitu.mx\/wp-content\/uploads\/2017\/12\/turistas-cancun-fin-de-a\u00f1o.jpg","keywords":["AHRM","Canc\u00fan","D\u00eda de Muertos","Hoteles","Marisol Vanegas","ocupaci\u00f3n hotelera","Roberto Cintr\u00f3n"],"articleSection":["Hoteles","M\u00e9xico"],"inLanguage":"es-MX","potentialAction":[{"@type":"CommentAction","name":"Comment","target":["https:\/\/nitu.mx\/index.php\/2019\/11\/05\/ocupacion-hotelera-del-caribe-mexicano-se-recupera-gracias-a-dia-de-muertos\/#respond"]}]},{"@type":"WebPage","@id":"https:\/\/nitu.mx\/index.php\/2019\/11\/05\/ocupacion-hotelera-del-caribe-mexicano-se-recupera-gracias-a-dia-de-muertos\/","url":"https:\/\/nitu.mx\/index.php\/2019\/11\/05\/ocupacion-hotelera-del-caribe-mexicano-se-recupera-gracias-a-dia-de-muertos\/","name":"Ocupaci\u00f3n hotelera del Caribe Mexicano se recupera gracias a D\u00eda de Muertos - Nitu - Noticias de la Industria Turistica","isPartOf":{"@id":"https:\/\/nitu.mx\/#website"},"primaryImageOfPage":{"@id":"https:\/\/nitu.mx\/index.php\/2019\/11\/05\/ocupacion-hotelera-del-caribe-mexicano-se-recupera-gracias-a-dia-de-muertos\/#primaryimage"},"image":{"@id":"https:\/\/nitu.mx\/index.php\/2019\/11\/05\/ocupacion-hotelera-del-caribe-mexicano-se-recupera-gracias-a-dia-de-muertos\/#primaryimage"},"thumbnailUrl":"https:\/\/nitu.mx\/wp-content\/uploads\/2017\/12\/turistas-cancun-fin-de-a\u00f1o.jpg","datePublished":"2019-11-05T05:19:17+00:00","dateModified":"2019-11-05T05:53:37+00:00","description":"En el fin de semana en que se celebr\u00f3 el D\u00eda de Muertos, los hoteles de la zona costera de Canc\u00fan y Puerto Morelos registraron una ocupaci\u00f3n de 65.9%","breadcrumb":{"@id":"https:\/\/nitu.mx\/index.php\/2019\/11\/05\/ocupacion-hotelera-del-caribe-mexicano-se-recupera-gracias-a-dia-de-muertos\/#breadcrumb"},"inLanguage":"es-MX","potentialAction":[{"@type":"ReadAction","target":["https:\/\/nitu.mx\/index.php\/2019\/11\/05\/ocupacion-hotelera-del-caribe-mexicano-se-recupera-gracias-a-dia-de-muertos\/"]}]},{"@type":"ImageObject","inLanguage":"es-MX","@id":"https:\/\/nitu.mx\/index.php\/2019\/11\/05\/ocupacion-hotelera-del-caribe-mexicano-se-recupera-gracias-a-dia-de-muertos\/#primaryimage","url":"https:\/\/nitu.mx\/wp-content\/uploads\/2017\/12\/turistas-cancun-fin-de-a\u00f1o.jpg","contentUrl":"https:\/\/nitu.mx\/wp-content\/uploads\/2017\/12\/turistas-cancun-fin-de-a\u00f1o.jpg","width":850,"height":480,"caption":"turistas Canc\u00fan trabber.com CPTQ D\u00eda de Muertos"},{"@type":"BreadcrumbList","@id":"https:\/\/nitu.mx\/index.php\/2019\/11\/05\/ocupacion-hotelera-del-caribe-mexicano-se-recupera-gracias-a-dia-de-muertos\/#breadcrumb","itemListElement":[{"@type":"ListItem","position":1,"name":"Inicio","item":"https:\/\/nitu.mx\/"},{"@type":"ListItem","position":2,"name":"Ocupaci\u00f3n hotelera del Caribe Mexicano se recupera gracias a D\u00eda de Muertos"}]},{"@type":"WebSite","@id":"https:\/\/nitu.mx\/#website","url":"https:\/\/nitu.mx\/","name":"Nitu - Noticias de la Industria Turistica","description":"Noticias de la Industria Turistica","publisher":{"@id":"https:\/\/nitu.mx\/#\/schema\/person\/ae7a53426417292d3dd07b45a33e01bc"},"alternateName":"Noticias de la Industria Turistica","potentialAction":[{"@type":"SearchAction","target":{"@type":"EntryPoint","urlTemplate":"https:\/\/nitu.mx\/?s={search_term_string}"},"query-input":"required name=search_term_string"}],"inLanguage":"es-MX"},{"@type":["Person","Organization"],"@id":"https:\/\/nitu.mx\/#\/schema\/person\/ae7a53426417292d3dd07b45a33e01bc","name":"Arturo Medina","image":{"@type":"ImageObject","inLanguage":"es-MX","@id":"https:\/\/nitu.mx\/#\/schema\/person\/image\/","url":"https:\/\/nitu.mx\/wp-content\/uploads\/2024\/04\/4A315622-1904-4D5C-B022-878CDC840E04-90x90-1.jpeg","contentUrl":"https:\/\/nitu.mx\/wp-content\/uploads\/2024\/04\/4A315622-1904-4D5C-B022-878CDC840E04-90x90-1.jpeg","width":90,"height":90,"caption":"Arturo Medina"},"logo":{"@id":"https:\/\/nitu.mx\/#\/schema\/person\/image\/"},"description":"Director NITU.mx, Egresado de la Escuela de Periodismo Carlos Septi\u00e9n Garc\u00eda. Periodista y analista especializado en turismo desde hace 35 a\u00f1os, radicado en Canc\u00fan Q.Roo. arturo@nitu.mx","sameAs":["https:\/\/nitu.mx","https:\/\/www.facebook.com\/NITUmx\/","medinacancun","https:\/\/twitter.com\/@Arturo_Medina_G"]},{"@type":"Person","@id":"https:\/\/nitu.mx\/#\/schema\/person\/4a28fe9bd65924f7c90623773daf1b0b","name":"Redacci\u00f3n","image":{"@type":"ImageObject","inLanguage":"es-MX","@id":"https:\/\/nitu.mx\/#\/schema\/person\/image\/","url":"https:\/\/secure.gravatar.com\/avatar\/5dd011c8ccfc5cd7e4c81e42252aab38?s=96&d=mm&r=g","contentUrl":"https:\/\/secure.gravatar.com\/avatar\/5dd011c8ccfc5cd7e4c81e42252aab38?s=96&d=mm&r=g","caption":"Redacci\u00f3n"},"url":"https:\/\/nitu.mx\/index.php\/author\/redaccion\/"}]}},"views":288,"_links":{"self":[{"href":"https:\/\/nitu.mx\/index.php\/wp-json\/wp\/v2\/posts\/37158"}],"collection":[{"href":"https:\/\/nitu.mx\/index.php\/wp-json\/wp\/v2\/posts"}],"about":[{"href":"https:\/\/nitu.mx\/index.php\/wp-json\/wp\/v2\/types\/post"}],"author":[{"embeddable":true,"href":"https:\/\/nitu.mx\/index.php\/wp-json\/wp\/v2\/users\/17"}],"replies":[{"embeddable":true,"href":"https:\/\/nitu.mx\/index.php\/wp-json\/wp\/v2\/comments?post=37158"}],"version-history":[{"count":3,"href":"https:\/\/nitu.mx\/index.php\/wp-json\/wp\/v2\/posts\/37158\/revisions"}],"predecessor-version":[{"id":37183,"href":"https:\/\/nitu.mx\/index.php\/wp-json\/wp\/v2\/posts\/37158\/revisions\/37183"}],"wp:featuredmedia":[{"embeddable":true,"href":"https:\/\/nitu.mx\/index.php\/wp-json\/wp\/v2\/media\/15699"}],"wp:attachment":[{"href":"https:\/\/nitu.mx\/index.php\/wp-json\/wp\/v2\/media?parent=37158"}],"wp:term":[{"taxonomy":"category","embeddable":true,"href":"https:\/\/nitu.mx\/index.php\/wp-json\/wp\/v2\/categories?post=37158"},{"taxonomy":"post_tag","embeddable":true,"href":"https:\/\/nitu.mx\/index.php\/wp-json\/wp\/v2\/tags?post=37158"}],"curies":[{"name":"wp","href":"https:\/\/api.w.org\/{rel}","templated":true}]}}