{"id":37147,"date":"2019-11-04T23:57:10","date_gmt":"2019-11-05T04:57:10","guid":{"rendered":"https:\/\/www.dev.nitu.mx\/?p=37147"},"modified":"2019-11-05T00:52:53","modified_gmt":"2019-11-05T05:52:53","slug":"tourmundial-es-galardonada-como-operadora-del-ano-en-canada-a-voces","status":"publish","type":"post","link":"https:\/\/nitu.mx\/index.php\/2019\/11\/04\/tourmundial-es-galardonada-como-operadora-del-ano-en-canada-a-voces\/","title":{"rendered":"TourMundial es galardonada como Operadora del A\u00f1o en Canad\u00e1 a Voces"},"content":{"rendered":"<p>&nbsp;<\/p>\n<p>Como cada a\u00f1o, Destination Canada celebr\u00f3 su evento Canad\u00e1 a Voces donde otorga un merecido reconocimiento a dos operadoras, la primera como la Mejor del A\u00f1o y a la segunda por haber realizado la Mejor Campa\u00f1a del A\u00f1o durante este 2019. En esta ocasi\u00f3n el galard\u00f3n como Mejor Operadora fue para TourMundial y GTM Operadora obtuvo el premio a la Mejor Campa\u00f1a del A\u00f1o.<\/p>\n<p>El evento que se ha celebrado durante 13 a\u00f1os consecutivos, reuni\u00f3 a toda la industria tur\u00edstica de la capital que vende y promueve Canad\u00e1, pa\u00eds al que mes con mes crece el n\u00famero de turistas mexicanos en 25 por ciento.<\/p>\n<p>De acuerdo con Jorge Morf\u00edn y Alethia Garc\u00eda, directores de Destination Canada, la marca que representan en M\u00e9xico ahora se enfocar\u00e1\u00a0en generar un cambio en los viajeros, el objetivo es que vivan experiencias que los lleven a conectar con la cultura, los paisajes y con todo lo que ofrece el destino. &#8220;La promesa es que Canad\u00e1 deje una marca o huella duradera en los corazones, de ah\u00ed el nuevo concepto: Canad\u00e1, para corazones apasionados (Canada, for glowing hearts)&#8221;, dijo Morf\u00edn.<\/p>\n<p>Los directivos agradecieron el patrocinio de Quebec Original, representado en M\u00e9xico por Lourdes Berho, y destacaron la presencia de\u00a0Graeme Clark, embajador de Canad\u00e1 en M\u00e9xico; Sarah Finstad, directora para EU y M\u00e9xico de Destination Canada y\u00a0<span lang=\"ES\">St\u00e9phanie Allard-Gomez &#8211; delegada general de Quebec; entre otras personalidades.\u00a0<\/span><a title=\"Frecuencia de vuelos de Canad\u00e1 a Canc\u00fan aumenta\" href=\"https:\/\/www.dev.nitu.mx\/index.php\/2019\/10\/20\/frecuencia-de-vuelos-de-canada-a-cancun-aumenta\/\" rel=\"bookmark\">(Frecuencia de vuelos de Canad\u00e1 a Canc\u00fan aumenta<\/a>).<\/p>\n","protected":false},"excerpt":{"rendered":"<p>&nbsp; Como cada a\u00f1o, Destination Canada celebr\u00f3 su evento Canad\u00e1 a Voces donde otorga un merecido reconocimiento a dos operadoras, la primera como la Mejor del A\u00f1o y a la segunda por haber realizado la Mejor Campa\u00f1a del A\u00f1o durante este 2019. En esta ocasi\u00f3n el galard\u00f3n como Mejor Operadora fue para TourMundial y GTM [&hellip;]<\/p>\n","protected":false},"author":17,"featured_media":37176,"comment_status":"open","ping_status":"open","sticky":false,"template":"","format":"standard","meta":{"footnotes":""},"categories":[3],"tags":[17858,2005,2006,971,17859],"yoast_head":"<!-- This site is optimized with the Yoast SEO plugin v22.2 - https:\/\/yoast.com\/wordpress\/plugins\/seo\/ -->\n<title>TourMundial es galardonada como Operadora del A\u00f1o en Canad\u00e1 a Voces - Nitu - Noticias de la Industria Turistica<\/title>\n<meta name=\"description\" content=\"Como cada a\u00f1o, Destination Canada celebr\u00f3 su evento Canad\u00e1 a Voces donde otorga un merecido reconocimiento a dos operadoras.\" \/>\n<meta name=\"robots\" content=\"index, follow, max-snippet:-1, max-image-preview:large, max-video-preview:-1\" \/>\n<link rel=\"canonical\" href=\"https:\/\/nitu.mx\/index.php\/2019\/11\/04\/tourmundial-es-galardonada-como-operadora-del-ano-en-canada-a-voces\/\" \/>\n<meta name=\"twitter:card\" content=\"summary_large_image\" \/>\n<meta name=\"twitter:title\" content=\"TourMundial es galardonada como Operadora del A\u00f1o en Canad\u00e1 a Voces - Nitu - Noticias de la Industria Turistica\" \/>\n<meta name=\"twitter:description\" content=\"Como cada a\u00f1o, Destination Canada celebr\u00f3 su evento Canad\u00e1 a Voces donde otorga un merecido reconocimiento a dos operadoras.\" \/>\n<meta name=\"twitter:image\" content=\"https:\/\/nitu.mx\/wp-content\/uploads\/2019\/11\/CAV2019_Tourmundial_Operador-del-an\u0303o-1.jpg\" \/>\n<meta name=\"twitter:creator\" content=\"@NITUmx\" \/>\n<meta name=\"twitter:site\" content=\"@Arturo_Medina_G\" \/>\n<meta name=\"twitter:label1\" content=\"Escrito por\" \/>\n\t<meta name=\"twitter:data1\" content=\"Redacci\u00f3n\" \/>\n\t<meta name=\"twitter:label2\" content=\"Tiempo de lectura\" \/>\n\t<meta name=\"twitter:data2\" content=\"1 minuto\" \/>\n<script type=\"application\/ld+json\" class=\"yoast-schema-graph\">{\"@context\":\"https:\/\/schema.org\",\"@graph\":[{\"@type\":\"Article\",\"@id\":\"https:\/\/nitu.mx\/index.php\/2019\/11\/04\/tourmundial-es-galardonada-como-operadora-del-ano-en-canada-a-voces\/#article\",\"isPartOf\":{\"@id\":\"https:\/\/nitu.mx\/index.php\/2019\/11\/04\/tourmundial-es-galardonada-como-operadora-del-ano-en-canada-a-voces\/\"},\"author\":{\"name\":\"Redacci\u00f3n\",\"@id\":\"https:\/\/nitu.mx\/#\/schema\/person\/4a28fe9bd65924f7c90623773daf1b0b\"},\"headline\":\"TourMundial es galardonada como Operadora del A\u00f1o en Canad\u00e1 a Voces\",\"datePublished\":\"2019-11-05T04:57:10+00:00\",\"dateModified\":\"2019-11-05T05:52:53+00:00\",\"mainEntityOfPage\":{\"@id\":\"https:\/\/nitu.mx\/index.php\/2019\/11\/04\/tourmundial-es-galardonada-como-operadora-del-ano-en-canada-a-voces\/\"},\"wordCount\":271,\"commentCount\":0,\"publisher\":{\"@id\":\"https:\/\/nitu.mx\/#\/schema\/person\/ae7a53426417292d3dd07b45a33e01bc\"},\"image\":{\"@id\":\"https:\/\/nitu.mx\/index.php\/2019\/11\/04\/tourmundial-es-galardonada-como-operadora-del-ano-en-canada-a-voces\/#primaryimage\"},\"thumbnailUrl\":\"https:\/\/nitu.mx\/wp-content\/uploads\/2019\/11\/CAV2019_Tourmundial_Operador-del-an\u0303o-1.jpg\",\"keywords\":[\"Aletia Garc\u00eda\",\"Destination Canada\",\"Jorge Morf\u00edn\",\"Lourdes Berho\",\"Quebec Original\"],\"articleSection\":[\"Agencias de Viajes\"],\"inLanguage\":\"es-MX\",\"potentialAction\":[{\"@type\":\"CommentAction\",\"name\":\"Comment\",\"target\":[\"https:\/\/nitu.mx\/index.php\/2019\/11\/04\/tourmundial-es-galardonada-como-operadora-del-ano-en-canada-a-voces\/#respond\"]}]},{\"@type\":\"WebPage\",\"@id\":\"https:\/\/nitu.mx\/index.php\/2019\/11\/04\/tourmundial-es-galardonada-como-operadora-del-ano-en-canada-a-voces\/\",\"url\":\"https:\/\/nitu.mx\/index.php\/2019\/11\/04\/tourmundial-es-galardonada-como-operadora-del-ano-en-canada-a-voces\/\",\"name\":\"TourMundial es galardonada como Operadora del A\u00f1o en Canad\u00e1 a Voces - Nitu - Noticias de la Industria Turistica\",\"isPartOf\":{\"@id\":\"https:\/\/nitu.mx\/#website\"},\"primaryImageOfPage\":{\"@id\":\"https:\/\/nitu.mx\/index.php\/2019\/11\/04\/tourmundial-es-galardonada-como-operadora-del-ano-en-canada-a-voces\/#primaryimage\"},\"image\":{\"@id\":\"https:\/\/nitu.mx\/index.php\/2019\/11\/04\/tourmundial-es-galardonada-como-operadora-del-ano-en-canada-a-voces\/#primaryimage\"},\"thumbnailUrl\":\"https:\/\/nitu.mx\/wp-content\/uploads\/2019\/11\/CAV2019_Tourmundial_Operador-del-an\u0303o-1.jpg\",\"datePublished\":\"2019-11-05T04:57:10+00:00\",\"dateModified\":\"2019-11-05T05:52:53+00:00\",\"description\":\"Como cada a\u00f1o, Destination Canada celebr\u00f3 su evento Canad\u00e1 a Voces donde otorga un merecido reconocimiento a dos operadoras.\",\"breadcrumb\":{\"@id\":\"https:\/\/nitu.mx\/index.php\/2019\/11\/04\/tourmundial-es-galardonada-como-operadora-del-ano-en-canada-a-voces\/#breadcrumb\"},\"inLanguage\":\"es-MX\",\"potentialAction\":[{\"@type\":\"ReadAction\",\"target\":[\"https:\/\/nitu.mx\/index.php\/2019\/11\/04\/tourmundial-es-galardonada-como-operadora-del-ano-en-canada-a-voces\/\"]}]},{\"@type\":\"ImageObject\",\"inLanguage\":\"es-MX\",\"@id\":\"https:\/\/nitu.mx\/index.php\/2019\/11\/04\/tourmundial-es-galardonada-como-operadora-del-ano-en-canada-a-voces\/#primaryimage\",\"url\":\"https:\/\/nitu.mx\/wp-content\/uploads\/2019\/11\/CAV2019_Tourmundial_Operador-del-an\u0303o-1.jpg\",\"contentUrl\":\"https:\/\/nitu.mx\/wp-content\/uploads\/2019\/11\/CAV2019_Tourmundial_Operador-del-an\u0303o-1.jpg\",\"width\":850,\"height\":480,\"caption\":\"Canad\u00e1 a Voces\"},{\"@type\":\"BreadcrumbList\",\"@id\":\"https:\/\/nitu.mx\/index.php\/2019\/11\/04\/tourmundial-es-galardonada-como-operadora-del-ano-en-canada-a-voces\/#breadcrumb\",\"itemListElement\":[{\"@type\":\"ListItem\",\"position\":1,\"name\":\"Inicio\",\"item\":\"https:\/\/nitu.mx\/\"},{\"@type\":\"ListItem\",\"position\":2,\"name\":\"TourMundial es galardonada como Operadora del A\u00f1o en Canad\u00e1 a Voces\"}]},{\"@type\":\"WebSite\",\"@id\":\"https:\/\/nitu.mx\/#website\",\"url\":\"https:\/\/nitu.mx\/\",\"name\":\"Nitu - Noticias de la Industria Turistica\",\"description\":\"Noticias de la Industria Turistica\",\"publisher\":{\"@id\":\"https:\/\/nitu.mx\/#\/schema\/person\/ae7a53426417292d3dd07b45a33e01bc\"},\"alternateName\":\"Noticias de la Industria Turistica\",\"potentialAction\":[{\"@type\":\"SearchAction\",\"target\":{\"@type\":\"EntryPoint\",\"urlTemplate\":\"https:\/\/nitu.mx\/?s={search_term_string}\"},\"query-input\":\"required name=search_term_string\"}],\"inLanguage\":\"es-MX\"},{\"@type\":[\"Person\",\"Organization\"],\"@id\":\"https:\/\/nitu.mx\/#\/schema\/person\/ae7a53426417292d3dd07b45a33e01bc\",\"name\":\"Arturo Medina\",\"image\":{\"@type\":\"ImageObject\",\"inLanguage\":\"es-MX\",\"@id\":\"https:\/\/nitu.mx\/#\/schema\/person\/image\/\",\"url\":\"https:\/\/nitu.mx\/wp-content\/uploads\/2024\/04\/4A315622-1904-4D5C-B022-878CDC840E04-90x90-1.jpeg\",\"contentUrl\":\"https:\/\/nitu.mx\/wp-content\/uploads\/2024\/04\/4A315622-1904-4D5C-B022-878CDC840E04-90x90-1.jpeg\",\"width\":90,\"height\":90,\"caption\":\"Arturo Medina\"},\"logo\":{\"@id\":\"https:\/\/nitu.mx\/#\/schema\/person\/image\/\"},\"description\":\"Director NITU.mx, Egresado de la Escuela de Periodismo Carlos Septi\u00e9n Garc\u00eda. Periodista y analista especializado en turismo desde hace 35 a\u00f1os, radicado en Canc\u00fan Q.Roo. arturo@nitu.mx\",\"sameAs\":[\"https:\/\/nitu.mx\",\"https:\/\/www.facebook.com\/NITUmx\/\",\"medinacancun\",\"https:\/\/twitter.com\/@Arturo_Medina_G\"]},{\"@type\":\"Person\",\"@id\":\"https:\/\/nitu.mx\/#\/schema\/person\/4a28fe9bd65924f7c90623773daf1b0b\",\"name\":\"Redacci\u00f3n\",\"image\":{\"@type\":\"ImageObject\",\"inLanguage\":\"es-MX\",\"@id\":\"https:\/\/nitu.mx\/#\/schema\/person\/image\/\",\"url\":\"https:\/\/secure.gravatar.com\/avatar\/5dd011c8ccfc5cd7e4c81e42252aab38?s=96&d=mm&r=g\",\"contentUrl\":\"https:\/\/secure.gravatar.com\/avatar\/5dd011c8ccfc5cd7e4c81e42252aab38?s=96&d=mm&r=g\",\"caption\":\"Redacci\u00f3n\"},\"url\":\"https:\/\/nitu.mx\/index.php\/author\/redaccion\/\"}]}<\/script>\n<!-- \/ Yoast SEO plugin. -->","yoast_head_json":{"title":"TourMundial es galardonada como Operadora del A\u00f1o en Canad\u00e1 a Voces - Nitu - Noticias de la Industria Turistica","description":"Como cada a\u00f1o, Destination Canada celebr\u00f3 su evento Canad\u00e1 a Voces donde otorga un merecido reconocimiento a dos operadoras.","robots":{"index":"index","follow":"follow","max-snippet":"max-snippet:-1","max-image-preview":"max-image-preview:large","max-video-preview":"max-video-preview:-1"},"canonical":"https:\/\/nitu.mx\/index.php\/2019\/11\/04\/tourmundial-es-galardonada-como-operadora-del-ano-en-canada-a-voces\/","twitter_card":"summary_large_image","twitter_title":"TourMundial es galardonada como Operadora del A\u00f1o en Canad\u00e1 a Voces - Nitu - Noticias de la Industria Turistica","twitter_description":"Como cada a\u00f1o, Destination Canada celebr\u00f3 su evento Canad\u00e1 a Voces donde otorga un merecido reconocimiento a dos operadoras.","twitter_image":"https:\/\/nitu.mx\/wp-content\/uploads\/2019\/11\/CAV2019_Tourmundial_Operador-del-an\u0303o-1.jpg","twitter_creator":"@NITUmx","twitter_site":"@Arturo_Medina_G","twitter_misc":{"Escrito por":"Redacci\u00f3n","Tiempo de lectura":"1 minuto"},"schema":{"@context":"https:\/\/schema.org","@graph":[{"@type":"Article","@id":"https:\/\/nitu.mx\/index.php\/2019\/11\/04\/tourmundial-es-galardonada-como-operadora-del-ano-en-canada-a-voces\/#article","isPartOf":{"@id":"https:\/\/nitu.mx\/index.php\/2019\/11\/04\/tourmundial-es-galardonada-como-operadora-del-ano-en-canada-a-voces\/"},"author":{"name":"Redacci\u00f3n","@id":"https:\/\/nitu.mx\/#\/schema\/person\/4a28fe9bd65924f7c90623773daf1b0b"},"headline":"TourMundial es galardonada como Operadora del A\u00f1o en Canad\u00e1 a Voces","datePublished":"2019-11-05T04:57:10+00:00","dateModified":"2019-11-05T05:52:53+00:00","mainEntityOfPage":{"@id":"https:\/\/nitu.mx\/index.php\/2019\/11\/04\/tourmundial-es-galardonada-como-operadora-del-ano-en-canada-a-voces\/"},"wordCount":271,"commentCount":0,"publisher":{"@id":"https:\/\/nitu.mx\/#\/schema\/person\/ae7a53426417292d3dd07b45a33e01bc"},"image":{"@id":"https:\/\/nitu.mx\/index.php\/2019\/11\/04\/tourmundial-es-galardonada-como-operadora-del-ano-en-canada-a-voces\/#primaryimage"},"thumbnailUrl":"https:\/\/nitu.mx\/wp-content\/uploads\/2019\/11\/CAV2019_Tourmundial_Operador-del-an\u0303o-1.jpg","keywords":["Aletia Garc\u00eda","Destination Canada","Jorge Morf\u00edn","Lourdes Berho","Quebec Original"],"articleSection":["Agencias de Viajes"],"inLanguage":"es-MX","potentialAction":[{"@type":"CommentAction","name":"Comment","target":["https:\/\/nitu.mx\/index.php\/2019\/11\/04\/tourmundial-es-galardonada-como-operadora-del-ano-en-canada-a-voces\/#respond"]}]},{"@type":"WebPage","@id":"https:\/\/nitu.mx\/index.php\/2019\/11\/04\/tourmundial-es-galardonada-como-operadora-del-ano-en-canada-a-voces\/","url":"https:\/\/nitu.mx\/index.php\/2019\/11\/04\/tourmundial-es-galardonada-como-operadora-del-ano-en-canada-a-voces\/","name":"TourMundial es galardonada como Operadora del A\u00f1o en Canad\u00e1 a Voces - Nitu - Noticias de la Industria Turistica","isPartOf":{"@id":"https:\/\/nitu.mx\/#website"},"primaryImageOfPage":{"@id":"https:\/\/nitu.mx\/index.php\/2019\/11\/04\/tourmundial-es-galardonada-como-operadora-del-ano-en-canada-a-voces\/#primaryimage"},"image":{"@id":"https:\/\/nitu.mx\/index.php\/2019\/11\/04\/tourmundial-es-galardonada-como-operadora-del-ano-en-canada-a-voces\/#primaryimage"},"thumbnailUrl":"https:\/\/nitu.mx\/wp-content\/uploads\/2019\/11\/CAV2019_Tourmundial_Operador-del-an\u0303o-1.jpg","datePublished":"2019-11-05T04:57:10+00:00","dateModified":"2019-11-05T05:52:53+00:00","description":"Como cada a\u00f1o, Destination Canada celebr\u00f3 su evento Canad\u00e1 a Voces donde otorga un merecido reconocimiento a dos operadoras.","breadcrumb":{"@id":"https:\/\/nitu.mx\/index.php\/2019\/11\/04\/tourmundial-es-galardonada-como-operadora-del-ano-en-canada-a-voces\/#breadcrumb"},"inLanguage":"es-MX","potentialAction":[{"@type":"ReadAction","target":["https:\/\/nitu.mx\/index.php\/2019\/11\/04\/tourmundial-es-galardonada-como-operadora-del-ano-en-canada-a-voces\/"]}]},{"@type":"ImageObject","inLanguage":"es-MX","@id":"https:\/\/nitu.mx\/index.php\/2019\/11\/04\/tourmundial-es-galardonada-como-operadora-del-ano-en-canada-a-voces\/#primaryimage","url":"https:\/\/nitu.mx\/wp-content\/uploads\/2019\/11\/CAV2019_Tourmundial_Operador-del-an\u0303o-1.jpg","contentUrl":"https:\/\/nitu.mx\/wp-content\/uploads\/2019\/11\/CAV2019_Tourmundial_Operador-del-an\u0303o-1.jpg","width":850,"height":480,"caption":"Canad\u00e1 a Voces"},{"@type":"BreadcrumbList","@id":"https:\/\/nitu.mx\/index.php\/2019\/11\/04\/tourmundial-es-galardonada-como-operadora-del-ano-en-canada-a-voces\/#breadcrumb","itemListElement":[{"@type":"ListItem","position":1,"name":"Inicio","item":"https:\/\/nitu.mx\/"},{"@type":"ListItem","position":2,"name":"TourMundial es galardonada como Operadora del A\u00f1o en Canad\u00e1 a Voces"}]},{"@type":"WebSite","@id":"https:\/\/nitu.mx\/#website","url":"https:\/\/nitu.mx\/","name":"Nitu - Noticias de la Industria Turistica","description":"Noticias de la Industria Turistica","publisher":{"@id":"https:\/\/nitu.mx\/#\/schema\/person\/ae7a53426417292d3dd07b45a33e01bc"},"alternateName":"Noticias de la Industria Turistica","potentialAction":[{"@type":"SearchAction","target":{"@type":"EntryPoint","urlTemplate":"https:\/\/nitu.mx\/?s={search_term_string}"},"query-input":"required name=search_term_string"}],"inLanguage":"es-MX"},{"@type":["Person","Organization"],"@id":"https:\/\/nitu.mx\/#\/schema\/person\/ae7a53426417292d3dd07b45a33e01bc","name":"Arturo Medina","image":{"@type":"ImageObject","inLanguage":"es-MX","@id":"https:\/\/nitu.mx\/#\/schema\/person\/image\/","url":"https:\/\/nitu.mx\/wp-content\/uploads\/2024\/04\/4A315622-1904-4D5C-B022-878CDC840E04-90x90-1.jpeg","contentUrl":"https:\/\/nitu.mx\/wp-content\/uploads\/2024\/04\/4A315622-1904-4D5C-B022-878CDC840E04-90x90-1.jpeg","width":90,"height":90,"caption":"Arturo Medina"},"logo":{"@id":"https:\/\/nitu.mx\/#\/schema\/person\/image\/"},"description":"Director NITU.mx, Egresado de la Escuela de Periodismo Carlos Septi\u00e9n Garc\u00eda. Periodista y analista especializado en turismo desde hace 35 a\u00f1os, radicado en Canc\u00fan Q.Roo. arturo@nitu.mx","sameAs":["https:\/\/nitu.mx","https:\/\/www.facebook.com\/NITUmx\/","medinacancun","https:\/\/twitter.com\/@Arturo_Medina_G"]},{"@type":"Person","@id":"https:\/\/nitu.mx\/#\/schema\/person\/4a28fe9bd65924f7c90623773daf1b0b","name":"Redacci\u00f3n","image":{"@type":"ImageObject","inLanguage":"es-MX","@id":"https:\/\/nitu.mx\/#\/schema\/person\/image\/","url":"https:\/\/secure.gravatar.com\/avatar\/5dd011c8ccfc5cd7e4c81e42252aab38?s=96&d=mm&r=g","contentUrl":"https:\/\/secure.gravatar.com\/avatar\/5dd011c8ccfc5cd7e4c81e42252aab38?s=96&d=mm&r=g","caption":"Redacci\u00f3n"},"url":"https:\/\/nitu.mx\/index.php\/author\/redaccion\/"}]}},"views":237,"_links":{"self":[{"href":"https:\/\/nitu.mx\/index.php\/wp-json\/wp\/v2\/posts\/37147"}],"collection":[{"href":"https:\/\/nitu.mx\/index.php\/wp-json\/wp\/v2\/posts"}],"about":[{"href":"https:\/\/nitu.mx\/index.php\/wp-json\/wp\/v2\/types\/post"}],"author":[{"embeddable":true,"href":"https:\/\/nitu.mx\/index.php\/wp-json\/wp\/v2\/users\/17"}],"replies":[{"embeddable":true,"href":"https:\/\/nitu.mx\/index.php\/wp-json\/wp\/v2\/comments?post=37147"}],"version-history":[{"count":3,"href":"https:\/\/nitu.mx\/index.php\/wp-json\/wp\/v2\/posts\/37147\/revisions"}],"predecessor-version":[{"id":37177,"href":"https:\/\/nitu.mx\/index.php\/wp-json\/wp\/v2\/posts\/37147\/revisions\/37177"}],"wp:featuredmedia":[{"embeddable":true,"href":"https:\/\/nitu.mx\/index.php\/wp-json\/wp\/v2\/media\/37176"}],"wp:attachment":[{"href":"https:\/\/nitu.mx\/index.php\/wp-json\/wp\/v2\/media?parent=37147"}],"wp:term":[{"taxonomy":"category","embeddable":true,"href":"https:\/\/nitu.mx\/index.php\/wp-json\/wp\/v2\/categories?post=37147"},{"taxonomy":"post_tag","embeddable":true,"href":"https:\/\/nitu.mx\/index.php\/wp-json\/wp\/v2\/tags?post=37147"}],"curies":[{"name":"wp","href":"https:\/\/api.w.org\/{rel}","templated":true}]}}