{"id":36909,"date":"2019-10-28T00:39:06","date_gmt":"2019-10-28T05:39:06","guid":{"rendered":"https:\/\/www.dev.nitu.mx\/?p=36909"},"modified":"2019-10-28T00:49:51","modified_gmt":"2019-10-28T05:49:51","slug":"eleva-interjet-76-por-ciento-el-numero-de-pasajeros-transportados-en-sudamerica","status":"publish","type":"post","link":"https:\/\/nitu.mx\/index.php\/2019\/10\/28\/eleva-interjet-76-por-ciento-el-numero-de-pasajeros-transportados-en-sudamerica\/","title":{"rendered":"Eleva Interjet 76 por ciento el n\u00famero de pasajeros transportados en Sudam\u00e9rica"},"content":{"rendered":"<p>&nbsp;<\/p>\n<p>Interjet, la aerol\u00ednea mexicana de mayor crecimiento en pasajeros internacionales, report\u00f3 un incremento de 76 por ciento en el n\u00famero de usuarios transportados en rutas que conectan desde y hacia Sudam\u00e9rica. Esto durante los primeros diez meses del a\u00f1o, y en comparaci\u00f3n con cifras del mismo periodo en 2018.<\/p>\n<p>Actualmente vuela desde y hacia las ciudades de Bogot\u00e1 y Medell\u00edn en Colombia, as\u00ed como a Lima, Per\u00fa. En estos destinos\u00a0 ha brindado servicio a m\u00e1s de 497 mil 342 viajeros de placer y negocios, en lo que va del a\u00f1o,\u00a0 dentro de las 6 rutas que opera en la regi\u00f3n y con un factor de ocupaci\u00f3n total de 90.3 por ciento.<\/p>\n<p>Cabe destacar que en la ruta Lima-M\u00e9xico, Interjet moviliz\u00f3 durante este periodo a 147 mil 50 pasajeros, lo que se tradujo en un incremento de 99 por ciento. En tanto en la ruta que conecta a la capital colombiana con Canc\u00fan, se registr\u00f3 un aumento de 44 por ciento al haber atendido a m\u00e1s de 100 mil 568 viajeros, esto en relaci\u00f3n al mismo periodo de 2018.<\/p>\n<p>&#8220;Estas cifras son el resultado del trabajo de la familia Interjet, una estrategia comercial desarrollada alrededor del crecimiento internacional y gracias a la preferencia de nuestros clientes que ven en Interjet una aerol\u00ednea s\u00f3lida y competitiva, que ofrece el mejor servicio y calidad&#8221;, asegur\u00f3 Julio Gamero, director Ejecutivo Comercial de Interjet. (<a title=\"Interjet contin\u00faa con su expansi\u00f3n internacional a Sudam\u00e9rica\" href=\"https:\/\/www.dev.nitu.mx\/index.php\/2019\/10\/01\/interjet-continua-con-su-expansion-internacional-a-sudamerica\/\" rel=\"bookmark\">Interjet contin\u00faa con su expansi\u00f3n internacional a Sudam\u00e9rica<\/a>).<\/p>\n<p>Como refuerzo a su estrategia de conectividad internacional y ante los resultados positivos, en el transcurso del a\u00f1o la aerol\u00ednea ha inaugurado rutas como Lima-Canc\u00fan, misma en la que hoy en d\u00eda registra factores de ocupaci\u00f3n de 84.5 por ciento. Asimismo, inici\u00f3 operaciones en su segunda frecuencia hacia la capital peruana desde la Ciudad de M\u00e9xico.<\/p>\n<p>Recientemente comenz\u00f3 a operar las rutas Guayaquil-M\u00e9xico y Guayaquil-Canc\u00fan.\u00a0 Adem\u00e1s, se proyectan pr\u00f3ximas inauguraciones en Quito, Ecuador y Cartagena, Colombia.<\/p>\n","protected":false},"excerpt":{"rendered":"<p>&nbsp; Interjet, la aerol\u00ednea mexicana de mayor crecimiento en pasajeros internacionales, report\u00f3 un incremento de 76 por ciento en el n\u00famero de usuarios transportados en rutas que conectan desde y hacia Sudam\u00e9rica. Esto durante los primeros diez meses del a\u00f1o, y en comparaci\u00f3n con cifras del mismo periodo en 2018. Actualmente vuela desde y hacia [&hellip;]<\/p>\n","protected":false},"author":17,"featured_media":23548,"comment_status":"open","ping_status":"open","sticky":false,"template":"","format":"standard","meta":{"footnotes":""},"categories":[29,6],"tags":[125,172,12286,15612,5168,249],"yoast_head":"<!-- This site is optimized with the Yoast SEO plugin v22.2 - https:\/\/yoast.com\/wordpress\/plugins\/seo\/ -->\n<title>Eleva Interjet 76 por ciento el n\u00famero de pasajeros transportados en Sudam\u00e9rica - Nitu - Noticias de la Industria Turistica<\/title>\n<meta name=\"description\" content=\"Interjet report\u00f3 un incremento de 76 por ciento en el n\u00famero de usuarios transportados en rutas que conectan desde y hacia Sudam\u00e9rica.\" \/>\n<meta name=\"robots\" content=\"index, follow, max-snippet:-1, max-image-preview:large, max-video-preview:-1\" \/>\n<link rel=\"canonical\" href=\"https:\/\/nitu.mx\/index.php\/2019\/10\/28\/eleva-interjet-76-por-ciento-el-numero-de-pasajeros-transportados-en-sudamerica\/\" \/>\n<meta name=\"twitter:card\" content=\"summary_large_image\" \/>\n<meta name=\"twitter:title\" content=\"Eleva Interjet 76 por ciento el n\u00famero de pasajeros transportados en Sudam\u00e9rica - Nitu - Noticias de la Industria Turistica\" \/>\n<meta name=\"twitter:description\" content=\"Interjet report\u00f3 un incremento de 76 por ciento en el n\u00famero de usuarios transportados en rutas que conectan desde y hacia Sudam\u00e9rica.\" \/>\n<meta name=\"twitter:image\" content=\"https:\/\/nitu.mx\/wp-content\/uploads\/2018\/08\/interjet.jpg\" \/>\n<meta name=\"twitter:creator\" content=\"@NITUmx\" \/>\n<meta name=\"twitter:site\" content=\"@Arturo_Medina_G\" \/>\n<meta name=\"twitter:label1\" content=\"Escrito por\" \/>\n\t<meta name=\"twitter:data1\" content=\"Redacci\u00f3n\" \/>\n\t<meta name=\"twitter:label2\" content=\"Tiempo de lectura\" \/>\n\t<meta name=\"twitter:data2\" content=\"2 minutos\" \/>\n<script type=\"application\/ld+json\" class=\"yoast-schema-graph\">{\"@context\":\"https:\/\/schema.org\",\"@graph\":[{\"@type\":\"Article\",\"@id\":\"https:\/\/nitu.mx\/index.php\/2019\/10\/28\/eleva-interjet-76-por-ciento-el-numero-de-pasajeros-transportados-en-sudamerica\/#article\",\"isPartOf\":{\"@id\":\"https:\/\/nitu.mx\/index.php\/2019\/10\/28\/eleva-interjet-76-por-ciento-el-numero-de-pasajeros-transportados-en-sudamerica\/\"},\"author\":{\"name\":\"Redacci\u00f3n\",\"@id\":\"https:\/\/nitu.mx\/#\/schema\/person\/4a28fe9bd65924f7c90623773daf1b0b\"},\"headline\":\"Eleva Interjet 76 por ciento el n\u00famero de pasajeros transportados en Sudam\u00e9rica\",\"datePublished\":\"2019-10-28T05:39:06+00:00\",\"dateModified\":\"2019-10-28T05:49:51+00:00\",\"mainEntityOfPage\":{\"@id\":\"https:\/\/nitu.mx\/index.php\/2019\/10\/28\/eleva-interjet-76-por-ciento-el-numero-de-pasajeros-transportados-en-sudamerica\/\"},\"wordCount\":342,\"commentCount\":0,\"publisher\":{\"@id\":\"https:\/\/nitu.mx\/#\/schema\/person\/ae7a53426417292d3dd07b45a33e01bc\"},\"image\":{\"@id\":\"https:\/\/nitu.mx\/index.php\/2019\/10\/28\/eleva-interjet-76-por-ciento-el-numero-de-pasajeros-transportados-en-sudamerica\/#primaryimage\"},\"thumbnailUrl\":\"https:\/\/nitu.mx\/wp-content\/uploads\/2018\/08\/interjet.jpg\",\"keywords\":[\"Ciudad de M\u00e9xico\",\"Interjet\",\"pasajeros internacionales\",\"ruta Lima-M\u00e9xico\",\"rutas\",\"Sudam\u00e9rica\"],\"articleSection\":[\"Aerol\u00edneas\",\"M\u00e9xico\"],\"inLanguage\":\"es-MX\",\"potentialAction\":[{\"@type\":\"CommentAction\",\"name\":\"Comment\",\"target\":[\"https:\/\/nitu.mx\/index.php\/2019\/10\/28\/eleva-interjet-76-por-ciento-el-numero-de-pasajeros-transportados-en-sudamerica\/#respond\"]}]},{\"@type\":\"WebPage\",\"@id\":\"https:\/\/nitu.mx\/index.php\/2019\/10\/28\/eleva-interjet-76-por-ciento-el-numero-de-pasajeros-transportados-en-sudamerica\/\",\"url\":\"https:\/\/nitu.mx\/index.php\/2019\/10\/28\/eleva-interjet-76-por-ciento-el-numero-de-pasajeros-transportados-en-sudamerica\/\",\"name\":\"Eleva Interjet 76 por ciento el n\u00famero de pasajeros transportados en Sudam\u00e9rica - Nitu - Noticias de la Industria Turistica\",\"isPartOf\":{\"@id\":\"https:\/\/nitu.mx\/#website\"},\"primaryImageOfPage\":{\"@id\":\"https:\/\/nitu.mx\/index.php\/2019\/10\/28\/eleva-interjet-76-por-ciento-el-numero-de-pasajeros-transportados-en-sudamerica\/#primaryimage\"},\"image\":{\"@id\":\"https:\/\/nitu.mx\/index.php\/2019\/10\/28\/eleva-interjet-76-por-ciento-el-numero-de-pasajeros-transportados-en-sudamerica\/#primaryimage\"},\"thumbnailUrl\":\"https:\/\/nitu.mx\/wp-content\/uploads\/2018\/08\/interjet.jpg\",\"datePublished\":\"2019-10-28T05:39:06+00:00\",\"dateModified\":\"2019-10-28T05:49:51+00:00\",\"description\":\"Interjet report\u00f3 un incremento de 76 por ciento en el n\u00famero de usuarios transportados en rutas que conectan desde y hacia Sudam\u00e9rica.\",\"breadcrumb\":{\"@id\":\"https:\/\/nitu.mx\/index.php\/2019\/10\/28\/eleva-interjet-76-por-ciento-el-numero-de-pasajeros-transportados-en-sudamerica\/#breadcrumb\"},\"inLanguage\":\"es-MX\",\"potentialAction\":[{\"@type\":\"ReadAction\",\"target\":[\"https:\/\/nitu.mx\/index.php\/2019\/10\/28\/eleva-interjet-76-por-ciento-el-numero-de-pasajeros-transportados-en-sudamerica\/\"]}]},{\"@type\":\"ImageObject\",\"inLanguage\":\"es-MX\",\"@id\":\"https:\/\/nitu.mx\/index.php\/2019\/10\/28\/eleva-interjet-76-por-ciento-el-numero-de-pasajeros-transportados-en-sudamerica\/#primaryimage\",\"url\":\"https:\/\/nitu.mx\/wp-content\/uploads\/2018\/08\/interjet.jpg\",\"contentUrl\":\"https:\/\/nitu.mx\/wp-content\/uploads\/2018\/08\/interjet.jpg\",\"width\":850,\"height\":480,\"caption\":\"interjet\"},{\"@type\":\"BreadcrumbList\",\"@id\":\"https:\/\/nitu.mx\/index.php\/2019\/10\/28\/eleva-interjet-76-por-ciento-el-numero-de-pasajeros-transportados-en-sudamerica\/#breadcrumb\",\"itemListElement\":[{\"@type\":\"ListItem\",\"position\":1,\"name\":\"Inicio\",\"item\":\"https:\/\/nitu.mx\/\"},{\"@type\":\"ListItem\",\"position\":2,\"name\":\"Eleva Interjet 76 por ciento el n\u00famero de pasajeros transportados en Sudam\u00e9rica\"}]},{\"@type\":\"WebSite\",\"@id\":\"https:\/\/nitu.mx\/#website\",\"url\":\"https:\/\/nitu.mx\/\",\"name\":\"Nitu - Noticias de la Industria Turistica\",\"description\":\"Noticias de la Industria Turistica\",\"publisher\":{\"@id\":\"https:\/\/nitu.mx\/#\/schema\/person\/ae7a53426417292d3dd07b45a33e01bc\"},\"alternateName\":\"Noticias de la Industria Turistica\",\"potentialAction\":[{\"@type\":\"SearchAction\",\"target\":{\"@type\":\"EntryPoint\",\"urlTemplate\":\"https:\/\/nitu.mx\/?s={search_term_string}\"},\"query-input\":\"required name=search_term_string\"}],\"inLanguage\":\"es-MX\"},{\"@type\":[\"Person\",\"Organization\"],\"@id\":\"https:\/\/nitu.mx\/#\/schema\/person\/ae7a53426417292d3dd07b45a33e01bc\",\"name\":\"Arturo Medina\",\"image\":{\"@type\":\"ImageObject\",\"inLanguage\":\"es-MX\",\"@id\":\"https:\/\/nitu.mx\/#\/schema\/person\/image\/\",\"url\":\"https:\/\/nitu.mx\/wp-content\/uploads\/2024\/04\/4A315622-1904-4D5C-B022-878CDC840E04-90x90-1.jpeg\",\"contentUrl\":\"https:\/\/nitu.mx\/wp-content\/uploads\/2024\/04\/4A315622-1904-4D5C-B022-878CDC840E04-90x90-1.jpeg\",\"width\":90,\"height\":90,\"caption\":\"Arturo Medina\"},\"logo\":{\"@id\":\"https:\/\/nitu.mx\/#\/schema\/person\/image\/\"},\"description\":\"Director NITU.mx, Egresado de la Escuela de Periodismo Carlos Septi\u00e9n Garc\u00eda. Periodista y analista especializado en turismo desde hace 35 a\u00f1os, radicado en Canc\u00fan Q.Roo. arturo@nitu.mx\",\"sameAs\":[\"https:\/\/nitu.mx\",\"https:\/\/www.facebook.com\/NITUmx\/\",\"medinacancun\",\"https:\/\/twitter.com\/@Arturo_Medina_G\"]},{\"@type\":\"Person\",\"@id\":\"https:\/\/nitu.mx\/#\/schema\/person\/4a28fe9bd65924f7c90623773daf1b0b\",\"name\":\"Redacci\u00f3n\",\"image\":{\"@type\":\"ImageObject\",\"inLanguage\":\"es-MX\",\"@id\":\"https:\/\/nitu.mx\/#\/schema\/person\/image\/\",\"url\":\"https:\/\/secure.gravatar.com\/avatar\/5dd011c8ccfc5cd7e4c81e42252aab38?s=96&d=mm&r=g\",\"contentUrl\":\"https:\/\/secure.gravatar.com\/avatar\/5dd011c8ccfc5cd7e4c81e42252aab38?s=96&d=mm&r=g\",\"caption\":\"Redacci\u00f3n\"},\"url\":\"https:\/\/nitu.mx\/index.php\/author\/redaccion\/\"}]}<\/script>\n<!-- \/ Yoast SEO plugin. -->","yoast_head_json":{"title":"Eleva Interjet 76 por ciento el n\u00famero de pasajeros transportados en Sudam\u00e9rica - Nitu - Noticias de la Industria Turistica","description":"Interjet report\u00f3 un incremento de 76 por ciento en el n\u00famero de usuarios transportados en rutas que conectan desde y hacia Sudam\u00e9rica.","robots":{"index":"index","follow":"follow","max-snippet":"max-snippet:-1","max-image-preview":"max-image-preview:large","max-video-preview":"max-video-preview:-1"},"canonical":"https:\/\/nitu.mx\/index.php\/2019\/10\/28\/eleva-interjet-76-por-ciento-el-numero-de-pasajeros-transportados-en-sudamerica\/","twitter_card":"summary_large_image","twitter_title":"Eleva Interjet 76 por ciento el n\u00famero de pasajeros transportados en Sudam\u00e9rica - Nitu - Noticias de la Industria Turistica","twitter_description":"Interjet report\u00f3 un incremento de 76 por ciento en el n\u00famero de usuarios transportados en rutas que conectan desde y hacia Sudam\u00e9rica.","twitter_image":"https:\/\/nitu.mx\/wp-content\/uploads\/2018\/08\/interjet.jpg","twitter_creator":"@NITUmx","twitter_site":"@Arturo_Medina_G","twitter_misc":{"Escrito por":"Redacci\u00f3n","Tiempo de lectura":"2 minutos"},"schema":{"@context":"https:\/\/schema.org","@graph":[{"@type":"Article","@id":"https:\/\/nitu.mx\/index.php\/2019\/10\/28\/eleva-interjet-76-por-ciento-el-numero-de-pasajeros-transportados-en-sudamerica\/#article","isPartOf":{"@id":"https:\/\/nitu.mx\/index.php\/2019\/10\/28\/eleva-interjet-76-por-ciento-el-numero-de-pasajeros-transportados-en-sudamerica\/"},"author":{"name":"Redacci\u00f3n","@id":"https:\/\/nitu.mx\/#\/schema\/person\/4a28fe9bd65924f7c90623773daf1b0b"},"headline":"Eleva Interjet 76 por ciento el n\u00famero de pasajeros transportados en Sudam\u00e9rica","datePublished":"2019-10-28T05:39:06+00:00","dateModified":"2019-10-28T05:49:51+00:00","mainEntityOfPage":{"@id":"https:\/\/nitu.mx\/index.php\/2019\/10\/28\/eleva-interjet-76-por-ciento-el-numero-de-pasajeros-transportados-en-sudamerica\/"},"wordCount":342,"commentCount":0,"publisher":{"@id":"https:\/\/nitu.mx\/#\/schema\/person\/ae7a53426417292d3dd07b45a33e01bc"},"image":{"@id":"https:\/\/nitu.mx\/index.php\/2019\/10\/28\/eleva-interjet-76-por-ciento-el-numero-de-pasajeros-transportados-en-sudamerica\/#primaryimage"},"thumbnailUrl":"https:\/\/nitu.mx\/wp-content\/uploads\/2018\/08\/interjet.jpg","keywords":["Ciudad de M\u00e9xico","Interjet","pasajeros internacionales","ruta Lima-M\u00e9xico","rutas","Sudam\u00e9rica"],"articleSection":["Aerol\u00edneas","M\u00e9xico"],"inLanguage":"es-MX","potentialAction":[{"@type":"CommentAction","name":"Comment","target":["https:\/\/nitu.mx\/index.php\/2019\/10\/28\/eleva-interjet-76-por-ciento-el-numero-de-pasajeros-transportados-en-sudamerica\/#respond"]}]},{"@type":"WebPage","@id":"https:\/\/nitu.mx\/index.php\/2019\/10\/28\/eleva-interjet-76-por-ciento-el-numero-de-pasajeros-transportados-en-sudamerica\/","url":"https:\/\/nitu.mx\/index.php\/2019\/10\/28\/eleva-interjet-76-por-ciento-el-numero-de-pasajeros-transportados-en-sudamerica\/","name":"Eleva Interjet 76 por ciento el n\u00famero de pasajeros transportados en Sudam\u00e9rica - Nitu - Noticias de la Industria Turistica","isPartOf":{"@id":"https:\/\/nitu.mx\/#website"},"primaryImageOfPage":{"@id":"https:\/\/nitu.mx\/index.php\/2019\/10\/28\/eleva-interjet-76-por-ciento-el-numero-de-pasajeros-transportados-en-sudamerica\/#primaryimage"},"image":{"@id":"https:\/\/nitu.mx\/index.php\/2019\/10\/28\/eleva-interjet-76-por-ciento-el-numero-de-pasajeros-transportados-en-sudamerica\/#primaryimage"},"thumbnailUrl":"https:\/\/nitu.mx\/wp-content\/uploads\/2018\/08\/interjet.jpg","datePublished":"2019-10-28T05:39:06+00:00","dateModified":"2019-10-28T05:49:51+00:00","description":"Interjet report\u00f3 un incremento de 76 por ciento en el n\u00famero de usuarios transportados en rutas que conectan desde y hacia Sudam\u00e9rica.","breadcrumb":{"@id":"https:\/\/nitu.mx\/index.php\/2019\/10\/28\/eleva-interjet-76-por-ciento-el-numero-de-pasajeros-transportados-en-sudamerica\/#breadcrumb"},"inLanguage":"es-MX","potentialAction":[{"@type":"ReadAction","target":["https:\/\/nitu.mx\/index.php\/2019\/10\/28\/eleva-interjet-76-por-ciento-el-numero-de-pasajeros-transportados-en-sudamerica\/"]}]},{"@type":"ImageObject","inLanguage":"es-MX","@id":"https:\/\/nitu.mx\/index.php\/2019\/10\/28\/eleva-interjet-76-por-ciento-el-numero-de-pasajeros-transportados-en-sudamerica\/#primaryimage","url":"https:\/\/nitu.mx\/wp-content\/uploads\/2018\/08\/interjet.jpg","contentUrl":"https:\/\/nitu.mx\/wp-content\/uploads\/2018\/08\/interjet.jpg","width":850,"height":480,"caption":"interjet"},{"@type":"BreadcrumbList","@id":"https:\/\/nitu.mx\/index.php\/2019\/10\/28\/eleva-interjet-76-por-ciento-el-numero-de-pasajeros-transportados-en-sudamerica\/#breadcrumb","itemListElement":[{"@type":"ListItem","position":1,"name":"Inicio","item":"https:\/\/nitu.mx\/"},{"@type":"ListItem","position":2,"name":"Eleva Interjet 76 por ciento el n\u00famero de pasajeros transportados en Sudam\u00e9rica"}]},{"@type":"WebSite","@id":"https:\/\/nitu.mx\/#website","url":"https:\/\/nitu.mx\/","name":"Nitu - Noticias de la Industria Turistica","description":"Noticias de la Industria Turistica","publisher":{"@id":"https:\/\/nitu.mx\/#\/schema\/person\/ae7a53426417292d3dd07b45a33e01bc"},"alternateName":"Noticias de la Industria Turistica","potentialAction":[{"@type":"SearchAction","target":{"@type":"EntryPoint","urlTemplate":"https:\/\/nitu.mx\/?s={search_term_string}"},"query-input":"required name=search_term_string"}],"inLanguage":"es-MX"},{"@type":["Person","Organization"],"@id":"https:\/\/nitu.mx\/#\/schema\/person\/ae7a53426417292d3dd07b45a33e01bc","name":"Arturo Medina","image":{"@type":"ImageObject","inLanguage":"es-MX","@id":"https:\/\/nitu.mx\/#\/schema\/person\/image\/","url":"https:\/\/nitu.mx\/wp-content\/uploads\/2024\/04\/4A315622-1904-4D5C-B022-878CDC840E04-90x90-1.jpeg","contentUrl":"https:\/\/nitu.mx\/wp-content\/uploads\/2024\/04\/4A315622-1904-4D5C-B022-878CDC840E04-90x90-1.jpeg","width":90,"height":90,"caption":"Arturo Medina"},"logo":{"@id":"https:\/\/nitu.mx\/#\/schema\/person\/image\/"},"description":"Director NITU.mx, Egresado de la Escuela de Periodismo Carlos Septi\u00e9n Garc\u00eda. Periodista y analista especializado en turismo desde hace 35 a\u00f1os, radicado en Canc\u00fan Q.Roo. arturo@nitu.mx","sameAs":["https:\/\/nitu.mx","https:\/\/www.facebook.com\/NITUmx\/","medinacancun","https:\/\/twitter.com\/@Arturo_Medina_G"]},{"@type":"Person","@id":"https:\/\/nitu.mx\/#\/schema\/person\/4a28fe9bd65924f7c90623773daf1b0b","name":"Redacci\u00f3n","image":{"@type":"ImageObject","inLanguage":"es-MX","@id":"https:\/\/nitu.mx\/#\/schema\/person\/image\/","url":"https:\/\/secure.gravatar.com\/avatar\/5dd011c8ccfc5cd7e4c81e42252aab38?s=96&d=mm&r=g","contentUrl":"https:\/\/secure.gravatar.com\/avatar\/5dd011c8ccfc5cd7e4c81e42252aab38?s=96&d=mm&r=g","caption":"Redacci\u00f3n"},"url":"https:\/\/nitu.mx\/index.php\/author\/redaccion\/"}]}},"views":245,"_links":{"self":[{"href":"https:\/\/nitu.mx\/index.php\/wp-json\/wp\/v2\/posts\/36909"}],"collection":[{"href":"https:\/\/nitu.mx\/index.php\/wp-json\/wp\/v2\/posts"}],"about":[{"href":"https:\/\/nitu.mx\/index.php\/wp-json\/wp\/v2\/types\/post"}],"author":[{"embeddable":true,"href":"https:\/\/nitu.mx\/index.php\/wp-json\/wp\/v2\/users\/17"}],"replies":[{"embeddable":true,"href":"https:\/\/nitu.mx\/index.php\/wp-json\/wp\/v2\/comments?post=36909"}],"version-history":[{"count":2,"href":"https:\/\/nitu.mx\/index.php\/wp-json\/wp\/v2\/posts\/36909\/revisions"}],"predecessor-version":[{"id":36929,"href":"https:\/\/nitu.mx\/index.php\/wp-json\/wp\/v2\/posts\/36909\/revisions\/36929"}],"wp:featuredmedia":[{"embeddable":true,"href":"https:\/\/nitu.mx\/index.php\/wp-json\/wp\/v2\/media\/23548"}],"wp:attachment":[{"href":"https:\/\/nitu.mx\/index.php\/wp-json\/wp\/v2\/media?parent=36909"}],"wp:term":[{"taxonomy":"category","embeddable":true,"href":"https:\/\/nitu.mx\/index.php\/wp-json\/wp\/v2\/categories?post=36909"},{"taxonomy":"post_tag","embeddable":true,"href":"https:\/\/nitu.mx\/index.php\/wp-json\/wp\/v2\/tags?post=36909"}],"curies":[{"name":"wp","href":"https:\/\/api.w.org\/{rel}","templated":true}]}}