{"id":36903,"date":"2019-10-28T00:44:03","date_gmt":"2019-10-28T05:44:03","guid":{"rendered":"https:\/\/www.dev.nitu.mx\/?p=36903"},"modified":"2019-10-28T00:49:43","modified_gmt":"2019-10-28T05:49:43","slug":"quintana-roo-se-une-al-programa-de-cooperacion-caribena-de-lucha-contra-el-sargazo","status":"publish","type":"post","link":"https:\/\/nitu.mx\/index.php\/2019\/10\/28\/quintana-roo-se-une-al-programa-de-cooperacion-caribena-de-lucha-contra-el-sargazo\/","title":{"rendered":"Quintana Roo se une al Programa de Cooperaci\u00f3n Caribe\u00f1a de Lucha contra el Sargazo"},"content":{"rendered":"<p>&nbsp;<\/p>\n<p>El gobierno de Quintana Roo se sum\u00f3 al Programa de Cooperaci\u00f3n Caribe\u00f1a de Lucha contra el Sargazo. Como parte de los acuerdos derivados de la participaci\u00f3n de la delegaci\u00f3n de Quintana Roo en la Conferencia Internacional del Sargazo celebrada en Isla Guadalupe territorio Franc\u00e9s de Ultramar, inform\u00f3 el Secretario de Ecolog\u00eda y Medio Ambiente Alfredo Arellano Guillermo.<\/p>\n<p>La Conferencia Internacional del Sargazo fue clausurada por el Primer Ministro Franc\u00e9s \u00c9douard Phillipe. Adem\u00e1s de la constituci\u00f3n del Programa de Cooperaci\u00f3n Caribe\u00f1a de Lucha contra el Sargazo financiado por la Cooperaci\u00f3n Territorial Europea INTERREG, se lograron 11 acuerdos m\u00e1s, entre los que destaca reforzar la cooperaci\u00f3n en materia medioambiental para la protecci\u00f3n al entorno de todos los Estados y territorios del Caribe.<\/p>\n<p>Reforzar la capacidad de respuesta de los Estados y los territorios del Caribe ante la llegada masiva del sargazo a trav\u00e9s del intercambio de buenas pr\u00e1cticas en \u00e1mbitos prioritarios tales como la prevenci\u00f3n de la llegada, la protecci\u00f3n, la valorizaci\u00f3n y elaboraci\u00f3n de un marco legislativo, para investigar, recopilar y diseminar\u00a0 desde un punto de vista econ\u00f3mico, social y jur\u00eddico legal, en materia de gesti\u00f3n de sargazo.<\/p>\n<p>Reforzar la concientizaci\u00f3n p\u00fablica los conocimientos de todos los aspectos sobre el sargazo, incluyendo los efectos de las descargas de las actividades terrestres sobre los r\u00edos y el mar; y para la protecci\u00f3n de la poblaci\u00f3n estableciendo dispositivos de detecci\u00f3n y compartiendo informaci\u00f3n sanitaria para la poblaci\u00f3n que pueda estar expuesta.<\/p>\n<p>Apoyar la investigaci\u00f3n cient\u00edfica as\u00ed como el desarrollo tecnol\u00f3gico y la innovaci\u00f3n. Identificar oportunidades comerciales consideradas viables y promover por ende la inversi\u00f3n. Desarrollar un mecanismo que permita reportar con inmediatez situaciones que exijan apoyo, mejorando la informaci\u00f3n y detecci\u00f3n para la previsi\u00f3n de llegada de algas en toda la regi\u00f3n. (<a title=\"Puerto Morelos, punta de lanza del Plan Integral para\u00a0el sargazo\" href=\"https:\/\/www.dev.nitu.mx\/index.php\/2019\/09\/12\/puerto-morelos-punta-de-lanza-del-plan-integral-para-el-sargazo\/\" rel=\"bookmark\">Puerto Morelos, punta de lanza del Plan Integral para\u00a0el sargazo<\/a>).<\/p>\n<p>Como parte de los 12 acuerdos y\u00a0 respetando los principios y las normas de la Organizaci\u00f3n Mundial del Comercio, los Estados y las autoridades locales deber\u00e1n favorecer acorde a sus competencias la valorizaci\u00f3n comercial y cient\u00edfica del aprovechamiento del sargazo que se ajusten a los compromisos internacionales adquiridos a favor de un desarrollo sostenible, solidario y responsable.<\/p>\n","protected":false},"excerpt":{"rendered":"<p>&nbsp; El gobierno de Quintana Roo se sum\u00f3 al Programa de Cooperaci\u00f3n Caribe\u00f1a de Lucha contra el Sargazo. Como parte de los acuerdos derivados de la participaci\u00f3n de la delegaci\u00f3n de Quintana Roo en la Conferencia Internacional del Sargazo celebrada en Isla Guadalupe territorio Franc\u00e9s de Ultramar, inform\u00f3 el Secretario de Ecolog\u00eda y Medio Ambiente [&hellip;]<\/p>\n","protected":false},"author":17,"featured_media":22305,"comment_status":"open","ping_status":"open","sticky":false,"template":"","format":"standard","meta":{"footnotes":""},"categories":[5,6],"tags":[11632,404,384,17789,17790,260,10332],"yoast_head":"<!-- This site is optimized with the Yoast SEO plugin v22.2 - https:\/\/yoast.com\/wordpress\/plugins\/seo\/ -->\n<title>Quintana Roo se une al Programa de Cooperaci\u00f3n Caribe\u00f1a de Lucha contra el Sargazo - Nitu - Noticias de la Industria Turistica<\/title>\n<meta name=\"description\" content=\"Quintana Roo se sum\u00f3 al Programa de Cooperaci\u00f3n Caribe\u00f1a de Lucha contra el Sargazo dentro de su participaci\u00f3n en la Conferencia Internacional del Sargazo.\" \/>\n<meta name=\"robots\" content=\"index, follow, max-snippet:-1, max-image-preview:large, max-video-preview:-1\" \/>\n<link rel=\"canonical\" href=\"https:\/\/nitu.mx\/index.php\/2019\/10\/28\/quintana-roo-se-une-al-programa-de-cooperacion-caribena-de-lucha-contra-el-sargazo\/\" \/>\n<meta name=\"twitter:card\" content=\"summary_large_image\" \/>\n<meta name=\"twitter:title\" content=\"Quintana Roo se une al Programa de Cooperaci\u00f3n Caribe\u00f1a de Lucha contra el Sargazo - Nitu - Noticias de la Industria Turistica\" \/>\n<meta name=\"twitter:description\" content=\"Quintana Roo se sum\u00f3 al Programa de Cooperaci\u00f3n Caribe\u00f1a de Lucha contra el Sargazo dentro de su participaci\u00f3n en la Conferencia Internacional del Sargazo.\" \/>\n<meta name=\"twitter:image\" content=\"https:\/\/nitu.mx\/wp-content\/uploads\/2018\/07\/Sargazo-Tulum-1.jpg\" \/>\n<meta name=\"twitter:creator\" content=\"@NITUmx\" \/>\n<meta name=\"twitter:site\" content=\"@Arturo_Medina_G\" \/>\n<meta name=\"twitter:label1\" content=\"Escrito por\" \/>\n\t<meta name=\"twitter:data1\" content=\"Redacci\u00f3n\" \/>\n\t<meta name=\"twitter:label2\" content=\"Tiempo de lectura\" \/>\n\t<meta name=\"twitter:data2\" content=\"2 minutos\" \/>\n<script type=\"application\/ld+json\" class=\"yoast-schema-graph\">{\"@context\":\"https:\/\/schema.org\",\"@graph\":[{\"@type\":\"Article\",\"@id\":\"https:\/\/nitu.mx\/index.php\/2019\/10\/28\/quintana-roo-se-une-al-programa-de-cooperacion-caribena-de-lucha-contra-el-sargazo\/#article\",\"isPartOf\":{\"@id\":\"https:\/\/nitu.mx\/index.php\/2019\/10\/28\/quintana-roo-se-une-al-programa-de-cooperacion-caribena-de-lucha-contra-el-sargazo\/\"},\"author\":{\"name\":\"Redacci\u00f3n\",\"@id\":\"https:\/\/nitu.mx\/#\/schema\/person\/4a28fe9bd65924f7c90623773daf1b0b\"},\"headline\":\"Quintana Roo se une al Programa de Cooperaci\u00f3n Caribe\u00f1a de Lucha contra el Sargazo\",\"datePublished\":\"2019-10-28T05:44:03+00:00\",\"dateModified\":\"2019-10-28T05:49:43+00:00\",\"mainEntityOfPage\":{\"@id\":\"https:\/\/nitu.mx\/index.php\/2019\/10\/28\/quintana-roo-se-une-al-programa-de-cooperacion-caribena-de-lucha-contra-el-sargazo\/\"},\"wordCount\":417,\"commentCount\":0,\"publisher\":{\"@id\":\"https:\/\/nitu.mx\/#\/schema\/person\/ae7a53426417292d3dd07b45a33e01bc\"},\"image\":{\"@id\":\"https:\/\/nitu.mx\/index.php\/2019\/10\/28\/quintana-roo-se-une-al-programa-de-cooperacion-caribena-de-lucha-contra-el-sargazo\/#primaryimage\"},\"thumbnailUrl\":\"https:\/\/nitu.mx\/wp-content\/uploads\/2018\/07\/Sargazo-Tulum-1.jpg\",\"keywords\":[\"Alfredo Arellano\",\"Caribe\",\"Carlos Joaqu\u00edn\",\"Conferencia Internacional del Sargazo\",\"INTERREG\",\"Quintana Roo\",\"sargazo\"],\"articleSection\":[\"Destinos\",\"M\u00e9xico\"],\"inLanguage\":\"es-MX\",\"potentialAction\":[{\"@type\":\"CommentAction\",\"name\":\"Comment\",\"target\":[\"https:\/\/nitu.mx\/index.php\/2019\/10\/28\/quintana-roo-se-une-al-programa-de-cooperacion-caribena-de-lucha-contra-el-sargazo\/#respond\"]}]},{\"@type\":\"WebPage\",\"@id\":\"https:\/\/nitu.mx\/index.php\/2019\/10\/28\/quintana-roo-se-une-al-programa-de-cooperacion-caribena-de-lucha-contra-el-sargazo\/\",\"url\":\"https:\/\/nitu.mx\/index.php\/2019\/10\/28\/quintana-roo-se-une-al-programa-de-cooperacion-caribena-de-lucha-contra-el-sargazo\/\",\"name\":\"Quintana Roo se une al Programa de Cooperaci\u00f3n Caribe\u00f1a de Lucha contra el Sargazo - Nitu - Noticias de la Industria Turistica\",\"isPartOf\":{\"@id\":\"https:\/\/nitu.mx\/#website\"},\"primaryImageOfPage\":{\"@id\":\"https:\/\/nitu.mx\/index.php\/2019\/10\/28\/quintana-roo-se-une-al-programa-de-cooperacion-caribena-de-lucha-contra-el-sargazo\/#primaryimage\"},\"image\":{\"@id\":\"https:\/\/nitu.mx\/index.php\/2019\/10\/28\/quintana-roo-se-une-al-programa-de-cooperacion-caribena-de-lucha-contra-el-sargazo\/#primaryimage\"},\"thumbnailUrl\":\"https:\/\/nitu.mx\/wp-content\/uploads\/2018\/07\/Sargazo-Tulum-1.jpg\",\"datePublished\":\"2019-10-28T05:44:03+00:00\",\"dateModified\":\"2019-10-28T05:49:43+00:00\",\"description\":\"Quintana Roo se sum\u00f3 al Programa de Cooperaci\u00f3n Caribe\u00f1a de Lucha contra el Sargazo dentro de su participaci\u00f3n en la Conferencia Internacional del Sargazo.\",\"breadcrumb\":{\"@id\":\"https:\/\/nitu.mx\/index.php\/2019\/10\/28\/quintana-roo-se-une-al-programa-de-cooperacion-caribena-de-lucha-contra-el-sargazo\/#breadcrumb\"},\"inLanguage\":\"es-MX\",\"potentialAction\":[{\"@type\":\"ReadAction\",\"target\":[\"https:\/\/nitu.mx\/index.php\/2019\/10\/28\/quintana-roo-se-une-al-programa-de-cooperacion-caribena-de-lucha-contra-el-sargazo\/\"]}]},{\"@type\":\"ImageObject\",\"inLanguage\":\"es-MX\",\"@id\":\"https:\/\/nitu.mx\/index.php\/2019\/10\/28\/quintana-roo-se-une-al-programa-de-cooperacion-caribena-de-lucha-contra-el-sargazo\/#primaryimage\",\"url\":\"https:\/\/nitu.mx\/wp-content\/uploads\/2018\/07\/Sargazo-Tulum-1.jpg\",\"contentUrl\":\"https:\/\/nitu.mx\/wp-content\/uploads\/2018\/07\/Sargazo-Tulum-1.jpg\",\"width\":850,\"height\":480,\"caption\":\"sargazo\"},{\"@type\":\"BreadcrumbList\",\"@id\":\"https:\/\/nitu.mx\/index.php\/2019\/10\/28\/quintana-roo-se-une-al-programa-de-cooperacion-caribena-de-lucha-contra-el-sargazo\/#breadcrumb\",\"itemListElement\":[{\"@type\":\"ListItem\",\"position\":1,\"name\":\"Inicio\",\"item\":\"https:\/\/nitu.mx\/\"},{\"@type\":\"ListItem\",\"position\":2,\"name\":\"Quintana Roo se une al Programa de Cooperaci\u00f3n Caribe\u00f1a de Lucha contra el Sargazo\"}]},{\"@type\":\"WebSite\",\"@id\":\"https:\/\/nitu.mx\/#website\",\"url\":\"https:\/\/nitu.mx\/\",\"name\":\"Nitu - Noticias de la Industria Turistica\",\"description\":\"Noticias de la Industria Turistica\",\"publisher\":{\"@id\":\"https:\/\/nitu.mx\/#\/schema\/person\/ae7a53426417292d3dd07b45a33e01bc\"},\"alternateName\":\"Noticias de la Industria Turistica\",\"potentialAction\":[{\"@type\":\"SearchAction\",\"target\":{\"@type\":\"EntryPoint\",\"urlTemplate\":\"https:\/\/nitu.mx\/?s={search_term_string}\"},\"query-input\":\"required name=search_term_string\"}],\"inLanguage\":\"es-MX\"},{\"@type\":[\"Person\",\"Organization\"],\"@id\":\"https:\/\/nitu.mx\/#\/schema\/person\/ae7a53426417292d3dd07b45a33e01bc\",\"name\":\"Arturo Medina\",\"image\":{\"@type\":\"ImageObject\",\"inLanguage\":\"es-MX\",\"@id\":\"https:\/\/nitu.mx\/#\/schema\/person\/image\/\",\"url\":\"https:\/\/nitu.mx\/wp-content\/uploads\/2024\/04\/4A315622-1904-4D5C-B022-878CDC840E04-90x90-1.jpeg\",\"contentUrl\":\"https:\/\/nitu.mx\/wp-content\/uploads\/2024\/04\/4A315622-1904-4D5C-B022-878CDC840E04-90x90-1.jpeg\",\"width\":90,\"height\":90,\"caption\":\"Arturo Medina\"},\"logo\":{\"@id\":\"https:\/\/nitu.mx\/#\/schema\/person\/image\/\"},\"description\":\"Director NITU.mx, Egresado de la Escuela de Periodismo Carlos Septi\u00e9n Garc\u00eda. Periodista y analista especializado en turismo desde hace 35 a\u00f1os, radicado en Canc\u00fan Q.Roo. arturo@nitu.mx\",\"sameAs\":[\"https:\/\/nitu.mx\",\"https:\/\/www.facebook.com\/NITUmx\/\",\"medinacancun\",\"https:\/\/twitter.com\/@Arturo_Medina_G\"]},{\"@type\":\"Person\",\"@id\":\"https:\/\/nitu.mx\/#\/schema\/person\/4a28fe9bd65924f7c90623773daf1b0b\",\"name\":\"Redacci\u00f3n\",\"image\":{\"@type\":\"ImageObject\",\"inLanguage\":\"es-MX\",\"@id\":\"https:\/\/nitu.mx\/#\/schema\/person\/image\/\",\"url\":\"https:\/\/secure.gravatar.com\/avatar\/5dd011c8ccfc5cd7e4c81e42252aab38?s=96&d=mm&r=g\",\"contentUrl\":\"https:\/\/secure.gravatar.com\/avatar\/5dd011c8ccfc5cd7e4c81e42252aab38?s=96&d=mm&r=g\",\"caption\":\"Redacci\u00f3n\"},\"url\":\"https:\/\/nitu.mx\/index.php\/author\/redaccion\/\"}]}<\/script>\n<!-- \/ Yoast SEO plugin. -->","yoast_head_json":{"title":"Quintana Roo se une al Programa de Cooperaci\u00f3n Caribe\u00f1a de Lucha contra el Sargazo - Nitu - Noticias de la Industria Turistica","description":"Quintana Roo se sum\u00f3 al Programa de Cooperaci\u00f3n Caribe\u00f1a de Lucha contra el Sargazo dentro de su participaci\u00f3n en la Conferencia Internacional del Sargazo.","robots":{"index":"index","follow":"follow","max-snippet":"max-snippet:-1","max-image-preview":"max-image-preview:large","max-video-preview":"max-video-preview:-1"},"canonical":"https:\/\/nitu.mx\/index.php\/2019\/10\/28\/quintana-roo-se-une-al-programa-de-cooperacion-caribena-de-lucha-contra-el-sargazo\/","twitter_card":"summary_large_image","twitter_title":"Quintana Roo se une al Programa de Cooperaci\u00f3n Caribe\u00f1a de Lucha contra el Sargazo - Nitu - Noticias de la Industria Turistica","twitter_description":"Quintana Roo se sum\u00f3 al Programa de Cooperaci\u00f3n Caribe\u00f1a de Lucha contra el Sargazo dentro de su participaci\u00f3n en la Conferencia Internacional del Sargazo.","twitter_image":"https:\/\/nitu.mx\/wp-content\/uploads\/2018\/07\/Sargazo-Tulum-1.jpg","twitter_creator":"@NITUmx","twitter_site":"@Arturo_Medina_G","twitter_misc":{"Escrito por":"Redacci\u00f3n","Tiempo de lectura":"2 minutos"},"schema":{"@context":"https:\/\/schema.org","@graph":[{"@type":"Article","@id":"https:\/\/nitu.mx\/index.php\/2019\/10\/28\/quintana-roo-se-une-al-programa-de-cooperacion-caribena-de-lucha-contra-el-sargazo\/#article","isPartOf":{"@id":"https:\/\/nitu.mx\/index.php\/2019\/10\/28\/quintana-roo-se-une-al-programa-de-cooperacion-caribena-de-lucha-contra-el-sargazo\/"},"author":{"name":"Redacci\u00f3n","@id":"https:\/\/nitu.mx\/#\/schema\/person\/4a28fe9bd65924f7c90623773daf1b0b"},"headline":"Quintana Roo se une al Programa de Cooperaci\u00f3n Caribe\u00f1a de Lucha contra el Sargazo","datePublished":"2019-10-28T05:44:03+00:00","dateModified":"2019-10-28T05:49:43+00:00","mainEntityOfPage":{"@id":"https:\/\/nitu.mx\/index.php\/2019\/10\/28\/quintana-roo-se-une-al-programa-de-cooperacion-caribena-de-lucha-contra-el-sargazo\/"},"wordCount":417,"commentCount":0,"publisher":{"@id":"https:\/\/nitu.mx\/#\/schema\/person\/ae7a53426417292d3dd07b45a33e01bc"},"image":{"@id":"https:\/\/nitu.mx\/index.php\/2019\/10\/28\/quintana-roo-se-une-al-programa-de-cooperacion-caribena-de-lucha-contra-el-sargazo\/#primaryimage"},"thumbnailUrl":"https:\/\/nitu.mx\/wp-content\/uploads\/2018\/07\/Sargazo-Tulum-1.jpg","keywords":["Alfredo Arellano","Caribe","Carlos Joaqu\u00edn","Conferencia Internacional del Sargazo","INTERREG","Quintana Roo","sargazo"],"articleSection":["Destinos","M\u00e9xico"],"inLanguage":"es-MX","potentialAction":[{"@type":"CommentAction","name":"Comment","target":["https:\/\/nitu.mx\/index.php\/2019\/10\/28\/quintana-roo-se-une-al-programa-de-cooperacion-caribena-de-lucha-contra-el-sargazo\/#respond"]}]},{"@type":"WebPage","@id":"https:\/\/nitu.mx\/index.php\/2019\/10\/28\/quintana-roo-se-une-al-programa-de-cooperacion-caribena-de-lucha-contra-el-sargazo\/","url":"https:\/\/nitu.mx\/index.php\/2019\/10\/28\/quintana-roo-se-une-al-programa-de-cooperacion-caribena-de-lucha-contra-el-sargazo\/","name":"Quintana Roo se une al Programa de Cooperaci\u00f3n Caribe\u00f1a de Lucha contra el Sargazo - Nitu - Noticias de la Industria Turistica","isPartOf":{"@id":"https:\/\/nitu.mx\/#website"},"primaryImageOfPage":{"@id":"https:\/\/nitu.mx\/index.php\/2019\/10\/28\/quintana-roo-se-une-al-programa-de-cooperacion-caribena-de-lucha-contra-el-sargazo\/#primaryimage"},"image":{"@id":"https:\/\/nitu.mx\/index.php\/2019\/10\/28\/quintana-roo-se-une-al-programa-de-cooperacion-caribena-de-lucha-contra-el-sargazo\/#primaryimage"},"thumbnailUrl":"https:\/\/nitu.mx\/wp-content\/uploads\/2018\/07\/Sargazo-Tulum-1.jpg","datePublished":"2019-10-28T05:44:03+00:00","dateModified":"2019-10-28T05:49:43+00:00","description":"Quintana Roo se sum\u00f3 al Programa de Cooperaci\u00f3n Caribe\u00f1a de Lucha contra el Sargazo dentro de su participaci\u00f3n en la Conferencia Internacional del Sargazo.","breadcrumb":{"@id":"https:\/\/nitu.mx\/index.php\/2019\/10\/28\/quintana-roo-se-une-al-programa-de-cooperacion-caribena-de-lucha-contra-el-sargazo\/#breadcrumb"},"inLanguage":"es-MX","potentialAction":[{"@type":"ReadAction","target":["https:\/\/nitu.mx\/index.php\/2019\/10\/28\/quintana-roo-se-une-al-programa-de-cooperacion-caribena-de-lucha-contra-el-sargazo\/"]}]},{"@type":"ImageObject","inLanguage":"es-MX","@id":"https:\/\/nitu.mx\/index.php\/2019\/10\/28\/quintana-roo-se-une-al-programa-de-cooperacion-caribena-de-lucha-contra-el-sargazo\/#primaryimage","url":"https:\/\/nitu.mx\/wp-content\/uploads\/2018\/07\/Sargazo-Tulum-1.jpg","contentUrl":"https:\/\/nitu.mx\/wp-content\/uploads\/2018\/07\/Sargazo-Tulum-1.jpg","width":850,"height":480,"caption":"sargazo"},{"@type":"BreadcrumbList","@id":"https:\/\/nitu.mx\/index.php\/2019\/10\/28\/quintana-roo-se-une-al-programa-de-cooperacion-caribena-de-lucha-contra-el-sargazo\/#breadcrumb","itemListElement":[{"@type":"ListItem","position":1,"name":"Inicio","item":"https:\/\/nitu.mx\/"},{"@type":"ListItem","position":2,"name":"Quintana Roo se une al Programa de Cooperaci\u00f3n Caribe\u00f1a de Lucha contra el Sargazo"}]},{"@type":"WebSite","@id":"https:\/\/nitu.mx\/#website","url":"https:\/\/nitu.mx\/","name":"Nitu - Noticias de la Industria Turistica","description":"Noticias de la Industria Turistica","publisher":{"@id":"https:\/\/nitu.mx\/#\/schema\/person\/ae7a53426417292d3dd07b45a33e01bc"},"alternateName":"Noticias de la Industria Turistica","potentialAction":[{"@type":"SearchAction","target":{"@type":"EntryPoint","urlTemplate":"https:\/\/nitu.mx\/?s={search_term_string}"},"query-input":"required name=search_term_string"}],"inLanguage":"es-MX"},{"@type":["Person","Organization"],"@id":"https:\/\/nitu.mx\/#\/schema\/person\/ae7a53426417292d3dd07b45a33e01bc","name":"Arturo Medina","image":{"@type":"ImageObject","inLanguage":"es-MX","@id":"https:\/\/nitu.mx\/#\/schema\/person\/image\/","url":"https:\/\/nitu.mx\/wp-content\/uploads\/2024\/04\/4A315622-1904-4D5C-B022-878CDC840E04-90x90-1.jpeg","contentUrl":"https:\/\/nitu.mx\/wp-content\/uploads\/2024\/04\/4A315622-1904-4D5C-B022-878CDC840E04-90x90-1.jpeg","width":90,"height":90,"caption":"Arturo Medina"},"logo":{"@id":"https:\/\/nitu.mx\/#\/schema\/person\/image\/"},"description":"Director NITU.mx, Egresado de la Escuela de Periodismo Carlos Septi\u00e9n Garc\u00eda. Periodista y analista especializado en turismo desde hace 35 a\u00f1os, radicado en Canc\u00fan Q.Roo. arturo@nitu.mx","sameAs":["https:\/\/nitu.mx","https:\/\/www.facebook.com\/NITUmx\/","medinacancun","https:\/\/twitter.com\/@Arturo_Medina_G"]},{"@type":"Person","@id":"https:\/\/nitu.mx\/#\/schema\/person\/4a28fe9bd65924f7c90623773daf1b0b","name":"Redacci\u00f3n","image":{"@type":"ImageObject","inLanguage":"es-MX","@id":"https:\/\/nitu.mx\/#\/schema\/person\/image\/","url":"https:\/\/secure.gravatar.com\/avatar\/5dd011c8ccfc5cd7e4c81e42252aab38?s=96&d=mm&r=g","contentUrl":"https:\/\/secure.gravatar.com\/avatar\/5dd011c8ccfc5cd7e4c81e42252aab38?s=96&d=mm&r=g","caption":"Redacci\u00f3n"},"url":"https:\/\/nitu.mx\/index.php\/author\/redaccion\/"}]}},"views":265,"_links":{"self":[{"href":"https:\/\/nitu.mx\/index.php\/wp-json\/wp\/v2\/posts\/36903"}],"collection":[{"href":"https:\/\/nitu.mx\/index.php\/wp-json\/wp\/v2\/posts"}],"about":[{"href":"https:\/\/nitu.mx\/index.php\/wp-json\/wp\/v2\/types\/post"}],"author":[{"embeddable":true,"href":"https:\/\/nitu.mx\/index.php\/wp-json\/wp\/v2\/users\/17"}],"replies":[{"embeddable":true,"href":"https:\/\/nitu.mx\/index.php\/wp-json\/wp\/v2\/comments?post=36903"}],"version-history":[{"count":2,"href":"https:\/\/nitu.mx\/index.php\/wp-json\/wp\/v2\/posts\/36903\/revisions"}],"predecessor-version":[{"id":36930,"href":"https:\/\/nitu.mx\/index.php\/wp-json\/wp\/v2\/posts\/36903\/revisions\/36930"}],"wp:featuredmedia":[{"embeddable":true,"href":"https:\/\/nitu.mx\/index.php\/wp-json\/wp\/v2\/media\/22305"}],"wp:attachment":[{"href":"https:\/\/nitu.mx\/index.php\/wp-json\/wp\/v2\/media?parent=36903"}],"wp:term":[{"taxonomy":"category","embeddable":true,"href":"https:\/\/nitu.mx\/index.php\/wp-json\/wp\/v2\/categories?post=36903"},{"taxonomy":"post_tag","embeddable":true,"href":"https:\/\/nitu.mx\/index.php\/wp-json\/wp\/v2\/tags?post=36903"}],"curies":[{"name":"wp","href":"https:\/\/api.w.org\/{rel}","templated":true}]}}