{"id":36877,"date":"2019-10-24T23:58:06","date_gmt":"2019-10-25T04:58:06","guid":{"rendered":"https:\/\/www.dev.nitu.mx\/?p=36877"},"modified":"2019-10-25T00:13:07","modified_gmt":"2019-10-25T05:13:07","slug":"3-de-cada-10-personas-viajaron-a-destinos-domesticos-con-volaris","status":"publish","type":"post","link":"https:\/\/nitu.mx\/index.php\/2019\/10\/24\/3-de-cada-10-personas-viajaron-a-destinos-domesticos-con-volaris\/","title":{"rendered":"3 de cada 10 personas viajaron a destinos dom\u00e9sticos con Volaris"},"content":{"rendered":"<p>El cielo mexicano tiene un nuevo comandante en vuelo, se trata de Volaris que transport\u00f3 a m\u00e1s pasajeros dentro del pa\u00eds, en comparaci\u00f3n con Aerom\u00e9xico, Interjet y Viva Aerobus, pues entre enero y agosto de este a\u00f1o 3 de cada 10 personas viajaron a destinos dom\u00e9sticos con esta aerol\u00ednea.<\/p>\n<p>Informaci\u00f3n de la Direcci\u00f3n General de Aeron\u00e1utica Civil (DGAC) \u2013ahora llamada Agencia Federal de Aviaci\u00f3n Civil\u2013 detalla que, en los primeros ocho meses del a\u00f1o, Volaris transport\u00f3 11 millones 76 mil 341 pasajeros al interior del pa\u00eds, coloc\u00e1ndose en el primer sitio de 9 firmas que se reparten el transporte de pasajeros a\u00e9reos en M\u00e9xico, con una participaci\u00f3n de 30 por ciento.<\/p>\n<p>Analistas del sector opinaron que la l\u00ednea a\u00e9rea fundada y dirigida por Enrique Beltranena supo\u00a0 aprovechar las \u2018turbulencias\u2019 de sus principales competidores: Interjet y Aerom\u00e9xico, que registran cifras negativas en pasajeros transportados.<\/p>\n<p>\u201cSe puede considerar como factores externos a la emisora (Volaris), derivado de la cancelaci\u00f3n de vuelos por parte de Interjet, debido a la falta de personal para operar ciertas rutas. Adem\u00e1s de una menor capacidad de oferta de asientos disponibles por parte de Aerom\u00e9xico, lo anterior es resultado de la suspensi\u00f3n y retrasos de aeronaves Boeing 737 MAX8\u201d, afirm\u00f3 Brian Rodr\u00edguez, analista del sector para Monex Casa de Bolsa.<\/p>\n<p>Volaris registr\u00f3 un alza de 21.2 por ciento en el acumulado de los primeros ocho meses en el transporte a destinos nacionales, mientras que Viva Aerobus e Interjet reportaron un aumento de 20 y 4.4 por ciento, respectivamente y Aerom\u00e9xico\u00a0 tuvo una ca\u00edda de 6.4 por ciento, en todos los casos en la movilizaci\u00f3n de pasajeros dom\u00e9sticos dentro del pa\u00eds.<\/p>\n<p>El crecimiento a doble d\u00edgito de la firma de Beltranena se explica por una fuerte estrategia de expansi\u00f3n en rutas a\u00e9reas nacionales, pues tan s\u00f3lo en el primer semestre del a\u00f1o lanz\u00f3 43 nuevos destinos.<\/p>\n<p>Adem\u00e1s, Volaris incorpor\u00f3 tres nuevas aeronaves que permitieron aumentar su oferta de asientos y brind\u00f3 un mayor n\u00famero de rutas y tarifas a sus clientes. (<a title=\"Volaris registra un alza en este segundo trimestre en sus ingresos en un\u00a033.7%\" href=\"https:\/\/www.dev.nitu.mx\/index.php\/2019\/07\/29\/volaris-registra-un-alza-en-este-segundo-trimestre-en-sus-ingresos-en-un-33-7\/\" rel=\"bookmark\">Volaris registra un alza en este segundo trimestre en sus ingresos en un\u00a033.7%<\/a>).<\/p>\n<p>Otro de los aciertos de la aerol\u00ednea nacional, de acuerdo con Rodr\u00edguez, es el modelo de negocio de vuelos \u2018punto a punto\u2019, as\u00ed como una eficiencia operativa de su flota.<\/p>\n<p>\u201cVolaris presenta un modelo de negocio \u201cpunto a punto\u201d, lo cual le permite mantener la operaci\u00f3n de sus aeronaves en 13.1 horas bloque, lo cual a diferencia de sus competidores resulta m\u00e1s eficiente\u201d, detall\u00f3 el experto del sector.<\/p>\n<p>Adem\u00e1s, Volaris tiene tarifas entre 14 y hasta 34 por ciento m\u00e1s bajas que sus competidores.Por ejemplo en la ruta CDMX-M\u00e9rida, el precio de un vuelo redondo de Aerom\u00e9xico, Viva Aerobus e Interjet es de 3,155, 2, 554 y 2,446 pesos, respectivamente, en tanto que el de Volaris es de 2 ,098 pesos.<\/p>\n<p>\u201cVolaris ha capitalizado la reducci\u00f3n de capacidad por parte de Aerom\u00e9xico, particularmente en su segmento de pasajeros nacionales, y ha incrementado su participaci\u00f3n de mercado de manera significativa\u201d, apunt\u00f3 Marco Monta\u00f1ez, analista de Vector Casa de Bolsa.<\/p>\n<p>Adem\u00e1s, tras la suspensi\u00f3n de vuelo de los equipos MAX 8 el pasado 11 de marzo y hasta el 23 de octubre, el precio de las acciones de Aerom\u00e9xico cayeron\u00a0 24.3 por ciento, mientras que las de Volaris se apreciaron 19.47 por ciento. (El Financiero)<\/p>\n","protected":false},"excerpt":{"rendered":"<p>El cielo mexicano tiene un nuevo comandante en vuelo, se trata de Volaris que transport\u00f3 a m\u00e1s pasajeros dentro del pa\u00eds, en comparaci\u00f3n con Aerom\u00e9xico, Interjet y Viva Aerobus, pues entre enero y agosto de este a\u00f1o 3 de cada 10 personas viajaron a destinos dom\u00e9sticos con esta aerol\u00ednea. Informaci\u00f3n de la Direcci\u00f3n General de [&hellip;]<\/p>\n","protected":false},"author":17,"featured_media":35683,"comment_status":"open","ping_status":"open","sticky":false,"template":"","format":"standard","meta":{"footnotes":""},"categories":[29,6],"tags":[292,435,3771,131],"yoast_head":"<!-- This site is optimized with the Yoast SEO plugin v22.2 - https:\/\/yoast.com\/wordpress\/plugins\/seo\/ -->\n<title>3 de cada 10 personas viajaron a destinos dom\u00e9sticos con Volaris - Nitu - Noticias de la Industria Turistica<\/title>\n<meta name=\"robots\" content=\"index, follow, max-snippet:-1, max-image-preview:large, max-video-preview:-1\" \/>\n<link rel=\"canonical\" href=\"https:\/\/nitu.mx\/index.php\/2019\/10\/24\/3-de-cada-10-personas-viajaron-a-destinos-domesticos-con-volaris\/\" \/>\n<meta name=\"twitter:card\" content=\"summary_large_image\" \/>\n<meta name=\"twitter:title\" content=\"3 de cada 10 personas viajaron a destinos dom\u00e9sticos con Volaris - Nitu - Noticias de la Industria Turistica\" \/>\n<meta name=\"twitter:description\" content=\"El cielo mexicano tiene un nuevo comandante en vuelo, se trata de Volaris que transport\u00f3 a m\u00e1s pasajeros dentro del pa\u00eds, en comparaci\u00f3n con Aerom\u00e9xico, Interjet y Viva Aerobus, pues entre enero y agosto de este a\u00f1o 3 de cada 10 personas viajaron a destinos dom\u00e9sticos con esta aerol\u00ednea. Informaci\u00f3n de la Direcci\u00f3n General de [&hellip;]\" \/>\n<meta name=\"twitter:image\" content=\"https:\/\/nitu.mx\/wp-content\/uploads\/2019\/09\/Volaris-DSC_1122-640x360-1-1.jpg\" \/>\n<meta name=\"twitter:creator\" content=\"@NITUmx\" \/>\n<meta name=\"twitter:site\" content=\"@Arturo_Medina_G\" \/>\n<meta name=\"twitter:label1\" content=\"Escrito por\" \/>\n\t<meta name=\"twitter:data1\" content=\"Redacci\u00f3n\" \/>\n\t<meta name=\"twitter:label2\" content=\"Tiempo de lectura\" \/>\n\t<meta name=\"twitter:data2\" content=\"3 minutos\" \/>\n<script type=\"application\/ld+json\" class=\"yoast-schema-graph\">{\"@context\":\"https:\/\/schema.org\",\"@graph\":[{\"@type\":\"Article\",\"@id\":\"https:\/\/nitu.mx\/index.php\/2019\/10\/24\/3-de-cada-10-personas-viajaron-a-destinos-domesticos-con-volaris\/#article\",\"isPartOf\":{\"@id\":\"https:\/\/nitu.mx\/index.php\/2019\/10\/24\/3-de-cada-10-personas-viajaron-a-destinos-domesticos-con-volaris\/\"},\"author\":{\"name\":\"Redacci\u00f3n\",\"@id\":\"https:\/\/nitu.mx\/#\/schema\/person\/4a28fe9bd65924f7c90623773daf1b0b\"},\"headline\":\"3 de cada 10 personas viajaron a destinos dom\u00e9sticos con Volaris\",\"datePublished\":\"2019-10-25T04:58:06+00:00\",\"dateModified\":\"2019-10-25T05:13:07+00:00\",\"mainEntityOfPage\":{\"@id\":\"https:\/\/nitu.mx\/index.php\/2019\/10\/24\/3-de-cada-10-personas-viajaron-a-destinos-domesticos-con-volaris\/\"},\"wordCount\":584,\"commentCount\":0,\"publisher\":{\"@id\":\"https:\/\/nitu.mx\/#\/schema\/person\/ae7a53426417292d3dd07b45a33e01bc\"},\"image\":{\"@id\":\"https:\/\/nitu.mx\/index.php\/2019\/10\/24\/3-de-cada-10-personas-viajaron-a-destinos-domesticos-con-volaris\/#primaryimage\"},\"thumbnailUrl\":\"https:\/\/nitu.mx\/wp-content\/uploads\/2019\/09\/Volaris-DSC_1122-640x360-1-1.jpg\",\"keywords\":[\"DGAC\",\"Enrique Beltranena\",\"pasajeros\",\"Volaris\"],\"articleSection\":[\"Aerol\u00edneas\",\"M\u00e9xico\"],\"inLanguage\":\"es-MX\",\"potentialAction\":[{\"@type\":\"CommentAction\",\"name\":\"Comment\",\"target\":[\"https:\/\/nitu.mx\/index.php\/2019\/10\/24\/3-de-cada-10-personas-viajaron-a-destinos-domesticos-con-volaris\/#respond\"]}]},{\"@type\":\"WebPage\",\"@id\":\"https:\/\/nitu.mx\/index.php\/2019\/10\/24\/3-de-cada-10-personas-viajaron-a-destinos-domesticos-con-volaris\/\",\"url\":\"https:\/\/nitu.mx\/index.php\/2019\/10\/24\/3-de-cada-10-personas-viajaron-a-destinos-domesticos-con-volaris\/\",\"name\":\"3 de cada 10 personas viajaron a destinos dom\u00e9sticos con Volaris - Nitu - Noticias de la Industria Turistica\",\"isPartOf\":{\"@id\":\"https:\/\/nitu.mx\/#website\"},\"primaryImageOfPage\":{\"@id\":\"https:\/\/nitu.mx\/index.php\/2019\/10\/24\/3-de-cada-10-personas-viajaron-a-destinos-domesticos-con-volaris\/#primaryimage\"},\"image\":{\"@id\":\"https:\/\/nitu.mx\/index.php\/2019\/10\/24\/3-de-cada-10-personas-viajaron-a-destinos-domesticos-con-volaris\/#primaryimage\"},\"thumbnailUrl\":\"https:\/\/nitu.mx\/wp-content\/uploads\/2019\/09\/Volaris-DSC_1122-640x360-1-1.jpg\",\"datePublished\":\"2019-10-25T04:58:06+00:00\",\"dateModified\":\"2019-10-25T05:13:07+00:00\",\"breadcrumb\":{\"@id\":\"https:\/\/nitu.mx\/index.php\/2019\/10\/24\/3-de-cada-10-personas-viajaron-a-destinos-domesticos-con-volaris\/#breadcrumb\"},\"inLanguage\":\"es-MX\",\"potentialAction\":[{\"@type\":\"ReadAction\",\"target\":[\"https:\/\/nitu.mx\/index.php\/2019\/10\/24\/3-de-cada-10-personas-viajaron-a-destinos-domesticos-con-volaris\/\"]}]},{\"@type\":\"ImageObject\",\"inLanguage\":\"es-MX\",\"@id\":\"https:\/\/nitu.mx\/index.php\/2019\/10\/24\/3-de-cada-10-personas-viajaron-a-destinos-domesticos-con-volaris\/#primaryimage\",\"url\":\"https:\/\/nitu.mx\/wp-content\/uploads\/2019\/09\/Volaris-DSC_1122-640x360-1-1.jpg\",\"contentUrl\":\"https:\/\/nitu.mx\/wp-content\/uploads\/2019\/09\/Volaris-DSC_1122-640x360-1-1.jpg\",\"width\":850,\"height\":480,\"caption\":\"Volaris\"},{\"@type\":\"BreadcrumbList\",\"@id\":\"https:\/\/nitu.mx\/index.php\/2019\/10\/24\/3-de-cada-10-personas-viajaron-a-destinos-domesticos-con-volaris\/#breadcrumb\",\"itemListElement\":[{\"@type\":\"ListItem\",\"position\":1,\"name\":\"Inicio\",\"item\":\"https:\/\/nitu.mx\/\"},{\"@type\":\"ListItem\",\"position\":2,\"name\":\"3 de cada 10 personas viajaron a destinos dom\u00e9sticos con Volaris\"}]},{\"@type\":\"WebSite\",\"@id\":\"https:\/\/nitu.mx\/#website\",\"url\":\"https:\/\/nitu.mx\/\",\"name\":\"Nitu - Noticias de la Industria Turistica\",\"description\":\"Noticias de la Industria Turistica\",\"publisher\":{\"@id\":\"https:\/\/nitu.mx\/#\/schema\/person\/ae7a53426417292d3dd07b45a33e01bc\"},\"alternateName\":\"Noticias de la Industria Turistica\",\"potentialAction\":[{\"@type\":\"SearchAction\",\"target\":{\"@type\":\"EntryPoint\",\"urlTemplate\":\"https:\/\/nitu.mx\/?s={search_term_string}\"},\"query-input\":\"required name=search_term_string\"}],\"inLanguage\":\"es-MX\"},{\"@type\":[\"Person\",\"Organization\"],\"@id\":\"https:\/\/nitu.mx\/#\/schema\/person\/ae7a53426417292d3dd07b45a33e01bc\",\"name\":\"Arturo Medina\",\"image\":{\"@type\":\"ImageObject\",\"inLanguage\":\"es-MX\",\"@id\":\"https:\/\/nitu.mx\/#\/schema\/person\/image\/\",\"url\":\"https:\/\/nitu.mx\/wp-content\/uploads\/2024\/04\/4A315622-1904-4D5C-B022-878CDC840E04-90x90-1.jpeg\",\"contentUrl\":\"https:\/\/nitu.mx\/wp-content\/uploads\/2024\/04\/4A315622-1904-4D5C-B022-878CDC840E04-90x90-1.jpeg\",\"width\":90,\"height\":90,\"caption\":\"Arturo Medina\"},\"logo\":{\"@id\":\"https:\/\/nitu.mx\/#\/schema\/person\/image\/\"},\"description\":\"Director NITU.mx, Egresado de la Escuela de Periodismo Carlos Septi\u00e9n Garc\u00eda. Periodista y analista especializado en turismo desde hace 35 a\u00f1os, radicado en Canc\u00fan Q.Roo. arturo@nitu.mx\",\"sameAs\":[\"https:\/\/nitu.mx\",\"https:\/\/www.facebook.com\/NITUmx\/\",\"medinacancun\",\"https:\/\/twitter.com\/@Arturo_Medina_G\"]},{\"@type\":\"Person\",\"@id\":\"https:\/\/nitu.mx\/#\/schema\/person\/4a28fe9bd65924f7c90623773daf1b0b\",\"name\":\"Redacci\u00f3n\",\"image\":{\"@type\":\"ImageObject\",\"inLanguage\":\"es-MX\",\"@id\":\"https:\/\/nitu.mx\/#\/schema\/person\/image\/\",\"url\":\"https:\/\/secure.gravatar.com\/avatar\/5dd011c8ccfc5cd7e4c81e42252aab38?s=96&d=mm&r=g\",\"contentUrl\":\"https:\/\/secure.gravatar.com\/avatar\/5dd011c8ccfc5cd7e4c81e42252aab38?s=96&d=mm&r=g\",\"caption\":\"Redacci\u00f3n\"},\"url\":\"https:\/\/nitu.mx\/index.php\/author\/redaccion\/\"}]}<\/script>\n<!-- \/ Yoast SEO plugin. -->","yoast_head_json":{"title":"3 de cada 10 personas viajaron a destinos dom\u00e9sticos con Volaris - Nitu - Noticias de la Industria Turistica","robots":{"index":"index","follow":"follow","max-snippet":"max-snippet:-1","max-image-preview":"max-image-preview:large","max-video-preview":"max-video-preview:-1"},"canonical":"https:\/\/nitu.mx\/index.php\/2019\/10\/24\/3-de-cada-10-personas-viajaron-a-destinos-domesticos-con-volaris\/","twitter_card":"summary_large_image","twitter_title":"3 de cada 10 personas viajaron a destinos dom\u00e9sticos con Volaris - Nitu - Noticias de la Industria Turistica","twitter_description":"El cielo mexicano tiene un nuevo comandante en vuelo, se trata de Volaris que transport\u00f3 a m\u00e1s pasajeros dentro del pa\u00eds, en comparaci\u00f3n con Aerom\u00e9xico, Interjet y Viva Aerobus, pues entre enero y agosto de este a\u00f1o 3 de cada 10 personas viajaron a destinos dom\u00e9sticos con esta aerol\u00ednea. Informaci\u00f3n de la Direcci\u00f3n General de [&hellip;]","twitter_image":"https:\/\/nitu.mx\/wp-content\/uploads\/2019\/09\/Volaris-DSC_1122-640x360-1-1.jpg","twitter_creator":"@NITUmx","twitter_site":"@Arturo_Medina_G","twitter_misc":{"Escrito por":"Redacci\u00f3n","Tiempo de lectura":"3 minutos"},"schema":{"@context":"https:\/\/schema.org","@graph":[{"@type":"Article","@id":"https:\/\/nitu.mx\/index.php\/2019\/10\/24\/3-de-cada-10-personas-viajaron-a-destinos-domesticos-con-volaris\/#article","isPartOf":{"@id":"https:\/\/nitu.mx\/index.php\/2019\/10\/24\/3-de-cada-10-personas-viajaron-a-destinos-domesticos-con-volaris\/"},"author":{"name":"Redacci\u00f3n","@id":"https:\/\/nitu.mx\/#\/schema\/person\/4a28fe9bd65924f7c90623773daf1b0b"},"headline":"3 de cada 10 personas viajaron a destinos dom\u00e9sticos con Volaris","datePublished":"2019-10-25T04:58:06+00:00","dateModified":"2019-10-25T05:13:07+00:00","mainEntityOfPage":{"@id":"https:\/\/nitu.mx\/index.php\/2019\/10\/24\/3-de-cada-10-personas-viajaron-a-destinos-domesticos-con-volaris\/"},"wordCount":584,"commentCount":0,"publisher":{"@id":"https:\/\/nitu.mx\/#\/schema\/person\/ae7a53426417292d3dd07b45a33e01bc"},"image":{"@id":"https:\/\/nitu.mx\/index.php\/2019\/10\/24\/3-de-cada-10-personas-viajaron-a-destinos-domesticos-con-volaris\/#primaryimage"},"thumbnailUrl":"https:\/\/nitu.mx\/wp-content\/uploads\/2019\/09\/Volaris-DSC_1122-640x360-1-1.jpg","keywords":["DGAC","Enrique Beltranena","pasajeros","Volaris"],"articleSection":["Aerol\u00edneas","M\u00e9xico"],"inLanguage":"es-MX","potentialAction":[{"@type":"CommentAction","name":"Comment","target":["https:\/\/nitu.mx\/index.php\/2019\/10\/24\/3-de-cada-10-personas-viajaron-a-destinos-domesticos-con-volaris\/#respond"]}]},{"@type":"WebPage","@id":"https:\/\/nitu.mx\/index.php\/2019\/10\/24\/3-de-cada-10-personas-viajaron-a-destinos-domesticos-con-volaris\/","url":"https:\/\/nitu.mx\/index.php\/2019\/10\/24\/3-de-cada-10-personas-viajaron-a-destinos-domesticos-con-volaris\/","name":"3 de cada 10 personas viajaron a destinos dom\u00e9sticos con Volaris - Nitu - Noticias de la Industria Turistica","isPartOf":{"@id":"https:\/\/nitu.mx\/#website"},"primaryImageOfPage":{"@id":"https:\/\/nitu.mx\/index.php\/2019\/10\/24\/3-de-cada-10-personas-viajaron-a-destinos-domesticos-con-volaris\/#primaryimage"},"image":{"@id":"https:\/\/nitu.mx\/index.php\/2019\/10\/24\/3-de-cada-10-personas-viajaron-a-destinos-domesticos-con-volaris\/#primaryimage"},"thumbnailUrl":"https:\/\/nitu.mx\/wp-content\/uploads\/2019\/09\/Volaris-DSC_1122-640x360-1-1.jpg","datePublished":"2019-10-25T04:58:06+00:00","dateModified":"2019-10-25T05:13:07+00:00","breadcrumb":{"@id":"https:\/\/nitu.mx\/index.php\/2019\/10\/24\/3-de-cada-10-personas-viajaron-a-destinos-domesticos-con-volaris\/#breadcrumb"},"inLanguage":"es-MX","potentialAction":[{"@type":"ReadAction","target":["https:\/\/nitu.mx\/index.php\/2019\/10\/24\/3-de-cada-10-personas-viajaron-a-destinos-domesticos-con-volaris\/"]}]},{"@type":"ImageObject","inLanguage":"es-MX","@id":"https:\/\/nitu.mx\/index.php\/2019\/10\/24\/3-de-cada-10-personas-viajaron-a-destinos-domesticos-con-volaris\/#primaryimage","url":"https:\/\/nitu.mx\/wp-content\/uploads\/2019\/09\/Volaris-DSC_1122-640x360-1-1.jpg","contentUrl":"https:\/\/nitu.mx\/wp-content\/uploads\/2019\/09\/Volaris-DSC_1122-640x360-1-1.jpg","width":850,"height":480,"caption":"Volaris"},{"@type":"BreadcrumbList","@id":"https:\/\/nitu.mx\/index.php\/2019\/10\/24\/3-de-cada-10-personas-viajaron-a-destinos-domesticos-con-volaris\/#breadcrumb","itemListElement":[{"@type":"ListItem","position":1,"name":"Inicio","item":"https:\/\/nitu.mx\/"},{"@type":"ListItem","position":2,"name":"3 de cada 10 personas viajaron a destinos dom\u00e9sticos con Volaris"}]},{"@type":"WebSite","@id":"https:\/\/nitu.mx\/#website","url":"https:\/\/nitu.mx\/","name":"Nitu - Noticias de la Industria Turistica","description":"Noticias de la Industria Turistica","publisher":{"@id":"https:\/\/nitu.mx\/#\/schema\/person\/ae7a53426417292d3dd07b45a33e01bc"},"alternateName":"Noticias de la Industria Turistica","potentialAction":[{"@type":"SearchAction","target":{"@type":"EntryPoint","urlTemplate":"https:\/\/nitu.mx\/?s={search_term_string}"},"query-input":"required name=search_term_string"}],"inLanguage":"es-MX"},{"@type":["Person","Organization"],"@id":"https:\/\/nitu.mx\/#\/schema\/person\/ae7a53426417292d3dd07b45a33e01bc","name":"Arturo Medina","image":{"@type":"ImageObject","inLanguage":"es-MX","@id":"https:\/\/nitu.mx\/#\/schema\/person\/image\/","url":"https:\/\/nitu.mx\/wp-content\/uploads\/2024\/04\/4A315622-1904-4D5C-B022-878CDC840E04-90x90-1.jpeg","contentUrl":"https:\/\/nitu.mx\/wp-content\/uploads\/2024\/04\/4A315622-1904-4D5C-B022-878CDC840E04-90x90-1.jpeg","width":90,"height":90,"caption":"Arturo Medina"},"logo":{"@id":"https:\/\/nitu.mx\/#\/schema\/person\/image\/"},"description":"Director NITU.mx, Egresado de la Escuela de Periodismo Carlos Septi\u00e9n Garc\u00eda. Periodista y analista especializado en turismo desde hace 35 a\u00f1os, radicado en Canc\u00fan Q.Roo. arturo@nitu.mx","sameAs":["https:\/\/nitu.mx","https:\/\/www.facebook.com\/NITUmx\/","medinacancun","https:\/\/twitter.com\/@Arturo_Medina_G"]},{"@type":"Person","@id":"https:\/\/nitu.mx\/#\/schema\/person\/4a28fe9bd65924f7c90623773daf1b0b","name":"Redacci\u00f3n","image":{"@type":"ImageObject","inLanguage":"es-MX","@id":"https:\/\/nitu.mx\/#\/schema\/person\/image\/","url":"https:\/\/secure.gravatar.com\/avatar\/5dd011c8ccfc5cd7e4c81e42252aab38?s=96&d=mm&r=g","contentUrl":"https:\/\/secure.gravatar.com\/avatar\/5dd011c8ccfc5cd7e4c81e42252aab38?s=96&d=mm&r=g","caption":"Redacci\u00f3n"},"url":"https:\/\/nitu.mx\/index.php\/author\/redaccion\/"}]}},"views":252,"_links":{"self":[{"href":"https:\/\/nitu.mx\/index.php\/wp-json\/wp\/v2\/posts\/36877"}],"collection":[{"href":"https:\/\/nitu.mx\/index.php\/wp-json\/wp\/v2\/posts"}],"about":[{"href":"https:\/\/nitu.mx\/index.php\/wp-json\/wp\/v2\/types\/post"}],"author":[{"embeddable":true,"href":"https:\/\/nitu.mx\/index.php\/wp-json\/wp\/v2\/users\/17"}],"replies":[{"embeddable":true,"href":"https:\/\/nitu.mx\/index.php\/wp-json\/wp\/v2\/comments?post=36877"}],"version-history":[{"count":3,"href":"https:\/\/nitu.mx\/index.php\/wp-json\/wp\/v2\/posts\/36877\/revisions"}],"predecessor-version":[{"id":36889,"href":"https:\/\/nitu.mx\/index.php\/wp-json\/wp\/v2\/posts\/36877\/revisions\/36889"}],"wp:featuredmedia":[{"embeddable":true,"href":"https:\/\/nitu.mx\/index.php\/wp-json\/wp\/v2\/media\/35683"}],"wp:attachment":[{"href":"https:\/\/nitu.mx\/index.php\/wp-json\/wp\/v2\/media?parent=36877"}],"wp:term":[{"taxonomy":"category","embeddable":true,"href":"https:\/\/nitu.mx\/index.php\/wp-json\/wp\/v2\/categories?post=36877"},{"taxonomy":"post_tag","embeddable":true,"href":"https:\/\/nitu.mx\/index.php\/wp-json\/wp\/v2\/tags?post=36877"}],"curies":[{"name":"wp","href":"https:\/\/api.w.org\/{rel}","templated":true}]}}