{"id":3676,"date":"2016-11-07T23:50:11","date_gmt":"2016-11-08T04:50:11","guid":{"rendered":"http:\/\/www.dev.nitu.mx\/?p=3676"},"modified":"2016-11-08T00:54:59","modified_gmt":"2016-11-08T05:54:59","slug":"51-mil-visitantes-durante-cuatro-dias-al-festival-de-dia-de-muertos-de-xcaret","status":"publish","type":"post","link":"https:\/\/nitu.mx\/index.php\/2016\/11\/07\/51-mil-visitantes-durante-cuatro-dias-al-festival-de-dia-de-muertos-de-xcaret\/","title":{"rendered":"Asisten 51 mil visitantes durante cuatro d\u00edas al Festival de D\u00eda de Muertos de Xcaret"},"content":{"rendered":"<p><span style=\"color: #000000; font-family: Calibri;\">Con una asistencia de 51 mil visitantes durante cuatro d\u00edas de celebraciones, el 11o. Festival de Tradiciones de Vida y Muerte de Xcaret concluy\u00f3 sus actividades, rebasando todas las expectativas que se ten\u00edan previstas, inform\u00f3 Elizabeth Lugo Monjarr\u00e1s, directora de operaciones de Grupo Experiencias Xcaret.<\/span><\/p>\n<p><span style=\"color: #000000; font-family: Calibri;\">\u201cSin lugar a dudas, ha sido el mejor festival de todos\u201d, afirm\u00f3 Lugo Monjarr\u00e1s, al revelar que s\u00f3lo el mi\u00e9rcoles 2 de noviembre, Xcaret recibi\u00f3 m\u00e1s de 15 mil visitantes, entre turistas y asistentes al festival. Atribuy\u00f3 este resultado al programa variado y de gran calidad que organiz\u00f3 la direcci\u00f3n del festival, a cargo de Leticia Aguerrebere, as\u00ed como a la consistencia de un esfuerzo realizado durante m\u00e1s de 11 a\u00f1os.<\/span><\/p>\n<p><span style=\"color: #000000; font-family: Calibri;\">El festival es un esfuerzo por conservar y divulgar la tradici\u00f3n mexicana del D\u00eda de Muertos, reconocida por la UNESCO como Patrimonio de la Humanidad. Los asistentes disfrutaron de la gastronom\u00eda, artesan\u00eda, m\u00fasica, danza, altares y el folklore del estado de Puebla, que particip\u00f3 con una delegaci\u00f3n de casi 300 personas. Pese a la intensidad de lluvias que se presentaron los d\u00edas 30 y 31 de octubre, y el 1 de noviembre, la afluencia de visitantes a Xcaret fue constante.<\/span><\/p>\n","protected":false},"excerpt":{"rendered":"<p>Con una asistencia de 51 mil visitantes durante cuatro d\u00edas de celebraciones, el 11o. Festival de Tradiciones de Vida y Muerte de Xcaret concluy\u00f3 sus actividades, rebasando todas las expectativas que se ten\u00edan previstas, inform\u00f3 Elizabeth Lugo Monjarr\u00e1s, directora de operaciones de Grupo Experiencias Xcaret. \u201cSin lugar a dudas, ha sido el mejor festival de [&hellip;]<\/p>\n","protected":false},"author":17,"featured_media":3678,"comment_status":"open","ping_status":"open","sticky":false,"template":"","format":"standard","meta":{"footnotes":""},"categories":[12,6],"tags":[1526,1525,1527,1528,510,62,1529],"yoast_head":"<!-- This site is optimized with the Yoast SEO plugin v22.2 - https:\/\/yoast.com\/wordpress\/plugins\/seo\/ -->\n<title>Asisten 51 mil visitantes durante cuatro d\u00edas al Festival de D\u00eda de Muertos de Xcaret - Nitu - Noticias de la Industria Turistica<\/title>\n<meta name=\"description\" content=\"Con una asistencia de 51 mil visitantes el 11o. Festival de Tradiciones de Vida y Muerte de Xcaret concluy\u00f3 sus actividades,\" \/>\n<meta name=\"robots\" content=\"index, follow, max-snippet:-1, max-image-preview:large, max-video-preview:-1\" \/>\n<link rel=\"canonical\" href=\"https:\/\/nitu.mx\/index.php\/2016\/11\/07\/51-mil-visitantes-durante-cuatro-dias-al-festival-de-dia-de-muertos-de-xcaret\/\" \/>\n<meta name=\"twitter:card\" content=\"summary_large_image\" \/>\n<meta name=\"twitter:title\" content=\"Asisten 51 mil visitantes durante cuatro d\u00edas al Festival de D\u00eda de Muertos de Xcaret - Nitu - Noticias de la Industria Turistica\" \/>\n<meta name=\"twitter:description\" content=\"Con una asistencia de 51 mil visitantes el 11o. Festival de Tradiciones de Vida y Muerte de Xcaret concluy\u00f3 sus actividades,\" \/>\n<meta name=\"twitter:image\" content=\"https:\/\/nitu.mx\/wp-content\/uploads\/2016\/11\/FESTIVALVIDAYMUERTE.jpg\" \/>\n<meta name=\"twitter:creator\" content=\"@NITUmx\" \/>\n<meta name=\"twitter:site\" content=\"@Arturo_Medina_G\" \/>\n<meta name=\"twitter:label1\" content=\"Escrito por\" \/>\n\t<meta name=\"twitter:data1\" content=\"Redacci\u00f3n\" \/>\n\t<meta name=\"twitter:label2\" content=\"Tiempo de lectura\" \/>\n\t<meta name=\"twitter:data2\" content=\"1 minuto\" \/>\n<script type=\"application\/ld+json\" class=\"yoast-schema-graph\">{\"@context\":\"https:\/\/schema.org\",\"@graph\":[{\"@type\":\"Article\",\"@id\":\"https:\/\/nitu.mx\/index.php\/2016\/11\/07\/51-mil-visitantes-durante-cuatro-dias-al-festival-de-dia-de-muertos-de-xcaret\/#article\",\"isPartOf\":{\"@id\":\"https:\/\/nitu.mx\/index.php\/2016\/11\/07\/51-mil-visitantes-durante-cuatro-dias-al-festival-de-dia-de-muertos-de-xcaret\/\"},\"author\":{\"name\":\"Redacci\u00f3n\",\"@id\":\"https:\/\/nitu.mx\/#\/schema\/person\/4a28fe9bd65924f7c90623773daf1b0b\"},\"headline\":\"Asisten 51 mil visitantes durante cuatro d\u00edas al Festival de D\u00eda de Muertos de Xcaret\",\"datePublished\":\"2016-11-08T04:50:11+00:00\",\"dateModified\":\"2016-11-08T05:54:59+00:00\",\"mainEntityOfPage\":{\"@id\":\"https:\/\/nitu.mx\/index.php\/2016\/11\/07\/51-mil-visitantes-durante-cuatro-dias-al-festival-de-dia-de-muertos-de-xcaret\/\"},\"wordCount\":221,\"commentCount\":0,\"publisher\":{\"@id\":\"https:\/\/nitu.mx\/#\/schema\/person\/ae7a53426417292d3dd07b45a33e01bc\"},\"image\":{\"@id\":\"https:\/\/nitu.mx\/index.php\/2016\/11\/07\/51-mil-visitantes-durante-cuatro-dias-al-festival-de-dia-de-muertos-de-xcaret\/#primaryimage\"},\"thumbnailUrl\":\"https:\/\/nitu.mx\/wp-content\/uploads\/2016\/11\/FESTIVALVIDAYMUERTE.jpg\",\"keywords\":[\"Directora de Operaciones de Experiencias Xcaret\",\"Elizabeth Lugo\",\"Festival de Tradiciones de Vida y Muerte de Xcaret\",\"Leticia Aguerrebere\",\"Patrimonio de la Humanidad\",\"Puebla\",\"UNESCO\"],\"articleSection\":[\"Marketing\",\"M\u00e9xico\"],\"inLanguage\":\"es-MX\",\"potentialAction\":[{\"@type\":\"CommentAction\",\"name\":\"Comment\",\"target\":[\"https:\/\/nitu.mx\/index.php\/2016\/11\/07\/51-mil-visitantes-durante-cuatro-dias-al-festival-de-dia-de-muertos-de-xcaret\/#respond\"]}]},{\"@type\":\"WebPage\",\"@id\":\"https:\/\/nitu.mx\/index.php\/2016\/11\/07\/51-mil-visitantes-durante-cuatro-dias-al-festival-de-dia-de-muertos-de-xcaret\/\",\"url\":\"https:\/\/nitu.mx\/index.php\/2016\/11\/07\/51-mil-visitantes-durante-cuatro-dias-al-festival-de-dia-de-muertos-de-xcaret\/\",\"name\":\"Asisten 51 mil visitantes durante cuatro d\u00edas al Festival de D\u00eda de Muertos de Xcaret - Nitu - Noticias de la Industria Turistica\",\"isPartOf\":{\"@id\":\"https:\/\/nitu.mx\/#website\"},\"primaryImageOfPage\":{\"@id\":\"https:\/\/nitu.mx\/index.php\/2016\/11\/07\/51-mil-visitantes-durante-cuatro-dias-al-festival-de-dia-de-muertos-de-xcaret\/#primaryimage\"},\"image\":{\"@id\":\"https:\/\/nitu.mx\/index.php\/2016\/11\/07\/51-mil-visitantes-durante-cuatro-dias-al-festival-de-dia-de-muertos-de-xcaret\/#primaryimage\"},\"thumbnailUrl\":\"https:\/\/nitu.mx\/wp-content\/uploads\/2016\/11\/FESTIVALVIDAYMUERTE.jpg\",\"datePublished\":\"2016-11-08T04:50:11+00:00\",\"dateModified\":\"2016-11-08T05:54:59+00:00\",\"description\":\"Con una asistencia de 51 mil visitantes el 11o. Festival de Tradiciones de Vida y Muerte de Xcaret concluy\u00f3 sus actividades,\",\"breadcrumb\":{\"@id\":\"https:\/\/nitu.mx\/index.php\/2016\/11\/07\/51-mil-visitantes-durante-cuatro-dias-al-festival-de-dia-de-muertos-de-xcaret\/#breadcrumb\"},\"inLanguage\":\"es-MX\",\"potentialAction\":[{\"@type\":\"ReadAction\",\"target\":[\"https:\/\/nitu.mx\/index.php\/2016\/11\/07\/51-mil-visitantes-durante-cuatro-dias-al-festival-de-dia-de-muertos-de-xcaret\/\"]}]},{\"@type\":\"ImageObject\",\"inLanguage\":\"es-MX\",\"@id\":\"https:\/\/nitu.mx\/index.php\/2016\/11\/07\/51-mil-visitantes-durante-cuatro-dias-al-festival-de-dia-de-muertos-de-xcaret\/#primaryimage\",\"url\":\"https:\/\/nitu.mx\/wp-content\/uploads\/2016\/11\/FESTIVALVIDAYMUERTE.jpg\",\"contentUrl\":\"https:\/\/nitu.mx\/wp-content\/uploads\/2016\/11\/FESTIVALVIDAYMUERTE.jpg\",\"width\":1920,\"height\":1280,\"caption\":\"Xcaret\"},{\"@type\":\"BreadcrumbList\",\"@id\":\"https:\/\/nitu.mx\/index.php\/2016\/11\/07\/51-mil-visitantes-durante-cuatro-dias-al-festival-de-dia-de-muertos-de-xcaret\/#breadcrumb\",\"itemListElement\":[{\"@type\":\"ListItem\",\"position\":1,\"name\":\"Inicio\",\"item\":\"https:\/\/nitu.mx\/\"},{\"@type\":\"ListItem\",\"position\":2,\"name\":\"Asisten 51 mil visitantes durante cuatro d\u00edas al Festival de D\u00eda de Muertos de Xcaret\"}]},{\"@type\":\"WebSite\",\"@id\":\"https:\/\/nitu.mx\/#website\",\"url\":\"https:\/\/nitu.mx\/\",\"name\":\"Nitu - Noticias de la Industria Turistica\",\"description\":\"Noticias de la Industria Turistica\",\"publisher\":{\"@id\":\"https:\/\/nitu.mx\/#\/schema\/person\/ae7a53426417292d3dd07b45a33e01bc\"},\"alternateName\":\"Noticias de la Industria Turistica\",\"potentialAction\":[{\"@type\":\"SearchAction\",\"target\":{\"@type\":\"EntryPoint\",\"urlTemplate\":\"https:\/\/nitu.mx\/?s={search_term_string}\"},\"query-input\":\"required name=search_term_string\"}],\"inLanguage\":\"es-MX\"},{\"@type\":[\"Person\",\"Organization\"],\"@id\":\"https:\/\/nitu.mx\/#\/schema\/person\/ae7a53426417292d3dd07b45a33e01bc\",\"name\":\"Arturo Medina\",\"image\":{\"@type\":\"ImageObject\",\"inLanguage\":\"es-MX\",\"@id\":\"https:\/\/nitu.mx\/#\/schema\/person\/image\/\",\"url\":\"https:\/\/nitu.mx\/wp-content\/uploads\/2024\/04\/4A315622-1904-4D5C-B022-878CDC840E04-90x90-1.jpeg\",\"contentUrl\":\"https:\/\/nitu.mx\/wp-content\/uploads\/2024\/04\/4A315622-1904-4D5C-B022-878CDC840E04-90x90-1.jpeg\",\"width\":90,\"height\":90,\"caption\":\"Arturo Medina\"},\"logo\":{\"@id\":\"https:\/\/nitu.mx\/#\/schema\/person\/image\/\"},\"description\":\"Director NITU.mx, Egresado de la Escuela de Periodismo Carlos Septi\u00e9n Garc\u00eda. Periodista y analista especializado en turismo desde hace 35 a\u00f1os, radicado en Canc\u00fan Q.Roo. arturo@nitu.mx\",\"sameAs\":[\"https:\/\/nitu.mx\",\"https:\/\/www.facebook.com\/NITUmx\/\",\"medinacancun\",\"https:\/\/twitter.com\/@Arturo_Medina_G\"]},{\"@type\":\"Person\",\"@id\":\"https:\/\/nitu.mx\/#\/schema\/person\/4a28fe9bd65924f7c90623773daf1b0b\",\"name\":\"Redacci\u00f3n\",\"image\":{\"@type\":\"ImageObject\",\"inLanguage\":\"es-MX\",\"@id\":\"https:\/\/nitu.mx\/#\/schema\/person\/image\/\",\"url\":\"https:\/\/secure.gravatar.com\/avatar\/5dd011c8ccfc5cd7e4c81e42252aab38?s=96&d=mm&r=g\",\"contentUrl\":\"https:\/\/secure.gravatar.com\/avatar\/5dd011c8ccfc5cd7e4c81e42252aab38?s=96&d=mm&r=g\",\"caption\":\"Redacci\u00f3n\"},\"url\":\"https:\/\/nitu.mx\/index.php\/author\/redaccion\/\"}]}<\/script>\n<!-- \/ Yoast SEO plugin. -->","yoast_head_json":{"title":"Asisten 51 mil visitantes durante cuatro d\u00edas al Festival de D\u00eda de Muertos de Xcaret - Nitu - Noticias de la Industria Turistica","description":"Con una asistencia de 51 mil visitantes el 11o. Festival de Tradiciones de Vida y Muerte de Xcaret concluy\u00f3 sus actividades,","robots":{"index":"index","follow":"follow","max-snippet":"max-snippet:-1","max-image-preview":"max-image-preview:large","max-video-preview":"max-video-preview:-1"},"canonical":"https:\/\/nitu.mx\/index.php\/2016\/11\/07\/51-mil-visitantes-durante-cuatro-dias-al-festival-de-dia-de-muertos-de-xcaret\/","twitter_card":"summary_large_image","twitter_title":"Asisten 51 mil visitantes durante cuatro d\u00edas al Festival de D\u00eda de Muertos de Xcaret - Nitu - Noticias de la Industria Turistica","twitter_description":"Con una asistencia de 51 mil visitantes el 11o. Festival de Tradiciones de Vida y Muerte de Xcaret concluy\u00f3 sus actividades,","twitter_image":"https:\/\/nitu.mx\/wp-content\/uploads\/2016\/11\/FESTIVALVIDAYMUERTE.jpg","twitter_creator":"@NITUmx","twitter_site":"@Arturo_Medina_G","twitter_misc":{"Escrito por":"Redacci\u00f3n","Tiempo de lectura":"1 minuto"},"schema":{"@context":"https:\/\/schema.org","@graph":[{"@type":"Article","@id":"https:\/\/nitu.mx\/index.php\/2016\/11\/07\/51-mil-visitantes-durante-cuatro-dias-al-festival-de-dia-de-muertos-de-xcaret\/#article","isPartOf":{"@id":"https:\/\/nitu.mx\/index.php\/2016\/11\/07\/51-mil-visitantes-durante-cuatro-dias-al-festival-de-dia-de-muertos-de-xcaret\/"},"author":{"name":"Redacci\u00f3n","@id":"https:\/\/nitu.mx\/#\/schema\/person\/4a28fe9bd65924f7c90623773daf1b0b"},"headline":"Asisten 51 mil visitantes durante cuatro d\u00edas al Festival de D\u00eda de Muertos de Xcaret","datePublished":"2016-11-08T04:50:11+00:00","dateModified":"2016-11-08T05:54:59+00:00","mainEntityOfPage":{"@id":"https:\/\/nitu.mx\/index.php\/2016\/11\/07\/51-mil-visitantes-durante-cuatro-dias-al-festival-de-dia-de-muertos-de-xcaret\/"},"wordCount":221,"commentCount":0,"publisher":{"@id":"https:\/\/nitu.mx\/#\/schema\/person\/ae7a53426417292d3dd07b45a33e01bc"},"image":{"@id":"https:\/\/nitu.mx\/index.php\/2016\/11\/07\/51-mil-visitantes-durante-cuatro-dias-al-festival-de-dia-de-muertos-de-xcaret\/#primaryimage"},"thumbnailUrl":"https:\/\/nitu.mx\/wp-content\/uploads\/2016\/11\/FESTIVALVIDAYMUERTE.jpg","keywords":["Directora de Operaciones de Experiencias Xcaret","Elizabeth Lugo","Festival de Tradiciones de Vida y Muerte de Xcaret","Leticia Aguerrebere","Patrimonio de la Humanidad","Puebla","UNESCO"],"articleSection":["Marketing","M\u00e9xico"],"inLanguage":"es-MX","potentialAction":[{"@type":"CommentAction","name":"Comment","target":["https:\/\/nitu.mx\/index.php\/2016\/11\/07\/51-mil-visitantes-durante-cuatro-dias-al-festival-de-dia-de-muertos-de-xcaret\/#respond"]}]},{"@type":"WebPage","@id":"https:\/\/nitu.mx\/index.php\/2016\/11\/07\/51-mil-visitantes-durante-cuatro-dias-al-festival-de-dia-de-muertos-de-xcaret\/","url":"https:\/\/nitu.mx\/index.php\/2016\/11\/07\/51-mil-visitantes-durante-cuatro-dias-al-festival-de-dia-de-muertos-de-xcaret\/","name":"Asisten 51 mil visitantes durante cuatro d\u00edas al Festival de D\u00eda de Muertos de Xcaret - Nitu - Noticias de la Industria Turistica","isPartOf":{"@id":"https:\/\/nitu.mx\/#website"},"primaryImageOfPage":{"@id":"https:\/\/nitu.mx\/index.php\/2016\/11\/07\/51-mil-visitantes-durante-cuatro-dias-al-festival-de-dia-de-muertos-de-xcaret\/#primaryimage"},"image":{"@id":"https:\/\/nitu.mx\/index.php\/2016\/11\/07\/51-mil-visitantes-durante-cuatro-dias-al-festival-de-dia-de-muertos-de-xcaret\/#primaryimage"},"thumbnailUrl":"https:\/\/nitu.mx\/wp-content\/uploads\/2016\/11\/FESTIVALVIDAYMUERTE.jpg","datePublished":"2016-11-08T04:50:11+00:00","dateModified":"2016-11-08T05:54:59+00:00","description":"Con una asistencia de 51 mil visitantes el 11o. Festival de Tradiciones de Vida y Muerte de Xcaret concluy\u00f3 sus actividades,","breadcrumb":{"@id":"https:\/\/nitu.mx\/index.php\/2016\/11\/07\/51-mil-visitantes-durante-cuatro-dias-al-festival-de-dia-de-muertos-de-xcaret\/#breadcrumb"},"inLanguage":"es-MX","potentialAction":[{"@type":"ReadAction","target":["https:\/\/nitu.mx\/index.php\/2016\/11\/07\/51-mil-visitantes-durante-cuatro-dias-al-festival-de-dia-de-muertos-de-xcaret\/"]}]},{"@type":"ImageObject","inLanguage":"es-MX","@id":"https:\/\/nitu.mx\/index.php\/2016\/11\/07\/51-mil-visitantes-durante-cuatro-dias-al-festival-de-dia-de-muertos-de-xcaret\/#primaryimage","url":"https:\/\/nitu.mx\/wp-content\/uploads\/2016\/11\/FESTIVALVIDAYMUERTE.jpg","contentUrl":"https:\/\/nitu.mx\/wp-content\/uploads\/2016\/11\/FESTIVALVIDAYMUERTE.jpg","width":1920,"height":1280,"caption":"Xcaret"},{"@type":"BreadcrumbList","@id":"https:\/\/nitu.mx\/index.php\/2016\/11\/07\/51-mil-visitantes-durante-cuatro-dias-al-festival-de-dia-de-muertos-de-xcaret\/#breadcrumb","itemListElement":[{"@type":"ListItem","position":1,"name":"Inicio","item":"https:\/\/nitu.mx\/"},{"@type":"ListItem","position":2,"name":"Asisten 51 mil visitantes durante cuatro d\u00edas al Festival de D\u00eda de Muertos de Xcaret"}]},{"@type":"WebSite","@id":"https:\/\/nitu.mx\/#website","url":"https:\/\/nitu.mx\/","name":"Nitu - Noticias de la Industria Turistica","description":"Noticias de la Industria Turistica","publisher":{"@id":"https:\/\/nitu.mx\/#\/schema\/person\/ae7a53426417292d3dd07b45a33e01bc"},"alternateName":"Noticias de la Industria Turistica","potentialAction":[{"@type":"SearchAction","target":{"@type":"EntryPoint","urlTemplate":"https:\/\/nitu.mx\/?s={search_term_string}"},"query-input":"required name=search_term_string"}],"inLanguage":"es-MX"},{"@type":["Person","Organization"],"@id":"https:\/\/nitu.mx\/#\/schema\/person\/ae7a53426417292d3dd07b45a33e01bc","name":"Arturo Medina","image":{"@type":"ImageObject","inLanguage":"es-MX","@id":"https:\/\/nitu.mx\/#\/schema\/person\/image\/","url":"https:\/\/nitu.mx\/wp-content\/uploads\/2024\/04\/4A315622-1904-4D5C-B022-878CDC840E04-90x90-1.jpeg","contentUrl":"https:\/\/nitu.mx\/wp-content\/uploads\/2024\/04\/4A315622-1904-4D5C-B022-878CDC840E04-90x90-1.jpeg","width":90,"height":90,"caption":"Arturo Medina"},"logo":{"@id":"https:\/\/nitu.mx\/#\/schema\/person\/image\/"},"description":"Director NITU.mx, Egresado de la Escuela de Periodismo Carlos Septi\u00e9n Garc\u00eda. Periodista y analista especializado en turismo desde hace 35 a\u00f1os, radicado en Canc\u00fan Q.Roo. arturo@nitu.mx","sameAs":["https:\/\/nitu.mx","https:\/\/www.facebook.com\/NITUmx\/","medinacancun","https:\/\/twitter.com\/@Arturo_Medina_G"]},{"@type":"Person","@id":"https:\/\/nitu.mx\/#\/schema\/person\/4a28fe9bd65924f7c90623773daf1b0b","name":"Redacci\u00f3n","image":{"@type":"ImageObject","inLanguage":"es-MX","@id":"https:\/\/nitu.mx\/#\/schema\/person\/image\/","url":"https:\/\/secure.gravatar.com\/avatar\/5dd011c8ccfc5cd7e4c81e42252aab38?s=96&d=mm&r=g","contentUrl":"https:\/\/secure.gravatar.com\/avatar\/5dd011c8ccfc5cd7e4c81e42252aab38?s=96&d=mm&r=g","caption":"Redacci\u00f3n"},"url":"https:\/\/nitu.mx\/index.php\/author\/redaccion\/"}]}},"views":355,"_links":{"self":[{"href":"https:\/\/nitu.mx\/index.php\/wp-json\/wp\/v2\/posts\/3676"}],"collection":[{"href":"https:\/\/nitu.mx\/index.php\/wp-json\/wp\/v2\/posts"}],"about":[{"href":"https:\/\/nitu.mx\/index.php\/wp-json\/wp\/v2\/types\/post"}],"author":[{"embeddable":true,"href":"https:\/\/nitu.mx\/index.php\/wp-json\/wp\/v2\/users\/17"}],"replies":[{"embeddable":true,"href":"https:\/\/nitu.mx\/index.php\/wp-json\/wp\/v2\/comments?post=3676"}],"version-history":[{"count":3,"href":"https:\/\/nitu.mx\/index.php\/wp-json\/wp\/v2\/posts\/3676\/revisions"}],"predecessor-version":[{"id":3695,"href":"https:\/\/nitu.mx\/index.php\/wp-json\/wp\/v2\/posts\/3676\/revisions\/3695"}],"wp:featuredmedia":[{"embeddable":true,"href":"https:\/\/nitu.mx\/index.php\/wp-json\/wp\/v2\/media\/3678"}],"wp:attachment":[{"href":"https:\/\/nitu.mx\/index.php\/wp-json\/wp\/v2\/media?parent=3676"}],"wp:term":[{"taxonomy":"category","embeddable":true,"href":"https:\/\/nitu.mx\/index.php\/wp-json\/wp\/v2\/categories?post=3676"},{"taxonomy":"post_tag","embeddable":true,"href":"https:\/\/nitu.mx\/index.php\/wp-json\/wp\/v2\/tags?post=3676"}],"curies":[{"name":"wp","href":"https:\/\/api.w.org\/{rel}","templated":true}]}}